{"id":11224,"date":"2025-09-29T01:53:47","date_gmt":"2025-09-29T04:53:47","guid":{"rendered":"https:\/\/nahuelproducciones.com.ar\/radioquijano\/?p=11224"},"modified":"2025-09-29T01:53:48","modified_gmt":"2025-09-29T04:53:48","slug":"campo-quijano-comercializaba-carne-en-mal-estado-y-fue-detectado-por-la-policia","status":"publish","type":"post","link":"https:\/\/nahuelproducciones.com.ar\/radioquijano\/campo-quijano-comercializaba-carne-en-mal-estado-y-fue-detectado-por-la-policia\/","title":{"rendered":"Campo Quijano: Comercializaba carne en mal estado y fue detectado por la Polic\u00eda."},"content":{"rendered":"\n<p><em><strong>El procedimiento fue en el barrio Portal de Campo Quijano. El comerciante fue infraccionado. El producto en mal estado fue incautado.<\/strong><\/em><\/p>\n\n\n\n<p>Efectivos de la Divisi\u00f3n Polic\u00eda Rural y Ambiental de El Carril, infraccionaron al propietario de una carnicer\u00eda de Campo Quijano por poseer productos c\u00e1rnicos en mal estado, no aptos para consumo humano. El procedimiento se realiz\u00f3 durante un operativo preventivo en barrio El Portal.<\/p>\n\n\n\n<p>En ese contexto, con participaci\u00f3n de personal de Bromatolog\u00eda de La Merced, decomisaron 22 kilos de carne bovina y porcina.<\/p>\n\n\n\n<p>Intervinieron la Fiscal\u00eda Penal de Rosario de Lerma y el Juzgado de Garant\u00edas 5.<\/p>\n\n\n\n<figure class=\"wp-block-gallery has-nested-images columns-default is-cropped wp-block-gallery-1 is-layout-flex wp-block-gallery-is-layout-flex\">\n<figure class=\"wp-block-image size-large\"><img loading=\"lazy\" decoding=\"async\" width=\"560\" height=\"824\" data-id=\"11227\" src=\"https:\/\/nahuelproducciones.com.ar\/radioquijano\/wp-content\/uploads\/2025\/09\/WhatsApp-Image-2025-09-26-at-1.32.33-PM.jpeg\" alt=\"\" class=\"wp-image-11227\" srcset=\"https:\/\/nahuelproducciones.com.ar\/radioquijano\/wp-content\/uploads\/2025\/09\/WhatsApp-Image-2025-09-26-at-1.32.33-PM.jpeg 560w, https:\/\/nahuelproducciones.com.ar\/radioquijano\/wp-content\/uploads\/2025\/09\/WhatsApp-Image-2025-09-26-at-1.32.33-PM-204x300.jpeg 204w, https:\/\/nahuelproducciones.com.ar\/radioquijano\/wp-content\/uploads\/2025\/09\/WhatsApp-Image-2025-09-26-at-1.32.33-PM-150x221.jpeg 150w\" sizes=\"auto, (max-width: 560px) 100vw, 560px\" \/><\/figure>\n\n\n\n<figure class=\"wp-block-image size-large\"><img loading=\"lazy\" decoding=\"async\" width=\"182\" height=\"420\" data-id=\"11226\" src=\"https:\/\/nahuelproducciones.com.ar\/radioquijano\/wp-content\/uploads\/2025\/09\/WhatsApp-Image-2025-09-26-at-1.32.34-PM-182x420-2.jpeg\" alt=\"\" class=\"wp-image-11226\" srcset=\"https:\/\/nahuelproducciones.com.ar\/radioquijano\/wp-content\/uploads\/2025\/09\/WhatsApp-Image-2025-09-26-at-1.32.34-PM-182x420-2.jpeg 182w, https:\/\/nahuelproducciones.com.ar\/radioquijano\/wp-content\/uploads\/2025\/09\/WhatsApp-Image-2025-09-26-at-1.32.34-PM-182x420-2-130x300.jpeg 130w, https:\/\/nahuelproducciones.com.ar\/radioquijano\/wp-content\/uploads\/2025\/09\/WhatsApp-Image-2025-09-26-at-1.32.34-PM-182x420-2-150x346.jpeg 150w\" sizes=\"auto, (max-width: 182px) 100vw, 182px\" \/><\/figure>\n<\/figure>\n\n\n\n<p>Fuente:\u00a0Divisi\u00f3n Prensa y Difusi\u00f3n &#8211; Policia de Salta &#8211; Salta<\/p>\n","protected":false},"excerpt":{"rendered":"<p>El procedimiento fue en el barrio Portal de Campo Quijano. El comerciante fue infraccionado. El producto en mal estado fue incautado. Efectivos de la Divisi\u00f3n Polic\u00eda Rural y Ambiental de El Carril, infraccionaron al propietario de una carnicer\u00eda de Campo Quijano por poseer productos c\u00e1rnicos en mal estado, no aptos para consumo humano. El procedimiento [&hellip;]<\/p>\n","protected":false},"author":8,"featured_media":11225,"comment_status":"open","ping_status":"open","sticky":false,"template":"","format":"standard","meta":{"_monsterinsights_skip_tracking":false,"_monsterinsights_sitenote_active":false,"_monsterinsights_sitenote_note":"","_monsterinsights_sitenote_category":0,"footnotes":""},"categories":[16],"tags":[1701,1924,100],"class_list":["post-11224","post","type-post","status-publish","format-standard","has-post-thumbnail","hentry","category-noticias","tag-barrio-el-portal","tag-carne-en-mal-estado","tag-municipio-de-campo-quijano"],"yoast_head":"<!-- This site is optimized with the Yoast SEO plugin v20.8 - https:\/\/yoast.com\/wordpress\/plugins\/seo\/ -->\n<title>Campo Quijano: Comercializaba carne en mal estado y fue detectado por la Polic\u00eda. - RQ 99.9<\/title>\n<meta name=\"description\" content=\"Decomisaron 22 kilos de carne bovina y porcina.\" \/>\n<meta name=\"robots\" content=\"index, follow, max-snippet:-1, max-image-preview:large, max-video-preview:-1\" \/>\n<link rel=\"canonical\" href=\"https:\/\/nahuelproducciones.com.ar\/radioquijano\/campo-quijano-comercializaba-carne-en-mal-estado-y-fue-detectado-por-la-policia\/\" \/>\n<meta property=\"og:locale\" content=\"es_ES\" \/>\n<meta property=\"og:type\" content=\"article\" \/>\n<meta property=\"og:title\" content=\"Campo Quijano: Comercializaba carne en mal estado y fue detectado por la Polic\u00eda. - RQ 99.9\" \/>\n<meta property=\"og:description\" content=\"Decomisaron 22 kilos de carne bovina y porcina.\" \/>\n<meta property=\"og:url\" content=\"https:\/\/nahuelproducciones.com.ar\/radioquijano\/campo-quijano-comercializaba-carne-en-mal-estado-y-fue-detectado-por-la-policia\/\" \/>\n<meta property=\"og:site_name\" content=\"RQ 99.9\" \/>\n<meta property=\"article:publisher\" content=\"https:\/\/www.facebook.com\/nahuelproducciones999\/\" \/>\n<meta property=\"article:published_time\" content=\"2025-09-29T04:53:47+00:00\" \/>\n<meta property=\"article:modified_time\" content=\"2025-09-29T04:53:48+00:00\" \/>\n<meta property=\"og:image\" content=\"https:\/\/nahuelproducciones.com.ar\/radioquijano\/wp-content\/uploads\/2025\/09\/WhatsApp-Image-2025-09-26-at-1.32.34-PM-182x420-1.jpeg\" \/>\n\t<meta property=\"og:image:width\" content=\"182\" \/>\n\t<meta property=\"og:image:height\" content=\"420\" \/>\n\t<meta property=\"og:image:type\" content=\"image\/jpeg\" \/>\n<meta name=\"author\" content=\"Cecilia Pastrana\" \/>\n<meta name=\"twitter:card\" content=\"summary_large_image\" \/>\n<meta name=\"twitter:creator\" content=\"@nahuproduciones\" \/>\n<meta name=\"twitter:site\" content=\"@nahuproduciones\" \/>\n<meta name=\"twitter:label1\" content=\"Escrito por\" \/>\n\t<meta name=\"twitter:data1\" content=\"Cecilia Pastrana\" \/>\n\t<meta name=\"twitter:label2\" content=\"Tiempo de lectura\" \/>\n\t<meta name=\"twitter:data2\" content=\"1 minuto\" \/>\n<script type=\"application\/ld+json\" class=\"yoast-schema-graph\">{\"@context\":\"https:\/\/schema.org\",\"@graph\":[{\"@type\":\"WebPage\",\"@id\":\"https:\/\/nahuelproducciones.com.ar\/radioquijano\/campo-quijano-comercializaba-carne-en-mal-estado-y-fue-detectado-por-la-policia\/\",\"url\":\"https:\/\/nahuelproducciones.com.ar\/radioquijano\/campo-quijano-comercializaba-carne-en-mal-estado-y-fue-detectado-por-la-policia\/\",\"name\":\"Campo Quijano: Comercializaba carne en mal estado y fue detectado por la Polic\u00eda. - RQ 99.9\",\"isPartOf\":{\"@id\":\"https:\/\/nahuelproducciones.com.ar\/radioquijano\/#website\"},\"datePublished\":\"2025-09-29T04:53:47+00:00\",\"dateModified\":\"2025-09-29T04:53:48+00:00\",\"author\":{\"@id\":\"https:\/\/nahuelproducciones.com.ar\/radioquijano\/#\/schema\/person\/e8a4f939e2cb487fe6d0c54042c9d32c\"},\"description\":\"Decomisaron 22 kilos de carne bovina y porcina.\",\"breadcrumb\":{\"@id\":\"https:\/\/nahuelproducciones.com.ar\/radioquijano\/campo-quijano-comercializaba-carne-en-mal-estado-y-fue-detectado-por-la-policia\/#breadcrumb\"},\"inLanguage\":\"es\",\"potentialAction\":[{\"@type\":\"ReadAction\",\"target\":[\"https:\/\/nahuelproducciones.com.ar\/radioquijano\/campo-quijano-comercializaba-carne-en-mal-estado-y-fue-detectado-por-la-policia\/\"]}]},{\"@type\":\"BreadcrumbList\",\"@id\":\"https:\/\/nahuelproducciones.com.ar\/radioquijano\/campo-quijano-comercializaba-carne-en-mal-estado-y-fue-detectado-por-la-policia\/#breadcrumb\",\"itemListElement\":[{\"@type\":\"ListItem\",\"position\":1,\"name\":\"Portada\",\"item\":\"https:\/\/nahuelproducciones.com.ar\/radioquijano\/\"},{\"@type\":\"ListItem\",\"position\":2,\"name\":\"Campo Quijano: Comercializaba carne en mal estado y fue detectado por la Polic\u00eda.\"}]},{\"@type\":\"WebSite\",\"@id\":\"https:\/\/nahuelproducciones.com.ar\/radioquijano\/#website\",\"url\":\"https:\/\/nahuelproducciones.com.ar\/radioquijano\/\",\"name\":\"RQ 99.9\",\"description\":\"Radio Quijano 99.9 MHz\",\"potentialAction\":[{\"@type\":\"SearchAction\",\"target\":{\"@type\":\"EntryPoint\",\"urlTemplate\":\"https:\/\/nahuelproducciones.com.ar\/radioquijano\/?s={search_term_string}\"},\"query-input\":\"required name=search_term_string\"}],\"inLanguage\":\"es\"},{\"@type\":\"Person\",\"@id\":\"https:\/\/nahuelproducciones.com.ar\/radioquijano\/#\/schema\/person\/e8a4f939e2cb487fe6d0c54042c9d32c\",\"name\":\"Cecilia Pastrana\",\"image\":{\"@type\":\"ImageObject\",\"inLanguage\":\"es\",\"@id\":\"https:\/\/nahuelproducciones.com.ar\/radioquijano\/#\/schema\/person\/image\/\",\"url\":\"https:\/\/secure.gravatar.com\/avatar\/661a3ef63a8488d4f2794ed44af8cf71420f7e106f3072c40125114df5157749?s=96&d=mm&r=g\",\"contentUrl\":\"https:\/\/secure.gravatar.com\/avatar\/661a3ef63a8488d4f2794ed44af8cf71420f7e106f3072c40125114df5157749?s=96&d=mm&r=g\",\"caption\":\"Cecilia Pastrana\"},\"sameAs\":[\"cecy\"],\"url\":\"https:\/\/nahuelproducciones.com.ar\/radioquijano\/author\/cecy\/\"}]}<\/script>\n<!-- \/ Yoast SEO plugin. -->","yoast_head_json":{"title":"Campo Quijano: Comercializaba carne en mal estado y fue detectado por la Polic\u00eda. - RQ 99.9","description":"Decomisaron 22 kilos de carne bovina y porcina.","robots":{"index":"index","follow":"follow","max-snippet":"max-snippet:-1","max-image-preview":"max-image-preview:large","max-video-preview":"max-video-preview:-1"},"canonical":"https:\/\/nahuelproducciones.com.ar\/radioquijano\/campo-quijano-comercializaba-carne-en-mal-estado-y-fue-detectado-por-la-policia\/","og_locale":"es_ES","og_type":"article","og_title":"Campo Quijano: Comercializaba carne en mal estado y fue detectado por la Polic\u00eda. - RQ 99.9","og_description":"Decomisaron 22 kilos de carne bovina y porcina.","og_url":"https:\/\/nahuelproducciones.com.ar\/radioquijano\/campo-quijano-comercializaba-carne-en-mal-estado-y-fue-detectado-por-la-policia\/","og_site_name":"RQ 99.9","article_publisher":"https:\/\/www.facebook.com\/nahuelproducciones999\/","article_published_time":"2025-09-29T04:53:47+00:00","article_modified_time":"2025-09-29T04:53:48+00:00","og_image":[{"width":182,"height":420,"url":"https:\/\/nahuelproducciones.com.ar\/radioquijano\/wp-content\/uploads\/2025\/09\/WhatsApp-Image-2025-09-26-at-1.32.34-PM-182x420-1.jpeg","type":"image\/jpeg"}],"author":"Cecilia Pastrana","twitter_card":"summary_large_image","twitter_creator":"@nahuproduciones","twitter_site":"@nahuproduciones","twitter_misc":{"Escrito por":"Cecilia Pastrana","Tiempo de lectura":"1 minuto"},"schema":{"@context":"https:\/\/schema.org","@graph":[{"@type":"WebPage","@id":"https:\/\/nahuelproducciones.com.ar\/radioquijano\/campo-quijano-comercializaba-carne-en-mal-estado-y-fue-detectado-por-la-policia\/","url":"https:\/\/nahuelproducciones.com.ar\/radioquijano\/campo-quijano-comercializaba-carne-en-mal-estado-y-fue-detectado-por-la-policia\/","name":"Campo Quijano: Comercializaba carne en mal estado y fue detectado por la Polic\u00eda. - RQ 99.9","isPartOf":{"@id":"https:\/\/nahuelproducciones.com.ar\/radioquijano\/#website"},"datePublished":"2025-09-29T04:53:47+00:00","dateModified":"2025-09-29T04:53:48+00:00","author":{"@id":"https:\/\/nahuelproducciones.com.ar\/radioquijano\/#\/schema\/person\/e8a4f939e2cb487fe6d0c54042c9d32c"},"description":"Decomisaron 22 kilos de carne bovina y porcina.","breadcrumb":{"@id":"https:\/\/nahuelproducciones.com.ar\/radioquijano\/campo-quijano-comercializaba-carne-en-mal-estado-y-fue-detectado-por-la-policia\/#breadcrumb"},"inLanguage":"es","potentialAction":[{"@type":"ReadAction","target":["https:\/\/nahuelproducciones.com.ar\/radioquijano\/campo-quijano-comercializaba-carne-en-mal-estado-y-fue-detectado-por-la-policia\/"]}]},{"@type":"BreadcrumbList","@id":"https:\/\/nahuelproducciones.com.ar\/radioquijano\/campo-quijano-comercializaba-carne-en-mal-estado-y-fue-detectado-por-la-policia\/#breadcrumb","itemListElement":[{"@type":"ListItem","position":1,"name":"Portada","item":"https:\/\/nahuelproducciones.com.ar\/radioquijano\/"},{"@type":"ListItem","position":2,"name":"Campo Quijano: Comercializaba carne en mal estado y fue detectado por la Polic\u00eda."}]},{"@type":"WebSite","@id":"https:\/\/nahuelproducciones.com.ar\/radioquijano\/#website","url":"https:\/\/nahuelproducciones.com.ar\/radioquijano\/","name":"RQ 99.9","description":"Radio Quijano 99.9 MHz","potentialAction":[{"@type":"SearchAction","target":{"@type":"EntryPoint","urlTemplate":"https:\/\/nahuelproducciones.com.ar\/radioquijano\/?s={search_term_string}"},"query-input":"required name=search_term_string"}],"inLanguage":"es"},{"@type":"Person","@id":"https:\/\/nahuelproducciones.com.ar\/radioquijano\/#\/schema\/person\/e8a4f939e2cb487fe6d0c54042c9d32c","name":"Cecilia Pastrana","image":{"@type":"ImageObject","inLanguage":"es","@id":"https:\/\/nahuelproducciones.com.ar\/radioquijano\/#\/schema\/person\/image\/","url":"https:\/\/secure.gravatar.com\/avatar\/661a3ef63a8488d4f2794ed44af8cf71420f7e106f3072c40125114df5157749?s=96&d=mm&r=g","contentUrl":"https:\/\/secure.gravatar.com\/avatar\/661a3ef63a8488d4f2794ed44af8cf71420f7e106f3072c40125114df5157749?s=96&d=mm&r=g","caption":"Cecilia Pastrana"},"sameAs":["cecy"],"url":"https:\/\/nahuelproducciones.com.ar\/radioquijano\/author\/cecy\/"}]}},"_links":{"self":[{"href":"https:\/\/nahuelproducciones.com.ar\/radioquijano\/wp-json\/wp\/v2\/posts\/11224","targetHints":{"allow":["GET"]}}],"collection":[{"href":"https:\/\/nahuelproducciones.com.ar\/radioquijano\/wp-json\/wp\/v2\/posts"}],"about":[{"href":"https:\/\/nahuelproducciones.com.ar\/radioquijano\/wp-json\/wp\/v2\/types\/post"}],"author":[{"embeddable":true,"href":"https:\/\/nahuelproducciones.com.ar\/radioquijano\/wp-json\/wp\/v2\/users\/8"}],"replies":[{"embeddable":true,"href":"https:\/\/nahuelproducciones.com.ar\/radioquijano\/wp-json\/wp\/v2\/comments?post=11224"}],"version-history":[{"count":1,"href":"https:\/\/nahuelproducciones.com.ar\/radioquijano\/wp-json\/wp\/v2\/posts\/11224\/revisions"}],"predecessor-version":[{"id":11228,"href":"https:\/\/nahuelproducciones.com.ar\/radioquijano\/wp-json\/wp\/v2\/posts\/11224\/revisions\/11228"}],"wp:featuredmedia":[{"embeddable":true,"href":"https:\/\/nahuelproducciones.com.ar\/radioquijano\/wp-json\/wp\/v2\/media\/11225"}],"wp:attachment":[{"href":"https:\/\/nahuelproducciones.com.ar\/radioquijano\/wp-json\/wp\/v2\/media?parent=11224"}],"wp:term":[{"taxonomy":"category","embeddable":true,"href":"https:\/\/nahuelproducciones.com.ar\/radioquijano\/wp-json\/wp\/v2\/categories?post=11224"},{"taxonomy":"post_tag","embeddable":true,"href":"https:\/\/nahuelproducciones.com.ar\/radioquijano\/wp-json\/wp\/v2\/tags?post=11224"}],"curies":[{"name":"wp","href":"https:\/\/api.w.org\/{rel}","templated":true}]}}