{"id":11241,"date":"2025-10-09T00:33:00","date_gmt":"2025-10-09T03:33:00","guid":{"rendered":"https:\/\/nahuelproducciones.com.ar\/radioquijano\/?p=11241"},"modified":"2025-10-09T00:33:01","modified_gmt":"2025-10-09T03:33:01","slug":"el-seleccionado-de-campo-quijano-viaja-a-san-luis-al-torneo-nacional-de-chaiu-do-kwan","status":"publish","type":"post","link":"https:\/\/nahuelproducciones.com.ar\/radioquijano\/el-seleccionado-de-campo-quijano-viaja-a-san-luis-al-torneo-nacional-de-chaiu-do-kwan\/","title":{"rendered":"El seleccionado de Campo Quijano viaja a San Luis al Torneo Nacional de Chaiu Do Kwan"},"content":{"rendered":"\n<p>Este viernes, la profesora <strong>Andrea G. Vilte C\u00f3rdoba<\/strong> y sus alumnos emprenden viaje rumbo a la <strong>provincia de San Luis<\/strong> para representar a Campo Quijano en el <strong>36\u00b0 Torneo Nacional de Chaiu Do Kwan<\/strong>, una de las competencias m\u00e1s importantes del pa\u00eds en esta disciplina marcial.<\/p>\n\n\n\n<p>El <strong>seleccionado de Quijano<\/strong>, integrado por competidores de distintas edades y graduaciones, participar\u00e1 en cinco exigentes disciplinas: <strong>formas, formas con armas, combate, defensa personal y lucha libre<\/strong>. Este evento deportivo reunir\u00e1 a representantes de <strong>C\u00f3rdoba, Mendoza, Salta, San Juan, Buenos Aires<\/strong>, entre otras provincias, en busca de la <strong>Copa Hugo Chaparro<\/strong>, premio destinado a la escuela que obtenga la mayor cantidad de puntos en equipo.<\/p>\n\n\n\n<p>El torneo se desarrollar\u00e1 el <strong>s\u00e1bado 11 y domingo 12 de octubre<\/strong>, regresando a San Luis despu\u00e9s de ocho a\u00f1os. El s\u00e1bado competir\u00e1n los cinturones negros desde las 16 horas, cerrando la jornada con las peleas por el Cintur\u00f3n de Campe\u00f3n. El domingo ser\u00e1 el turno del resto de las categor\u00edas, desde las 9 de la ma\u00f1ana, en una competencia tradicional y muy esperada por los practicantes del Chaiu Do Kwan de todo el pa\u00eds.<\/p>\n\n\n\n<p>En comunicaci\u00f3n telef\u00f3nica con <strong>Radio Quijano<\/strong>, la profesora <strong>Andrea Vilte<\/strong> expres\u00f3 su agradecimiento:<\/p>\n\n\n\n<blockquote class=\"wp-block-quote is-layout-flow wp-block-quote-is-layout-flow\">\n<p>\u201cQueremos agradecer el apoyo de los auspiciantes, a los alumnos y a las familias que hicieron posible que podamos viajar al nacional. Somos la <em>Filial Campo Quijano<\/em> del Instituto Argentino de Chaiu Do Kwan. Antes fuimos anexo de la Filial Rosario de Lerma, y hoy representamos con orgullo a nuestro pueblo.\u201d<\/p>\n<\/blockquote>\n\n\n\n<p>Cabe destacar que la <strong>Filial Campo Quijano<\/strong> ostenta el t\u00edtulo de <strong>Escuela Campeona Nacional 2024<\/strong>, obtenido en la edici\u00f3n anterior del torneo \u201cMaestro F\u00e9lix Garro\u201d. Y la profesora <strong>Andrea G. Vilte C\u00f3rdoba<\/strong>  en esta oportunidad tambien defiende de su titulo de Campeona Dan.<\/p>\n\n\n\n<p>Desde Radio Quijano y toda la comunidad, enviamos un fuerte <strong>\u00a1Vamos campeones!<\/strong> porque los familiares y vecinos est\u00e1n muy orgullosos de su esfuerzo y dedicaci\u00f3n.<br>\u00a1Mucha suerte al equipo de Quijano en San Luis, a defender el t\u00edtulo nacional!<\/p>\n\n\n\n<p>Escucha la entrevista:<\/p>\n\n\n\n<figure class=\"wp-block-audio\"><audio controls src=\"https:\/\/nahuelproducciones.com.ar\/radioquijano\/wp-content\/uploads\/2025\/10\/08-10-2025-ANDREA-VILTE-CHU-DO-KWAN-ALTORNEO-NACIONAL-EN-SAN-LUIS-11-Y-12-DE-OCT.mp3\"><\/audio><\/figure>\n\n\n\n<figure class=\"wp-block-gallery has-nested-images columns-default is-cropped wp-block-gallery-1 is-layout-flex wp-block-gallery-is-layout-flex\">\n<figure class=\"wp-block-image size-large\"><img loading=\"lazy\" decoding=\"async\" width=\"576\" height=\"1024\" data-id=\"10656\" src=\"https:\/\/nahuelproducciones.com.ar\/radioquijano\/wp-content\/uploads\/2025\/07\/WhatsApp-Image-2025-07-14-at-9.24.54-AM-2-576x1024.jpeg\" alt=\"\" class=\"wp-image-10656\" srcset=\"https:\/\/nahuelproducciones.com.ar\/radioquijano\/wp-content\/uploads\/2025\/07\/WhatsApp-Image-2025-07-14-at-9.24.54-AM-2-576x1024.jpeg 576w, https:\/\/nahuelproducciones.com.ar\/radioquijano\/wp-content\/uploads\/2025\/07\/WhatsApp-Image-2025-07-14-at-9.24.54-AM-2-169x300.jpeg 169w, https:\/\/nahuelproducciones.com.ar\/radioquijano\/wp-content\/uploads\/2025\/07\/WhatsApp-Image-2025-07-14-at-9.24.54-AM-2-150x267.jpeg 150w, https:\/\/nahuelproducciones.com.ar\/radioquijano\/wp-content\/uploads\/2025\/07\/WhatsApp-Image-2025-07-14-at-9.24.54-AM-2.jpeg 720w\" sizes=\"auto, (max-width: 576px) 100vw, 576px\" \/><\/figure>\n\n\n\n<figure class=\"wp-block-image size-large\"><img loading=\"lazy\" decoding=\"async\" width=\"768\" height=\"1024\" data-id=\"10657\" src=\"https:\/\/nahuelproducciones.com.ar\/radioquijano\/wp-content\/uploads\/2025\/07\/WhatsApp-Image-2025-07-14-at-9.24.53-AM-2-768x1024.jpeg\" alt=\"\" class=\"wp-image-10657\" srcset=\"https:\/\/nahuelproducciones.com.ar\/radioquijano\/wp-content\/uploads\/2025\/07\/WhatsApp-Image-2025-07-14-at-9.24.53-AM-2-768x1024.jpeg 768w, https:\/\/nahuelproducciones.com.ar\/radioquijano\/wp-content\/uploads\/2025\/07\/WhatsApp-Image-2025-07-14-at-9.24.53-AM-2-225x300.jpeg 225w, https:\/\/nahuelproducciones.com.ar\/radioquijano\/wp-content\/uploads\/2025\/07\/WhatsApp-Image-2025-07-14-at-9.24.53-AM-2-640x853.jpeg 640w, https:\/\/nahuelproducciones.com.ar\/radioquijano\/wp-content\/uploads\/2025\/07\/WhatsApp-Image-2025-07-14-at-9.24.53-AM-2-150x200.jpeg 150w, https:\/\/nahuelproducciones.com.ar\/radioquijano\/wp-content\/uploads\/2025\/07\/WhatsApp-Image-2025-07-14-at-9.24.53-AM-2.jpeg 960w\" sizes=\"auto, (max-width: 768px) 100vw, 768px\" \/><\/figure>\n\n\n\n<figure class=\"wp-block-image size-large\"><img loading=\"lazy\" decoding=\"async\" width=\"1024\" height=\"768\" data-id=\"10646\" src=\"https:\/\/nahuelproducciones.com.ar\/radioquijano\/wp-content\/uploads\/2025\/07\/WhatsApp-Image-2025-07-14-at-9.24.52-AM-1024x768.jpeg\" alt=\"\" class=\"wp-image-10646\" srcset=\"https:\/\/nahuelproducciones.com.ar\/radioquijano\/wp-content\/uploads\/2025\/07\/WhatsApp-Image-2025-07-14-at-9.24.52-AM-1024x768.jpeg 1024w, https:\/\/nahuelproducciones.com.ar\/radioquijano\/wp-content\/uploads\/2025\/07\/WhatsApp-Image-2025-07-14-at-9.24.52-AM-300x225.jpeg 300w, https:\/\/nahuelproducciones.com.ar\/radioquijano\/wp-content\/uploads\/2025\/07\/WhatsApp-Image-2025-07-14-at-9.24.52-AM-768x576.jpeg 768w, https:\/\/nahuelproducciones.com.ar\/radioquijano\/wp-content\/uploads\/2025\/07\/WhatsApp-Image-2025-07-14-at-9.24.52-AM-150x113.jpeg 150w, https:\/\/nahuelproducciones.com.ar\/radioquijano\/wp-content\/uploads\/2025\/07\/WhatsApp-Image-2025-07-14-at-9.24.52-AM.jpeg 1280w\" sizes=\"auto, (max-width: 1024px) 100vw, 1024px\" \/><\/figure>\n\n\n\n<figure class=\"wp-block-image size-large\"><img loading=\"lazy\" decoding=\"async\" width=\"768\" height=\"1024\" data-id=\"10641\" src=\"https:\/\/nahuelproducciones.com.ar\/radioquijano\/wp-content\/uploads\/2025\/07\/WhatsApp-Image-2025-07-14-at-9.24.48-AM-1-768x1024.jpeg\" alt=\"\" class=\"wp-image-10641\" srcset=\"https:\/\/nahuelproducciones.com.ar\/radioquijano\/wp-content\/uploads\/2025\/07\/WhatsApp-Image-2025-07-14-at-9.24.48-AM-1-768x1024.jpeg 768w, https:\/\/nahuelproducciones.com.ar\/radioquijano\/wp-content\/uploads\/2025\/07\/WhatsApp-Image-2025-07-14-at-9.24.48-AM-1-225x300.jpeg 225w, https:\/\/nahuelproducciones.com.ar\/radioquijano\/wp-content\/uploads\/2025\/07\/WhatsApp-Image-2025-07-14-at-9.24.48-AM-1-640x853.jpeg 640w, https:\/\/nahuelproducciones.com.ar\/radioquijano\/wp-content\/uploads\/2025\/07\/WhatsApp-Image-2025-07-14-at-9.24.48-AM-1-150x200.jpeg 150w, https:\/\/nahuelproducciones.com.ar\/radioquijano\/wp-content\/uploads\/2025\/07\/WhatsApp-Image-2025-07-14-at-9.24.48-AM-1.jpeg 960w\" sizes=\"auto, (max-width: 768px) 100vw, 768px\" \/><\/figure>\n<\/figure>\n\n\n\n<p>Algunas im\u00e1genes del 2024.<\/p>\n\n\n\n<p><\/p>\n","protected":false},"excerpt":{"rendered":"<p>Este viernes, la profesora Andrea G. Vilte C\u00f3rdoba y sus alumnos emprenden viaje rumbo a la provincia de San Luis para representar a Campo Quijano en el 36\u00b0 Torneo Nacional de Chaiu Do Kwan, una de las competencias m\u00e1s importantes del pa\u00eds en esta disciplina marcial. El seleccionado de Quijano, integrado por competidores de distintas [&hellip;]<\/p>\n","protected":false},"author":8,"featured_media":11245,"comment_status":"open","ping_status":"open","sticky":false,"template":"","format":"standard","meta":{"_monsterinsights_skip_tracking":false,"_monsterinsights_sitenote_active":false,"_monsterinsights_sitenote_note":"","_monsterinsights_sitenote_category":0,"footnotes":""},"categories":[16],"tags":[1927,1928,100],"class_list":["post-11241","post","type-post","status-publish","format-standard","has-post-thumbnail","hentry","category-noticias","tag-andrea-g-vilte-cordoba","tag-chaiu-do-kwan","tag-municipio-de-campo-quijano"],"yoast_head":"<!-- This site is optimized with the Yoast SEO plugin v20.8 - https:\/\/yoast.com\/wordpress\/plugins\/seo\/ -->\n<title>El seleccionado de Campo Quijano viaja a San Luis al Torneo Nacional de Chaiu Do Kwan - RQ 99.9<\/title>\n<meta name=\"description\" content=\"\u00a1Mucha suerte al equipo de Quijano en San Luis, a defender el t\u00edtulo nacional!\" \/>\n<meta name=\"robots\" content=\"index, follow, max-snippet:-1, max-image-preview:large, max-video-preview:-1\" \/>\n<link rel=\"canonical\" href=\"https:\/\/nahuelproducciones.com.ar\/radioquijano\/el-seleccionado-de-campo-quijano-viaja-a-san-luis-al-torneo-nacional-de-chaiu-do-kwan\/\" \/>\n<meta property=\"og:locale\" content=\"es_ES\" \/>\n<meta property=\"og:type\" content=\"article\" \/>\n<meta property=\"og:title\" content=\"El seleccionado de Campo Quijano viaja a San Luis al Torneo Nacional de Chaiu Do Kwan - RQ 99.9\" \/>\n<meta property=\"og:description\" content=\"\u00a1Mucha suerte al equipo de Quijano en San Luis, a defender el t\u00edtulo nacional!\" \/>\n<meta property=\"og:url\" content=\"https:\/\/nahuelproducciones.com.ar\/radioquijano\/el-seleccionado-de-campo-quijano-viaja-a-san-luis-al-torneo-nacional-de-chaiu-do-kwan\/\" \/>\n<meta property=\"og:site_name\" content=\"RQ 99.9\" \/>\n<meta property=\"article:publisher\" content=\"https:\/\/www.facebook.com\/nahuelproducciones999\/\" \/>\n<meta property=\"article:published_time\" content=\"2025-10-09T03:33:00+00:00\" \/>\n<meta property=\"article:modified_time\" content=\"2025-10-09T03:33:01+00:00\" \/>\n<meta property=\"og:image\" content=\"https:\/\/nahuelproducciones.com.ar\/radioquijano\/wp-content\/uploads\/2025\/10\/01ea7a76-b314-45cc-b2e3-bbd9a66cfbff-e1759980558513.jpeg\" \/>\n\t<meta property=\"og:image:width\" content=\"700\" \/>\n\t<meta property=\"og:image:height\" content=\"933\" \/>\n\t<meta property=\"og:image:type\" content=\"image\/jpeg\" \/>\n<meta name=\"author\" content=\"Cecilia Pastrana\" \/>\n<meta name=\"twitter:card\" content=\"summary_large_image\" \/>\n<meta name=\"twitter:creator\" content=\"@nahuproduciones\" \/>\n<meta name=\"twitter:site\" content=\"@nahuproduciones\" \/>\n<meta name=\"twitter:label1\" content=\"Escrito por\" \/>\n\t<meta name=\"twitter:data1\" content=\"Cecilia Pastrana\" \/>\n\t<meta name=\"twitter:label2\" content=\"Tiempo de lectura\" \/>\n\t<meta name=\"twitter:data2\" content=\"3 minutos\" \/>\n<script type=\"application\/ld+json\" class=\"yoast-schema-graph\">{\"@context\":\"https:\/\/schema.org\",\"@graph\":[{\"@type\":\"WebPage\",\"@id\":\"https:\/\/nahuelproducciones.com.ar\/radioquijano\/el-seleccionado-de-campo-quijano-viaja-a-san-luis-al-torneo-nacional-de-chaiu-do-kwan\/\",\"url\":\"https:\/\/nahuelproducciones.com.ar\/radioquijano\/el-seleccionado-de-campo-quijano-viaja-a-san-luis-al-torneo-nacional-de-chaiu-do-kwan\/\",\"name\":\"El seleccionado de Campo Quijano viaja a San Luis al Torneo Nacional de Chaiu Do Kwan - RQ 99.9\",\"isPartOf\":{\"@id\":\"https:\/\/nahuelproducciones.com.ar\/radioquijano\/#website\"},\"datePublished\":\"2025-10-09T03:33:00+00:00\",\"dateModified\":\"2025-10-09T03:33:01+00:00\",\"author\":{\"@id\":\"https:\/\/nahuelproducciones.com.ar\/radioquijano\/#\/schema\/person\/e8a4f939e2cb487fe6d0c54042c9d32c\"},\"description\":\"\u00a1Mucha suerte al equipo de Quijano en San Luis, a defender el t\u00edtulo nacional!\",\"breadcrumb\":{\"@id\":\"https:\/\/nahuelproducciones.com.ar\/radioquijano\/el-seleccionado-de-campo-quijano-viaja-a-san-luis-al-torneo-nacional-de-chaiu-do-kwan\/#breadcrumb\"},\"inLanguage\":\"es\",\"potentialAction\":[{\"@type\":\"ReadAction\",\"target\":[\"https:\/\/nahuelproducciones.com.ar\/radioquijano\/el-seleccionado-de-campo-quijano-viaja-a-san-luis-al-torneo-nacional-de-chaiu-do-kwan\/\"]}]},{\"@type\":\"BreadcrumbList\",\"@id\":\"https:\/\/nahuelproducciones.com.ar\/radioquijano\/el-seleccionado-de-campo-quijano-viaja-a-san-luis-al-torneo-nacional-de-chaiu-do-kwan\/#breadcrumb\",\"itemListElement\":[{\"@type\":\"ListItem\",\"position\":1,\"name\":\"Portada\",\"item\":\"https:\/\/nahuelproducciones.com.ar\/radioquijano\/\"},{\"@type\":\"ListItem\",\"position\":2,\"name\":\"El seleccionado de Campo Quijano viaja a San Luis al Torneo Nacional de Chaiu Do Kwan\"}]},{\"@type\":\"WebSite\",\"@id\":\"https:\/\/nahuelproducciones.com.ar\/radioquijano\/#website\",\"url\":\"https:\/\/nahuelproducciones.com.ar\/radioquijano\/\",\"name\":\"RQ 99.9\",\"description\":\"Radio Quijano 99.9 MHz\",\"potentialAction\":[{\"@type\":\"SearchAction\",\"target\":{\"@type\":\"EntryPoint\",\"urlTemplate\":\"https:\/\/nahuelproducciones.com.ar\/radioquijano\/?s={search_term_string}\"},\"query-input\":\"required name=search_term_string\"}],\"inLanguage\":\"es\"},{\"@type\":\"Person\",\"@id\":\"https:\/\/nahuelproducciones.com.ar\/radioquijano\/#\/schema\/person\/e8a4f939e2cb487fe6d0c54042c9d32c\",\"name\":\"Cecilia Pastrana\",\"image\":{\"@type\":\"ImageObject\",\"inLanguage\":\"es\",\"@id\":\"https:\/\/nahuelproducciones.com.ar\/radioquijano\/#\/schema\/person\/image\/\",\"url\":\"https:\/\/secure.gravatar.com\/avatar\/661a3ef63a8488d4f2794ed44af8cf71420f7e106f3072c40125114df5157749?s=96&d=mm&r=g\",\"contentUrl\":\"https:\/\/secure.gravatar.com\/avatar\/661a3ef63a8488d4f2794ed44af8cf71420f7e106f3072c40125114df5157749?s=96&d=mm&r=g\",\"caption\":\"Cecilia Pastrana\"},\"sameAs\":[\"cecy\"],\"url\":\"https:\/\/nahuelproducciones.com.ar\/radioquijano\/author\/cecy\/\"}]}<\/script>\n<!-- \/ Yoast SEO plugin. -->","yoast_head_json":{"title":"El seleccionado de Campo Quijano viaja a San Luis al Torneo Nacional de Chaiu Do Kwan - RQ 99.9","description":"\u00a1Mucha suerte al equipo de Quijano en San Luis, a defender el t\u00edtulo nacional!","robots":{"index":"index","follow":"follow","max-snippet":"max-snippet:-1","max-image-preview":"max-image-preview:large","max-video-preview":"max-video-preview:-1"},"canonical":"https:\/\/nahuelproducciones.com.ar\/radioquijano\/el-seleccionado-de-campo-quijano-viaja-a-san-luis-al-torneo-nacional-de-chaiu-do-kwan\/","og_locale":"es_ES","og_type":"article","og_title":"El seleccionado de Campo Quijano viaja a San Luis al Torneo Nacional de Chaiu Do Kwan - RQ 99.9","og_description":"\u00a1Mucha suerte al equipo de Quijano en San Luis, a defender el t\u00edtulo nacional!","og_url":"https:\/\/nahuelproducciones.com.ar\/radioquijano\/el-seleccionado-de-campo-quijano-viaja-a-san-luis-al-torneo-nacional-de-chaiu-do-kwan\/","og_site_name":"RQ 99.9","article_publisher":"https:\/\/www.facebook.com\/nahuelproducciones999\/","article_published_time":"2025-10-09T03:33:00+00:00","article_modified_time":"2025-10-09T03:33:01+00:00","og_image":[{"width":700,"height":933,"url":"https:\/\/nahuelproducciones.com.ar\/radioquijano\/wp-content\/uploads\/2025\/10\/01ea7a76-b314-45cc-b2e3-bbd9a66cfbff-e1759980558513.jpeg","type":"image\/jpeg"}],"author":"Cecilia Pastrana","twitter_card":"summary_large_image","twitter_creator":"@nahuproduciones","twitter_site":"@nahuproduciones","twitter_misc":{"Escrito por":"Cecilia Pastrana","Tiempo de lectura":"3 minutos"},"schema":{"@context":"https:\/\/schema.org","@graph":[{"@type":"WebPage","@id":"https:\/\/nahuelproducciones.com.ar\/radioquijano\/el-seleccionado-de-campo-quijano-viaja-a-san-luis-al-torneo-nacional-de-chaiu-do-kwan\/","url":"https:\/\/nahuelproducciones.com.ar\/radioquijano\/el-seleccionado-de-campo-quijano-viaja-a-san-luis-al-torneo-nacional-de-chaiu-do-kwan\/","name":"El seleccionado de Campo Quijano viaja a San Luis al Torneo Nacional de Chaiu Do Kwan - RQ 99.9","isPartOf":{"@id":"https:\/\/nahuelproducciones.com.ar\/radioquijano\/#website"},"datePublished":"2025-10-09T03:33:00+00:00","dateModified":"2025-10-09T03:33:01+00:00","author":{"@id":"https:\/\/nahuelproducciones.com.ar\/radioquijano\/#\/schema\/person\/e8a4f939e2cb487fe6d0c54042c9d32c"},"description":"\u00a1Mucha suerte al equipo de Quijano en San Luis, a defender el t\u00edtulo nacional!","breadcrumb":{"@id":"https:\/\/nahuelproducciones.com.ar\/radioquijano\/el-seleccionado-de-campo-quijano-viaja-a-san-luis-al-torneo-nacional-de-chaiu-do-kwan\/#breadcrumb"},"inLanguage":"es","potentialAction":[{"@type":"ReadAction","target":["https:\/\/nahuelproducciones.com.ar\/radioquijano\/el-seleccionado-de-campo-quijano-viaja-a-san-luis-al-torneo-nacional-de-chaiu-do-kwan\/"]}]},{"@type":"BreadcrumbList","@id":"https:\/\/nahuelproducciones.com.ar\/radioquijano\/el-seleccionado-de-campo-quijano-viaja-a-san-luis-al-torneo-nacional-de-chaiu-do-kwan\/#breadcrumb","itemListElement":[{"@type":"ListItem","position":1,"name":"Portada","item":"https:\/\/nahuelproducciones.com.ar\/radioquijano\/"},{"@type":"ListItem","position":2,"name":"El seleccionado de Campo Quijano viaja a San Luis al Torneo Nacional de Chaiu Do Kwan"}]},{"@type":"WebSite","@id":"https:\/\/nahuelproducciones.com.ar\/radioquijano\/#website","url":"https:\/\/nahuelproducciones.com.ar\/radioquijano\/","name":"RQ 99.9","description":"Radio Quijano 99.9 MHz","potentialAction":[{"@type":"SearchAction","target":{"@type":"EntryPoint","urlTemplate":"https:\/\/nahuelproducciones.com.ar\/radioquijano\/?s={search_term_string}"},"query-input":"required name=search_term_string"}],"inLanguage":"es"},{"@type":"Person","@id":"https:\/\/nahuelproducciones.com.ar\/radioquijano\/#\/schema\/person\/e8a4f939e2cb487fe6d0c54042c9d32c","name":"Cecilia Pastrana","image":{"@type":"ImageObject","inLanguage":"es","@id":"https:\/\/nahuelproducciones.com.ar\/radioquijano\/#\/schema\/person\/image\/","url":"https:\/\/secure.gravatar.com\/avatar\/661a3ef63a8488d4f2794ed44af8cf71420f7e106f3072c40125114df5157749?s=96&d=mm&r=g","contentUrl":"https:\/\/secure.gravatar.com\/avatar\/661a3ef63a8488d4f2794ed44af8cf71420f7e106f3072c40125114df5157749?s=96&d=mm&r=g","caption":"Cecilia Pastrana"},"sameAs":["cecy"],"url":"https:\/\/nahuelproducciones.com.ar\/radioquijano\/author\/cecy\/"}]}},"_links":{"self":[{"href":"https:\/\/nahuelproducciones.com.ar\/radioquijano\/wp-json\/wp\/v2\/posts\/11241","targetHints":{"allow":["GET"]}}],"collection":[{"href":"https:\/\/nahuelproducciones.com.ar\/radioquijano\/wp-json\/wp\/v2\/posts"}],"about":[{"href":"https:\/\/nahuelproducciones.com.ar\/radioquijano\/wp-json\/wp\/v2\/types\/post"}],"author":[{"embeddable":true,"href":"https:\/\/nahuelproducciones.com.ar\/radioquijano\/wp-json\/wp\/v2\/users\/8"}],"replies":[{"embeddable":true,"href":"https:\/\/nahuelproducciones.com.ar\/radioquijano\/wp-json\/wp\/v2\/comments?post=11241"}],"version-history":[{"count":1,"href":"https:\/\/nahuelproducciones.com.ar\/radioquijano\/wp-json\/wp\/v2\/posts\/11241\/revisions"}],"predecessor-version":[{"id":11246,"href":"https:\/\/nahuelproducciones.com.ar\/radioquijano\/wp-json\/wp\/v2\/posts\/11241\/revisions\/11246"}],"wp:featuredmedia":[{"embeddable":true,"href":"https:\/\/nahuelproducciones.com.ar\/radioquijano\/wp-json\/wp\/v2\/media\/11245"}],"wp:attachment":[{"href":"https:\/\/nahuelproducciones.com.ar\/radioquijano\/wp-json\/wp\/v2\/media?parent=11241"}],"wp:term":[{"taxonomy":"category","embeddable":true,"href":"https:\/\/nahuelproducciones.com.ar\/radioquijano\/wp-json\/wp\/v2\/categories?post=11241"},{"taxonomy":"post_tag","embeddable":true,"href":"https:\/\/nahuelproducciones.com.ar\/radioquijano\/wp-json\/wp\/v2\/tags?post=11241"}],"curies":[{"name":"wp","href":"https:\/\/api.w.org\/{rel}","templated":true}]}}