{"id":11259,"date":"2025-10-11T23:20:54","date_gmt":"2025-10-12T02:20:54","guid":{"rendered":"https:\/\/nahuelproducciones.com.ar\/radioquijano\/?p=11259"},"modified":"2025-10-11T23:20:54","modified_gmt":"2025-10-12T02:20:54","slug":"radio-quijano-entrevisto-a-la-lic-sandra-rios-sobre-la-capacitacion-tea-x-3","status":"publish","type":"post","link":"https:\/\/nahuelproducciones.com.ar\/radioquijano\/radio-quijano-entrevisto-a-la-lic-sandra-rios-sobre-la-capacitacion-tea-x-3\/","title":{"rendered":"Radio Quijano entrevist\u00f3 a la Lic. Sandra R\u00edos sobre la capacitaci\u00f3n \u201cTEA x 3\u201d"},"content":{"rendered":"\n<p>Radio Quijano dialog\u00f3 telef\u00f3nicamente con la <strong>Lic. Sandra R\u00edos<\/strong>, psicopedagoga y representante de la <strong>Fundaci\u00f3n Lamadrid<\/strong>, quien invit\u00f3 a la comunidad a participar de la <strong>jornada de prensa<\/strong> donde se presentar\u00e1 la capacitaci\u00f3n <strong>\u201cTEA x 3\u201d<\/strong>, declarada de <em>inter\u00e9s provincial<\/em> por la <strong>Honorable C\u00e1mara de Diputados de Salta<\/strong>.<\/p>\n\n\n\n<p>La profesional destac\u00f3 la importancia de <strong>actualizarse en la atenci\u00f3n del autismo<\/strong> y conocer <strong>nuevas metodolog\u00edas de abordaje<\/strong>. \u201cLos ni\u00f1os dentro del espectro autista necesitan un <strong>equipo multidisciplinario<\/strong>, no solo terapia de lenguaje o terapia conductual, sino la articulaci\u00f3n de distintos enfoques seg\u00fan cada caso particular\u201d, explic\u00f3 R\u00edos.<\/p>\n\n\n\n<p>Asimismo, remarc\u00f3 la relevancia del <strong>diagn\u00f3stico temprano<\/strong>, ya que permite una mejor intervenci\u00f3n y acompa\u00f1amiento tanto en el entorno familiar como escolar. La jornada, seg\u00fan adelant\u00f3, buscar\u00e1 <strong>compartir experiencias y herramientas de gran valor para el trabajo en las aulas<\/strong>, favoreciendo la inclusi\u00f3n y el desarrollo integral de cada ni\u00f1o.<\/p>\n\n\n\n<p>&#x1f9e9; <strong>TEA x 3 \u2013 Temas a abordar:<\/strong><br>&#x2705; <em>6 de noviembre (ma\u00f1ana):<\/em> Escuela para Padres \u2013 <em>Mejorar la conducta es posible.<\/em><br>&#x2705; <em>6 de noviembre (tarde) y 7 de noviembre:<\/em> <em>Problemas y crisis de conducta en colegio y terapia.<\/em><br>&#x2705; <em>8 de noviembre:<\/em> <em>Claves pr\u00e1cticas para una inclusi\u00f3n exitosa en TEA.<\/em><\/p>\n\n\n\n<p>&#x1f4c5; <strong>Fechas:<\/strong> 6, 7 y 8 de noviembre de 2025<br>&#x1f4cd; <strong>Lugar:<\/strong> Centro Cultural Dino Saluzzi \u2013 Av. Independencia 910, Salta Capital<br>&#x1f557; <strong>Horarios:<\/strong> de 8 a 12 y de 14 a 18 hs.<\/p>\n\n\n\n<p>&#x1f465; <strong>Dirigido a:<\/strong> psic\u00f3logos, psicopedagogos, acompa\u00f1antes terap\u00e9uticos, terapeutas ocupacionales, docentes, padres y toda persona interesada en la tem\u00e1tica.<\/p>\n\n\n\n<p>Adem\u00e1s, con la inscripci\u00f3n se participa del <strong>sorteo de un SILVER PASS<\/strong> para la conferencia exclusiva del <strong>Dr. Daniel Goleman<\/strong> junto al coach <strong>Manu Colombo<\/strong>.<\/p>\n\n\n\n<p>Como gesto especial, la <strong>Lic. R\u00edos dej\u00f3 de regalo un ticket<\/strong> para sortear entre los oyentes interesados de <strong>Radio Quijano<\/strong>, invitando as\u00ed a toda la comunidad a sumarse a esta propuesta de capacitaci\u00f3n y sensibilizaci\u00f3n.<\/p>\n\n\n\n<p>&#x1f4e9; <strong>Inscripciones y consultas:<\/strong><br>&#x2709;&#xfe0f; <a>fundacionlamadridsalta@gmail.com<\/a><br>&#x1f4de; (387) 5630430<\/p>\n\n\n\n<p>Escucha la entrevista:<\/p>\n\n\n\n<figure class=\"wp-block-audio\"><audio controls src=\"https:\/\/nahuelproducciones.com.ar\/radioquijano\/wp-content\/uploads\/2025\/10\/11-10-2025-SANDRA-RIOS-PSICOPEDAGOGA-VISITA-DE-CALUDIO-TRIISONIO.mp3\"><\/audio><\/figure>\n","protected":false},"excerpt":{"rendered":"<p>Radio Quijano dialog\u00f3 telef\u00f3nicamente con la Lic. Sandra R\u00edos, psicopedagoga y representante de la Fundaci\u00f3n Lamadrid, quien invit\u00f3 a la comunidad a participar de la jornada de prensa donde se presentar\u00e1 la capacitaci\u00f3n \u201cTEA x 3\u201d, declarada de inter\u00e9s provincial por la Honorable C\u00e1mara de Diputados de Salta. La profesional destac\u00f3 la importancia de actualizarse [&hellip;]<\/p>\n","protected":false},"author":8,"featured_media":11261,"comment_status":"open","ping_status":"open","sticky":false,"template":"","format":"standard","meta":{"_monsterinsights_skip_tracking":false,"_monsterinsights_sitenote_active":false,"_monsterinsights_sitenote_note":"","_monsterinsights_sitenote_category":0,"footnotes":""},"categories":[16],"tags":[100,1933],"class_list":["post-11259","post","type-post","status-publish","format-standard","has-post-thumbnail","hentry","category-noticias","tag-municipio-de-campo-quijano","tag-tea-x-3"],"yoast_head":"<!-- This site is optimized with the Yoast SEO plugin v20.8 - https:\/\/yoast.com\/wordpress\/plugins\/seo\/ -->\n<title>Radio Quijano entrevist\u00f3 a la Lic. Sandra R\u00edos sobre la capacitaci\u00f3n \u201cTEA x 3\u201d - RQ 99.9<\/title>\n<meta name=\"description\" content=\"La importancia de actualizarse en la atenci\u00f3n del autismo y conocer nuevas metodolog\u00edas de abordaje.\" \/>\n<meta name=\"robots\" content=\"index, follow, max-snippet:-1, max-image-preview:large, max-video-preview:-1\" \/>\n<link rel=\"canonical\" href=\"https:\/\/nahuelproducciones.com.ar\/radioquijano\/radio-quijano-entrevisto-a-la-lic-sandra-rios-sobre-la-capacitacion-tea-x-3\/\" \/>\n<meta property=\"og:locale\" content=\"es_ES\" \/>\n<meta property=\"og:type\" content=\"article\" \/>\n<meta property=\"og:title\" content=\"Radio Quijano entrevist\u00f3 a la Lic. Sandra R\u00edos sobre la capacitaci\u00f3n \u201cTEA x 3\u201d - RQ 99.9\" \/>\n<meta property=\"og:description\" content=\"La importancia de actualizarse en la atenci\u00f3n del autismo y conocer nuevas metodolog\u00edas de abordaje.\" \/>\n<meta property=\"og:url\" content=\"https:\/\/nahuelproducciones.com.ar\/radioquijano\/radio-quijano-entrevisto-a-la-lic-sandra-rios-sobre-la-capacitacion-tea-x-3\/\" \/>\n<meta property=\"og:site_name\" content=\"RQ 99.9\" \/>\n<meta property=\"article:publisher\" content=\"https:\/\/www.facebook.com\/nahuelproducciones999\/\" \/>\n<meta property=\"article:published_time\" content=\"2025-10-12T02:20:54+00:00\" \/>\n<meta property=\"og:image\" content=\"https:\/\/nahuelproducciones.com.ar\/radioquijano\/wp-content\/uploads\/2025\/10\/d4a71b9a-027b-47e7-b8e4-a3ec2d029519-e1760235545534.jpeg\" \/>\n\t<meta property=\"og:image:width\" content=\"700\" \/>\n\t<meta property=\"og:image:height\" content=\"587\" \/>\n\t<meta property=\"og:image:type\" content=\"image\/jpeg\" \/>\n<meta name=\"author\" content=\"Cecilia Pastrana\" \/>\n<meta name=\"twitter:card\" content=\"summary_large_image\" \/>\n<meta name=\"twitter:creator\" content=\"@nahuproduciones\" \/>\n<meta name=\"twitter:site\" content=\"@nahuproduciones\" \/>\n<meta name=\"twitter:label1\" content=\"Escrito por\" \/>\n\t<meta name=\"twitter:data1\" content=\"Cecilia Pastrana\" \/>\n\t<meta name=\"twitter:label2\" content=\"Tiempo de lectura\" \/>\n\t<meta name=\"twitter:data2\" content=\"2 minutos\" \/>\n<script type=\"application\/ld+json\" class=\"yoast-schema-graph\">{\"@context\":\"https:\/\/schema.org\",\"@graph\":[{\"@type\":\"WebPage\",\"@id\":\"https:\/\/nahuelproducciones.com.ar\/radioquijano\/radio-quijano-entrevisto-a-la-lic-sandra-rios-sobre-la-capacitacion-tea-x-3\/\",\"url\":\"https:\/\/nahuelproducciones.com.ar\/radioquijano\/radio-quijano-entrevisto-a-la-lic-sandra-rios-sobre-la-capacitacion-tea-x-3\/\",\"name\":\"Radio Quijano entrevist\u00f3 a la Lic. Sandra R\u00edos sobre la capacitaci\u00f3n \u201cTEA x 3\u201d - RQ 99.9\",\"isPartOf\":{\"@id\":\"https:\/\/nahuelproducciones.com.ar\/radioquijano\/#website\"},\"datePublished\":\"2025-10-12T02:20:54+00:00\",\"dateModified\":\"2025-10-12T02:20:54+00:00\",\"author\":{\"@id\":\"https:\/\/nahuelproducciones.com.ar\/radioquijano\/#\/schema\/person\/e8a4f939e2cb487fe6d0c54042c9d32c\"},\"description\":\"La importancia de actualizarse en la atenci\u00f3n del autismo y conocer nuevas metodolog\u00edas de abordaje.\",\"breadcrumb\":{\"@id\":\"https:\/\/nahuelproducciones.com.ar\/radioquijano\/radio-quijano-entrevisto-a-la-lic-sandra-rios-sobre-la-capacitacion-tea-x-3\/#breadcrumb\"},\"inLanguage\":\"es\",\"potentialAction\":[{\"@type\":\"ReadAction\",\"target\":[\"https:\/\/nahuelproducciones.com.ar\/radioquijano\/radio-quijano-entrevisto-a-la-lic-sandra-rios-sobre-la-capacitacion-tea-x-3\/\"]}]},{\"@type\":\"BreadcrumbList\",\"@id\":\"https:\/\/nahuelproducciones.com.ar\/radioquijano\/radio-quijano-entrevisto-a-la-lic-sandra-rios-sobre-la-capacitacion-tea-x-3\/#breadcrumb\",\"itemListElement\":[{\"@type\":\"ListItem\",\"position\":1,\"name\":\"Portada\",\"item\":\"https:\/\/nahuelproducciones.com.ar\/radioquijano\/\"},{\"@type\":\"ListItem\",\"position\":2,\"name\":\"Radio Quijano entrevist\u00f3 a la Lic. Sandra R\u00edos sobre la capacitaci\u00f3n \u201cTEA x 3\u201d\"}]},{\"@type\":\"WebSite\",\"@id\":\"https:\/\/nahuelproducciones.com.ar\/radioquijano\/#website\",\"url\":\"https:\/\/nahuelproducciones.com.ar\/radioquijano\/\",\"name\":\"RQ 99.9\",\"description\":\"Radio Quijano 99.9 MHz\",\"potentialAction\":[{\"@type\":\"SearchAction\",\"target\":{\"@type\":\"EntryPoint\",\"urlTemplate\":\"https:\/\/nahuelproducciones.com.ar\/radioquijano\/?s={search_term_string}\"},\"query-input\":\"required name=search_term_string\"}],\"inLanguage\":\"es\"},{\"@type\":\"Person\",\"@id\":\"https:\/\/nahuelproducciones.com.ar\/radioquijano\/#\/schema\/person\/e8a4f939e2cb487fe6d0c54042c9d32c\",\"name\":\"Cecilia Pastrana\",\"image\":{\"@type\":\"ImageObject\",\"inLanguage\":\"es\",\"@id\":\"https:\/\/nahuelproducciones.com.ar\/radioquijano\/#\/schema\/person\/image\/\",\"url\":\"https:\/\/secure.gravatar.com\/avatar\/661a3ef63a8488d4f2794ed44af8cf71420f7e106f3072c40125114df5157749?s=96&d=mm&r=g\",\"contentUrl\":\"https:\/\/secure.gravatar.com\/avatar\/661a3ef63a8488d4f2794ed44af8cf71420f7e106f3072c40125114df5157749?s=96&d=mm&r=g\",\"caption\":\"Cecilia Pastrana\"},\"sameAs\":[\"cecy\"],\"url\":\"https:\/\/nahuelproducciones.com.ar\/radioquijano\/author\/cecy\/\"}]}<\/script>\n<!-- \/ Yoast SEO plugin. -->","yoast_head_json":{"title":"Radio Quijano entrevist\u00f3 a la Lic. Sandra R\u00edos sobre la capacitaci\u00f3n \u201cTEA x 3\u201d - RQ 99.9","description":"La importancia de actualizarse en la atenci\u00f3n del autismo y conocer nuevas metodolog\u00edas de abordaje.","robots":{"index":"index","follow":"follow","max-snippet":"max-snippet:-1","max-image-preview":"max-image-preview:large","max-video-preview":"max-video-preview:-1"},"canonical":"https:\/\/nahuelproducciones.com.ar\/radioquijano\/radio-quijano-entrevisto-a-la-lic-sandra-rios-sobre-la-capacitacion-tea-x-3\/","og_locale":"es_ES","og_type":"article","og_title":"Radio Quijano entrevist\u00f3 a la Lic. Sandra R\u00edos sobre la capacitaci\u00f3n \u201cTEA x 3\u201d - RQ 99.9","og_description":"La importancia de actualizarse en la atenci\u00f3n del autismo y conocer nuevas metodolog\u00edas de abordaje.","og_url":"https:\/\/nahuelproducciones.com.ar\/radioquijano\/radio-quijano-entrevisto-a-la-lic-sandra-rios-sobre-la-capacitacion-tea-x-3\/","og_site_name":"RQ 99.9","article_publisher":"https:\/\/www.facebook.com\/nahuelproducciones999\/","article_published_time":"2025-10-12T02:20:54+00:00","og_image":[{"width":700,"height":587,"url":"https:\/\/nahuelproducciones.com.ar\/radioquijano\/wp-content\/uploads\/2025\/10\/d4a71b9a-027b-47e7-b8e4-a3ec2d029519-e1760235545534.jpeg","type":"image\/jpeg"}],"author":"Cecilia Pastrana","twitter_card":"summary_large_image","twitter_creator":"@nahuproduciones","twitter_site":"@nahuproduciones","twitter_misc":{"Escrito por":"Cecilia Pastrana","Tiempo de lectura":"2 minutos"},"schema":{"@context":"https:\/\/schema.org","@graph":[{"@type":"WebPage","@id":"https:\/\/nahuelproducciones.com.ar\/radioquijano\/radio-quijano-entrevisto-a-la-lic-sandra-rios-sobre-la-capacitacion-tea-x-3\/","url":"https:\/\/nahuelproducciones.com.ar\/radioquijano\/radio-quijano-entrevisto-a-la-lic-sandra-rios-sobre-la-capacitacion-tea-x-3\/","name":"Radio Quijano entrevist\u00f3 a la Lic. Sandra R\u00edos sobre la capacitaci\u00f3n \u201cTEA x 3\u201d - RQ 99.9","isPartOf":{"@id":"https:\/\/nahuelproducciones.com.ar\/radioquijano\/#website"},"datePublished":"2025-10-12T02:20:54+00:00","dateModified":"2025-10-12T02:20:54+00:00","author":{"@id":"https:\/\/nahuelproducciones.com.ar\/radioquijano\/#\/schema\/person\/e8a4f939e2cb487fe6d0c54042c9d32c"},"description":"La importancia de actualizarse en la atenci\u00f3n del autismo y conocer nuevas metodolog\u00edas de abordaje.","breadcrumb":{"@id":"https:\/\/nahuelproducciones.com.ar\/radioquijano\/radio-quijano-entrevisto-a-la-lic-sandra-rios-sobre-la-capacitacion-tea-x-3\/#breadcrumb"},"inLanguage":"es","potentialAction":[{"@type":"ReadAction","target":["https:\/\/nahuelproducciones.com.ar\/radioquijano\/radio-quijano-entrevisto-a-la-lic-sandra-rios-sobre-la-capacitacion-tea-x-3\/"]}]},{"@type":"BreadcrumbList","@id":"https:\/\/nahuelproducciones.com.ar\/radioquijano\/radio-quijano-entrevisto-a-la-lic-sandra-rios-sobre-la-capacitacion-tea-x-3\/#breadcrumb","itemListElement":[{"@type":"ListItem","position":1,"name":"Portada","item":"https:\/\/nahuelproducciones.com.ar\/radioquijano\/"},{"@type":"ListItem","position":2,"name":"Radio Quijano entrevist\u00f3 a la Lic. Sandra R\u00edos sobre la capacitaci\u00f3n \u201cTEA x 3\u201d"}]},{"@type":"WebSite","@id":"https:\/\/nahuelproducciones.com.ar\/radioquijano\/#website","url":"https:\/\/nahuelproducciones.com.ar\/radioquijano\/","name":"RQ 99.9","description":"Radio Quijano 99.9 MHz","potentialAction":[{"@type":"SearchAction","target":{"@type":"EntryPoint","urlTemplate":"https:\/\/nahuelproducciones.com.ar\/radioquijano\/?s={search_term_string}"},"query-input":"required name=search_term_string"}],"inLanguage":"es"},{"@type":"Person","@id":"https:\/\/nahuelproducciones.com.ar\/radioquijano\/#\/schema\/person\/e8a4f939e2cb487fe6d0c54042c9d32c","name":"Cecilia Pastrana","image":{"@type":"ImageObject","inLanguage":"es","@id":"https:\/\/nahuelproducciones.com.ar\/radioquijano\/#\/schema\/person\/image\/","url":"https:\/\/secure.gravatar.com\/avatar\/661a3ef63a8488d4f2794ed44af8cf71420f7e106f3072c40125114df5157749?s=96&d=mm&r=g","contentUrl":"https:\/\/secure.gravatar.com\/avatar\/661a3ef63a8488d4f2794ed44af8cf71420f7e106f3072c40125114df5157749?s=96&d=mm&r=g","caption":"Cecilia Pastrana"},"sameAs":["cecy"],"url":"https:\/\/nahuelproducciones.com.ar\/radioquijano\/author\/cecy\/"}]}},"_links":{"self":[{"href":"https:\/\/nahuelproducciones.com.ar\/radioquijano\/wp-json\/wp\/v2\/posts\/11259","targetHints":{"allow":["GET"]}}],"collection":[{"href":"https:\/\/nahuelproducciones.com.ar\/radioquijano\/wp-json\/wp\/v2\/posts"}],"about":[{"href":"https:\/\/nahuelproducciones.com.ar\/radioquijano\/wp-json\/wp\/v2\/types\/post"}],"author":[{"embeddable":true,"href":"https:\/\/nahuelproducciones.com.ar\/radioquijano\/wp-json\/wp\/v2\/users\/8"}],"replies":[{"embeddable":true,"href":"https:\/\/nahuelproducciones.com.ar\/radioquijano\/wp-json\/wp\/v2\/comments?post=11259"}],"version-history":[{"count":1,"href":"https:\/\/nahuelproducciones.com.ar\/radioquijano\/wp-json\/wp\/v2\/posts\/11259\/revisions"}],"predecessor-version":[{"id":11262,"href":"https:\/\/nahuelproducciones.com.ar\/radioquijano\/wp-json\/wp\/v2\/posts\/11259\/revisions\/11262"}],"wp:featuredmedia":[{"embeddable":true,"href":"https:\/\/nahuelproducciones.com.ar\/radioquijano\/wp-json\/wp\/v2\/media\/11261"}],"wp:attachment":[{"href":"https:\/\/nahuelproducciones.com.ar\/radioquijano\/wp-json\/wp\/v2\/media?parent=11259"}],"wp:term":[{"taxonomy":"category","embeddable":true,"href":"https:\/\/nahuelproducciones.com.ar\/radioquijano\/wp-json\/wp\/v2\/categories?post=11259"},{"taxonomy":"post_tag","embeddable":true,"href":"https:\/\/nahuelproducciones.com.ar\/radioquijano\/wp-json\/wp\/v2\/tags?post=11259"}],"curies":[{"name":"wp","href":"https:\/\/api.w.org\/{rel}","templated":true}]}}