{"id":11374,"date":"2025-10-23T11:37:18","date_gmt":"2025-10-23T14:37:18","guid":{"rendered":"https:\/\/nahuelproducciones.com.ar\/radioquijano\/?p=11374"},"modified":"2025-10-23T11:37:18","modified_gmt":"2025-10-23T14:37:18","slug":"la-usina-rinde-homenaje-a-charly-garcia-este-jueves","status":"publish","type":"post","link":"https:\/\/nahuelproducciones.com.ar\/radioquijano\/la-usina-rinde-homenaje-a-charly-garcia-este-jueves\/","title":{"rendered":"La Usina rinde homenaje a Charly Garc\u00eda este jueves"},"content":{"rendered":"\n<p>Artistas salte\u00f1os se re\u00fanen en la Usina Cultural para festejar los 74 a\u00f1os de Charly Garc\u00eda con un concierto gratuito.<\/p>\n\n\n\n<p>La Usina Cultural ser\u00e1 el escenario de una gran celebraci\u00f3n dedicada a uno de los \u00edconos m\u00e1s influyentes del rock nacional: Charly Garc\u00eda. En el d\u00eda de su cumplea\u00f1os n\u00famero 74, la ciudad de Salta le rendir\u00e1 homenaje con una noche llena de m\u00fasica, talento local y esp\u00edritu festivo.<\/p>\n\n\n\n<p>El evento, titulado \u201cCelebrando a Charly\u201d, comenzar\u00e1 a las 20 horas en el Paseo Food Trucks y contar\u00e1 con la participaci\u00f3n de reconocidos artistas salte\u00f1os. En el escenario se presentar\u00e1n Seba Gueleb, Andr\u00e9s Gonz\u00e1lez, Bens\u00e1ticos, Quimera y Pixie Band, esta \u00faltima conformada por j\u00f3venes integrantes de la Orquesta Infanto Juvenil de Salta. Juntos, interpretar\u00e1n cl\u00e1sicos que marcaron generaciones, repasando la obra de uno de los m\u00fasicos m\u00e1s geniales e irreverentes del pa\u00eds.<\/p>\n\n\n\n<p>Adem\u00e1s del espect\u00e1culo musical, el p\u00fablico podr\u00e1 disfrutar de las propuestas gastron\u00f3micas de los food trucks que acompa\u00f1an habitualmente las noches de la Usina, en un ambiente distendido y familiar. La entrada ser\u00e1 libre y gratuita, por lo que la invitaci\u00f3n es abierta a toda la comunidad.<\/p>\n\n\n\n<p>Organizan la Usina Cultural, la Secretar\u00eda de Cultura y el Gobierno de la Provincia de Salta, en una iniciativa que celebra la creatividad, la historia y la m\u00fasica de quien cambi\u00f3 para siempre el rumbo del rock argentino.<\/p>\n\n\n\n<figure class=\"wp-block-image size-large\"><img loading=\"lazy\" decoding=\"async\" width=\"819\" height=\"1024\" src=\"https:\/\/nahuelproducciones.com.ar\/radioquijano\/wp-content\/uploads\/2025\/10\/image-4-819x1024.png\" alt=\"\" class=\"wp-image-11375\" srcset=\"https:\/\/nahuelproducciones.com.ar\/radioquijano\/wp-content\/uploads\/2025\/10\/image-4-819x1024.png 819w, https:\/\/nahuelproducciones.com.ar\/radioquijano\/wp-content\/uploads\/2025\/10\/image-4-240x300.png 240w, https:\/\/nahuelproducciones.com.ar\/radioquijano\/wp-content\/uploads\/2025\/10\/image-4-768x960.png 768w, https:\/\/nahuelproducciones.com.ar\/radioquijano\/wp-content\/uploads\/2025\/10\/image-4-150x188.png 150w, https:\/\/nahuelproducciones.com.ar\/radioquijano\/wp-content\/uploads\/2025\/10\/image-4.png 1080w\" sizes=\"auto, (max-width: 819px) 100vw, 819px\" \/><\/figure>\n","protected":false},"excerpt":{"rendered":"<p>Artistas salte\u00f1os se re\u00fanen en la Usina Cultural para festejar los 74 a\u00f1os de Charly Garc\u00eda con un concierto gratuito. La Usina Cultural ser\u00e1 el escenario de una gran celebraci\u00f3n dedicada a uno de los \u00edconos m\u00e1s influyentes del rock nacional: Charly Garc\u00eda. En el d\u00eda de su cumplea\u00f1os n\u00famero 74, la ciudad de Salta [&hellip;]<\/p>\n","protected":false},"author":8,"featured_media":11375,"comment_status":"open","ping_status":"open","sticky":false,"template":"","format":"standard","meta":{"_monsterinsights_skip_tracking":false,"_monsterinsights_sitenote_active":false,"_monsterinsights_sitenote_note":"","_monsterinsights_sitenote_category":0,"footnotes":""},"categories":[16],"tags":[1950,975],"class_list":["post-11374","post","type-post","status-publish","format-standard","has-post-thumbnail","hentry","category-noticias","tag-charly-garcia","tag-usina-cultural"],"yoast_head":"<!-- This site is optimized with the Yoast SEO plugin v20.8 - https:\/\/yoast.com\/wordpress\/plugins\/seo\/ -->\n<title>La Usina rinde homenaje a Charly Garc\u00eda este jueves - RQ 99.9<\/title>\n<meta name=\"description\" content=\"Artistas salte\u00f1os se re\u00fanen en la Usina Cultural para festejar los 74 a\u00f1os de Charly Garc\u00eda con un concierto gratuito.\" \/>\n<meta name=\"robots\" content=\"index, follow, max-snippet:-1, max-image-preview:large, max-video-preview:-1\" \/>\n<link rel=\"canonical\" href=\"https:\/\/nahuelproducciones.com.ar\/radioquijano\/la-usina-rinde-homenaje-a-charly-garcia-este-jueves\/\" \/>\n<meta property=\"og:locale\" content=\"es_ES\" \/>\n<meta property=\"og:type\" content=\"article\" \/>\n<meta property=\"og:title\" content=\"La Usina rinde homenaje a Charly Garc\u00eda este jueves - RQ 99.9\" \/>\n<meta property=\"og:description\" content=\"Artistas salte\u00f1os se re\u00fanen en la Usina Cultural para festejar los 74 a\u00f1os de Charly Garc\u00eda con un concierto gratuito.\" \/>\n<meta property=\"og:url\" content=\"https:\/\/nahuelproducciones.com.ar\/radioquijano\/la-usina-rinde-homenaje-a-charly-garcia-este-jueves\/\" \/>\n<meta property=\"og:site_name\" content=\"RQ 99.9\" \/>\n<meta property=\"article:publisher\" content=\"https:\/\/www.facebook.com\/nahuelproducciones999\/\" \/>\n<meta property=\"article:published_time\" content=\"2025-10-23T14:37:18+00:00\" \/>\n<meta property=\"og:image\" content=\"https:\/\/nahuelproducciones.com.ar\/radioquijano\/wp-content\/uploads\/2025\/10\/image-4.png\" \/>\n\t<meta property=\"og:image:width\" content=\"1080\" \/>\n\t<meta property=\"og:image:height\" content=\"1350\" \/>\n\t<meta property=\"og:image:type\" content=\"image\/png\" \/>\n<meta name=\"author\" content=\"Cecilia Pastrana\" \/>\n<meta name=\"twitter:card\" content=\"summary_large_image\" \/>\n<meta name=\"twitter:creator\" content=\"@nahuproduciones\" \/>\n<meta name=\"twitter:site\" content=\"@nahuproduciones\" \/>\n<meta name=\"twitter:label1\" content=\"Escrito por\" \/>\n\t<meta name=\"twitter:data1\" content=\"Cecilia Pastrana\" \/>\n\t<meta name=\"twitter:label2\" content=\"Tiempo de lectura\" \/>\n\t<meta name=\"twitter:data2\" content=\"2 minutos\" \/>\n<script type=\"application\/ld+json\" class=\"yoast-schema-graph\">{\"@context\":\"https:\/\/schema.org\",\"@graph\":[{\"@type\":\"WebPage\",\"@id\":\"https:\/\/nahuelproducciones.com.ar\/radioquijano\/la-usina-rinde-homenaje-a-charly-garcia-este-jueves\/\",\"url\":\"https:\/\/nahuelproducciones.com.ar\/radioquijano\/la-usina-rinde-homenaje-a-charly-garcia-este-jueves\/\",\"name\":\"La Usina rinde homenaje a Charly Garc\u00eda este jueves - RQ 99.9\",\"isPartOf\":{\"@id\":\"https:\/\/nahuelproducciones.com.ar\/radioquijano\/#website\"},\"datePublished\":\"2025-10-23T14:37:18+00:00\",\"dateModified\":\"2025-10-23T14:37:18+00:00\",\"author\":{\"@id\":\"https:\/\/nahuelproducciones.com.ar\/radioquijano\/#\/schema\/person\/e8a4f939e2cb487fe6d0c54042c9d32c\"},\"description\":\"Artistas salte\u00f1os se re\u00fanen en la Usina Cultural para festejar los 74 a\u00f1os de Charly Garc\u00eda con un concierto gratuito.\",\"breadcrumb\":{\"@id\":\"https:\/\/nahuelproducciones.com.ar\/radioquijano\/la-usina-rinde-homenaje-a-charly-garcia-este-jueves\/#breadcrumb\"},\"inLanguage\":\"es\",\"potentialAction\":[{\"@type\":\"ReadAction\",\"target\":[\"https:\/\/nahuelproducciones.com.ar\/radioquijano\/la-usina-rinde-homenaje-a-charly-garcia-este-jueves\/\"]}]},{\"@type\":\"BreadcrumbList\",\"@id\":\"https:\/\/nahuelproducciones.com.ar\/radioquijano\/la-usina-rinde-homenaje-a-charly-garcia-este-jueves\/#breadcrumb\",\"itemListElement\":[{\"@type\":\"ListItem\",\"position\":1,\"name\":\"Portada\",\"item\":\"https:\/\/nahuelproducciones.com.ar\/radioquijano\/\"},{\"@type\":\"ListItem\",\"position\":2,\"name\":\"La Usina rinde homenaje a Charly Garc\u00eda este jueves\"}]},{\"@type\":\"WebSite\",\"@id\":\"https:\/\/nahuelproducciones.com.ar\/radioquijano\/#website\",\"url\":\"https:\/\/nahuelproducciones.com.ar\/radioquijano\/\",\"name\":\"RQ 99.9\",\"description\":\"Radio Quijano 99.9 MHz\",\"potentialAction\":[{\"@type\":\"SearchAction\",\"target\":{\"@type\":\"EntryPoint\",\"urlTemplate\":\"https:\/\/nahuelproducciones.com.ar\/radioquijano\/?s={search_term_string}\"},\"query-input\":\"required name=search_term_string\"}],\"inLanguage\":\"es\"},{\"@type\":\"Person\",\"@id\":\"https:\/\/nahuelproducciones.com.ar\/radioquijano\/#\/schema\/person\/e8a4f939e2cb487fe6d0c54042c9d32c\",\"name\":\"Cecilia Pastrana\",\"image\":{\"@type\":\"ImageObject\",\"inLanguage\":\"es\",\"@id\":\"https:\/\/nahuelproducciones.com.ar\/radioquijano\/#\/schema\/person\/image\/\",\"url\":\"https:\/\/secure.gravatar.com\/avatar\/661a3ef63a8488d4f2794ed44af8cf71420f7e106f3072c40125114df5157749?s=96&d=mm&r=g\",\"contentUrl\":\"https:\/\/secure.gravatar.com\/avatar\/661a3ef63a8488d4f2794ed44af8cf71420f7e106f3072c40125114df5157749?s=96&d=mm&r=g\",\"caption\":\"Cecilia Pastrana\"},\"sameAs\":[\"cecy\"],\"url\":\"https:\/\/nahuelproducciones.com.ar\/radioquijano\/author\/cecy\/\"}]}<\/script>\n<!-- \/ Yoast SEO plugin. -->","yoast_head_json":{"title":"La Usina rinde homenaje a Charly Garc\u00eda este jueves - RQ 99.9","description":"Artistas salte\u00f1os se re\u00fanen en la Usina Cultural para festejar los 74 a\u00f1os de Charly Garc\u00eda con un concierto gratuito.","robots":{"index":"index","follow":"follow","max-snippet":"max-snippet:-1","max-image-preview":"max-image-preview:large","max-video-preview":"max-video-preview:-1"},"canonical":"https:\/\/nahuelproducciones.com.ar\/radioquijano\/la-usina-rinde-homenaje-a-charly-garcia-este-jueves\/","og_locale":"es_ES","og_type":"article","og_title":"La Usina rinde homenaje a Charly Garc\u00eda este jueves - RQ 99.9","og_description":"Artistas salte\u00f1os se re\u00fanen en la Usina Cultural para festejar los 74 a\u00f1os de Charly Garc\u00eda con un concierto gratuito.","og_url":"https:\/\/nahuelproducciones.com.ar\/radioquijano\/la-usina-rinde-homenaje-a-charly-garcia-este-jueves\/","og_site_name":"RQ 99.9","article_publisher":"https:\/\/www.facebook.com\/nahuelproducciones999\/","article_published_time":"2025-10-23T14:37:18+00:00","og_image":[{"width":1080,"height":1350,"url":"https:\/\/nahuelproducciones.com.ar\/radioquijano\/wp-content\/uploads\/2025\/10\/image-4.png","type":"image\/png"}],"author":"Cecilia Pastrana","twitter_card":"summary_large_image","twitter_creator":"@nahuproduciones","twitter_site":"@nahuproduciones","twitter_misc":{"Escrito por":"Cecilia Pastrana","Tiempo de lectura":"2 minutos"},"schema":{"@context":"https:\/\/schema.org","@graph":[{"@type":"WebPage","@id":"https:\/\/nahuelproducciones.com.ar\/radioquijano\/la-usina-rinde-homenaje-a-charly-garcia-este-jueves\/","url":"https:\/\/nahuelproducciones.com.ar\/radioquijano\/la-usina-rinde-homenaje-a-charly-garcia-este-jueves\/","name":"La Usina rinde homenaje a Charly Garc\u00eda este jueves - RQ 99.9","isPartOf":{"@id":"https:\/\/nahuelproducciones.com.ar\/radioquijano\/#website"},"datePublished":"2025-10-23T14:37:18+00:00","dateModified":"2025-10-23T14:37:18+00:00","author":{"@id":"https:\/\/nahuelproducciones.com.ar\/radioquijano\/#\/schema\/person\/e8a4f939e2cb487fe6d0c54042c9d32c"},"description":"Artistas salte\u00f1os se re\u00fanen en la Usina Cultural para festejar los 74 a\u00f1os de Charly Garc\u00eda con un concierto gratuito.","breadcrumb":{"@id":"https:\/\/nahuelproducciones.com.ar\/radioquijano\/la-usina-rinde-homenaje-a-charly-garcia-este-jueves\/#breadcrumb"},"inLanguage":"es","potentialAction":[{"@type":"ReadAction","target":["https:\/\/nahuelproducciones.com.ar\/radioquijano\/la-usina-rinde-homenaje-a-charly-garcia-este-jueves\/"]}]},{"@type":"BreadcrumbList","@id":"https:\/\/nahuelproducciones.com.ar\/radioquijano\/la-usina-rinde-homenaje-a-charly-garcia-este-jueves\/#breadcrumb","itemListElement":[{"@type":"ListItem","position":1,"name":"Portada","item":"https:\/\/nahuelproducciones.com.ar\/radioquijano\/"},{"@type":"ListItem","position":2,"name":"La Usina rinde homenaje a Charly Garc\u00eda este jueves"}]},{"@type":"WebSite","@id":"https:\/\/nahuelproducciones.com.ar\/radioquijano\/#website","url":"https:\/\/nahuelproducciones.com.ar\/radioquijano\/","name":"RQ 99.9","description":"Radio Quijano 99.9 MHz","potentialAction":[{"@type":"SearchAction","target":{"@type":"EntryPoint","urlTemplate":"https:\/\/nahuelproducciones.com.ar\/radioquijano\/?s={search_term_string}"},"query-input":"required name=search_term_string"}],"inLanguage":"es"},{"@type":"Person","@id":"https:\/\/nahuelproducciones.com.ar\/radioquijano\/#\/schema\/person\/e8a4f939e2cb487fe6d0c54042c9d32c","name":"Cecilia Pastrana","image":{"@type":"ImageObject","inLanguage":"es","@id":"https:\/\/nahuelproducciones.com.ar\/radioquijano\/#\/schema\/person\/image\/","url":"https:\/\/secure.gravatar.com\/avatar\/661a3ef63a8488d4f2794ed44af8cf71420f7e106f3072c40125114df5157749?s=96&d=mm&r=g","contentUrl":"https:\/\/secure.gravatar.com\/avatar\/661a3ef63a8488d4f2794ed44af8cf71420f7e106f3072c40125114df5157749?s=96&d=mm&r=g","caption":"Cecilia Pastrana"},"sameAs":["cecy"],"url":"https:\/\/nahuelproducciones.com.ar\/radioquijano\/author\/cecy\/"}]}},"_links":{"self":[{"href":"https:\/\/nahuelproducciones.com.ar\/radioquijano\/wp-json\/wp\/v2\/posts\/11374","targetHints":{"allow":["GET"]}}],"collection":[{"href":"https:\/\/nahuelproducciones.com.ar\/radioquijano\/wp-json\/wp\/v2\/posts"}],"about":[{"href":"https:\/\/nahuelproducciones.com.ar\/radioquijano\/wp-json\/wp\/v2\/types\/post"}],"author":[{"embeddable":true,"href":"https:\/\/nahuelproducciones.com.ar\/radioquijano\/wp-json\/wp\/v2\/users\/8"}],"replies":[{"embeddable":true,"href":"https:\/\/nahuelproducciones.com.ar\/radioquijano\/wp-json\/wp\/v2\/comments?post=11374"}],"version-history":[{"count":1,"href":"https:\/\/nahuelproducciones.com.ar\/radioquijano\/wp-json\/wp\/v2\/posts\/11374\/revisions"}],"predecessor-version":[{"id":11376,"href":"https:\/\/nahuelproducciones.com.ar\/radioquijano\/wp-json\/wp\/v2\/posts\/11374\/revisions\/11376"}],"wp:featuredmedia":[{"embeddable":true,"href":"https:\/\/nahuelproducciones.com.ar\/radioquijano\/wp-json\/wp\/v2\/media\/11375"}],"wp:attachment":[{"href":"https:\/\/nahuelproducciones.com.ar\/radioquijano\/wp-json\/wp\/v2\/media?parent=11374"}],"wp:term":[{"taxonomy":"category","embeddable":true,"href":"https:\/\/nahuelproducciones.com.ar\/radioquijano\/wp-json\/wp\/v2\/categories?post=11374"},{"taxonomy":"post_tag","embeddable":true,"href":"https:\/\/nahuelproducciones.com.ar\/radioquijano\/wp-json\/wp\/v2\/tags?post=11374"}],"curies":[{"name":"wp","href":"https:\/\/api.w.org\/{rel}","templated":true}]}}