{"id":11395,"date":"2025-10-27T15:47:30","date_gmt":"2025-10-27T18:47:30","guid":{"rendered":"https:\/\/nahuelproducciones.com.ar\/radioquijano\/?p=11395"},"modified":"2025-10-27T15:47:30","modified_gmt":"2025-10-27T18:47:30","slug":"hoy-27-de-octubre-el-dia-en-que-las-almas-de-nuestras-mascotas-regresan-a-casa","status":"publish","type":"post","link":"https:\/\/nahuelproducciones.com.ar\/radioquijano\/hoy-27-de-octubre-el-dia-en-que-las-almas-de-nuestras-mascotas-regresan-a-casa\/","title":{"rendered":"Hoy, 27 de octubre: el d\u00eda en que las almas de nuestras mascotas regresan a casa"},"content":{"rendered":"\n<p>Hoy, <strong>27 de octubre<\/strong>, se conmemora una fecha muy especial y llena de ternura. Seg\u00fan la tradici\u00f3n popular y las creencias de diversas culturas, <strong>las almas de nuestras mascotas fallecidas regresan a visitar sus hogares y a las familias que tanto amaron en vida<\/strong>. Este d\u00eda marca el inicio de las celebraciones del <strong>D\u00eda de Muertos<\/strong>, y es una oportunidad para <strong>honrar, recordar y agradecer<\/strong> a esos compa\u00f1eros fieles que dejaron huellas imborrables en nuestros corazones.<\/p>\n\n\n\n<h4 class=\"wp-block-heading\"> Un d\u00eda para todos los animales<\/h4>\n\n\n\n<p>Aunque muchos asocian la fecha con los perros, la tradici\u00f3n recuerda que <strong>todas las mascotas y animales de compa\u00f1\u00eda<\/strong> vuelven desde el m\u00e1s all\u00e1: gatos, perros, aves, conejos, tortugas, peces, caballos, h\u00e1msters y cualquier otro ser que haya compartido el hogar y el afecto humano.<br>Cada uno de ellos, seg\u00fan la creencia, <strong>posee un alma y una energ\u00eda propia<\/strong>, y en esta fecha <strong>regresa atra\u00eddo por el amor y los recuerdos<\/strong> de quienes lo cuidaron y lo quisieron.<\/p>\n\n\n\n<p>Por eso, muchas familias preparan hoy un peque\u00f1o rinc\u00f3n o altar para recibirlos. Se colocan <strong>fotograf\u00edas, juguetes, collares, platos o golosinas favoritas<\/strong>, acompa\u00f1ados de <strong>agua, flores y velas<\/strong>, como una forma simb\u00f3lica de abrirles la puerta del hogar y del coraz\u00f3n.<\/p>\n\n\n\n<h4 class=\"wp-block-heading\"> El inicio del D\u00eda de Muertos<\/h4>\n\n\n\n<p>El 27 de octubre <strong>da inicio a la ofrenda del D\u00eda de Muertos<\/strong>, que contin\u00faa el <strong>28 con las almas olvidadas<\/strong>, el <strong>30 y 31 con las de los ni\u00f1os<\/strong>, y culmina el <strong>1 y 2 de noviembre con los adultos<\/strong>. De este modo, la tradici\u00f3n honra a <strong>todos los seres que han partido<\/strong>, comenzando por los animales, los primeros en llegar.<\/p>\n\n\n\n<h4 class=\"wp-block-heading\"> Un lazo que trasciende<\/h4>\n\n\n\n<p>M\u00e1s all\u00e1 del mito, esta fecha nos invita a <strong>reflexionar sobre el v\u00ednculo profundo entre las personas y sus animales<\/strong>. No fueron simples mascotas: fueron <strong>compa\u00f1eros de vida<\/strong>, guardianes del hogar, consuelo en los d\u00edas dif\u00edciles y una fuente constante de amor incondicional.<\/p>\n\n\n\n<p>Cuenta la leyenda que <strong>el 27 de octubre, los animalitos cruzan el arco\u00edris para volver por un d\u00eda a su casa terrenal<\/strong>, buscando el calor, el aroma y las voces familiares que tanto amaron. Por eso, encender una vela, colocar su foto o simplemente dedicarles una palabra de cari\u00f1o es una forma de mantener viva su memoria.<\/p>\n\n\n\n<h4 class=\"wp-block-heading\"> Un reencuentro de amor<\/h4>\n\n\n\n<p>Hoy es el d\u00eda para <strong>recordar a nuestros angelitos de cuatro patas y a todas las mascotas que partieron<\/strong>, agradecer por los momentos compartidos y mantener encendida la llama de su amor.<br>Porque ellos tambi\u00e9n nos extra\u00f1an, y \u2014como dice la creencia\u2014 <strong>alg\u00fan d\u00eda volveremos a encontrarnos del otro lado del arco\u00edris<\/strong>.<\/p>\n\n\n\n<p>\u201cEl amor verdadero no conoce fronteras, ni siquiera las de la vida y la muerte. Hoy, nuestros fieles amigos regresan a casa.\u201d<\/p>\n\n\n\n<blockquote class=\"wp-block-quote is-layout-flow wp-block-quote-is-layout-flow\"><\/blockquote>\n","protected":false},"excerpt":{"rendered":"<p>Hoy, 27 de octubre, se conmemora una fecha muy especial y llena de ternura. Seg\u00fan la tradici\u00f3n popular y las creencias de diversas culturas, las almas de nuestras mascotas fallecidas regresan a visitar sus hogares y a las familias que tanto amaron en vida. Este d\u00eda marca el inicio de las celebraciones del D\u00eda de [&hellip;]<\/p>\n","protected":false},"author":8,"featured_media":11396,"comment_status":"open","ping_status":"open","sticky":false,"template":"","format":"standard","meta":{"_monsterinsights_skip_tracking":false,"_monsterinsights_sitenote_active":false,"_monsterinsights_sitenote_note":"","_monsterinsights_sitenote_category":0,"footnotes":""},"categories":[16],"tags":[1955,100],"class_list":["post-11395","post","type-post","status-publish","format-standard","has-post-thumbnail","hentry","category-noticias","tag-dia-de-muertos-de-las-mascotas","tag-municipio-de-campo-quijano"],"yoast_head":"<!-- This site is optimized with the Yoast SEO plugin v20.8 - https:\/\/yoast.com\/wordpress\/plugins\/seo\/ -->\n<title>Hoy, 27 de octubre: el d\u00eda en que las almas de nuestras mascotas regresan a casa - RQ 99.9<\/title>\n<meta name=\"description\" content=\"\u201cEl amor verdadero no conoce fronteras, ni siquiera las de la vida y la muerte. Hoy, nuestros fieles amigos regresan a casa.\u201d\" \/>\n<meta name=\"robots\" content=\"index, follow, max-snippet:-1, max-image-preview:large, max-video-preview:-1\" \/>\n<link rel=\"canonical\" href=\"https:\/\/nahuelproducciones.com.ar\/radioquijano\/hoy-27-de-octubre-el-dia-en-que-las-almas-de-nuestras-mascotas-regresan-a-casa\/\" \/>\n<meta property=\"og:locale\" content=\"es_ES\" \/>\n<meta property=\"og:type\" content=\"article\" \/>\n<meta property=\"og:title\" content=\"Hoy, 27 de octubre: el d\u00eda en que las almas de nuestras mascotas regresan a casa - RQ 99.9\" \/>\n<meta property=\"og:description\" content=\"\u201cEl amor verdadero no conoce fronteras, ni siquiera las de la vida y la muerte. Hoy, nuestros fieles amigos regresan a casa.\u201d\" \/>\n<meta property=\"og:url\" content=\"https:\/\/nahuelproducciones.com.ar\/radioquijano\/hoy-27-de-octubre-el-dia-en-que-las-almas-de-nuestras-mascotas-regresan-a-casa\/\" \/>\n<meta property=\"og:site_name\" content=\"RQ 99.9\" \/>\n<meta property=\"article:publisher\" content=\"https:\/\/www.facebook.com\/nahuelproducciones999\/\" \/>\n<meta property=\"article:published_time\" content=\"2025-10-27T18:47:30+00:00\" \/>\n<meta property=\"og:image\" content=\"https:\/\/nahuelproducciones.com.ar\/radioquijano\/wp-content\/uploads\/2025\/10\/558670323_1321519559985873_2336753633975514794_n-e1761590836232.jpg\" \/>\n\t<meta property=\"og:image:width\" content=\"700\" \/>\n\t<meta property=\"og:image:height\" content=\"901\" \/>\n\t<meta property=\"og:image:type\" content=\"image\/jpeg\" \/>\n<meta name=\"author\" content=\"Cecilia Pastrana\" \/>\n<meta name=\"twitter:card\" content=\"summary_large_image\" \/>\n<meta name=\"twitter:creator\" content=\"@nahuproduciones\" \/>\n<meta name=\"twitter:site\" content=\"@nahuproduciones\" \/>\n<meta name=\"twitter:label1\" content=\"Escrito por\" \/>\n\t<meta name=\"twitter:data1\" content=\"Cecilia Pastrana\" \/>\n\t<meta name=\"twitter:label2\" content=\"Tiempo de lectura\" \/>\n\t<meta name=\"twitter:data2\" content=\"3 minutos\" \/>\n<script type=\"application\/ld+json\" class=\"yoast-schema-graph\">{\"@context\":\"https:\/\/schema.org\",\"@graph\":[{\"@type\":\"WebPage\",\"@id\":\"https:\/\/nahuelproducciones.com.ar\/radioquijano\/hoy-27-de-octubre-el-dia-en-que-las-almas-de-nuestras-mascotas-regresan-a-casa\/\",\"url\":\"https:\/\/nahuelproducciones.com.ar\/radioquijano\/hoy-27-de-octubre-el-dia-en-que-las-almas-de-nuestras-mascotas-regresan-a-casa\/\",\"name\":\"Hoy, 27 de octubre: el d\u00eda en que las almas de nuestras mascotas regresan a casa - RQ 99.9\",\"isPartOf\":{\"@id\":\"https:\/\/nahuelproducciones.com.ar\/radioquijano\/#website\"},\"datePublished\":\"2025-10-27T18:47:30+00:00\",\"dateModified\":\"2025-10-27T18:47:30+00:00\",\"author\":{\"@id\":\"https:\/\/nahuelproducciones.com.ar\/radioquijano\/#\/schema\/person\/e8a4f939e2cb487fe6d0c54042c9d32c\"},\"description\":\"\u201cEl amor verdadero no conoce fronteras, ni siquiera las de la vida y la muerte. Hoy, nuestros fieles amigos regresan a casa.\u201d\",\"breadcrumb\":{\"@id\":\"https:\/\/nahuelproducciones.com.ar\/radioquijano\/hoy-27-de-octubre-el-dia-en-que-las-almas-de-nuestras-mascotas-regresan-a-casa\/#breadcrumb\"},\"inLanguage\":\"es\",\"potentialAction\":[{\"@type\":\"ReadAction\",\"target\":[\"https:\/\/nahuelproducciones.com.ar\/radioquijano\/hoy-27-de-octubre-el-dia-en-que-las-almas-de-nuestras-mascotas-regresan-a-casa\/\"]}]},{\"@type\":\"BreadcrumbList\",\"@id\":\"https:\/\/nahuelproducciones.com.ar\/radioquijano\/hoy-27-de-octubre-el-dia-en-que-las-almas-de-nuestras-mascotas-regresan-a-casa\/#breadcrumb\",\"itemListElement\":[{\"@type\":\"ListItem\",\"position\":1,\"name\":\"Portada\",\"item\":\"https:\/\/nahuelproducciones.com.ar\/radioquijano\/\"},{\"@type\":\"ListItem\",\"position\":2,\"name\":\"Hoy, 27 de octubre: el d\u00eda en que las almas de nuestras mascotas regresan a casa\"}]},{\"@type\":\"WebSite\",\"@id\":\"https:\/\/nahuelproducciones.com.ar\/radioquijano\/#website\",\"url\":\"https:\/\/nahuelproducciones.com.ar\/radioquijano\/\",\"name\":\"RQ 99.9\",\"description\":\"Radio Quijano 99.9 MHz\",\"potentialAction\":[{\"@type\":\"SearchAction\",\"target\":{\"@type\":\"EntryPoint\",\"urlTemplate\":\"https:\/\/nahuelproducciones.com.ar\/radioquijano\/?s={search_term_string}\"},\"query-input\":\"required name=search_term_string\"}],\"inLanguage\":\"es\"},{\"@type\":\"Person\",\"@id\":\"https:\/\/nahuelproducciones.com.ar\/radioquijano\/#\/schema\/person\/e8a4f939e2cb487fe6d0c54042c9d32c\",\"name\":\"Cecilia Pastrana\",\"image\":{\"@type\":\"ImageObject\",\"inLanguage\":\"es\",\"@id\":\"https:\/\/nahuelproducciones.com.ar\/radioquijano\/#\/schema\/person\/image\/\",\"url\":\"https:\/\/secure.gravatar.com\/avatar\/661a3ef63a8488d4f2794ed44af8cf71420f7e106f3072c40125114df5157749?s=96&d=mm&r=g\",\"contentUrl\":\"https:\/\/secure.gravatar.com\/avatar\/661a3ef63a8488d4f2794ed44af8cf71420f7e106f3072c40125114df5157749?s=96&d=mm&r=g\",\"caption\":\"Cecilia Pastrana\"},\"sameAs\":[\"cecy\"],\"url\":\"https:\/\/nahuelproducciones.com.ar\/radioquijano\/author\/cecy\/\"}]}<\/script>\n<!-- \/ Yoast SEO plugin. -->","yoast_head_json":{"title":"Hoy, 27 de octubre: el d\u00eda en que las almas de nuestras mascotas regresan a casa - RQ 99.9","description":"\u201cEl amor verdadero no conoce fronteras, ni siquiera las de la vida y la muerte. Hoy, nuestros fieles amigos regresan a casa.\u201d","robots":{"index":"index","follow":"follow","max-snippet":"max-snippet:-1","max-image-preview":"max-image-preview:large","max-video-preview":"max-video-preview:-1"},"canonical":"https:\/\/nahuelproducciones.com.ar\/radioquijano\/hoy-27-de-octubre-el-dia-en-que-las-almas-de-nuestras-mascotas-regresan-a-casa\/","og_locale":"es_ES","og_type":"article","og_title":"Hoy, 27 de octubre: el d\u00eda en que las almas de nuestras mascotas regresan a casa - RQ 99.9","og_description":"\u201cEl amor verdadero no conoce fronteras, ni siquiera las de la vida y la muerte. Hoy, nuestros fieles amigos regresan a casa.\u201d","og_url":"https:\/\/nahuelproducciones.com.ar\/radioquijano\/hoy-27-de-octubre-el-dia-en-que-las-almas-de-nuestras-mascotas-regresan-a-casa\/","og_site_name":"RQ 99.9","article_publisher":"https:\/\/www.facebook.com\/nahuelproducciones999\/","article_published_time":"2025-10-27T18:47:30+00:00","og_image":[{"width":700,"height":901,"url":"https:\/\/nahuelproducciones.com.ar\/radioquijano\/wp-content\/uploads\/2025\/10\/558670323_1321519559985873_2336753633975514794_n-e1761590836232.jpg","type":"image\/jpeg"}],"author":"Cecilia Pastrana","twitter_card":"summary_large_image","twitter_creator":"@nahuproduciones","twitter_site":"@nahuproduciones","twitter_misc":{"Escrito por":"Cecilia Pastrana","Tiempo de lectura":"3 minutos"},"schema":{"@context":"https:\/\/schema.org","@graph":[{"@type":"WebPage","@id":"https:\/\/nahuelproducciones.com.ar\/radioquijano\/hoy-27-de-octubre-el-dia-en-que-las-almas-de-nuestras-mascotas-regresan-a-casa\/","url":"https:\/\/nahuelproducciones.com.ar\/radioquijano\/hoy-27-de-octubre-el-dia-en-que-las-almas-de-nuestras-mascotas-regresan-a-casa\/","name":"Hoy, 27 de octubre: el d\u00eda en que las almas de nuestras mascotas regresan a casa - RQ 99.9","isPartOf":{"@id":"https:\/\/nahuelproducciones.com.ar\/radioquijano\/#website"},"datePublished":"2025-10-27T18:47:30+00:00","dateModified":"2025-10-27T18:47:30+00:00","author":{"@id":"https:\/\/nahuelproducciones.com.ar\/radioquijano\/#\/schema\/person\/e8a4f939e2cb487fe6d0c54042c9d32c"},"description":"\u201cEl amor verdadero no conoce fronteras, ni siquiera las de la vida y la muerte. Hoy, nuestros fieles amigos regresan a casa.\u201d","breadcrumb":{"@id":"https:\/\/nahuelproducciones.com.ar\/radioquijano\/hoy-27-de-octubre-el-dia-en-que-las-almas-de-nuestras-mascotas-regresan-a-casa\/#breadcrumb"},"inLanguage":"es","potentialAction":[{"@type":"ReadAction","target":["https:\/\/nahuelproducciones.com.ar\/radioquijano\/hoy-27-de-octubre-el-dia-en-que-las-almas-de-nuestras-mascotas-regresan-a-casa\/"]}]},{"@type":"BreadcrumbList","@id":"https:\/\/nahuelproducciones.com.ar\/radioquijano\/hoy-27-de-octubre-el-dia-en-que-las-almas-de-nuestras-mascotas-regresan-a-casa\/#breadcrumb","itemListElement":[{"@type":"ListItem","position":1,"name":"Portada","item":"https:\/\/nahuelproducciones.com.ar\/radioquijano\/"},{"@type":"ListItem","position":2,"name":"Hoy, 27 de octubre: el d\u00eda en que las almas de nuestras mascotas regresan a casa"}]},{"@type":"WebSite","@id":"https:\/\/nahuelproducciones.com.ar\/radioquijano\/#website","url":"https:\/\/nahuelproducciones.com.ar\/radioquijano\/","name":"RQ 99.9","description":"Radio Quijano 99.9 MHz","potentialAction":[{"@type":"SearchAction","target":{"@type":"EntryPoint","urlTemplate":"https:\/\/nahuelproducciones.com.ar\/radioquijano\/?s={search_term_string}"},"query-input":"required name=search_term_string"}],"inLanguage":"es"},{"@type":"Person","@id":"https:\/\/nahuelproducciones.com.ar\/radioquijano\/#\/schema\/person\/e8a4f939e2cb487fe6d0c54042c9d32c","name":"Cecilia Pastrana","image":{"@type":"ImageObject","inLanguage":"es","@id":"https:\/\/nahuelproducciones.com.ar\/radioquijano\/#\/schema\/person\/image\/","url":"https:\/\/secure.gravatar.com\/avatar\/661a3ef63a8488d4f2794ed44af8cf71420f7e106f3072c40125114df5157749?s=96&d=mm&r=g","contentUrl":"https:\/\/secure.gravatar.com\/avatar\/661a3ef63a8488d4f2794ed44af8cf71420f7e106f3072c40125114df5157749?s=96&d=mm&r=g","caption":"Cecilia Pastrana"},"sameAs":["cecy"],"url":"https:\/\/nahuelproducciones.com.ar\/radioquijano\/author\/cecy\/"}]}},"_links":{"self":[{"href":"https:\/\/nahuelproducciones.com.ar\/radioquijano\/wp-json\/wp\/v2\/posts\/11395","targetHints":{"allow":["GET"]}}],"collection":[{"href":"https:\/\/nahuelproducciones.com.ar\/radioquijano\/wp-json\/wp\/v2\/posts"}],"about":[{"href":"https:\/\/nahuelproducciones.com.ar\/radioquijano\/wp-json\/wp\/v2\/types\/post"}],"author":[{"embeddable":true,"href":"https:\/\/nahuelproducciones.com.ar\/radioquijano\/wp-json\/wp\/v2\/users\/8"}],"replies":[{"embeddable":true,"href":"https:\/\/nahuelproducciones.com.ar\/radioquijano\/wp-json\/wp\/v2\/comments?post=11395"}],"version-history":[{"count":1,"href":"https:\/\/nahuelproducciones.com.ar\/radioquijano\/wp-json\/wp\/v2\/posts\/11395\/revisions"}],"predecessor-version":[{"id":11397,"href":"https:\/\/nahuelproducciones.com.ar\/radioquijano\/wp-json\/wp\/v2\/posts\/11395\/revisions\/11397"}],"wp:featuredmedia":[{"embeddable":true,"href":"https:\/\/nahuelproducciones.com.ar\/radioquijano\/wp-json\/wp\/v2\/media\/11396"}],"wp:attachment":[{"href":"https:\/\/nahuelproducciones.com.ar\/radioquijano\/wp-json\/wp\/v2\/media?parent=11395"}],"wp:term":[{"taxonomy":"category","embeddable":true,"href":"https:\/\/nahuelproducciones.com.ar\/radioquijano\/wp-json\/wp\/v2\/categories?post=11395"},{"taxonomy":"post_tag","embeddable":true,"href":"https:\/\/nahuelproducciones.com.ar\/radioquijano\/wp-json\/wp\/v2\/tags?post=11395"}],"curies":[{"name":"wp","href":"https:\/\/api.w.org\/{rel}","templated":true}]}}