{"id":11412,"date":"2025-10-31T10:28:07","date_gmt":"2025-10-31T13:28:07","guid":{"rendered":"https:\/\/nahuelproducciones.com.ar\/radioquijano\/?p=11412"},"modified":"2025-10-31T10:28:07","modified_gmt":"2025-10-31T13:28:07","slug":"la-policia-demoro-a-un-hombre-con-droga-en-la-silleta","status":"publish","type":"post","link":"https:\/\/nahuelproducciones.com.ar\/radioquijano\/la-policia-demoro-a-un-hombre-con-droga-en-la-silleta\/","title":{"rendered":"La Polic\u00eda demor\u00f3 a un hombre con droga en La Silleta"},"content":{"rendered":"\n<p><strong>Ocurri\u00f3  durante un patrullaje preventivo. Se secuestraron alrededor de 23 dosis de marihuana. Intervino la Unidad Fiscal contra la Narcocriminalidad.<\/strong><\/p>\n\n\n\n<p>Efectivos de la Divisi\u00f3n Seguridad Urbana del Valle de Lerma, mientras realizaba un patrullaje preventivo por inmediaciones de calle General Arenales en la localidad de La Silleta, identificaron a un individuo en actitud sospechosa.<\/p>\n\n\n\n<p>En ese marco, se practic\u00f3 una requisa entre sus pertenencias, detectando envoltorios con sustancia vegetal disecada.<\/p>\n\n\n\n<p>Tras las pruebas de campo realizadas por personal de Drogas Peligrosas, se constat\u00f3 que se trataba de alrededor de 23 dosis de Cannabis Sativa.<\/p>\n\n\n\n<p>El hombre de 36 a\u00f1os y la sustancia secuestrada, fueron puestos a disposici\u00f3n de la Justicia.<\/p>\n\n\n\n<p>Intervino la Unidad Fiscal contra la Narcocriminalidad.<\/p>\n\n\n<div class=\"wp-block-image\">\n<figure class=\"aligncenter\"><img decoding=\"async\" src=\"https:\/\/prensa.policiadesalta.gob.ar\/wp-content\/uploads\/2025\/10\/WhatsApp-Image-2025-10-30-at-21.08.12-1.jpeg\" alt=\"\" class=\"wp-image-40147\"\/><\/figure><\/div>\n\n<div class=\"wp-block-image\">\n<figure class=\"aligncenter size-full\"><img loading=\"lazy\" decoding=\"async\" width=\"439\" height=\"342\" src=\"https:\/\/nahuelproducciones.com.ar\/radioquijano\/wp-content\/uploads\/2025\/10\/image-5.png\" alt=\"\" class=\"wp-image-11413\" srcset=\"https:\/\/nahuelproducciones.com.ar\/radioquijano\/wp-content\/uploads\/2025\/10\/image-5.png 439w, https:\/\/nahuelproducciones.com.ar\/radioquijano\/wp-content\/uploads\/2025\/10\/image-5-300x234.png 300w, https:\/\/nahuelproducciones.com.ar\/radioquijano\/wp-content\/uploads\/2025\/10\/image-5-150x117.png 150w\" sizes=\"auto, (max-width: 439px) 100vw, 439px\" \/><\/figure><\/div>","protected":false},"excerpt":{"rendered":"<p>Ocurri\u00f3 durante un patrullaje preventivo. Se secuestraron alrededor de 23 dosis de marihuana. Intervino la Unidad Fiscal contra la Narcocriminalidad. Efectivos de la Divisi\u00f3n Seguridad Urbana del Valle de Lerma, mientras realizaba un patrullaje preventivo por inmediaciones de calle General Arenales en la localidad de La Silleta, identificaron a un individuo en actitud sospechosa. En [&hellip;]<\/p>\n","protected":false},"author":8,"featured_media":11413,"comment_status":"open","ping_status":"open","sticky":false,"template":"","format":"standard","meta":{"_monsterinsights_skip_tracking":false,"_monsterinsights_sitenote_active":false,"_monsterinsights_sitenote_note":"","_monsterinsights_sitenote_category":0,"footnotes":""},"categories":[16],"tags":[1958,77,100],"class_list":["post-11412","post","type-post","status-publish","format-standard","has-post-thumbnail","hentry","category-noticias","tag-division-seguridad-urbana-del-valle-de-lerma","tag-la-silleta","tag-municipio-de-campo-quijano"],"yoast_head":"<!-- This site is optimized with the Yoast SEO plugin v20.8 - https:\/\/yoast.com\/wordpress\/plugins\/seo\/ -->\n<title>La Polic\u00eda demor\u00f3 a un hombre con droga en La Silleta - RQ 99.9<\/title>\n<meta name=\"description\" content=\"El hombre de 36 a\u00f1os y la sustancia secuestrada, fueron puestos a disposici\u00f3n de la Justicia.\" \/>\n<meta name=\"robots\" content=\"index, follow, max-snippet:-1, max-image-preview:large, max-video-preview:-1\" \/>\n<link rel=\"canonical\" href=\"https:\/\/nahuelproducciones.com.ar\/radioquijano\/la-policia-demoro-a-un-hombre-con-droga-en-la-silleta\/\" \/>\n<meta property=\"og:locale\" content=\"es_ES\" \/>\n<meta property=\"og:type\" content=\"article\" \/>\n<meta property=\"og:title\" content=\"La Polic\u00eda demor\u00f3 a un hombre con droga en La Silleta - RQ 99.9\" \/>\n<meta property=\"og:description\" content=\"El hombre de 36 a\u00f1os y la sustancia secuestrada, fueron puestos a disposici\u00f3n de la Justicia.\" \/>\n<meta property=\"og:url\" content=\"https:\/\/nahuelproducciones.com.ar\/radioquijano\/la-policia-demoro-a-un-hombre-con-droga-en-la-silleta\/\" \/>\n<meta property=\"og:site_name\" content=\"RQ 99.9\" \/>\n<meta property=\"article:publisher\" content=\"https:\/\/www.facebook.com\/nahuelproducciones999\/\" \/>\n<meta property=\"article:published_time\" content=\"2025-10-31T13:28:07+00:00\" \/>\n<meta property=\"og:image\" content=\"https:\/\/nahuelproducciones.com.ar\/radioquijano\/wp-content\/uploads\/2025\/10\/image-5.png\" \/>\n\t<meta property=\"og:image:width\" content=\"439\" \/>\n\t<meta property=\"og:image:height\" content=\"342\" \/>\n\t<meta property=\"og:image:type\" content=\"image\/png\" \/>\n<meta name=\"author\" content=\"Cecilia Pastrana\" \/>\n<meta name=\"twitter:card\" content=\"summary_large_image\" \/>\n<meta name=\"twitter:creator\" content=\"@nahuproduciones\" \/>\n<meta name=\"twitter:site\" content=\"@nahuproduciones\" \/>\n<meta name=\"twitter:label1\" content=\"Escrito por\" \/>\n\t<meta name=\"twitter:data1\" content=\"Cecilia Pastrana\" \/>\n\t<meta name=\"twitter:label2\" content=\"Tiempo de lectura\" \/>\n\t<meta name=\"twitter:data2\" content=\"1 minuto\" \/>\n<script type=\"application\/ld+json\" class=\"yoast-schema-graph\">{\"@context\":\"https:\/\/schema.org\",\"@graph\":[{\"@type\":\"WebPage\",\"@id\":\"https:\/\/nahuelproducciones.com.ar\/radioquijano\/la-policia-demoro-a-un-hombre-con-droga-en-la-silleta\/\",\"url\":\"https:\/\/nahuelproducciones.com.ar\/radioquijano\/la-policia-demoro-a-un-hombre-con-droga-en-la-silleta\/\",\"name\":\"La Polic\u00eda demor\u00f3 a un hombre con droga en La Silleta - RQ 99.9\",\"isPartOf\":{\"@id\":\"https:\/\/nahuelproducciones.com.ar\/radioquijano\/#website\"},\"datePublished\":\"2025-10-31T13:28:07+00:00\",\"dateModified\":\"2025-10-31T13:28:07+00:00\",\"author\":{\"@id\":\"https:\/\/nahuelproducciones.com.ar\/radioquijano\/#\/schema\/person\/e8a4f939e2cb487fe6d0c54042c9d32c\"},\"description\":\"El hombre de 36 a\u00f1os y la sustancia secuestrada, fueron puestos a disposici\u00f3n de la Justicia.\",\"breadcrumb\":{\"@id\":\"https:\/\/nahuelproducciones.com.ar\/radioquijano\/la-policia-demoro-a-un-hombre-con-droga-en-la-silleta\/#breadcrumb\"},\"inLanguage\":\"es\",\"potentialAction\":[{\"@type\":\"ReadAction\",\"target\":[\"https:\/\/nahuelproducciones.com.ar\/radioquijano\/la-policia-demoro-a-un-hombre-con-droga-en-la-silleta\/\"]}]},{\"@type\":\"BreadcrumbList\",\"@id\":\"https:\/\/nahuelproducciones.com.ar\/radioquijano\/la-policia-demoro-a-un-hombre-con-droga-en-la-silleta\/#breadcrumb\",\"itemListElement\":[{\"@type\":\"ListItem\",\"position\":1,\"name\":\"Portada\",\"item\":\"https:\/\/nahuelproducciones.com.ar\/radioquijano\/\"},{\"@type\":\"ListItem\",\"position\":2,\"name\":\"La Polic\u00eda demor\u00f3 a un hombre con droga en La Silleta\"}]},{\"@type\":\"WebSite\",\"@id\":\"https:\/\/nahuelproducciones.com.ar\/radioquijano\/#website\",\"url\":\"https:\/\/nahuelproducciones.com.ar\/radioquijano\/\",\"name\":\"RQ 99.9\",\"description\":\"Radio Quijano 99.9 MHz\",\"potentialAction\":[{\"@type\":\"SearchAction\",\"target\":{\"@type\":\"EntryPoint\",\"urlTemplate\":\"https:\/\/nahuelproducciones.com.ar\/radioquijano\/?s={search_term_string}\"},\"query-input\":\"required name=search_term_string\"}],\"inLanguage\":\"es\"},{\"@type\":\"Person\",\"@id\":\"https:\/\/nahuelproducciones.com.ar\/radioquijano\/#\/schema\/person\/e8a4f939e2cb487fe6d0c54042c9d32c\",\"name\":\"Cecilia Pastrana\",\"image\":{\"@type\":\"ImageObject\",\"inLanguage\":\"es\",\"@id\":\"https:\/\/nahuelproducciones.com.ar\/radioquijano\/#\/schema\/person\/image\/\",\"url\":\"https:\/\/secure.gravatar.com\/avatar\/661a3ef63a8488d4f2794ed44af8cf71420f7e106f3072c40125114df5157749?s=96&d=mm&r=g\",\"contentUrl\":\"https:\/\/secure.gravatar.com\/avatar\/661a3ef63a8488d4f2794ed44af8cf71420f7e106f3072c40125114df5157749?s=96&d=mm&r=g\",\"caption\":\"Cecilia Pastrana\"},\"sameAs\":[\"cecy\"],\"url\":\"https:\/\/nahuelproducciones.com.ar\/radioquijano\/author\/cecy\/\"}]}<\/script>\n<!-- \/ Yoast SEO plugin. -->","yoast_head_json":{"title":"La Polic\u00eda demor\u00f3 a un hombre con droga en La Silleta - RQ 99.9","description":"El hombre de 36 a\u00f1os y la sustancia secuestrada, fueron puestos a disposici\u00f3n de la Justicia.","robots":{"index":"index","follow":"follow","max-snippet":"max-snippet:-1","max-image-preview":"max-image-preview:large","max-video-preview":"max-video-preview:-1"},"canonical":"https:\/\/nahuelproducciones.com.ar\/radioquijano\/la-policia-demoro-a-un-hombre-con-droga-en-la-silleta\/","og_locale":"es_ES","og_type":"article","og_title":"La Polic\u00eda demor\u00f3 a un hombre con droga en La Silleta - RQ 99.9","og_description":"El hombre de 36 a\u00f1os y la sustancia secuestrada, fueron puestos a disposici\u00f3n de la Justicia.","og_url":"https:\/\/nahuelproducciones.com.ar\/radioquijano\/la-policia-demoro-a-un-hombre-con-droga-en-la-silleta\/","og_site_name":"RQ 99.9","article_publisher":"https:\/\/www.facebook.com\/nahuelproducciones999\/","article_published_time":"2025-10-31T13:28:07+00:00","og_image":[{"width":439,"height":342,"url":"https:\/\/nahuelproducciones.com.ar\/radioquijano\/wp-content\/uploads\/2025\/10\/image-5.png","type":"image\/png"}],"author":"Cecilia Pastrana","twitter_card":"summary_large_image","twitter_creator":"@nahuproduciones","twitter_site":"@nahuproduciones","twitter_misc":{"Escrito por":"Cecilia Pastrana","Tiempo de lectura":"1 minuto"},"schema":{"@context":"https:\/\/schema.org","@graph":[{"@type":"WebPage","@id":"https:\/\/nahuelproducciones.com.ar\/radioquijano\/la-policia-demoro-a-un-hombre-con-droga-en-la-silleta\/","url":"https:\/\/nahuelproducciones.com.ar\/radioquijano\/la-policia-demoro-a-un-hombre-con-droga-en-la-silleta\/","name":"La Polic\u00eda demor\u00f3 a un hombre con droga en La Silleta - RQ 99.9","isPartOf":{"@id":"https:\/\/nahuelproducciones.com.ar\/radioquijano\/#website"},"datePublished":"2025-10-31T13:28:07+00:00","dateModified":"2025-10-31T13:28:07+00:00","author":{"@id":"https:\/\/nahuelproducciones.com.ar\/radioquijano\/#\/schema\/person\/e8a4f939e2cb487fe6d0c54042c9d32c"},"description":"El hombre de 36 a\u00f1os y la sustancia secuestrada, fueron puestos a disposici\u00f3n de la Justicia.","breadcrumb":{"@id":"https:\/\/nahuelproducciones.com.ar\/radioquijano\/la-policia-demoro-a-un-hombre-con-droga-en-la-silleta\/#breadcrumb"},"inLanguage":"es","potentialAction":[{"@type":"ReadAction","target":["https:\/\/nahuelproducciones.com.ar\/radioquijano\/la-policia-demoro-a-un-hombre-con-droga-en-la-silleta\/"]}]},{"@type":"BreadcrumbList","@id":"https:\/\/nahuelproducciones.com.ar\/radioquijano\/la-policia-demoro-a-un-hombre-con-droga-en-la-silleta\/#breadcrumb","itemListElement":[{"@type":"ListItem","position":1,"name":"Portada","item":"https:\/\/nahuelproducciones.com.ar\/radioquijano\/"},{"@type":"ListItem","position":2,"name":"La Polic\u00eda demor\u00f3 a un hombre con droga en La Silleta"}]},{"@type":"WebSite","@id":"https:\/\/nahuelproducciones.com.ar\/radioquijano\/#website","url":"https:\/\/nahuelproducciones.com.ar\/radioquijano\/","name":"RQ 99.9","description":"Radio Quijano 99.9 MHz","potentialAction":[{"@type":"SearchAction","target":{"@type":"EntryPoint","urlTemplate":"https:\/\/nahuelproducciones.com.ar\/radioquijano\/?s={search_term_string}"},"query-input":"required name=search_term_string"}],"inLanguage":"es"},{"@type":"Person","@id":"https:\/\/nahuelproducciones.com.ar\/radioquijano\/#\/schema\/person\/e8a4f939e2cb487fe6d0c54042c9d32c","name":"Cecilia Pastrana","image":{"@type":"ImageObject","inLanguage":"es","@id":"https:\/\/nahuelproducciones.com.ar\/radioquijano\/#\/schema\/person\/image\/","url":"https:\/\/secure.gravatar.com\/avatar\/661a3ef63a8488d4f2794ed44af8cf71420f7e106f3072c40125114df5157749?s=96&d=mm&r=g","contentUrl":"https:\/\/secure.gravatar.com\/avatar\/661a3ef63a8488d4f2794ed44af8cf71420f7e106f3072c40125114df5157749?s=96&d=mm&r=g","caption":"Cecilia Pastrana"},"sameAs":["cecy"],"url":"https:\/\/nahuelproducciones.com.ar\/radioquijano\/author\/cecy\/"}]}},"_links":{"self":[{"href":"https:\/\/nahuelproducciones.com.ar\/radioquijano\/wp-json\/wp\/v2\/posts\/11412","targetHints":{"allow":["GET"]}}],"collection":[{"href":"https:\/\/nahuelproducciones.com.ar\/radioquijano\/wp-json\/wp\/v2\/posts"}],"about":[{"href":"https:\/\/nahuelproducciones.com.ar\/radioquijano\/wp-json\/wp\/v2\/types\/post"}],"author":[{"embeddable":true,"href":"https:\/\/nahuelproducciones.com.ar\/radioquijano\/wp-json\/wp\/v2\/users\/8"}],"replies":[{"embeddable":true,"href":"https:\/\/nahuelproducciones.com.ar\/radioquijano\/wp-json\/wp\/v2\/comments?post=11412"}],"version-history":[{"count":1,"href":"https:\/\/nahuelproducciones.com.ar\/radioquijano\/wp-json\/wp\/v2\/posts\/11412\/revisions"}],"predecessor-version":[{"id":11414,"href":"https:\/\/nahuelproducciones.com.ar\/radioquijano\/wp-json\/wp\/v2\/posts\/11412\/revisions\/11414"}],"wp:featuredmedia":[{"embeddable":true,"href":"https:\/\/nahuelproducciones.com.ar\/radioquijano\/wp-json\/wp\/v2\/media\/11413"}],"wp:attachment":[{"href":"https:\/\/nahuelproducciones.com.ar\/radioquijano\/wp-json\/wp\/v2\/media?parent=11412"}],"wp:term":[{"taxonomy":"category","embeddable":true,"href":"https:\/\/nahuelproducciones.com.ar\/radioquijano\/wp-json\/wp\/v2\/categories?post=11412"},{"taxonomy":"post_tag","embeddable":true,"href":"https:\/\/nahuelproducciones.com.ar\/radioquijano\/wp-json\/wp\/v2\/tags?post=11412"}],"curies":[{"name":"wp","href":"https:\/\/api.w.org\/{rel}","templated":true}]}}