{"id":11415,"date":"2025-11-03T22:50:38","date_gmt":"2025-11-04T01:50:38","guid":{"rendered":"https:\/\/nahuelproducciones.com.ar\/radioquijano\/?p=11415"},"modified":"2025-11-03T22:57:37","modified_gmt":"2025-11-04T01:57:37","slug":"la-armada-argentina-convoca-a-graduados-universitarios-inscripciones-abiertas-hasta-el-7-de-noviembre","status":"publish","type":"post","link":"https:\/\/nahuelproducciones.com.ar\/radioquijano\/la-armada-argentina-convoca-a-graduados-universitarios-inscripciones-abiertas-hasta-el-7-de-noviembre\/","title":{"rendered":"La Armada Argentina convoca a graduados universitarios: inscripciones abiertas hasta el 7 de noviembre"},"content":{"rendered":"\n<p>La Armada Argentina lanz\u00f3 una nueva convocatoria dirigida a j\u00f3venes profesionales egresados de distintas carreras universitarias, en el marco del Concurso de Antecedentes y Oposici\u00f3n para el <strong>Curso de Integraci\u00f3n Naval (CUINA 2026)<\/strong>. Las inscripciones estar\u00e1n abiertas hasta el <strong>7 de noviembre del corriente a\u00f1o<\/strong>, y los puestos laborales se asignar\u00e1n en distintos destinos de la Armada, desde Buenos Aires hacia el sur del pa\u00eds.<\/p>\n\n\n\n<p>M\u00e1s de <strong>30 carreras universitarias<\/strong> est\u00e1n incluidas en la convocatoria, dentro de las \u00e1reas de <strong>ingenier\u00eda, sanidad, auditor\u00eda y los denominados escalafones especiales<\/strong>, que abarcan diversas licenciaturas.<br>Las inscripciones se realizan <strong>de manera online<\/strong> a trav\u00e9s del siguiente enlace: <a href=\"https:\/\/sinu.incorporacion.armada.mil.ar\/Account\/Register?idInstitucion=2\">https:\/\/sinu.incorporacion.armada.mil.ar\/Account\/Register?idInstitucion=2<\/a><\/p>\n\n\n\n<p>Podr\u00e1n inscribirse <strong>varones y mujeres<\/strong> argentinos nativos o por opci\u00f3n, que cuenten con t\u00edtulo universitario y anal\u00edtico.<br>Las <strong>edades l\u00edmites<\/strong> var\u00edan seg\u00fan el \u00e1rea:<\/p>\n\n\n\n<ul class=\"wp-block-list\">\n<li><strong>Ingenieros y m\u00e9dicos:<\/strong> hasta 35 a\u00f1os (al 31 de diciembre de 2025)<\/li>\n\n\n\n<li><strong>Auditores (abogados):<\/strong> hasta 30 a\u00f1os (al 1 de marzo de 2026)<\/li>\n\n\n\n<li><strong>Escalaf\u00f3n especial (otras licenciaturas):<\/strong> hasta 31 a\u00f1os (al 31 de diciembre de 2025)<\/li>\n<\/ul>\n\n\n\n<p>Los postulantes deber\u00e1n rendir <strong>ex\u00e1menes de perfil laboral, acad\u00e9mico y entrevistas<\/strong> de manera virtual. Quienes aprueben pasar\u00e1n a la etapa presencial de <strong>ex\u00e1menes m\u00e9dicos y pruebas f\u00edsicas<\/strong>, prevista para febrero de 2026 en la <strong>Escuela Naval Militar<\/strong>, en R\u00edo Santiago, provincia de Buenos Aires.<\/p>\n\n\n\n<p>Los aspirantes que superen todas las instancias ingresar\u00e1n al <strong>Curso de Integraci\u00f3n Naval (CUINA 2026)<\/strong>, que comenzar\u00e1 en marzo de 2026 y tendr\u00e1 una duraci\u00f3n de <strong>16 semanas<\/strong>.<\/p>\n\n\n\n<p>Para m\u00e1s informaci\u00f3n, los interesados pueden enviar su <strong>curr\u00edculum vitae<\/strong> al correo electr\u00f3nico <strong><a href=\"mailto:sinuarmadasalta@gmail.com\">sinuarmadasalta@gmail.com<\/a><\/strong>, o acercarse personalmente a la <strong>Delegaci\u00f3n Naval en Salta<\/strong>, ubicada en <strong>avenida San Mart\u00edn 603 esquina Alberdi<\/strong>, de lunes a viernes de <strong>8 a 14 horas<\/strong>.<br>Tambi\u00e9n pueden comunicarse a los tel\u00e9fonos <strong>0387 4317 747<\/strong> o <strong>0387 154 083701<\/strong>.<\/p>\n\n\n\n<p>En di\u00e1logo con este medio, el <strong>Suboficial Principa<\/strong>l <strong>Juan Farf\u00e1n<\/strong>, encargado de la Armada Argentina en la sede Salta, <strong>invit\u00f3 a todos los profesionales interesados a inscribirse y ser parte de esta oportunidad de desarrollo profesional y servicio al pa\u00eds.<\/strong><\/p>\n\n\n\n<p>Escucha la entrevista:<\/p>\n\n\n\n<figure class=\"wp-block-audio\"><audio controls src=\"https:\/\/nahuelproducciones.com.ar\/radioquijano\/wp-content\/uploads\/2025\/11\/3-10-2023-SUBOFICIAL-JUAN-FARFAN-DE-aRMADA-argentina.mp3\"><\/audio><\/figure>\n\n\n\n<figure class=\"wp-block-gallery has-nested-images columns-default is-cropped wp-block-gallery-1 is-layout-flex wp-block-gallery-is-layout-flex\">\n<figure class=\"wp-block-image size-large\"><img loading=\"lazy\" decoding=\"async\" width=\"518\" height=\"922\" data-id=\"11422\" src=\"https:\/\/nahuelproducciones.com.ar\/radioquijano\/wp-content\/uploads\/2025\/11\/WhatsApp-Image-2025-10-31-at-10.42.43-AM.jpeg\" alt=\"\" class=\"wp-image-11422\" srcset=\"https:\/\/nahuelproducciones.com.ar\/radioquijano\/wp-content\/uploads\/2025\/11\/WhatsApp-Image-2025-10-31-at-10.42.43-AM.jpeg 518w, https:\/\/nahuelproducciones.com.ar\/radioquijano\/wp-content\/uploads\/2025\/11\/WhatsApp-Image-2025-10-31-at-10.42.43-AM-169x300.jpeg 169w, https:\/\/nahuelproducciones.com.ar\/radioquijano\/wp-content\/uploads\/2025\/11\/WhatsApp-Image-2025-10-31-at-10.42.43-AM-150x267.jpeg 150w\" sizes=\"auto, (max-width: 518px) 100vw, 518px\" \/><\/figure>\n\n\n\n<figure class=\"wp-block-image size-large\"><img loading=\"lazy\" decoding=\"async\" width=\"1000\" height=\"1000\" data-id=\"11419\" src=\"https:\/\/nahuelproducciones.com.ar\/radioquijano\/wp-content\/uploads\/2025\/11\/WhatsApp-Image-2025-10-31-at-10.42.43-AM-1-1.jpeg\" alt=\"\" class=\"wp-image-11419\" srcset=\"https:\/\/nahuelproducciones.com.ar\/radioquijano\/wp-content\/uploads\/2025\/11\/WhatsApp-Image-2025-10-31-at-10.42.43-AM-1-1.jpeg 1000w, https:\/\/nahuelproducciones.com.ar\/radioquijano\/wp-content\/uploads\/2025\/11\/WhatsApp-Image-2025-10-31-at-10.42.43-AM-1-1-300x300.jpeg 300w, https:\/\/nahuelproducciones.com.ar\/radioquijano\/wp-content\/uploads\/2025\/11\/WhatsApp-Image-2025-10-31-at-10.42.43-AM-1-1-768x768.jpeg 768w, https:\/\/nahuelproducciones.com.ar\/radioquijano\/wp-content\/uploads\/2025\/11\/WhatsApp-Image-2025-10-31-at-10.42.43-AM-1-1-96x96.jpeg 96w, https:\/\/nahuelproducciones.com.ar\/radioquijano\/wp-content\/uploads\/2025\/11\/WhatsApp-Image-2025-10-31-at-10.42.43-AM-1-1-150x150.jpeg 150w\" sizes=\"auto, (max-width: 1000px) 100vw, 1000px\" \/><\/figure>\n\n\n\n<figure class=\"wp-block-image size-large\"><img loading=\"lazy\" decoding=\"async\" width=\"1000\" height=\"1000\" data-id=\"11421\" src=\"https:\/\/nahuelproducciones.com.ar\/radioquijano\/wp-content\/uploads\/2025\/11\/WhatsApp-Image-2025-10-31-at-10.42.43-AM-2-1.jpeg\" alt=\"\" class=\"wp-image-11421\" srcset=\"https:\/\/nahuelproducciones.com.ar\/radioquijano\/wp-content\/uploads\/2025\/11\/WhatsApp-Image-2025-10-31-at-10.42.43-AM-2-1.jpeg 1000w, https:\/\/nahuelproducciones.com.ar\/radioquijano\/wp-content\/uploads\/2025\/11\/WhatsApp-Image-2025-10-31-at-10.42.43-AM-2-1-300x300.jpeg 300w, https:\/\/nahuelproducciones.com.ar\/radioquijano\/wp-content\/uploads\/2025\/11\/WhatsApp-Image-2025-10-31-at-10.42.43-AM-2-1-768x768.jpeg 768w, https:\/\/nahuelproducciones.com.ar\/radioquijano\/wp-content\/uploads\/2025\/11\/WhatsApp-Image-2025-10-31-at-10.42.43-AM-2-1-96x96.jpeg 96w, https:\/\/nahuelproducciones.com.ar\/radioquijano\/wp-content\/uploads\/2025\/11\/WhatsApp-Image-2025-10-31-at-10.42.43-AM-2-1-150x150.jpeg 150w\" sizes=\"auto, (max-width: 1000px) 100vw, 1000px\" \/><\/figure>\n\n\n\n<figure class=\"wp-block-image size-large\"><img loading=\"lazy\" decoding=\"async\" width=\"1000\" height=\"1000\" data-id=\"11420\" src=\"https:\/\/nahuelproducciones.com.ar\/radioquijano\/wp-content\/uploads\/2025\/11\/WhatsApp-Image-2025-10-31-at-10.42.44-AM.jpeg\" alt=\"\" class=\"wp-image-11420\" srcset=\"https:\/\/nahuelproducciones.com.ar\/radioquijano\/wp-content\/uploads\/2025\/11\/WhatsApp-Image-2025-10-31-at-10.42.44-AM.jpeg 1000w, https:\/\/nahuelproducciones.com.ar\/radioquijano\/wp-content\/uploads\/2025\/11\/WhatsApp-Image-2025-10-31-at-10.42.44-AM-300x300.jpeg 300w, https:\/\/nahuelproducciones.com.ar\/radioquijano\/wp-content\/uploads\/2025\/11\/WhatsApp-Image-2025-10-31-at-10.42.44-AM-768x768.jpeg 768w, https:\/\/nahuelproducciones.com.ar\/radioquijano\/wp-content\/uploads\/2025\/11\/WhatsApp-Image-2025-10-31-at-10.42.44-AM-96x96.jpeg 96w, https:\/\/nahuelproducciones.com.ar\/radioquijano\/wp-content\/uploads\/2025\/11\/WhatsApp-Image-2025-10-31-at-10.42.44-AM-150x150.jpeg 150w\" sizes=\"auto, (max-width: 1000px) 100vw, 1000px\" \/><\/figure>\n<\/figure>\n\n\n\n<figure class=\"wp-block-video\"><video controls src=\"https:\/\/nahuelproducciones.com.ar\/radioquijano\/wp-content\/uploads\/2025\/11\/WhatsApp-Video-2025-10-31-at-10.46.25-AM.mp4\"><\/video><\/figure>\n","protected":false},"excerpt":{"rendered":"<p>La Armada Argentina lanz\u00f3 una nueva convocatoria dirigida a j\u00f3venes profesionales egresados de distintas carreras universitarias, en el marco del Concurso de Antecedentes y Oposici\u00f3n para el Curso de Integraci\u00f3n Naval (CUINA 2026). Las inscripciones estar\u00e1n abiertas hasta el 7 de noviembre del corriente a\u00f1o, y los puestos laborales se asignar\u00e1n en distintos destinos de [&hellip;]<\/p>\n","protected":false},"author":8,"featured_media":11418,"comment_status":"open","ping_status":"open","sticky":false,"template":"","format":"standard","meta":{"_monsterinsights_skip_tracking":false,"_monsterinsights_sitenote_active":false,"_monsterinsights_sitenote_note":"","_monsterinsights_sitenote_category":0,"footnotes":""},"categories":[16],"tags":[1961,100,1960],"class_list":["post-11415","post","type-post","status-publish","format-standard","has-post-thumbnail","hentry","category-noticias","tag-escuela-naval-militar","tag-municipio-de-campo-quijano","tag-suboficial-principal-juan-farfan"],"yoast_head":"<!-- This site is optimized with the Yoast SEO plugin v20.8 - https:\/\/yoast.com\/wordpress\/plugins\/seo\/ -->\n<title>La Armada Argentina convoca a graduados universitarios: inscripciones abiertas hasta el 7 de noviembre - RQ 99.9<\/title>\n<meta name=\"description\" content=\"El Suboficial Principal Juan Farf\u00e1n, encargado de la Armada Argentina en la sede Salta, invit\u00f3 a todos los profesionales interesados a inscribirse y ser parte de esta oportunidad de desarrollo profesional y servicio al pa\u00eds.\" \/>\n<meta name=\"robots\" content=\"index, follow, max-snippet:-1, max-image-preview:large, max-video-preview:-1\" \/>\n<link rel=\"canonical\" href=\"https:\/\/nahuelproducciones.com.ar\/radioquijano\/la-armada-argentina-convoca-a-graduados-universitarios-inscripciones-abiertas-hasta-el-7-de-noviembre\/\" \/>\n<meta property=\"og:locale\" content=\"es_ES\" \/>\n<meta property=\"og:type\" content=\"article\" \/>\n<meta property=\"og:title\" content=\"La Armada Argentina convoca a graduados universitarios: inscripciones abiertas hasta el 7 de noviembre - RQ 99.9\" \/>\n<meta property=\"og:description\" content=\"El Suboficial Principal Juan Farf\u00e1n, encargado de la Armada Argentina en la sede Salta, invit\u00f3 a todos los profesionales interesados a inscribirse y ser parte de esta oportunidad de desarrollo profesional y servicio al pa\u00eds.\" \/>\n<meta property=\"og:url\" content=\"https:\/\/nahuelproducciones.com.ar\/radioquijano\/la-armada-argentina-convoca-a-graduados-universitarios-inscripciones-abiertas-hasta-el-7-de-noviembre\/\" \/>\n<meta property=\"og:site_name\" content=\"RQ 99.9\" \/>\n<meta property=\"article:publisher\" content=\"https:\/\/www.facebook.com\/nahuelproducciones999\/\" \/>\n<meta property=\"article:published_time\" content=\"2025-11-04T01:50:38+00:00\" \/>\n<meta property=\"article:modified_time\" content=\"2025-11-04T01:57:37+00:00\" \/>\n<meta property=\"og:image\" content=\"https:\/\/nahuelproducciones.com.ar\/radioquijano\/wp-content\/uploads\/2025\/11\/WhatsApp-Image-2025-10-31-at-10.42.43-AM-1-e1762220878213.jpeg\" \/>\n\t<meta property=\"og:image:width\" content=\"700\" \/>\n\t<meta property=\"og:image:height\" content=\"700\" \/>\n\t<meta property=\"og:image:type\" content=\"image\/jpeg\" \/>\n<meta name=\"author\" content=\"Cecilia Pastrana\" \/>\n<meta name=\"twitter:card\" content=\"summary_large_image\" \/>\n<meta name=\"twitter:creator\" content=\"@nahuproduciones\" \/>\n<meta name=\"twitter:site\" content=\"@nahuproduciones\" \/>\n<meta name=\"twitter:label1\" content=\"Escrito por\" \/>\n\t<meta name=\"twitter:data1\" content=\"Cecilia Pastrana\" \/>\n\t<meta name=\"twitter:label2\" content=\"Tiempo de lectura\" \/>\n\t<meta name=\"twitter:data2\" content=\"3 minutos\" \/>\n<script type=\"application\/ld+json\" class=\"yoast-schema-graph\">{\"@context\":\"https:\/\/schema.org\",\"@graph\":[{\"@type\":\"WebPage\",\"@id\":\"https:\/\/nahuelproducciones.com.ar\/radioquijano\/la-armada-argentina-convoca-a-graduados-universitarios-inscripciones-abiertas-hasta-el-7-de-noviembre\/\",\"url\":\"https:\/\/nahuelproducciones.com.ar\/radioquijano\/la-armada-argentina-convoca-a-graduados-universitarios-inscripciones-abiertas-hasta-el-7-de-noviembre\/\",\"name\":\"La Armada Argentina convoca a graduados universitarios: inscripciones abiertas hasta el 7 de noviembre - RQ 99.9\",\"isPartOf\":{\"@id\":\"https:\/\/nahuelproducciones.com.ar\/radioquijano\/#website\"},\"datePublished\":\"2025-11-04T01:50:38+00:00\",\"dateModified\":\"2025-11-04T01:57:37+00:00\",\"author\":{\"@id\":\"https:\/\/nahuelproducciones.com.ar\/radioquijano\/#\/schema\/person\/e8a4f939e2cb487fe6d0c54042c9d32c\"},\"description\":\"El Suboficial Principal Juan Farf\u00e1n, encargado de la Armada Argentina en la sede Salta, invit\u00f3 a todos los profesionales interesados a inscribirse y ser parte de esta oportunidad de desarrollo profesional y servicio al pa\u00eds.\",\"breadcrumb\":{\"@id\":\"https:\/\/nahuelproducciones.com.ar\/radioquijano\/la-armada-argentina-convoca-a-graduados-universitarios-inscripciones-abiertas-hasta-el-7-de-noviembre\/#breadcrumb\"},\"inLanguage\":\"es\",\"potentialAction\":[{\"@type\":\"ReadAction\",\"target\":[\"https:\/\/nahuelproducciones.com.ar\/radioquijano\/la-armada-argentina-convoca-a-graduados-universitarios-inscripciones-abiertas-hasta-el-7-de-noviembre\/\"]}]},{\"@type\":\"BreadcrumbList\",\"@id\":\"https:\/\/nahuelproducciones.com.ar\/radioquijano\/la-armada-argentina-convoca-a-graduados-universitarios-inscripciones-abiertas-hasta-el-7-de-noviembre\/#breadcrumb\",\"itemListElement\":[{\"@type\":\"ListItem\",\"position\":1,\"name\":\"Portada\",\"item\":\"https:\/\/nahuelproducciones.com.ar\/radioquijano\/\"},{\"@type\":\"ListItem\",\"position\":2,\"name\":\"La Armada Argentina convoca a graduados universitarios: inscripciones abiertas hasta el 7 de noviembre\"}]},{\"@type\":\"WebSite\",\"@id\":\"https:\/\/nahuelproducciones.com.ar\/radioquijano\/#website\",\"url\":\"https:\/\/nahuelproducciones.com.ar\/radioquijano\/\",\"name\":\"RQ 99.9\",\"description\":\"Radio Quijano 99.9 MHz\",\"potentialAction\":[{\"@type\":\"SearchAction\",\"target\":{\"@type\":\"EntryPoint\",\"urlTemplate\":\"https:\/\/nahuelproducciones.com.ar\/radioquijano\/?s={search_term_string}\"},\"query-input\":\"required name=search_term_string\"}],\"inLanguage\":\"es\"},{\"@type\":\"Person\",\"@id\":\"https:\/\/nahuelproducciones.com.ar\/radioquijano\/#\/schema\/person\/e8a4f939e2cb487fe6d0c54042c9d32c\",\"name\":\"Cecilia Pastrana\",\"image\":{\"@type\":\"ImageObject\",\"inLanguage\":\"es\",\"@id\":\"https:\/\/nahuelproducciones.com.ar\/radioquijano\/#\/schema\/person\/image\/\",\"url\":\"https:\/\/secure.gravatar.com\/avatar\/661a3ef63a8488d4f2794ed44af8cf71420f7e106f3072c40125114df5157749?s=96&d=mm&r=g\",\"contentUrl\":\"https:\/\/secure.gravatar.com\/avatar\/661a3ef63a8488d4f2794ed44af8cf71420f7e106f3072c40125114df5157749?s=96&d=mm&r=g\",\"caption\":\"Cecilia Pastrana\"},\"sameAs\":[\"cecy\"],\"url\":\"https:\/\/nahuelproducciones.com.ar\/radioquijano\/author\/cecy\/\"}]}<\/script>\n<!-- \/ Yoast SEO plugin. -->","yoast_head_json":{"title":"La Armada Argentina convoca a graduados universitarios: inscripciones abiertas hasta el 7 de noviembre - RQ 99.9","description":"El Suboficial Principal Juan Farf\u00e1n, encargado de la Armada Argentina en la sede Salta, invit\u00f3 a todos los profesionales interesados a inscribirse y ser parte de esta oportunidad de desarrollo profesional y servicio al pa\u00eds.","robots":{"index":"index","follow":"follow","max-snippet":"max-snippet:-1","max-image-preview":"max-image-preview:large","max-video-preview":"max-video-preview:-1"},"canonical":"https:\/\/nahuelproducciones.com.ar\/radioquijano\/la-armada-argentina-convoca-a-graduados-universitarios-inscripciones-abiertas-hasta-el-7-de-noviembre\/","og_locale":"es_ES","og_type":"article","og_title":"La Armada Argentina convoca a graduados universitarios: inscripciones abiertas hasta el 7 de noviembre - RQ 99.9","og_description":"El Suboficial Principal Juan Farf\u00e1n, encargado de la Armada Argentina en la sede Salta, invit\u00f3 a todos los profesionales interesados a inscribirse y ser parte de esta oportunidad de desarrollo profesional y servicio al pa\u00eds.","og_url":"https:\/\/nahuelproducciones.com.ar\/radioquijano\/la-armada-argentina-convoca-a-graduados-universitarios-inscripciones-abiertas-hasta-el-7-de-noviembre\/","og_site_name":"RQ 99.9","article_publisher":"https:\/\/www.facebook.com\/nahuelproducciones999\/","article_published_time":"2025-11-04T01:50:38+00:00","article_modified_time":"2025-11-04T01:57:37+00:00","og_image":[{"width":700,"height":700,"url":"https:\/\/nahuelproducciones.com.ar\/radioquijano\/wp-content\/uploads\/2025\/11\/WhatsApp-Image-2025-10-31-at-10.42.43-AM-1-e1762220878213.jpeg","type":"image\/jpeg"}],"author":"Cecilia Pastrana","twitter_card":"summary_large_image","twitter_creator":"@nahuproduciones","twitter_site":"@nahuproduciones","twitter_misc":{"Escrito por":"Cecilia Pastrana","Tiempo de lectura":"3 minutos"},"schema":{"@context":"https:\/\/schema.org","@graph":[{"@type":"WebPage","@id":"https:\/\/nahuelproducciones.com.ar\/radioquijano\/la-armada-argentina-convoca-a-graduados-universitarios-inscripciones-abiertas-hasta-el-7-de-noviembre\/","url":"https:\/\/nahuelproducciones.com.ar\/radioquijano\/la-armada-argentina-convoca-a-graduados-universitarios-inscripciones-abiertas-hasta-el-7-de-noviembre\/","name":"La Armada Argentina convoca a graduados universitarios: inscripciones abiertas hasta el 7 de noviembre - RQ 99.9","isPartOf":{"@id":"https:\/\/nahuelproducciones.com.ar\/radioquijano\/#website"},"datePublished":"2025-11-04T01:50:38+00:00","dateModified":"2025-11-04T01:57:37+00:00","author":{"@id":"https:\/\/nahuelproducciones.com.ar\/radioquijano\/#\/schema\/person\/e8a4f939e2cb487fe6d0c54042c9d32c"},"description":"El Suboficial Principal Juan Farf\u00e1n, encargado de la Armada Argentina en la sede Salta, invit\u00f3 a todos los profesionales interesados a inscribirse y ser parte de esta oportunidad de desarrollo profesional y servicio al pa\u00eds.","breadcrumb":{"@id":"https:\/\/nahuelproducciones.com.ar\/radioquijano\/la-armada-argentina-convoca-a-graduados-universitarios-inscripciones-abiertas-hasta-el-7-de-noviembre\/#breadcrumb"},"inLanguage":"es","potentialAction":[{"@type":"ReadAction","target":["https:\/\/nahuelproducciones.com.ar\/radioquijano\/la-armada-argentina-convoca-a-graduados-universitarios-inscripciones-abiertas-hasta-el-7-de-noviembre\/"]}]},{"@type":"BreadcrumbList","@id":"https:\/\/nahuelproducciones.com.ar\/radioquijano\/la-armada-argentina-convoca-a-graduados-universitarios-inscripciones-abiertas-hasta-el-7-de-noviembre\/#breadcrumb","itemListElement":[{"@type":"ListItem","position":1,"name":"Portada","item":"https:\/\/nahuelproducciones.com.ar\/radioquijano\/"},{"@type":"ListItem","position":2,"name":"La Armada Argentina convoca a graduados universitarios: inscripciones abiertas hasta el 7 de noviembre"}]},{"@type":"WebSite","@id":"https:\/\/nahuelproducciones.com.ar\/radioquijano\/#website","url":"https:\/\/nahuelproducciones.com.ar\/radioquijano\/","name":"RQ 99.9","description":"Radio Quijano 99.9 MHz","potentialAction":[{"@type":"SearchAction","target":{"@type":"EntryPoint","urlTemplate":"https:\/\/nahuelproducciones.com.ar\/radioquijano\/?s={search_term_string}"},"query-input":"required name=search_term_string"}],"inLanguage":"es"},{"@type":"Person","@id":"https:\/\/nahuelproducciones.com.ar\/radioquijano\/#\/schema\/person\/e8a4f939e2cb487fe6d0c54042c9d32c","name":"Cecilia Pastrana","image":{"@type":"ImageObject","inLanguage":"es","@id":"https:\/\/nahuelproducciones.com.ar\/radioquijano\/#\/schema\/person\/image\/","url":"https:\/\/secure.gravatar.com\/avatar\/661a3ef63a8488d4f2794ed44af8cf71420f7e106f3072c40125114df5157749?s=96&d=mm&r=g","contentUrl":"https:\/\/secure.gravatar.com\/avatar\/661a3ef63a8488d4f2794ed44af8cf71420f7e106f3072c40125114df5157749?s=96&d=mm&r=g","caption":"Cecilia Pastrana"},"sameAs":["cecy"],"url":"https:\/\/nahuelproducciones.com.ar\/radioquijano\/author\/cecy\/"}]}},"_links":{"self":[{"href":"https:\/\/nahuelproducciones.com.ar\/radioquijano\/wp-json\/wp\/v2\/posts\/11415","targetHints":{"allow":["GET"]}}],"collection":[{"href":"https:\/\/nahuelproducciones.com.ar\/radioquijano\/wp-json\/wp\/v2\/posts"}],"about":[{"href":"https:\/\/nahuelproducciones.com.ar\/radioquijano\/wp-json\/wp\/v2\/types\/post"}],"author":[{"embeddable":true,"href":"https:\/\/nahuelproducciones.com.ar\/radioquijano\/wp-json\/wp\/v2\/users\/8"}],"replies":[{"embeddable":true,"href":"https:\/\/nahuelproducciones.com.ar\/radioquijano\/wp-json\/wp\/v2\/comments?post=11415"}],"version-history":[{"count":2,"href":"https:\/\/nahuelproducciones.com.ar\/radioquijano\/wp-json\/wp\/v2\/posts\/11415\/revisions"}],"predecessor-version":[{"id":11425,"href":"https:\/\/nahuelproducciones.com.ar\/radioquijano\/wp-json\/wp\/v2\/posts\/11415\/revisions\/11425"}],"wp:featuredmedia":[{"embeddable":true,"href":"https:\/\/nahuelproducciones.com.ar\/radioquijano\/wp-json\/wp\/v2\/media\/11418"}],"wp:attachment":[{"href":"https:\/\/nahuelproducciones.com.ar\/radioquijano\/wp-json\/wp\/v2\/media?parent=11415"}],"wp:term":[{"taxonomy":"category","embeddable":true,"href":"https:\/\/nahuelproducciones.com.ar\/radioquijano\/wp-json\/wp\/v2\/categories?post=11415"},{"taxonomy":"post_tag","embeddable":true,"href":"https:\/\/nahuelproducciones.com.ar\/radioquijano\/wp-json\/wp\/v2\/tags?post=11415"}],"curies":[{"name":"wp","href":"https:\/\/api.w.org\/{rel}","templated":true}]}}