{"id":11433,"date":"2025-11-06T22:55:38","date_gmt":"2025-11-07T01:55:38","guid":{"rendered":"https:\/\/nahuelproducciones.com.ar\/radioquijano\/?p=11433"},"modified":"2025-11-06T22:57:24","modified_gmt":"2025-11-07T01:57:24","slug":"campo-quijano-el-conductor-que-atropello-a-una-perra-fue-inhabilitado-para-manejar-por-tres-meses","status":"publish","type":"post","link":"https:\/\/nahuelproducciones.com.ar\/radioquijano\/campo-quijano-el-conductor-que-atropello-a-una-perra-fue-inhabilitado-para-manejar-por-tres-meses\/","title":{"rendered":"Campo Quijano: el conductor que atropell\u00f3 a una perra fue inhabilitado para manejar por tres meses"},"content":{"rendered":"\n<p>Un hombre de 78 a\u00f1os fue inhabilitado para conducir por atropellar a una perra que descansaba en medio de la calle el pasado 7 de octubre.<\/p>\n\n\n\n<p>En el marco de la investigaci\u00f3n iniciada por la denuncia de un episodio de crueldad contra animales, el&nbsp;<strong>fiscal penal de Rosario de Lerma<\/strong>,&nbsp;<strong>Daniel Alejandro Escalante<\/strong>, solicit\u00f3 y obtuvo del Juzgado de Garant\u00edas la<em>&nbsp;inhabilitaci\u00f3n para la conducci\u00f3n de veh\u00edculos por el t\u00e9rmino de tres (3) meses<\/em>&nbsp;en contra de un hombre, imputado por el delito de a<em>ctos de crueldad contra los animales,<\/em>&nbsp;previsto en el art\u00edculo 1 en funci\u00f3n del art\u00edculo 3, inciso 7, de la Ley 14.346.<\/p>\n\n\n\n<p>La causa se inici\u00f3 el 7 de octubre, a partir de la denuncia presentada por una integrante de una organizaci\u00f3n independiente de protecci\u00f3n de animales de Campo Quijano, quien aport\u00f3 un video donde se observa un veh\u00edculo que pasa deliberadamente sobre una perra mestiza, caus\u00e1ndole lesiones incompatibles con la vida. La intervenci\u00f3n de la m\u00e9dica veterinaria permiti\u00f3 constatar el da\u00f1o sufrido por el animal, procedi\u00e9ndose a la eutanasia para evitar mayores sufrimientos.<\/p>\n\n\n\n<p>El Grupo de Investigaciones Sector 82 logr\u00f3 identificar al conductor del veh\u00edculo involucrado, quedando plenamente individualizado en el informe t\u00e9cnico incorporado a la causa.<\/p>\n\n\n\n<p>El fiscal Escalante valor\u00f3 la conducta del imputado como constitutiva del delito de actos de crueldad contra animales, destacando que la misma refleja un da\u00f1o f\u00edsico intencional y la total indiferencia del autor hacia el sufrimiento del animal, lo que vulnera la normativa vigente y los principios de protecci\u00f3n de los animales como sujetos de derecho.<\/p>\n\n\n\n<p>Atento a la gravedad de los hechos y la manera de comisi\u00f3n del delito, el fiscal solicit\u00f3 la medida preventiva de inhabilitaci\u00f3n para conducir veh\u00edculos, con el objetivo de evitar riesgos adicionales para terceros y garantizar la efectividad de la investigaci\u00f3n. La solicitud fue formalmente resuelta por el Juzgado de Garant\u00edas, disponi\u00e9ndose la notificaci\u00f3n a la Polic\u00eda de Tr\u00e1nsito de Salta, a la Jefatura Policial y a la Municipalidad de Campo Quijano, a fin de que se cumplan los oficios correspondientes.<\/p>\n\n\n\n<p><\/p>\n\n\n\n<p><\/p>\n\n\n\n<p><\/p>\n\n\n\n<p><\/p>\n\n\n\n<p><\/p>\n\n\n\n<p>Fuente El Tribuno<\/p>\n","protected":false},"excerpt":{"rendered":"<p>Un hombre de 78 a\u00f1os fue inhabilitado para conducir por atropellar a una perra que descansaba en medio de la calle el pasado 7 de octubre. En el marco de la investigaci\u00f3n iniciada por la denuncia de un episodio de crueldad contra animales, el&nbsp;fiscal penal de Rosario de Lerma,&nbsp;Daniel Alejandro Escalante, solicit\u00f3 y obtuvo del [&hellip;]<\/p>\n","protected":false},"author":6,"featured_media":11436,"comment_status":"open","ping_status":"open","sticky":false,"template":"","format":"standard","meta":{"_monsterinsights_skip_tracking":false,"_monsterinsights_sitenote_active":false,"_monsterinsights_sitenote_note":"","_monsterinsights_sitenote_category":0,"footnotes":""},"categories":[16],"tags":[36,63,71,100],"class_list":["post-11433","post","type-post","status-publish","format-standard","has-post-thumbnail","hentry","category-noticias","tag-campo-quijano","tag-lino-yonar","tag-municipalidad-de-campo-quijano","tag-municipio-de-campo-quijano"],"yoast_head":"<!-- This site is optimized with the Yoast SEO plugin v20.8 - https:\/\/yoast.com\/wordpress\/plugins\/seo\/ -->\n<title>Campo Quijano: el conductor que atropell\u00f3 a una perra fue inhabilitado para manejar por tres meses - RQ 99.9<\/title>\n<meta name=\"robots\" content=\"index, follow, max-snippet:-1, max-image-preview:large, max-video-preview:-1\" \/>\n<link rel=\"canonical\" href=\"https:\/\/nahuelproducciones.com.ar\/radioquijano\/campo-quijano-el-conductor-que-atropello-a-una-perra-fue-inhabilitado-para-manejar-por-tres-meses\/\" \/>\n<meta property=\"og:locale\" content=\"es_ES\" \/>\n<meta property=\"og:type\" content=\"article\" \/>\n<meta property=\"og:title\" content=\"Campo Quijano: el conductor que atropell\u00f3 a una perra fue inhabilitado para manejar por tres meses - RQ 99.9\" \/>\n<meta property=\"og:description\" content=\"Un hombre de 78 a\u00f1os fue inhabilitado para conducir por atropellar a una perra que descansaba en medio de la calle el pasado 7 de octubre. En el marco de la investigaci\u00f3n iniciada por la denuncia de un episodio de crueldad contra animales, el&nbsp;fiscal penal de Rosario de Lerma,&nbsp;Daniel Alejandro Escalante, solicit\u00f3 y obtuvo del [&hellip;]\" \/>\n<meta property=\"og:url\" content=\"https:\/\/nahuelproducciones.com.ar\/radioquijano\/campo-quijano-el-conductor-que-atropello-a-una-perra-fue-inhabilitado-para-manejar-por-tres-meses\/\" \/>\n<meta property=\"og:site_name\" content=\"RQ 99.9\" \/>\n<meta property=\"article:publisher\" content=\"https:\/\/www.facebook.com\/nahuelproducciones999\/\" \/>\n<meta property=\"article:published_time\" content=\"2025-11-07T01:55:38+00:00\" \/>\n<meta property=\"article:modified_time\" content=\"2025-11-07T01:57:24+00:00\" \/>\n<meta property=\"og:image\" content=\"https:\/\/nahuelproducciones.com.ar\/radioquijano\/wp-content\/uploads\/2025\/11\/015-cuchi-ramos.jpg\" \/>\n\t<meta property=\"og:image:width\" content=\"700\" \/>\n\t<meta property=\"og:image:height\" content=\"400\" \/>\n\t<meta property=\"og:image:type\" content=\"image\/jpeg\" \/>\n<meta name=\"author\" content=\"Ricardo Guzman\" \/>\n<meta name=\"twitter:card\" content=\"summary_large_image\" \/>\n<meta name=\"twitter:creator\" content=\"@nahuproduciones\" \/>\n<meta name=\"twitter:site\" content=\"@nahuproduciones\" \/>\n<meta name=\"twitter:label1\" content=\"Escrito por\" \/>\n\t<meta name=\"twitter:data1\" content=\"Ricardo Guzman\" \/>\n\t<meta name=\"twitter:label2\" content=\"Tiempo de lectura\" \/>\n\t<meta name=\"twitter:data2\" content=\"2 minutos\" \/>\n<script type=\"application\/ld+json\" class=\"yoast-schema-graph\">{\"@context\":\"https:\/\/schema.org\",\"@graph\":[{\"@type\":\"WebPage\",\"@id\":\"https:\/\/nahuelproducciones.com.ar\/radioquijano\/campo-quijano-el-conductor-que-atropello-a-una-perra-fue-inhabilitado-para-manejar-por-tres-meses\/\",\"url\":\"https:\/\/nahuelproducciones.com.ar\/radioquijano\/campo-quijano-el-conductor-que-atropello-a-una-perra-fue-inhabilitado-para-manejar-por-tres-meses\/\",\"name\":\"Campo Quijano: el conductor que atropell\u00f3 a una perra fue inhabilitado para manejar por tres meses - RQ 99.9\",\"isPartOf\":{\"@id\":\"https:\/\/nahuelproducciones.com.ar\/radioquijano\/#website\"},\"datePublished\":\"2025-11-07T01:55:38+00:00\",\"dateModified\":\"2025-11-07T01:57:24+00:00\",\"author\":{\"@id\":\"https:\/\/nahuelproducciones.com.ar\/radioquijano\/#\/schema\/person\/b9b81a110cbdf07949e2cd02d478ab9d\"},\"breadcrumb\":{\"@id\":\"https:\/\/nahuelproducciones.com.ar\/radioquijano\/campo-quijano-el-conductor-que-atropello-a-una-perra-fue-inhabilitado-para-manejar-por-tres-meses\/#breadcrumb\"},\"inLanguage\":\"es\",\"potentialAction\":[{\"@type\":\"ReadAction\",\"target\":[\"https:\/\/nahuelproducciones.com.ar\/radioquijano\/campo-quijano-el-conductor-que-atropello-a-una-perra-fue-inhabilitado-para-manejar-por-tres-meses\/\"]}]},{\"@type\":\"BreadcrumbList\",\"@id\":\"https:\/\/nahuelproducciones.com.ar\/radioquijano\/campo-quijano-el-conductor-que-atropello-a-una-perra-fue-inhabilitado-para-manejar-por-tres-meses\/#breadcrumb\",\"itemListElement\":[{\"@type\":\"ListItem\",\"position\":1,\"name\":\"Portada\",\"item\":\"https:\/\/nahuelproducciones.com.ar\/radioquijano\/\"},{\"@type\":\"ListItem\",\"position\":2,\"name\":\"Campo Quijano: el conductor que atropell\u00f3 a una perra fue inhabilitado para manejar por tres meses\"}]},{\"@type\":\"WebSite\",\"@id\":\"https:\/\/nahuelproducciones.com.ar\/radioquijano\/#website\",\"url\":\"https:\/\/nahuelproducciones.com.ar\/radioquijano\/\",\"name\":\"RQ 99.9\",\"description\":\"Radio Quijano 99.9 MHz\",\"potentialAction\":[{\"@type\":\"SearchAction\",\"target\":{\"@type\":\"EntryPoint\",\"urlTemplate\":\"https:\/\/nahuelproducciones.com.ar\/radioquijano\/?s={search_term_string}\"},\"query-input\":\"required name=search_term_string\"}],\"inLanguage\":\"es\"},{\"@type\":\"Person\",\"@id\":\"https:\/\/nahuelproducciones.com.ar\/radioquijano\/#\/schema\/person\/b9b81a110cbdf07949e2cd02d478ab9d\",\"name\":\"Ricardo Guzman\",\"image\":{\"@type\":\"ImageObject\",\"inLanguage\":\"es\",\"@id\":\"https:\/\/nahuelproducciones.com.ar\/radioquijano\/#\/schema\/person\/image\/\",\"url\":\"https:\/\/secure.gravatar.com\/avatar\/a5d582deda251f95dc882b72fc6e7b4854f88bb25c3154519210afffa7d706e8?s=96&d=mm&r=g\",\"contentUrl\":\"https:\/\/secure.gravatar.com\/avatar\/a5d582deda251f95dc882b72fc6e7b4854f88bb25c3154519210afffa7d706e8?s=96&d=mm&r=g\",\"caption\":\"Ricardo Guzman\"},\"url\":\"https:\/\/nahuelproducciones.com.ar\/radioquijano\/author\/cady\/\"}]}<\/script>\n<!-- \/ Yoast SEO plugin. -->","yoast_head_json":{"title":"Campo Quijano: el conductor que atropell\u00f3 a una perra fue inhabilitado para manejar por tres meses - RQ 99.9","robots":{"index":"index","follow":"follow","max-snippet":"max-snippet:-1","max-image-preview":"max-image-preview:large","max-video-preview":"max-video-preview:-1"},"canonical":"https:\/\/nahuelproducciones.com.ar\/radioquijano\/campo-quijano-el-conductor-que-atropello-a-una-perra-fue-inhabilitado-para-manejar-por-tres-meses\/","og_locale":"es_ES","og_type":"article","og_title":"Campo Quijano: el conductor que atropell\u00f3 a una perra fue inhabilitado para manejar por tres meses - RQ 99.9","og_description":"Un hombre de 78 a\u00f1os fue inhabilitado para conducir por atropellar a una perra que descansaba en medio de la calle el pasado 7 de octubre. En el marco de la investigaci\u00f3n iniciada por la denuncia de un episodio de crueldad contra animales, el&nbsp;fiscal penal de Rosario de Lerma,&nbsp;Daniel Alejandro Escalante, solicit\u00f3 y obtuvo del [&hellip;]","og_url":"https:\/\/nahuelproducciones.com.ar\/radioquijano\/campo-quijano-el-conductor-que-atropello-a-una-perra-fue-inhabilitado-para-manejar-por-tres-meses\/","og_site_name":"RQ 99.9","article_publisher":"https:\/\/www.facebook.com\/nahuelproducciones999\/","article_published_time":"2025-11-07T01:55:38+00:00","article_modified_time":"2025-11-07T01:57:24+00:00","og_image":[{"width":700,"height":400,"url":"https:\/\/nahuelproducciones.com.ar\/radioquijano\/wp-content\/uploads\/2025\/11\/015-cuchi-ramos.jpg","type":"image\/jpeg"}],"author":"Ricardo Guzman","twitter_card":"summary_large_image","twitter_creator":"@nahuproduciones","twitter_site":"@nahuproduciones","twitter_misc":{"Escrito por":"Ricardo Guzman","Tiempo de lectura":"2 minutos"},"schema":{"@context":"https:\/\/schema.org","@graph":[{"@type":"WebPage","@id":"https:\/\/nahuelproducciones.com.ar\/radioquijano\/campo-quijano-el-conductor-que-atropello-a-una-perra-fue-inhabilitado-para-manejar-por-tres-meses\/","url":"https:\/\/nahuelproducciones.com.ar\/radioquijano\/campo-quijano-el-conductor-que-atropello-a-una-perra-fue-inhabilitado-para-manejar-por-tres-meses\/","name":"Campo Quijano: el conductor que atropell\u00f3 a una perra fue inhabilitado para manejar por tres meses - RQ 99.9","isPartOf":{"@id":"https:\/\/nahuelproducciones.com.ar\/radioquijano\/#website"},"datePublished":"2025-11-07T01:55:38+00:00","dateModified":"2025-11-07T01:57:24+00:00","author":{"@id":"https:\/\/nahuelproducciones.com.ar\/radioquijano\/#\/schema\/person\/b9b81a110cbdf07949e2cd02d478ab9d"},"breadcrumb":{"@id":"https:\/\/nahuelproducciones.com.ar\/radioquijano\/campo-quijano-el-conductor-que-atropello-a-una-perra-fue-inhabilitado-para-manejar-por-tres-meses\/#breadcrumb"},"inLanguage":"es","potentialAction":[{"@type":"ReadAction","target":["https:\/\/nahuelproducciones.com.ar\/radioquijano\/campo-quijano-el-conductor-que-atropello-a-una-perra-fue-inhabilitado-para-manejar-por-tres-meses\/"]}]},{"@type":"BreadcrumbList","@id":"https:\/\/nahuelproducciones.com.ar\/radioquijano\/campo-quijano-el-conductor-que-atropello-a-una-perra-fue-inhabilitado-para-manejar-por-tres-meses\/#breadcrumb","itemListElement":[{"@type":"ListItem","position":1,"name":"Portada","item":"https:\/\/nahuelproducciones.com.ar\/radioquijano\/"},{"@type":"ListItem","position":2,"name":"Campo Quijano: el conductor que atropell\u00f3 a una perra fue inhabilitado para manejar por tres meses"}]},{"@type":"WebSite","@id":"https:\/\/nahuelproducciones.com.ar\/radioquijano\/#website","url":"https:\/\/nahuelproducciones.com.ar\/radioquijano\/","name":"RQ 99.9","description":"Radio Quijano 99.9 MHz","potentialAction":[{"@type":"SearchAction","target":{"@type":"EntryPoint","urlTemplate":"https:\/\/nahuelproducciones.com.ar\/radioquijano\/?s={search_term_string}"},"query-input":"required name=search_term_string"}],"inLanguage":"es"},{"@type":"Person","@id":"https:\/\/nahuelproducciones.com.ar\/radioquijano\/#\/schema\/person\/b9b81a110cbdf07949e2cd02d478ab9d","name":"Ricardo Guzman","image":{"@type":"ImageObject","inLanguage":"es","@id":"https:\/\/nahuelproducciones.com.ar\/radioquijano\/#\/schema\/person\/image\/","url":"https:\/\/secure.gravatar.com\/avatar\/a5d582deda251f95dc882b72fc6e7b4854f88bb25c3154519210afffa7d706e8?s=96&d=mm&r=g","contentUrl":"https:\/\/secure.gravatar.com\/avatar\/a5d582deda251f95dc882b72fc6e7b4854f88bb25c3154519210afffa7d706e8?s=96&d=mm&r=g","caption":"Ricardo Guzman"},"url":"https:\/\/nahuelproducciones.com.ar\/radioquijano\/author\/cady\/"}]}},"_links":{"self":[{"href":"https:\/\/nahuelproducciones.com.ar\/radioquijano\/wp-json\/wp\/v2\/posts\/11433","targetHints":{"allow":["GET"]}}],"collection":[{"href":"https:\/\/nahuelproducciones.com.ar\/radioquijano\/wp-json\/wp\/v2\/posts"}],"about":[{"href":"https:\/\/nahuelproducciones.com.ar\/radioquijano\/wp-json\/wp\/v2\/types\/post"}],"author":[{"embeddable":true,"href":"https:\/\/nahuelproducciones.com.ar\/radioquijano\/wp-json\/wp\/v2\/users\/6"}],"replies":[{"embeddable":true,"href":"https:\/\/nahuelproducciones.com.ar\/radioquijano\/wp-json\/wp\/v2\/comments?post=11433"}],"version-history":[{"count":1,"href":"https:\/\/nahuelproducciones.com.ar\/radioquijano\/wp-json\/wp\/v2\/posts\/11433\/revisions"}],"predecessor-version":[{"id":11434,"href":"https:\/\/nahuelproducciones.com.ar\/radioquijano\/wp-json\/wp\/v2\/posts\/11433\/revisions\/11434"}],"wp:featuredmedia":[{"embeddable":true,"href":"https:\/\/nahuelproducciones.com.ar\/radioquijano\/wp-json\/wp\/v2\/media\/11436"}],"wp:attachment":[{"href":"https:\/\/nahuelproducciones.com.ar\/radioquijano\/wp-json\/wp\/v2\/media?parent=11433"}],"wp:term":[{"taxonomy":"category","embeddable":true,"href":"https:\/\/nahuelproducciones.com.ar\/radioquijano\/wp-json\/wp\/v2\/categories?post=11433"},{"taxonomy":"post_tag","embeddable":true,"href":"https:\/\/nahuelproducciones.com.ar\/radioquijano\/wp-json\/wp\/v2\/tags?post=11433"}],"curies":[{"name":"wp","href":"https:\/\/api.w.org\/{rel}","templated":true}]}}