{"id":11447,"date":"2025-11-07T01:39:42","date_gmt":"2025-11-07T04:39:42","guid":{"rendered":"https:\/\/nahuelproducciones.com.ar\/radioquijano\/?p=11447"},"modified":"2025-11-07T01:39:43","modified_gmt":"2025-11-07T04:39:43","slug":"campo-quijano-inhabilitan-a-conductor-por-actos-de-crueldad-animal","status":"publish","type":"post","link":"https:\/\/nahuelproducciones.com.ar\/radioquijano\/campo-quijano-inhabilitan-a-conductor-por-actos-de-crueldad-animal\/","title":{"rendered":"Campo Quijano: Inhabilitan a conductor por actos de crueldad animal"},"content":{"rendered":"\n<p><em><strong>En respuesta a una denuncia por maltrato animal, la Fiscal\u00eda hab\u00eda solicitado una medida preventiva contra el imputado, en atenci\u00f3n a la protecci\u00f3n de los animales y a la prevenci\u00f3n de riesgos para terceros.<\/strong><\/em><\/p>\n\n\n\n<p>En el marco de la investigaci\u00f3n iniciada por la denuncia de un episodio de crueldad contra animales, el&nbsp;<strong>fiscal penal de Rosario de Lerma<\/strong>,&nbsp;<strong>Daniel Alejandro Escalante<\/strong>, solicit\u00f3 y obtuvo del Juzgado de Garant\u00edas la<em>&nbsp;inhabilitaci\u00f3n para la conducci\u00f3n de veh\u00edculos por el t\u00e9rmino de tres (3) meses<\/em>&nbsp;en contra de un hombre, imputado por el delito de a<em>ctos de crueldad contra los animales,<\/em>&nbsp;previsto en el art\u00edculo 1 en funci\u00f3n del art\u00edculo 3, inciso 7, de la Ley 14.346.<\/p>\n\n\n\n<p>La causa se inici\u00f3 el 7 de octubre, a partir de la denuncia presentada por una integrante de una organizaci\u00f3n independiente de protecci\u00f3n de animales de Campo Quijano, quien aport\u00f3 un video donde se observa un veh\u00edculo que pasa deliberadamente sobre una perra mestiza, caus\u00e1ndole lesiones incompatibles con la vida. La intervenci\u00f3n de la m\u00e9dica veterinaria permiti\u00f3 constatar el da\u00f1o sufrido por el animal, procedi\u00e9ndose a la eutanasia para evitar mayores sufrimientos.<\/p>\n\n\n\n<p>El Grupo de Investigaciones Sector 82 logr\u00f3 identificar al conductor del veh\u00edculo involucrado, quedando plenamente individualizado en el informe t\u00e9cnico incorporado a la causa.<\/p>\n\n\n\n<p>El fiscal Escalante valor\u00f3 la conducta del imputado como constitutiva del delito de actos de crueldad contra animales, destacando que la misma refleja un da\u00f1o f\u00edsico intencional y la total indiferencia del autor hacia el sufrimiento del animal, lo que vulnera la normativa vigente y los principios de protecci\u00f3n de los animales como sujetos de derecho.<\/p>\n\n\n\n<p>Atento a la gravedad de los hechos y la manera de comisi\u00f3n del delito, el fiscal solicit\u00f3 la medida preventiva de inhabilitaci\u00f3n para conducir veh\u00edculos, con el objetivo de evitar riesgos adicionales para terceros y garantizar la efectividad de la investigaci\u00f3n. La solicitud fue formalmente resuelta por el Juzgado de Garant\u00edas, disponi\u00e9ndose la notificaci\u00f3n a la Polic\u00eda de Tr\u00e1nsito de Salta, a la Jefatura Policial y a la Municipalidad de Campo Quijano, a fin de que se cumplan los oficios correspondientes.<\/p>\n\n\n\n<p>Fuente: Ministerio P\u00fablico Fiscal de la Provincia de Salta<\/p>\n","protected":false},"excerpt":{"rendered":"<p>En respuesta a una denuncia por maltrato animal, la Fiscal\u00eda hab\u00eda solicitado una medida preventiva contra el imputado, en atenci\u00f3n a la protecci\u00f3n de los animales y a la prevenci\u00f3n de riesgos para terceros. En el marco de la investigaci\u00f3n iniciada por la denuncia de un episodio de crueldad contra animales, el&nbsp;fiscal penal de Rosario [&hellip;]<\/p>\n","protected":false},"author":8,"featured_media":11448,"comment_status":"open","ping_status":"open","sticky":false,"template":"","format":"standard","meta":{"_monsterinsights_skip_tracking":false,"_monsterinsights_sitenote_active":false,"_monsterinsights_sitenote_note":"","_monsterinsights_sitenote_category":0,"footnotes":""},"categories":[16],"tags":[1965,100],"class_list":["post-11447","post","type-post","status-publish","format-standard","has-post-thumbnail","hentry","category-noticias","tag-inhabilitan-a-conductor","tag-municipio-de-campo-quijano"],"yoast_head":"<!-- This site is optimized with the Yoast SEO plugin v20.8 - https:\/\/yoast.com\/wordpress\/plugins\/seo\/ -->\n<title>Campo Quijano: Inhabilitan a conductor por actos de crueldad animal - RQ 99.9<\/title>\n<meta name=\"description\" content=\"\u00a0Inhabilitaci\u00f3n para la conducci\u00f3n de veh\u00edculos por el t\u00e9rmino de tres (3) meses\" \/>\n<meta name=\"robots\" content=\"index, follow, max-snippet:-1, max-image-preview:large, max-video-preview:-1\" \/>\n<link rel=\"canonical\" href=\"https:\/\/nahuelproducciones.com.ar\/radioquijano\/campo-quijano-inhabilitan-a-conductor-por-actos-de-crueldad-animal\/\" \/>\n<meta property=\"og:locale\" content=\"es_ES\" \/>\n<meta property=\"og:type\" content=\"article\" \/>\n<meta property=\"og:title\" content=\"Campo Quijano: Inhabilitan a conductor por actos de crueldad animal - RQ 99.9\" \/>\n<meta property=\"og:description\" content=\"\u00a0Inhabilitaci\u00f3n para la conducci\u00f3n de veh\u00edculos por el t\u00e9rmino de tres (3) meses\" \/>\n<meta property=\"og:url\" content=\"https:\/\/nahuelproducciones.com.ar\/radioquijano\/campo-quijano-inhabilitan-a-conductor-por-actos-de-crueldad-animal\/\" \/>\n<meta property=\"og:site_name\" content=\"RQ 99.9\" \/>\n<meta property=\"article:publisher\" content=\"https:\/\/www.facebook.com\/nahuelproducciones999\/\" \/>\n<meta property=\"article:published_time\" content=\"2025-11-07T04:39:42+00:00\" \/>\n<meta property=\"article:modified_time\" content=\"2025-11-07T04:39:43+00:00\" \/>\n<meta property=\"og:image\" content=\"https:\/\/nahuelproducciones.com.ar\/radioquijano\/wp-content\/uploads\/2025\/11\/image-e1762490226108.png\" \/>\n\t<meta property=\"og:image:width\" content=\"700\" \/>\n\t<meta property=\"og:image:height\" content=\"365\" \/>\n\t<meta property=\"og:image:type\" content=\"image\/png\" \/>\n<meta name=\"author\" content=\"Cecilia Pastrana\" \/>\n<meta name=\"twitter:card\" content=\"summary_large_image\" \/>\n<meta name=\"twitter:creator\" content=\"@nahuproduciones\" \/>\n<meta name=\"twitter:site\" content=\"@nahuproduciones\" \/>\n<meta name=\"twitter:label1\" content=\"Escrito por\" \/>\n\t<meta name=\"twitter:data1\" content=\"Cecilia Pastrana\" \/>\n\t<meta name=\"twitter:label2\" content=\"Tiempo de lectura\" \/>\n\t<meta name=\"twitter:data2\" content=\"2 minutos\" \/>\n<script type=\"application\/ld+json\" class=\"yoast-schema-graph\">{\"@context\":\"https:\/\/schema.org\",\"@graph\":[{\"@type\":\"WebPage\",\"@id\":\"https:\/\/nahuelproducciones.com.ar\/radioquijano\/campo-quijano-inhabilitan-a-conductor-por-actos-de-crueldad-animal\/\",\"url\":\"https:\/\/nahuelproducciones.com.ar\/radioquijano\/campo-quijano-inhabilitan-a-conductor-por-actos-de-crueldad-animal\/\",\"name\":\"Campo Quijano: Inhabilitan a conductor por actos de crueldad animal - RQ 99.9\",\"isPartOf\":{\"@id\":\"https:\/\/nahuelproducciones.com.ar\/radioquijano\/#website\"},\"datePublished\":\"2025-11-07T04:39:42+00:00\",\"dateModified\":\"2025-11-07T04:39:43+00:00\",\"author\":{\"@id\":\"https:\/\/nahuelproducciones.com.ar\/radioquijano\/#\/schema\/person\/e8a4f939e2cb487fe6d0c54042c9d32c\"},\"description\":\"\u00a0Inhabilitaci\u00f3n para la conducci\u00f3n de veh\u00edculos por el t\u00e9rmino de tres (3) meses\",\"breadcrumb\":{\"@id\":\"https:\/\/nahuelproducciones.com.ar\/radioquijano\/campo-quijano-inhabilitan-a-conductor-por-actos-de-crueldad-animal\/#breadcrumb\"},\"inLanguage\":\"es\",\"potentialAction\":[{\"@type\":\"ReadAction\",\"target\":[\"https:\/\/nahuelproducciones.com.ar\/radioquijano\/campo-quijano-inhabilitan-a-conductor-por-actos-de-crueldad-animal\/\"]}]},{\"@type\":\"BreadcrumbList\",\"@id\":\"https:\/\/nahuelproducciones.com.ar\/radioquijano\/campo-quijano-inhabilitan-a-conductor-por-actos-de-crueldad-animal\/#breadcrumb\",\"itemListElement\":[{\"@type\":\"ListItem\",\"position\":1,\"name\":\"Portada\",\"item\":\"https:\/\/nahuelproducciones.com.ar\/radioquijano\/\"},{\"@type\":\"ListItem\",\"position\":2,\"name\":\"Campo Quijano: Inhabilitan a conductor por actos de crueldad animal\"}]},{\"@type\":\"WebSite\",\"@id\":\"https:\/\/nahuelproducciones.com.ar\/radioquijano\/#website\",\"url\":\"https:\/\/nahuelproducciones.com.ar\/radioquijano\/\",\"name\":\"RQ 99.9\",\"description\":\"Radio Quijano 99.9 MHz\",\"potentialAction\":[{\"@type\":\"SearchAction\",\"target\":{\"@type\":\"EntryPoint\",\"urlTemplate\":\"https:\/\/nahuelproducciones.com.ar\/radioquijano\/?s={search_term_string}\"},\"query-input\":\"required name=search_term_string\"}],\"inLanguage\":\"es\"},{\"@type\":\"Person\",\"@id\":\"https:\/\/nahuelproducciones.com.ar\/radioquijano\/#\/schema\/person\/e8a4f939e2cb487fe6d0c54042c9d32c\",\"name\":\"Cecilia Pastrana\",\"image\":{\"@type\":\"ImageObject\",\"inLanguage\":\"es\",\"@id\":\"https:\/\/nahuelproducciones.com.ar\/radioquijano\/#\/schema\/person\/image\/\",\"url\":\"https:\/\/secure.gravatar.com\/avatar\/661a3ef63a8488d4f2794ed44af8cf71420f7e106f3072c40125114df5157749?s=96&d=mm&r=g\",\"contentUrl\":\"https:\/\/secure.gravatar.com\/avatar\/661a3ef63a8488d4f2794ed44af8cf71420f7e106f3072c40125114df5157749?s=96&d=mm&r=g\",\"caption\":\"Cecilia Pastrana\"},\"sameAs\":[\"cecy\"],\"url\":\"https:\/\/nahuelproducciones.com.ar\/radioquijano\/author\/cecy\/\"}]}<\/script>\n<!-- \/ Yoast SEO plugin. -->","yoast_head_json":{"title":"Campo Quijano: Inhabilitan a conductor por actos de crueldad animal - RQ 99.9","description":"\u00a0Inhabilitaci\u00f3n para la conducci\u00f3n de veh\u00edculos por el t\u00e9rmino de tres (3) meses","robots":{"index":"index","follow":"follow","max-snippet":"max-snippet:-1","max-image-preview":"max-image-preview:large","max-video-preview":"max-video-preview:-1"},"canonical":"https:\/\/nahuelproducciones.com.ar\/radioquijano\/campo-quijano-inhabilitan-a-conductor-por-actos-de-crueldad-animal\/","og_locale":"es_ES","og_type":"article","og_title":"Campo Quijano: Inhabilitan a conductor por actos de crueldad animal - RQ 99.9","og_description":"\u00a0Inhabilitaci\u00f3n para la conducci\u00f3n de veh\u00edculos por el t\u00e9rmino de tres (3) meses","og_url":"https:\/\/nahuelproducciones.com.ar\/radioquijano\/campo-quijano-inhabilitan-a-conductor-por-actos-de-crueldad-animal\/","og_site_name":"RQ 99.9","article_publisher":"https:\/\/www.facebook.com\/nahuelproducciones999\/","article_published_time":"2025-11-07T04:39:42+00:00","article_modified_time":"2025-11-07T04:39:43+00:00","og_image":[{"width":700,"height":365,"url":"https:\/\/nahuelproducciones.com.ar\/radioquijano\/wp-content\/uploads\/2025\/11\/image-e1762490226108.png","type":"image\/png"}],"author":"Cecilia Pastrana","twitter_card":"summary_large_image","twitter_creator":"@nahuproduciones","twitter_site":"@nahuproduciones","twitter_misc":{"Escrito por":"Cecilia Pastrana","Tiempo de lectura":"2 minutos"},"schema":{"@context":"https:\/\/schema.org","@graph":[{"@type":"WebPage","@id":"https:\/\/nahuelproducciones.com.ar\/radioquijano\/campo-quijano-inhabilitan-a-conductor-por-actos-de-crueldad-animal\/","url":"https:\/\/nahuelproducciones.com.ar\/radioquijano\/campo-quijano-inhabilitan-a-conductor-por-actos-de-crueldad-animal\/","name":"Campo Quijano: Inhabilitan a conductor por actos de crueldad animal - RQ 99.9","isPartOf":{"@id":"https:\/\/nahuelproducciones.com.ar\/radioquijano\/#website"},"datePublished":"2025-11-07T04:39:42+00:00","dateModified":"2025-11-07T04:39:43+00:00","author":{"@id":"https:\/\/nahuelproducciones.com.ar\/radioquijano\/#\/schema\/person\/e8a4f939e2cb487fe6d0c54042c9d32c"},"description":"\u00a0Inhabilitaci\u00f3n para la conducci\u00f3n de veh\u00edculos por el t\u00e9rmino de tres (3) meses","breadcrumb":{"@id":"https:\/\/nahuelproducciones.com.ar\/radioquijano\/campo-quijano-inhabilitan-a-conductor-por-actos-de-crueldad-animal\/#breadcrumb"},"inLanguage":"es","potentialAction":[{"@type":"ReadAction","target":["https:\/\/nahuelproducciones.com.ar\/radioquijano\/campo-quijano-inhabilitan-a-conductor-por-actos-de-crueldad-animal\/"]}]},{"@type":"BreadcrumbList","@id":"https:\/\/nahuelproducciones.com.ar\/radioquijano\/campo-quijano-inhabilitan-a-conductor-por-actos-de-crueldad-animal\/#breadcrumb","itemListElement":[{"@type":"ListItem","position":1,"name":"Portada","item":"https:\/\/nahuelproducciones.com.ar\/radioquijano\/"},{"@type":"ListItem","position":2,"name":"Campo Quijano: Inhabilitan a conductor por actos de crueldad animal"}]},{"@type":"WebSite","@id":"https:\/\/nahuelproducciones.com.ar\/radioquijano\/#website","url":"https:\/\/nahuelproducciones.com.ar\/radioquijano\/","name":"RQ 99.9","description":"Radio Quijano 99.9 MHz","potentialAction":[{"@type":"SearchAction","target":{"@type":"EntryPoint","urlTemplate":"https:\/\/nahuelproducciones.com.ar\/radioquijano\/?s={search_term_string}"},"query-input":"required name=search_term_string"}],"inLanguage":"es"},{"@type":"Person","@id":"https:\/\/nahuelproducciones.com.ar\/radioquijano\/#\/schema\/person\/e8a4f939e2cb487fe6d0c54042c9d32c","name":"Cecilia Pastrana","image":{"@type":"ImageObject","inLanguage":"es","@id":"https:\/\/nahuelproducciones.com.ar\/radioquijano\/#\/schema\/person\/image\/","url":"https:\/\/secure.gravatar.com\/avatar\/661a3ef63a8488d4f2794ed44af8cf71420f7e106f3072c40125114df5157749?s=96&d=mm&r=g","contentUrl":"https:\/\/secure.gravatar.com\/avatar\/661a3ef63a8488d4f2794ed44af8cf71420f7e106f3072c40125114df5157749?s=96&d=mm&r=g","caption":"Cecilia Pastrana"},"sameAs":["cecy"],"url":"https:\/\/nahuelproducciones.com.ar\/radioquijano\/author\/cecy\/"}]}},"_links":{"self":[{"href":"https:\/\/nahuelproducciones.com.ar\/radioquijano\/wp-json\/wp\/v2\/posts\/11447","targetHints":{"allow":["GET"]}}],"collection":[{"href":"https:\/\/nahuelproducciones.com.ar\/radioquijano\/wp-json\/wp\/v2\/posts"}],"about":[{"href":"https:\/\/nahuelproducciones.com.ar\/radioquijano\/wp-json\/wp\/v2\/types\/post"}],"author":[{"embeddable":true,"href":"https:\/\/nahuelproducciones.com.ar\/radioquijano\/wp-json\/wp\/v2\/users\/8"}],"replies":[{"embeddable":true,"href":"https:\/\/nahuelproducciones.com.ar\/radioquijano\/wp-json\/wp\/v2\/comments?post=11447"}],"version-history":[{"count":1,"href":"https:\/\/nahuelproducciones.com.ar\/radioquijano\/wp-json\/wp\/v2\/posts\/11447\/revisions"}],"predecessor-version":[{"id":11449,"href":"https:\/\/nahuelproducciones.com.ar\/radioquijano\/wp-json\/wp\/v2\/posts\/11447\/revisions\/11449"}],"wp:featuredmedia":[{"embeddable":true,"href":"https:\/\/nahuelproducciones.com.ar\/radioquijano\/wp-json\/wp\/v2\/media\/11448"}],"wp:attachment":[{"href":"https:\/\/nahuelproducciones.com.ar\/radioquijano\/wp-json\/wp\/v2\/media?parent=11447"}],"wp:term":[{"taxonomy":"category","embeddable":true,"href":"https:\/\/nahuelproducciones.com.ar\/radioquijano\/wp-json\/wp\/v2\/categories?post=11447"},{"taxonomy":"post_tag","embeddable":true,"href":"https:\/\/nahuelproducciones.com.ar\/radioquijano\/wp-json\/wp\/v2\/tags?post=11447"}],"curies":[{"name":"wp","href":"https:\/\/api.w.org\/{rel}","templated":true}]}}