{"id":11450,"date":"2025-11-07T01:45:22","date_gmt":"2025-11-07T04:45:22","guid":{"rendered":"https:\/\/nahuelproducciones.com.ar\/radioquijano\/?p=11450"},"modified":"2025-11-07T01:45:22","modified_gmt":"2025-11-07T04:45:22","slug":"se-aplicaron-mas-de-21-mil-dosis-contra-la-fiebre-amarilla-en-la-provincia","status":"publish","type":"post","link":"https:\/\/nahuelproducciones.com.ar\/radioquijano\/se-aplicaron-mas-de-21-mil-dosis-contra-la-fiebre-amarilla-en-la-provincia\/","title":{"rendered":"Se aplicaron m\u00e1s de 21 mil dosis contra la fiebre amarilla en la provincia."},"content":{"rendered":"\n<p>El Ministerio de Salud P\u00fablica inform\u00f3 que, desde el inicio del 2025, en la provincia ya se administraron 21.774 vacunas contra la fiebre amarilla.<\/p>\n\n\n\n<p>El Calendario Nacional de Vacunaci\u00f3n establece una dosis para ni\u00f1os de 18 meses de edad y un refuerzo a los 11 a\u00f1os, destinada a quienes residen en zonas de riesgo.<\/p>\n\n\n\n<p>Esas \u00e1reas est\u00e1n definidas por la cartera sanitaria nacional y, en Salta, incluye a los departamentos San Mart\u00edn, Or\u00e1n, Anta y Rivadavia.<\/p>\n\n\n\n<p>En el caso de no haberse inoculado a esa edad, las personas de hasta 59 a\u00f1os deben aplicarse el esquema de dosis \u00fanica.<\/p>\n\n\n\n<p>Las \u00e1reas operativas de esos departamentos tienen vacunas disponibles para iniciar o completar esquema de inmunizaci\u00f3n para los residentes de la zona.<\/p>\n\n\n\n<p>Adem\u00e1s, hasta diciembre estar\u00e1n disponibles tres centros de vacunaci\u00f3n contra la fiebre amarilla en la ciudad de Salta. Las personas interesadas en darse el biol\u00f3gico deber\u00e1n concurrir con su documento nacional de identidad a alguno de estos dispositivos.<\/p>\n\n\n\n<p>Uno de los centros opera con turnos previos a trav\u00e9s de la aplicaci\u00f3n Mi Argentina, mientras que los otros dos ofrecen atenci\u00f3n de forma espont\u00e1nea. Funcionan en:<\/p>\n\n\n\n<ul class=\"wp-block-list\">\n<li>Hospital P\u00fablico Materno Infantil: operativo los lunes, en el horario de 10 a 16.<\/li>\n\n\n\n<li>Hospital Se\u00f1or Del Milagro: mi\u00e9rcoles de 8 a 17.<\/li>\n\n\n\n<li>Sanidad de Frontera, ubicada en calle Vicente L\u00f3pez 230. La atenci\u00f3n es con turno a trav\u00e9s de la aplicaci\u00f3n Mi Argentina.<\/li>\n<\/ul>\n\n\n\n<p><strong>Qu\u00e9 es la fiebre amarilla<\/strong><\/p>\n\n\n\n<p>Es una enfermedad viral que se transmite a trav\u00e9s de la picadura de ciertas especies de mosquitos. Puede ser grave y provocar la muerte. No tiene tratamiento, pero puede prevenirse:<\/p>\n\n\n\n<ul class=\"wp-block-list\">\n<li>A trav\u00e9s de la vacunaci\u00f3n: brinda protecci\u00f3n a partir de los 10 d\u00edas de aplicada y dura para toda la vida.<\/li>\n\n\n\n<li>Usando repelentes.<\/li>\n\n\n\n<li>Utilizando ropa de mangas largas y de colores claros y uniformes.<\/li>\n\n\n\n<li>Colocando mosquiteros en tu vivienda.<\/li>\n\n\n\n<li>Eliminando los recipientes que puedan acumular agua en las viviendas.<\/li>\n<\/ul>\n\n\n\n<hr class=\"wp-block-separator has-alpha-channel-opacity\"\/>\n\n\n\n<p>Fuente:&nbsp;<strong>Secretaria de Prensa y Comunicaci\u00f3n<\/strong><\/p>\n","protected":false},"excerpt":{"rendered":"<p>El Ministerio de Salud P\u00fablica inform\u00f3 que, desde el inicio del 2025, en la provincia ya se administraron 21.774 vacunas contra la fiebre amarilla. El Calendario Nacional de Vacunaci\u00f3n establece una dosis para ni\u00f1os de 18 meses de edad y un refuerzo a los 11 a\u00f1os, destinada a quienes residen en zonas de riesgo. Esas [&hellip;]<\/p>\n","protected":false},"author":8,"featured_media":11451,"comment_status":"open","ping_status":"open","sticky":false,"template":"","format":"standard","meta":{"_monsterinsights_skip_tracking":false,"_monsterinsights_sitenote_active":false,"_monsterinsights_sitenote_note":"","_monsterinsights_sitenote_category":0,"footnotes":""},"categories":[16],"tags":[1966,696,100,454],"class_list":["post-11450","post","type-post","status-publish","format-standard","has-post-thumbnail","hentry","category-noticias","tag-fiebre-amarilla","tag-ministerio-de-salud-publica","tag-municipio-de-campo-quijano","tag-salud"],"yoast_head":"<!-- This site is optimized with the Yoast SEO plugin v20.8 - https:\/\/yoast.com\/wordpress\/plugins\/seo\/ -->\n<title>Se aplicaron m\u00e1s de 21 mil dosis contra la fiebre amarilla en la provincia. - RQ 99.9<\/title>\n<meta name=\"description\" content=\"La vacuna est\u00e1 contemplada en el Calendario Nacional para personas que residen en los departamentos San Mart\u00edn, Or\u00e1n, Anta y Rivadavia. En la Ciudad de Salta hay tres vacunatorios habilitados.\" \/>\n<meta name=\"robots\" content=\"index, follow, max-snippet:-1, max-image-preview:large, max-video-preview:-1\" \/>\n<link rel=\"canonical\" href=\"https:\/\/nahuelproducciones.com.ar\/radioquijano\/se-aplicaron-mas-de-21-mil-dosis-contra-la-fiebre-amarilla-en-la-provincia\/\" \/>\n<meta property=\"og:locale\" content=\"es_ES\" \/>\n<meta property=\"og:type\" content=\"article\" \/>\n<meta property=\"og:title\" content=\"Se aplicaron m\u00e1s de 21 mil dosis contra la fiebre amarilla en la provincia. - RQ 99.9\" \/>\n<meta property=\"og:description\" content=\"La vacuna est\u00e1 contemplada en el Calendario Nacional para personas que residen en los departamentos San Mart\u00edn, Or\u00e1n, Anta y Rivadavia. En la Ciudad de Salta hay tres vacunatorios habilitados.\" \/>\n<meta property=\"og:url\" content=\"https:\/\/nahuelproducciones.com.ar\/radioquijano\/se-aplicaron-mas-de-21-mil-dosis-contra-la-fiebre-amarilla-en-la-provincia\/\" \/>\n<meta property=\"og:site_name\" content=\"RQ 99.9\" \/>\n<meta property=\"article:publisher\" content=\"https:\/\/www.facebook.com\/nahuelproducciones999\/\" \/>\n<meta property=\"article:published_time\" content=\"2025-11-07T04:45:22+00:00\" \/>\n<meta property=\"og:image\" content=\"https:\/\/nahuelproducciones.com.ar\/radioquijano\/wp-content\/uploads\/2025\/11\/104801-se-aplicaron-mas-de-21-dosis-contra-la-fiebre-amarilla-en-la-provincia.webp\" \/>\n\t<meta property=\"og:image:width\" content=\"560\" \/>\n\t<meta property=\"og:image:height\" content=\"312\" \/>\n\t<meta property=\"og:image:type\" content=\"image\/webp\" \/>\n<meta name=\"author\" content=\"Cecilia Pastrana\" \/>\n<meta name=\"twitter:card\" content=\"summary_large_image\" \/>\n<meta name=\"twitter:creator\" content=\"@nahuproduciones\" \/>\n<meta name=\"twitter:site\" content=\"@nahuproduciones\" \/>\n<meta name=\"twitter:label1\" content=\"Escrito por\" \/>\n\t<meta name=\"twitter:data1\" content=\"Cecilia Pastrana\" \/>\n\t<meta name=\"twitter:label2\" content=\"Tiempo de lectura\" \/>\n\t<meta name=\"twitter:data2\" content=\"2 minutos\" \/>\n<script type=\"application\/ld+json\" class=\"yoast-schema-graph\">{\"@context\":\"https:\/\/schema.org\",\"@graph\":[{\"@type\":\"WebPage\",\"@id\":\"https:\/\/nahuelproducciones.com.ar\/radioquijano\/se-aplicaron-mas-de-21-mil-dosis-contra-la-fiebre-amarilla-en-la-provincia\/\",\"url\":\"https:\/\/nahuelproducciones.com.ar\/radioquijano\/se-aplicaron-mas-de-21-mil-dosis-contra-la-fiebre-amarilla-en-la-provincia\/\",\"name\":\"Se aplicaron m\u00e1s de 21 mil dosis contra la fiebre amarilla en la provincia. - RQ 99.9\",\"isPartOf\":{\"@id\":\"https:\/\/nahuelproducciones.com.ar\/radioquijano\/#website\"},\"datePublished\":\"2025-11-07T04:45:22+00:00\",\"dateModified\":\"2025-11-07T04:45:22+00:00\",\"author\":{\"@id\":\"https:\/\/nahuelproducciones.com.ar\/radioquijano\/#\/schema\/person\/e8a4f939e2cb487fe6d0c54042c9d32c\"},\"description\":\"La vacuna est\u00e1 contemplada en el Calendario Nacional para personas que residen en los departamentos San Mart\u00edn, Or\u00e1n, Anta y Rivadavia. En la Ciudad de Salta hay tres vacunatorios habilitados.\",\"breadcrumb\":{\"@id\":\"https:\/\/nahuelproducciones.com.ar\/radioquijano\/se-aplicaron-mas-de-21-mil-dosis-contra-la-fiebre-amarilla-en-la-provincia\/#breadcrumb\"},\"inLanguage\":\"es\",\"potentialAction\":[{\"@type\":\"ReadAction\",\"target\":[\"https:\/\/nahuelproducciones.com.ar\/radioquijano\/se-aplicaron-mas-de-21-mil-dosis-contra-la-fiebre-amarilla-en-la-provincia\/\"]}]},{\"@type\":\"BreadcrumbList\",\"@id\":\"https:\/\/nahuelproducciones.com.ar\/radioquijano\/se-aplicaron-mas-de-21-mil-dosis-contra-la-fiebre-amarilla-en-la-provincia\/#breadcrumb\",\"itemListElement\":[{\"@type\":\"ListItem\",\"position\":1,\"name\":\"Portada\",\"item\":\"https:\/\/nahuelproducciones.com.ar\/radioquijano\/\"},{\"@type\":\"ListItem\",\"position\":2,\"name\":\"Se aplicaron m\u00e1s de 21 mil dosis contra la fiebre amarilla en la provincia.\"}]},{\"@type\":\"WebSite\",\"@id\":\"https:\/\/nahuelproducciones.com.ar\/radioquijano\/#website\",\"url\":\"https:\/\/nahuelproducciones.com.ar\/radioquijano\/\",\"name\":\"RQ 99.9\",\"description\":\"Radio Quijano 99.9 MHz\",\"potentialAction\":[{\"@type\":\"SearchAction\",\"target\":{\"@type\":\"EntryPoint\",\"urlTemplate\":\"https:\/\/nahuelproducciones.com.ar\/radioquijano\/?s={search_term_string}\"},\"query-input\":\"required name=search_term_string\"}],\"inLanguage\":\"es\"},{\"@type\":\"Person\",\"@id\":\"https:\/\/nahuelproducciones.com.ar\/radioquijano\/#\/schema\/person\/e8a4f939e2cb487fe6d0c54042c9d32c\",\"name\":\"Cecilia Pastrana\",\"image\":{\"@type\":\"ImageObject\",\"inLanguage\":\"es\",\"@id\":\"https:\/\/nahuelproducciones.com.ar\/radioquijano\/#\/schema\/person\/image\/\",\"url\":\"https:\/\/secure.gravatar.com\/avatar\/661a3ef63a8488d4f2794ed44af8cf71420f7e106f3072c40125114df5157749?s=96&d=mm&r=g\",\"contentUrl\":\"https:\/\/secure.gravatar.com\/avatar\/661a3ef63a8488d4f2794ed44af8cf71420f7e106f3072c40125114df5157749?s=96&d=mm&r=g\",\"caption\":\"Cecilia Pastrana\"},\"sameAs\":[\"cecy\"],\"url\":\"https:\/\/nahuelproducciones.com.ar\/radioquijano\/author\/cecy\/\"}]}<\/script>\n<!-- \/ Yoast SEO plugin. -->","yoast_head_json":{"title":"Se aplicaron m\u00e1s de 21 mil dosis contra la fiebre amarilla en la provincia. - RQ 99.9","description":"La vacuna est\u00e1 contemplada en el Calendario Nacional para personas que residen en los departamentos San Mart\u00edn, Or\u00e1n, Anta y Rivadavia. En la Ciudad de Salta hay tres vacunatorios habilitados.","robots":{"index":"index","follow":"follow","max-snippet":"max-snippet:-1","max-image-preview":"max-image-preview:large","max-video-preview":"max-video-preview:-1"},"canonical":"https:\/\/nahuelproducciones.com.ar\/radioquijano\/se-aplicaron-mas-de-21-mil-dosis-contra-la-fiebre-amarilla-en-la-provincia\/","og_locale":"es_ES","og_type":"article","og_title":"Se aplicaron m\u00e1s de 21 mil dosis contra la fiebre amarilla en la provincia. - RQ 99.9","og_description":"La vacuna est\u00e1 contemplada en el Calendario Nacional para personas que residen en los departamentos San Mart\u00edn, Or\u00e1n, Anta y Rivadavia. En la Ciudad de Salta hay tres vacunatorios habilitados.","og_url":"https:\/\/nahuelproducciones.com.ar\/radioquijano\/se-aplicaron-mas-de-21-mil-dosis-contra-la-fiebre-amarilla-en-la-provincia\/","og_site_name":"RQ 99.9","article_publisher":"https:\/\/www.facebook.com\/nahuelproducciones999\/","article_published_time":"2025-11-07T04:45:22+00:00","og_image":[{"width":560,"height":312,"url":"https:\/\/nahuelproducciones.com.ar\/radioquijano\/wp-content\/uploads\/2025\/11\/104801-se-aplicaron-mas-de-21-dosis-contra-la-fiebre-amarilla-en-la-provincia.webp","type":"image\/webp"}],"author":"Cecilia Pastrana","twitter_card":"summary_large_image","twitter_creator":"@nahuproduciones","twitter_site":"@nahuproduciones","twitter_misc":{"Escrito por":"Cecilia Pastrana","Tiempo de lectura":"2 minutos"},"schema":{"@context":"https:\/\/schema.org","@graph":[{"@type":"WebPage","@id":"https:\/\/nahuelproducciones.com.ar\/radioquijano\/se-aplicaron-mas-de-21-mil-dosis-contra-la-fiebre-amarilla-en-la-provincia\/","url":"https:\/\/nahuelproducciones.com.ar\/radioquijano\/se-aplicaron-mas-de-21-mil-dosis-contra-la-fiebre-amarilla-en-la-provincia\/","name":"Se aplicaron m\u00e1s de 21 mil dosis contra la fiebre amarilla en la provincia. - RQ 99.9","isPartOf":{"@id":"https:\/\/nahuelproducciones.com.ar\/radioquijano\/#website"},"datePublished":"2025-11-07T04:45:22+00:00","dateModified":"2025-11-07T04:45:22+00:00","author":{"@id":"https:\/\/nahuelproducciones.com.ar\/radioquijano\/#\/schema\/person\/e8a4f939e2cb487fe6d0c54042c9d32c"},"description":"La vacuna est\u00e1 contemplada en el Calendario Nacional para personas que residen en los departamentos San Mart\u00edn, Or\u00e1n, Anta y Rivadavia. En la Ciudad de Salta hay tres vacunatorios habilitados.","breadcrumb":{"@id":"https:\/\/nahuelproducciones.com.ar\/radioquijano\/se-aplicaron-mas-de-21-mil-dosis-contra-la-fiebre-amarilla-en-la-provincia\/#breadcrumb"},"inLanguage":"es","potentialAction":[{"@type":"ReadAction","target":["https:\/\/nahuelproducciones.com.ar\/radioquijano\/se-aplicaron-mas-de-21-mil-dosis-contra-la-fiebre-amarilla-en-la-provincia\/"]}]},{"@type":"BreadcrumbList","@id":"https:\/\/nahuelproducciones.com.ar\/radioquijano\/se-aplicaron-mas-de-21-mil-dosis-contra-la-fiebre-amarilla-en-la-provincia\/#breadcrumb","itemListElement":[{"@type":"ListItem","position":1,"name":"Portada","item":"https:\/\/nahuelproducciones.com.ar\/radioquijano\/"},{"@type":"ListItem","position":2,"name":"Se aplicaron m\u00e1s de 21 mil dosis contra la fiebre amarilla en la provincia."}]},{"@type":"WebSite","@id":"https:\/\/nahuelproducciones.com.ar\/radioquijano\/#website","url":"https:\/\/nahuelproducciones.com.ar\/radioquijano\/","name":"RQ 99.9","description":"Radio Quijano 99.9 MHz","potentialAction":[{"@type":"SearchAction","target":{"@type":"EntryPoint","urlTemplate":"https:\/\/nahuelproducciones.com.ar\/radioquijano\/?s={search_term_string}"},"query-input":"required name=search_term_string"}],"inLanguage":"es"},{"@type":"Person","@id":"https:\/\/nahuelproducciones.com.ar\/radioquijano\/#\/schema\/person\/e8a4f939e2cb487fe6d0c54042c9d32c","name":"Cecilia Pastrana","image":{"@type":"ImageObject","inLanguage":"es","@id":"https:\/\/nahuelproducciones.com.ar\/radioquijano\/#\/schema\/person\/image\/","url":"https:\/\/secure.gravatar.com\/avatar\/661a3ef63a8488d4f2794ed44af8cf71420f7e106f3072c40125114df5157749?s=96&d=mm&r=g","contentUrl":"https:\/\/secure.gravatar.com\/avatar\/661a3ef63a8488d4f2794ed44af8cf71420f7e106f3072c40125114df5157749?s=96&d=mm&r=g","caption":"Cecilia Pastrana"},"sameAs":["cecy"],"url":"https:\/\/nahuelproducciones.com.ar\/radioquijano\/author\/cecy\/"}]}},"_links":{"self":[{"href":"https:\/\/nahuelproducciones.com.ar\/radioquijano\/wp-json\/wp\/v2\/posts\/11450","targetHints":{"allow":["GET"]}}],"collection":[{"href":"https:\/\/nahuelproducciones.com.ar\/radioquijano\/wp-json\/wp\/v2\/posts"}],"about":[{"href":"https:\/\/nahuelproducciones.com.ar\/radioquijano\/wp-json\/wp\/v2\/types\/post"}],"author":[{"embeddable":true,"href":"https:\/\/nahuelproducciones.com.ar\/radioquijano\/wp-json\/wp\/v2\/users\/8"}],"replies":[{"embeddable":true,"href":"https:\/\/nahuelproducciones.com.ar\/radioquijano\/wp-json\/wp\/v2\/comments?post=11450"}],"version-history":[{"count":1,"href":"https:\/\/nahuelproducciones.com.ar\/radioquijano\/wp-json\/wp\/v2\/posts\/11450\/revisions"}],"predecessor-version":[{"id":11452,"href":"https:\/\/nahuelproducciones.com.ar\/radioquijano\/wp-json\/wp\/v2\/posts\/11450\/revisions\/11452"}],"wp:featuredmedia":[{"embeddable":true,"href":"https:\/\/nahuelproducciones.com.ar\/radioquijano\/wp-json\/wp\/v2\/media\/11451"}],"wp:attachment":[{"href":"https:\/\/nahuelproducciones.com.ar\/radioquijano\/wp-json\/wp\/v2\/media?parent=11450"}],"wp:term":[{"taxonomy":"category","embeddable":true,"href":"https:\/\/nahuelproducciones.com.ar\/radioquijano\/wp-json\/wp\/v2\/categories?post=11450"},{"taxonomy":"post_tag","embeddable":true,"href":"https:\/\/nahuelproducciones.com.ar\/radioquijano\/wp-json\/wp\/v2\/tags?post=11450"}],"curies":[{"name":"wp","href":"https:\/\/api.w.org\/{rel}","templated":true}]}}