{"id":11453,"date":"2025-11-07T06:46:27","date_gmt":"2025-11-07T09:46:27","guid":{"rendered":"https:\/\/nahuelproducciones.com.ar\/radioquijano\/?p=11453"},"modified":"2025-11-07T07:00:12","modified_gmt":"2025-11-07T10:00:12","slug":"ramiro-diaz-cuello-el-entrenador-quijaneno-premiado-en-indonesia","status":"publish","type":"post","link":"https:\/\/nahuelproducciones.com.ar\/radioquijano\/ramiro-diaz-cuello-el-entrenador-quijaneno-premiado-en-indonesia\/","title":{"rendered":"Ramiro D\u00edaz Cuello, el entrenador quijane\u00f1o premiado en Indonesia"},"content":{"rendered":"\n<p>El entrenador argentino <strong>Ramiro D\u00edaz Cuello<\/strong>, oriundo de <strong>Campo Quijano<\/strong>, fue distinguido como <strong>Mejor Entrenador del Torneo U21<\/strong> de la <strong>Liga Profesional de Indonesia<\/strong>, donde su equipo, el <strong>Dewa United Basketball Club<\/strong>, finaliz\u00f3 en el primer lugar de la fase clasificatoria.<\/p>\n\n\n\n<p>Este nuevo reconocimiento internacional llega tras una destacada trayectoria deportiva que comenz\u00f3 en su pueblo natal. Ramiro, de <strong>52 a\u00f1os<\/strong>, inici\u00f3 su camino en el <strong>Sportivo Social Quijano<\/strong>, donde dio sus primeros pasos como jugador. M\u00e1s tarde visti\u00f3 las camisetas de <strong>Luz y Fuerza, 9 de Julio, Libertad, Villa Soledad<\/strong> y <strong>Sargento Cabral<\/strong>, dejando una huella en el b\u00e1squet salte\u00f1o.<\/p>\n\n\n\n<p>A partir de <strong>1994<\/strong> integr\u00f3 la <strong>Selecci\u00f3n de Salta<\/strong>, con la que disput\u00f3 siete torneos argentinos, incluido el que se jug\u00f3 en la provincia. Su talento fue reconocido en tres oportunidades al ser elegido <strong>Mejor Basquetbolista de Salta<\/strong> (1992, 1993 y 2006).<\/p>\n\n\n\n<p>A los <strong>38 a\u00f1os<\/strong>, tras su paso por <strong>Villa San Mart\u00edn de Resistencia (Chaco)<\/strong>, decidi\u00f3 retirarse como jugador y emprender una nueva etapa como entrenador. Dirigi\u00f3 a <strong>Regatas de Resistencia<\/strong>, y luego regres\u00f3 a Salta para sumarse a <strong>Salta Basket<\/strong>, donde se desempe\u00f1\u00f3 como asistente t\u00e9cnico en la <strong>Liga Nacional<\/strong> y como entrenador en la <strong>Liga de Desarrollo<\/strong>.<\/p>\n\n\n\n<p>Su carrera continu\u00f3 en <strong>Atl\u00e9tico Saladas<\/strong> (Corrientes) y <strong>Hind\u00fa Club<\/strong>, donde trabaj\u00f3 durante cinco a\u00f1os. Su experiencia y dedicaci\u00f3n lo llevaron finalmente a recibir una oportunidad internacional: hace aproximadamente un a\u00f1o fue convocado para ser <strong>asistente t\u00e9cnico del Dewa United<\/strong>, equipo con sede en <strong>Tangerang<\/strong>, a unos 20 kil\u00f3metros de Yakarta. Poco despu\u00e9s, asumi\u00f3 como <strong>entrenador principal<\/strong>, conduciendo al equipo al <strong>subcampeonato<\/strong> nacional.<\/p>\n\n\n\n<p>Adem\u00e1s de su labor en el extranjero, D\u00edaz Cuello comparte sus conocimientos dictando en <strong>LG el curso \u201cEl paso cero en el b\u00e1squet\u201d<\/strong>, donde desarrolla en detalle esta regla incorporada por la FIBA que revolucion\u00f3 la din\u00e1mica ofensiva del juego.<\/p>\n\n\n\n<p><strong>Desde Campo Quijano al mundo, Ramiro D\u00edaz Cuello contin\u00faa dejando en alto el nombre del b\u00e1squet salte\u00f1o. \u00a1Felicitaciones!<\/strong><\/p>\n","protected":false},"excerpt":{"rendered":"<p>El entrenador argentino Ramiro D\u00edaz Cuello, oriundo de Campo Quijano, fue distinguido como Mejor Entrenador del Torneo U21 de la Liga Profesional de Indonesia, donde su equipo, el Dewa United Basketball Club, finaliz\u00f3 en el primer lugar de la fase clasificatoria. Este nuevo reconocimiento internacional llega tras una destacada trayectoria deportiva que comenz\u00f3 en su [&hellip;]<\/p>\n","protected":false},"author":8,"featured_media":0,"comment_status":"open","ping_status":"open","sticky":false,"template":"","format":"standard","meta":{"_monsterinsights_skip_tracking":false,"_monsterinsights_sitenote_active":false,"_monsterinsights_sitenote_note":"","_monsterinsights_sitenote_category":0,"footnotes":""},"categories":[16],"tags":[100,1968,1967],"class_list":["post-11453","post","type-post","status-publish","format-standard","hentry","category-noticias","tag-municipio-de-campo-quijano","tag-premiado","tag-ramiro-diaz-cuello"],"yoast_head":"<!-- This site is optimized with the Yoast SEO plugin v20.8 - https:\/\/yoast.com\/wordpress\/plugins\/seo\/ -->\n<title>Ramiro D\u00edaz Cuello, el entrenador quijane\u00f1o premiado en Indonesia - RQ 99.9<\/title>\n<meta name=\"description\" content=\"Desde Campo Quijano al mundo, Ramiro D\u00edaz Cuello contin\u00faa dejando en alto el nombre del b\u00e1squet salte\u00f1o. \u00a1Felicitaciones!\" \/>\n<meta name=\"robots\" content=\"index, follow, max-snippet:-1, max-image-preview:large, max-video-preview:-1\" \/>\n<link rel=\"canonical\" href=\"https:\/\/nahuelproducciones.com.ar\/radioquijano\/ramiro-diaz-cuello-el-entrenador-quijaneno-premiado-en-indonesia\/\" \/>\n<meta property=\"og:locale\" content=\"es_ES\" \/>\n<meta property=\"og:type\" content=\"article\" \/>\n<meta property=\"og:title\" content=\"Ramiro D\u00edaz Cuello, el entrenador quijane\u00f1o premiado en Indonesia - RQ 99.9\" \/>\n<meta property=\"og:description\" content=\"Desde Campo Quijano al mundo, Ramiro D\u00edaz Cuello contin\u00faa dejando en alto el nombre del b\u00e1squet salte\u00f1o. \u00a1Felicitaciones!\" \/>\n<meta property=\"og:url\" content=\"https:\/\/nahuelproducciones.com.ar\/radioquijano\/ramiro-diaz-cuello-el-entrenador-quijaneno-premiado-en-indonesia\/\" \/>\n<meta property=\"og:site_name\" content=\"RQ 99.9\" \/>\n<meta property=\"article:publisher\" content=\"https:\/\/www.facebook.com\/nahuelproducciones999\/\" \/>\n<meta property=\"article:published_time\" content=\"2025-11-07T09:46:27+00:00\" \/>\n<meta property=\"article:modified_time\" content=\"2025-11-07T10:00:12+00:00\" \/>\n<meta property=\"og:image\" content=\"https:\/\/nahuelproducciones.com.ar\/radioquijano\/wp-content\/uploads\/2025\/11\/Publicacion-de-Instagram-de-Motivacion-Diaria-1-e1762509606489.png\" \/>\n\t<meta property=\"og:image:width\" content=\"650\" \/>\n\t<meta property=\"og:image:height\" content=\"650\" \/>\n\t<meta property=\"og:image:type\" content=\"image\/png\" \/>\n<meta name=\"author\" content=\"Cecilia Pastrana\" \/>\n<meta name=\"twitter:card\" content=\"summary_large_image\" \/>\n<meta name=\"twitter:creator\" content=\"@nahuproduciones\" \/>\n<meta name=\"twitter:site\" content=\"@nahuproduciones\" \/>\n<meta name=\"twitter:label1\" content=\"Escrito por\" \/>\n\t<meta name=\"twitter:data1\" content=\"Cecilia Pastrana\" \/>\n\t<meta name=\"twitter:label2\" content=\"Tiempo de lectura\" \/>\n\t<meta name=\"twitter:data2\" content=\"2 minutos\" \/>\n<script type=\"application\/ld+json\" class=\"yoast-schema-graph\">{\"@context\":\"https:\/\/schema.org\",\"@graph\":[{\"@type\":\"WebPage\",\"@id\":\"https:\/\/nahuelproducciones.com.ar\/radioquijano\/ramiro-diaz-cuello-el-entrenador-quijaneno-premiado-en-indonesia\/\",\"url\":\"https:\/\/nahuelproducciones.com.ar\/radioquijano\/ramiro-diaz-cuello-el-entrenador-quijaneno-premiado-en-indonesia\/\",\"name\":\"Ramiro D\u00edaz Cuello, el entrenador quijane\u00f1o premiado en Indonesia - RQ 99.9\",\"isPartOf\":{\"@id\":\"https:\/\/nahuelproducciones.com.ar\/radioquijano\/#website\"},\"datePublished\":\"2025-11-07T09:46:27+00:00\",\"dateModified\":\"2025-11-07T10:00:12+00:00\",\"author\":{\"@id\":\"https:\/\/nahuelproducciones.com.ar\/radioquijano\/#\/schema\/person\/e8a4f939e2cb487fe6d0c54042c9d32c\"},\"description\":\"Desde Campo Quijano al mundo, Ramiro D\u00edaz Cuello contin\u00faa dejando en alto el nombre del b\u00e1squet salte\u00f1o. \u00a1Felicitaciones!\",\"breadcrumb\":{\"@id\":\"https:\/\/nahuelproducciones.com.ar\/radioquijano\/ramiro-diaz-cuello-el-entrenador-quijaneno-premiado-en-indonesia\/#breadcrumb\"},\"inLanguage\":\"es\",\"potentialAction\":[{\"@type\":\"ReadAction\",\"target\":[\"https:\/\/nahuelproducciones.com.ar\/radioquijano\/ramiro-diaz-cuello-el-entrenador-quijaneno-premiado-en-indonesia\/\"]}]},{\"@type\":\"BreadcrumbList\",\"@id\":\"https:\/\/nahuelproducciones.com.ar\/radioquijano\/ramiro-diaz-cuello-el-entrenador-quijaneno-premiado-en-indonesia\/#breadcrumb\",\"itemListElement\":[{\"@type\":\"ListItem\",\"position\":1,\"name\":\"Portada\",\"item\":\"https:\/\/nahuelproducciones.com.ar\/radioquijano\/\"},{\"@type\":\"ListItem\",\"position\":2,\"name\":\"Ramiro D\u00edaz Cuello, el entrenador quijane\u00f1o premiado en Indonesia\"}]},{\"@type\":\"WebSite\",\"@id\":\"https:\/\/nahuelproducciones.com.ar\/radioquijano\/#website\",\"url\":\"https:\/\/nahuelproducciones.com.ar\/radioquijano\/\",\"name\":\"RQ 99.9\",\"description\":\"Radio Quijano 99.9 MHz\",\"potentialAction\":[{\"@type\":\"SearchAction\",\"target\":{\"@type\":\"EntryPoint\",\"urlTemplate\":\"https:\/\/nahuelproducciones.com.ar\/radioquijano\/?s={search_term_string}\"},\"query-input\":\"required name=search_term_string\"}],\"inLanguage\":\"es\"},{\"@type\":\"Person\",\"@id\":\"https:\/\/nahuelproducciones.com.ar\/radioquijano\/#\/schema\/person\/e8a4f939e2cb487fe6d0c54042c9d32c\",\"name\":\"Cecilia Pastrana\",\"image\":{\"@type\":\"ImageObject\",\"inLanguage\":\"es\",\"@id\":\"https:\/\/nahuelproducciones.com.ar\/radioquijano\/#\/schema\/person\/image\/\",\"url\":\"https:\/\/secure.gravatar.com\/avatar\/661a3ef63a8488d4f2794ed44af8cf71420f7e106f3072c40125114df5157749?s=96&d=mm&r=g\",\"contentUrl\":\"https:\/\/secure.gravatar.com\/avatar\/661a3ef63a8488d4f2794ed44af8cf71420f7e106f3072c40125114df5157749?s=96&d=mm&r=g\",\"caption\":\"Cecilia Pastrana\"},\"sameAs\":[\"cecy\"],\"url\":\"https:\/\/nahuelproducciones.com.ar\/radioquijano\/author\/cecy\/\"}]}<\/script>\n<!-- \/ Yoast SEO plugin. -->","yoast_head_json":{"title":"Ramiro D\u00edaz Cuello, el entrenador quijane\u00f1o premiado en Indonesia - RQ 99.9","description":"Desde Campo Quijano al mundo, Ramiro D\u00edaz Cuello contin\u00faa dejando en alto el nombre del b\u00e1squet salte\u00f1o. \u00a1Felicitaciones!","robots":{"index":"index","follow":"follow","max-snippet":"max-snippet:-1","max-image-preview":"max-image-preview:large","max-video-preview":"max-video-preview:-1"},"canonical":"https:\/\/nahuelproducciones.com.ar\/radioquijano\/ramiro-diaz-cuello-el-entrenador-quijaneno-premiado-en-indonesia\/","og_locale":"es_ES","og_type":"article","og_title":"Ramiro D\u00edaz Cuello, el entrenador quijane\u00f1o premiado en Indonesia - RQ 99.9","og_description":"Desde Campo Quijano al mundo, Ramiro D\u00edaz Cuello contin\u00faa dejando en alto el nombre del b\u00e1squet salte\u00f1o. \u00a1Felicitaciones!","og_url":"https:\/\/nahuelproducciones.com.ar\/radioquijano\/ramiro-diaz-cuello-el-entrenador-quijaneno-premiado-en-indonesia\/","og_site_name":"RQ 99.9","article_publisher":"https:\/\/www.facebook.com\/nahuelproducciones999\/","article_published_time":"2025-11-07T09:46:27+00:00","article_modified_time":"2025-11-07T10:00:12+00:00","og_image":[{"width":650,"height":650,"url":"https:\/\/nahuelproducciones.com.ar\/radioquijano\/wp-content\/uploads\/2025\/11\/Publicacion-de-Instagram-de-Motivacion-Diaria-1-e1762509606489.png","type":"image\/png"}],"author":"Cecilia Pastrana","twitter_card":"summary_large_image","twitter_creator":"@nahuproduciones","twitter_site":"@nahuproduciones","twitter_misc":{"Escrito por":"Cecilia Pastrana","Tiempo de lectura":"2 minutos"},"schema":{"@context":"https:\/\/schema.org","@graph":[{"@type":"WebPage","@id":"https:\/\/nahuelproducciones.com.ar\/radioquijano\/ramiro-diaz-cuello-el-entrenador-quijaneno-premiado-en-indonesia\/","url":"https:\/\/nahuelproducciones.com.ar\/radioquijano\/ramiro-diaz-cuello-el-entrenador-quijaneno-premiado-en-indonesia\/","name":"Ramiro D\u00edaz Cuello, el entrenador quijane\u00f1o premiado en Indonesia - RQ 99.9","isPartOf":{"@id":"https:\/\/nahuelproducciones.com.ar\/radioquijano\/#website"},"datePublished":"2025-11-07T09:46:27+00:00","dateModified":"2025-11-07T10:00:12+00:00","author":{"@id":"https:\/\/nahuelproducciones.com.ar\/radioquijano\/#\/schema\/person\/e8a4f939e2cb487fe6d0c54042c9d32c"},"description":"Desde Campo Quijano al mundo, Ramiro D\u00edaz Cuello contin\u00faa dejando en alto el nombre del b\u00e1squet salte\u00f1o. \u00a1Felicitaciones!","breadcrumb":{"@id":"https:\/\/nahuelproducciones.com.ar\/radioquijano\/ramiro-diaz-cuello-el-entrenador-quijaneno-premiado-en-indonesia\/#breadcrumb"},"inLanguage":"es","potentialAction":[{"@type":"ReadAction","target":["https:\/\/nahuelproducciones.com.ar\/radioquijano\/ramiro-diaz-cuello-el-entrenador-quijaneno-premiado-en-indonesia\/"]}]},{"@type":"BreadcrumbList","@id":"https:\/\/nahuelproducciones.com.ar\/radioquijano\/ramiro-diaz-cuello-el-entrenador-quijaneno-premiado-en-indonesia\/#breadcrumb","itemListElement":[{"@type":"ListItem","position":1,"name":"Portada","item":"https:\/\/nahuelproducciones.com.ar\/radioquijano\/"},{"@type":"ListItem","position":2,"name":"Ramiro D\u00edaz Cuello, el entrenador quijane\u00f1o premiado en Indonesia"}]},{"@type":"WebSite","@id":"https:\/\/nahuelproducciones.com.ar\/radioquijano\/#website","url":"https:\/\/nahuelproducciones.com.ar\/radioquijano\/","name":"RQ 99.9","description":"Radio Quijano 99.9 MHz","potentialAction":[{"@type":"SearchAction","target":{"@type":"EntryPoint","urlTemplate":"https:\/\/nahuelproducciones.com.ar\/radioquijano\/?s={search_term_string}"},"query-input":"required name=search_term_string"}],"inLanguage":"es"},{"@type":"Person","@id":"https:\/\/nahuelproducciones.com.ar\/radioquijano\/#\/schema\/person\/e8a4f939e2cb487fe6d0c54042c9d32c","name":"Cecilia Pastrana","image":{"@type":"ImageObject","inLanguage":"es","@id":"https:\/\/nahuelproducciones.com.ar\/radioquijano\/#\/schema\/person\/image\/","url":"https:\/\/secure.gravatar.com\/avatar\/661a3ef63a8488d4f2794ed44af8cf71420f7e106f3072c40125114df5157749?s=96&d=mm&r=g","contentUrl":"https:\/\/secure.gravatar.com\/avatar\/661a3ef63a8488d4f2794ed44af8cf71420f7e106f3072c40125114df5157749?s=96&d=mm&r=g","caption":"Cecilia Pastrana"},"sameAs":["cecy"],"url":"https:\/\/nahuelproducciones.com.ar\/radioquijano\/author\/cecy\/"}]}},"_links":{"self":[{"href":"https:\/\/nahuelproducciones.com.ar\/radioquijano\/wp-json\/wp\/v2\/posts\/11453","targetHints":{"allow":["GET"]}}],"collection":[{"href":"https:\/\/nahuelproducciones.com.ar\/radioquijano\/wp-json\/wp\/v2\/posts"}],"about":[{"href":"https:\/\/nahuelproducciones.com.ar\/radioquijano\/wp-json\/wp\/v2\/types\/post"}],"author":[{"embeddable":true,"href":"https:\/\/nahuelproducciones.com.ar\/radioquijano\/wp-json\/wp\/v2\/users\/8"}],"replies":[{"embeddable":true,"href":"https:\/\/nahuelproducciones.com.ar\/radioquijano\/wp-json\/wp\/v2\/comments?post=11453"}],"version-history":[{"count":1,"href":"https:\/\/nahuelproducciones.com.ar\/radioquijano\/wp-json\/wp\/v2\/posts\/11453\/revisions"}],"predecessor-version":[{"id":11455,"href":"https:\/\/nahuelproducciones.com.ar\/radioquijano\/wp-json\/wp\/v2\/posts\/11453\/revisions\/11455"}],"wp:attachment":[{"href":"https:\/\/nahuelproducciones.com.ar\/radioquijano\/wp-json\/wp\/v2\/media?parent=11453"}],"wp:term":[{"taxonomy":"category","embeddable":true,"href":"https:\/\/nahuelproducciones.com.ar\/radioquijano\/wp-json\/wp\/v2\/categories?post=11453"},{"taxonomy":"post_tag","embeddable":true,"href":"https:\/\/nahuelproducciones.com.ar\/radioquijano\/wp-json\/wp\/v2\/tags?post=11453"}],"curies":[{"name":"wp","href":"https:\/\/api.w.org\/{rel}","templated":true}]}}