{"id":11462,"date":"2025-11-07T21:38:11","date_gmt":"2025-11-08T00:38:11","guid":{"rendered":"https:\/\/nahuelproducciones.com.ar\/radioquijano\/?p=11462"},"modified":"2025-11-09T01:17:09","modified_gmt":"2025-11-09T04:17:09","slug":"el-municipio-recauda-mas-pero-presupuesta-menos-preocupacion-por-la-gestion-financiera-en-quijano","status":"publish","type":"post","link":"https:\/\/nahuelproducciones.com.ar\/radioquijano\/el-municipio-recauda-mas-pero-presupuesta-menos-preocupacion-por-la-gestion-financiera-en-quijano\/","title":{"rendered":"El municipio recauda m\u00e1s, pero presupuesta menos: preocupaci\u00f3n por la gesti\u00f3n financiera en Quijano."},"content":{"rendered":"\n<p>El intendente <strong>Lino Yonar<\/strong> envi\u00f3 al <strong>Concejo Deliberante de Campo Quijano<\/strong> una nota fechada el <strong>31 de octubre de 2025<\/strong>, en la que <strong>solicita una pr\u00f3rroga para presentar el proyecto de Presupuesto 2026<\/strong>, que deb\u00eda ingresar antes de esa fecha seg\u00fan las normas municipales.<br>Mientras tanto, el Ejecutivo <strong>contin\u00faa administrando con el presupuesto prorrogado del a\u00f1o 2023<\/strong>, ya que el <strong>Presupuesto 2025 a\u00fan no fue aprobado<\/strong>.<\/p>\n\n\n\n<p>La situaci\u00f3n genera <strong>preocupaci\u00f3n institucional y pol\u00edtica<\/strong>, porque el municipio lleva <strong>dos a\u00f1os sin presupuesto actualizado<\/strong>, lo que impide reflejar la inflaci\u00f3n, las nuevas prioridades de gesti\u00f3n y el verdadero nivel de ingresos y gastos.<\/p>\n\n\n\n<p>En paralelo, el Ejecutivo remiti\u00f3 los <strong>informes de ejecuci\u00f3n presupuestaria correspondientes al primer y segundo trimestre de 2025<\/strong>, donde se observan <strong>importantes diferencias entre lo presupuestado y lo efectivamente recaudado<\/strong>, seg\u00fan explic\u00f3 el exconcejal <strong>Ariel Gallardo<\/strong> en di\u00e1logo con <strong>Radio Quijano<\/strong>.<\/p>\n\n\n\n<p>Gallardo detall\u00f3 que los tributos municipales muestran <strong>una recaudaci\u00f3n muy superior a la prevista<\/strong> en el proyecto de presupuesto 2025:<\/p>\n\n\n\n<ul class=\"wp-block-list\">\n<li>El <strong>impuesto automotor<\/strong> en la <strong>Cuenta General 2024<\/strong> fue de <strong>$177 millones<\/strong>, mientras que el <strong>Presupuesto 2025<\/strong> estima solo <strong>$143 millones<\/strong>.<br>La <strong>Ejecuci\u00f3n Presupuestaria del segundo trimestre de 2025<\/strong> ya registra <strong>$62 millones<\/strong>, lo que proyectado al cierre del a\u00f1o podr\u00eda alcanzar <strong>$250 millones<\/strong>.<\/li>\n\n\n\n<li>En el <strong>impuesto inmobiliario<\/strong>, la <strong>Cuenta General 2024<\/strong> registr\u00f3 <strong>$54 millones<\/strong>, y el <strong>Presupuesto 2025<\/strong> prev\u00e9 apenas <strong>$47 millones<\/strong>, aunque en el primer semestre ya se recaudaron <strong>$48 millones<\/strong>, lo que podr\u00eda cerrar en <strong>$200 millones<\/strong>.<\/li>\n\n\n\n<li>En la <strong>tasa de higiene y limpieza<\/strong>, los n\u00fameros tambi\u00e9n son llamativos: <strong>$74 millones en 2024<\/strong>, <strong>$64 millones presupuestados para 2025<\/strong>, y una ejecuci\u00f3n de <strong>$65 millones al segundo trimestre<\/strong>, lo que proyectado superar\u00eda los <strong>$250 millones<\/strong> anuales.<\/li>\n<\/ul>\n\n\n\n<blockquote class=\"wp-block-quote is-layout-flow wp-block-quote-is-layout-flow\">\n<p>\u201cEl municipio recauda m\u00e1s de lo que presupuesta. No se trata de un simple error, sino de una subestimaci\u00f3n que afecta la transparencia del manejo de los fondos p\u00fablicos\u201d, se\u00f1al\u00f3 Gallardo.<br>\u201cY no solo se trata de que se subpresupuestan los ingresos, sino que <strong>tampoco se sabe cu\u00e1l es el destino del excedente<\/strong> de la recaudaci\u00f3n de las tasas e impuestos que pagan los contribuyentes\u201d, agreg\u00f3.<\/p>\n<\/blockquote>\n\n\n\n<p>El exconcejal tambi\u00e9n record\u00f3 que el Ejecutivo <strong>no envi\u00f3 al Concejo las altas y bajas del personal municipal<\/strong>, lo que impide conocer la evoluci\u00f3n de la planta de empleados y el gasto salarial.<\/p>\n\n\n\n<p>Adem\u00e1s, seg\u00fan el <strong>informe del primer semestre<\/strong>, la <strong>Provincia transfiri\u00f3 $145 millones<\/strong> al municipio en el marco del <strong>convenio con el Ministerio de Educaci\u00f3n para refacciones escolares<\/strong>, pero el Ejecutivo <strong>solo ejecut\u00f3 $97 millones<\/strong>, lo que deja <strong>fondos sin utilizar o sin rendir p\u00fablicamente<\/strong>.<\/p>\n\n\n\n<h3 class=\"wp-block-heading\"><strong>Preocupaci\u00f3n instituciona<\/strong>l<\/h3>\n\n\n\n<p>Si el Concejo Deliberante aprueba la pr\u00f3rroga solicitada por el Ejecutivo, el intendente <strong>tendr\u00e1 m\u00e1s tiempo para presentar el Presupuesto 2026<\/strong>, pero <strong>Campo Quijano seguir\u00e1 funcionando con el presupuesto prorrogado de 2023<\/strong>, sin debate ni actualizaci\u00f3n.<\/p>\n\n\n\n<p>Aunque la medida evita un vac\u00edo administrativo, <strong>prolonga una situaci\u00f3n de opacidad y debilita el control pol\u00edtico<\/strong> sobre la gesti\u00f3n econ\u00f3mica local.<\/p>\n\n\n\n<blockquote class=\"wp-block-quote is-layout-flow wp-block-quote-is-layout-flow\">\n<p>\u201cControlar no es oponerse \u2014afirm\u00f3 Gallardo\u2014. Revisar los n\u00fameros es cuidar los recursos del pueblo. Si el presupuesto no se presenta ni se discute, la transparencia y la democracia local quedan en deuda.\u201d<\/p>\n<\/blockquote>\n\n\n\n<p>Escucha la entrevista:<\/p>\n\n\n\n<figure class=\"wp-block-audio\"><audio controls src=\"https:\/\/nahuelproducciones.com.ar\/radioquijano\/wp-content\/uploads\/2025\/11\/7-de-noviembre-ARIEL-GALLARDO-EXCONCEJAL-TEMA-PRESUPUESTO-DEL-EJECUTIVO-YONAR.mp3\"><\/audio><\/figure>\n","protected":false},"excerpt":{"rendered":"<p>El intendente Lino Yonar envi\u00f3 al Concejo Deliberante de Campo Quijano una nota fechada el 31 de octubre de 2025, en la que solicita una pr\u00f3rroga para presentar el proyecto de Presupuesto 2026, que deb\u00eda ingresar antes de esa fecha seg\u00fan las normas municipales.Mientras tanto, el Ejecutivo contin\u00faa administrando con el presupuesto prorrogado del a\u00f1o [&hellip;]<\/p>\n","protected":false},"author":8,"featured_media":11355,"comment_status":"open","ping_status":"open","sticky":false,"template":"","format":"standard","meta":{"_monsterinsights_skip_tracking":false,"_monsterinsights_sitenote_active":false,"_monsterinsights_sitenote_note":"","_monsterinsights_sitenote_category":0,"footnotes":""},"categories":[16],"tags":[73,75,63,100],"class_list":["post-11462","post","type-post","status-publish","format-standard","has-post-thumbnail","hentry","category-noticias","tag-ariel-gallardo","tag-concejo-deliberante-de-campo-quijano","tag-lino-yonar","tag-municipio-de-campo-quijano"],"yoast_head":"<!-- This site is optimized with the Yoast SEO plugin v20.8 - https:\/\/yoast.com\/wordpress\/plugins\/seo\/ -->\n<title>El municipio recauda m\u00e1s, pero presupuesta menos: preocupaci\u00f3n por la gesti\u00f3n financiera en Quijano. - RQ 99.9<\/title>\n<meta name=\"description\" content=\"Si el presupuesto no se presenta ni se discute, la transparencia y la democracia local quedan en deuda.\" \/>\n<meta name=\"robots\" content=\"index, follow, max-snippet:-1, max-image-preview:large, max-video-preview:-1\" \/>\n<link rel=\"canonical\" href=\"https:\/\/nahuelproducciones.com.ar\/radioquijano\/el-municipio-recauda-mas-pero-presupuesta-menos-preocupacion-por-la-gestion-financiera-en-quijano\/\" \/>\n<meta property=\"og:locale\" content=\"es_ES\" \/>\n<meta property=\"og:type\" content=\"article\" \/>\n<meta property=\"og:title\" content=\"El municipio recauda m\u00e1s, pero presupuesta menos: preocupaci\u00f3n por la gesti\u00f3n financiera en Quijano. - RQ 99.9\" \/>\n<meta property=\"og:description\" content=\"Si el presupuesto no se presenta ni se discute, la transparencia y la democracia local quedan en deuda.\" \/>\n<meta property=\"og:url\" content=\"https:\/\/nahuelproducciones.com.ar\/radioquijano\/el-municipio-recauda-mas-pero-presupuesta-menos-preocupacion-por-la-gestion-financiera-en-quijano\/\" \/>\n<meta property=\"og:site_name\" content=\"RQ 99.9\" \/>\n<meta property=\"article:publisher\" content=\"https:\/\/www.facebook.com\/nahuelproducciones999\/\" \/>\n<meta property=\"article:published_time\" content=\"2025-11-08T00:38:11+00:00\" \/>\n<meta property=\"article:modified_time\" content=\"2025-11-09T04:17:09+00:00\" \/>\n<meta property=\"og:image\" content=\"https:\/\/nahuelproducciones.com.ar\/radioquijano\/wp-content\/uploads\/2025\/10\/Post-Instagram-Frase-Primavera-Collage-Aesthetic-Minimalista-1-1-e1761188401100.png\" \/>\n\t<meta property=\"og:image:width\" content=\"700\" \/>\n\t<meta property=\"og:image:height\" content=\"700\" \/>\n\t<meta property=\"og:image:type\" content=\"image\/png\" \/>\n<meta name=\"author\" content=\"Cecilia Pastrana\" \/>\n<meta name=\"twitter:card\" content=\"summary_large_image\" \/>\n<meta name=\"twitter:creator\" content=\"@nahuproduciones\" \/>\n<meta name=\"twitter:site\" content=\"@nahuproduciones\" \/>\n<meta name=\"twitter:label1\" content=\"Escrito por\" \/>\n\t<meta name=\"twitter:data1\" content=\"Cecilia Pastrana\" \/>\n\t<meta name=\"twitter:label2\" content=\"Tiempo de lectura\" \/>\n\t<meta name=\"twitter:data2\" content=\"3 minutos\" \/>\n<script type=\"application\/ld+json\" class=\"yoast-schema-graph\">{\"@context\":\"https:\/\/schema.org\",\"@graph\":[{\"@type\":\"WebPage\",\"@id\":\"https:\/\/nahuelproducciones.com.ar\/radioquijano\/el-municipio-recauda-mas-pero-presupuesta-menos-preocupacion-por-la-gestion-financiera-en-quijano\/\",\"url\":\"https:\/\/nahuelproducciones.com.ar\/radioquijano\/el-municipio-recauda-mas-pero-presupuesta-menos-preocupacion-por-la-gestion-financiera-en-quijano\/\",\"name\":\"El municipio recauda m\u00e1s, pero presupuesta menos: preocupaci\u00f3n por la gesti\u00f3n financiera en Quijano. - RQ 99.9\",\"isPartOf\":{\"@id\":\"https:\/\/nahuelproducciones.com.ar\/radioquijano\/#website\"},\"datePublished\":\"2025-11-08T00:38:11+00:00\",\"dateModified\":\"2025-11-09T04:17:09+00:00\",\"author\":{\"@id\":\"https:\/\/nahuelproducciones.com.ar\/radioquijano\/#\/schema\/person\/e8a4f939e2cb487fe6d0c54042c9d32c\"},\"description\":\"Si el presupuesto no se presenta ni se discute, la transparencia y la democracia local quedan en deuda.\",\"breadcrumb\":{\"@id\":\"https:\/\/nahuelproducciones.com.ar\/radioquijano\/el-municipio-recauda-mas-pero-presupuesta-menos-preocupacion-por-la-gestion-financiera-en-quijano\/#breadcrumb\"},\"inLanguage\":\"es\",\"potentialAction\":[{\"@type\":\"ReadAction\",\"target\":[\"https:\/\/nahuelproducciones.com.ar\/radioquijano\/el-municipio-recauda-mas-pero-presupuesta-menos-preocupacion-por-la-gestion-financiera-en-quijano\/\"]}]},{\"@type\":\"BreadcrumbList\",\"@id\":\"https:\/\/nahuelproducciones.com.ar\/radioquijano\/el-municipio-recauda-mas-pero-presupuesta-menos-preocupacion-por-la-gestion-financiera-en-quijano\/#breadcrumb\",\"itemListElement\":[{\"@type\":\"ListItem\",\"position\":1,\"name\":\"Portada\",\"item\":\"https:\/\/nahuelproducciones.com.ar\/radioquijano\/\"},{\"@type\":\"ListItem\",\"position\":2,\"name\":\"El municipio recauda m\u00e1s, pero presupuesta menos: preocupaci\u00f3n por la gesti\u00f3n financiera en Quijano.\"}]},{\"@type\":\"WebSite\",\"@id\":\"https:\/\/nahuelproducciones.com.ar\/radioquijano\/#website\",\"url\":\"https:\/\/nahuelproducciones.com.ar\/radioquijano\/\",\"name\":\"RQ 99.9\",\"description\":\"Radio Quijano 99.9 MHz\",\"potentialAction\":[{\"@type\":\"SearchAction\",\"target\":{\"@type\":\"EntryPoint\",\"urlTemplate\":\"https:\/\/nahuelproducciones.com.ar\/radioquijano\/?s={search_term_string}\"},\"query-input\":\"required name=search_term_string\"}],\"inLanguage\":\"es\"},{\"@type\":\"Person\",\"@id\":\"https:\/\/nahuelproducciones.com.ar\/radioquijano\/#\/schema\/person\/e8a4f939e2cb487fe6d0c54042c9d32c\",\"name\":\"Cecilia Pastrana\",\"image\":{\"@type\":\"ImageObject\",\"inLanguage\":\"es\",\"@id\":\"https:\/\/nahuelproducciones.com.ar\/radioquijano\/#\/schema\/person\/image\/\",\"url\":\"https:\/\/secure.gravatar.com\/avatar\/661a3ef63a8488d4f2794ed44af8cf71420f7e106f3072c40125114df5157749?s=96&d=mm&r=g\",\"contentUrl\":\"https:\/\/secure.gravatar.com\/avatar\/661a3ef63a8488d4f2794ed44af8cf71420f7e106f3072c40125114df5157749?s=96&d=mm&r=g\",\"caption\":\"Cecilia Pastrana\"},\"sameAs\":[\"cecy\"],\"url\":\"https:\/\/nahuelproducciones.com.ar\/radioquijano\/author\/cecy\/\"}]}<\/script>\n<!-- \/ Yoast SEO plugin. -->","yoast_head_json":{"title":"El municipio recauda m\u00e1s, pero presupuesta menos: preocupaci\u00f3n por la gesti\u00f3n financiera en Quijano. - RQ 99.9","description":"Si el presupuesto no se presenta ni se discute, la transparencia y la democracia local quedan en deuda.","robots":{"index":"index","follow":"follow","max-snippet":"max-snippet:-1","max-image-preview":"max-image-preview:large","max-video-preview":"max-video-preview:-1"},"canonical":"https:\/\/nahuelproducciones.com.ar\/radioquijano\/el-municipio-recauda-mas-pero-presupuesta-menos-preocupacion-por-la-gestion-financiera-en-quijano\/","og_locale":"es_ES","og_type":"article","og_title":"El municipio recauda m\u00e1s, pero presupuesta menos: preocupaci\u00f3n por la gesti\u00f3n financiera en Quijano. - RQ 99.9","og_description":"Si el presupuesto no se presenta ni se discute, la transparencia y la democracia local quedan en deuda.","og_url":"https:\/\/nahuelproducciones.com.ar\/radioquijano\/el-municipio-recauda-mas-pero-presupuesta-menos-preocupacion-por-la-gestion-financiera-en-quijano\/","og_site_name":"RQ 99.9","article_publisher":"https:\/\/www.facebook.com\/nahuelproducciones999\/","article_published_time":"2025-11-08T00:38:11+00:00","article_modified_time":"2025-11-09T04:17:09+00:00","og_image":[{"width":700,"height":700,"url":"https:\/\/nahuelproducciones.com.ar\/radioquijano\/wp-content\/uploads\/2025\/10\/Post-Instagram-Frase-Primavera-Collage-Aesthetic-Minimalista-1-1-e1761188401100.png","type":"image\/png"}],"author":"Cecilia Pastrana","twitter_card":"summary_large_image","twitter_creator":"@nahuproduciones","twitter_site":"@nahuproduciones","twitter_misc":{"Escrito por":"Cecilia Pastrana","Tiempo de lectura":"3 minutos"},"schema":{"@context":"https:\/\/schema.org","@graph":[{"@type":"WebPage","@id":"https:\/\/nahuelproducciones.com.ar\/radioquijano\/el-municipio-recauda-mas-pero-presupuesta-menos-preocupacion-por-la-gestion-financiera-en-quijano\/","url":"https:\/\/nahuelproducciones.com.ar\/radioquijano\/el-municipio-recauda-mas-pero-presupuesta-menos-preocupacion-por-la-gestion-financiera-en-quijano\/","name":"El municipio recauda m\u00e1s, pero presupuesta menos: preocupaci\u00f3n por la gesti\u00f3n financiera en Quijano. - RQ 99.9","isPartOf":{"@id":"https:\/\/nahuelproducciones.com.ar\/radioquijano\/#website"},"datePublished":"2025-11-08T00:38:11+00:00","dateModified":"2025-11-09T04:17:09+00:00","author":{"@id":"https:\/\/nahuelproducciones.com.ar\/radioquijano\/#\/schema\/person\/e8a4f939e2cb487fe6d0c54042c9d32c"},"description":"Si el presupuesto no se presenta ni se discute, la transparencia y la democracia local quedan en deuda.","breadcrumb":{"@id":"https:\/\/nahuelproducciones.com.ar\/radioquijano\/el-municipio-recauda-mas-pero-presupuesta-menos-preocupacion-por-la-gestion-financiera-en-quijano\/#breadcrumb"},"inLanguage":"es","potentialAction":[{"@type":"ReadAction","target":["https:\/\/nahuelproducciones.com.ar\/radioquijano\/el-municipio-recauda-mas-pero-presupuesta-menos-preocupacion-por-la-gestion-financiera-en-quijano\/"]}]},{"@type":"BreadcrumbList","@id":"https:\/\/nahuelproducciones.com.ar\/radioquijano\/el-municipio-recauda-mas-pero-presupuesta-menos-preocupacion-por-la-gestion-financiera-en-quijano\/#breadcrumb","itemListElement":[{"@type":"ListItem","position":1,"name":"Portada","item":"https:\/\/nahuelproducciones.com.ar\/radioquijano\/"},{"@type":"ListItem","position":2,"name":"El municipio recauda m\u00e1s, pero presupuesta menos: preocupaci\u00f3n por la gesti\u00f3n financiera en Quijano."}]},{"@type":"WebSite","@id":"https:\/\/nahuelproducciones.com.ar\/radioquijano\/#website","url":"https:\/\/nahuelproducciones.com.ar\/radioquijano\/","name":"RQ 99.9","description":"Radio Quijano 99.9 MHz","potentialAction":[{"@type":"SearchAction","target":{"@type":"EntryPoint","urlTemplate":"https:\/\/nahuelproducciones.com.ar\/radioquijano\/?s={search_term_string}"},"query-input":"required name=search_term_string"}],"inLanguage":"es"},{"@type":"Person","@id":"https:\/\/nahuelproducciones.com.ar\/radioquijano\/#\/schema\/person\/e8a4f939e2cb487fe6d0c54042c9d32c","name":"Cecilia Pastrana","image":{"@type":"ImageObject","inLanguage":"es","@id":"https:\/\/nahuelproducciones.com.ar\/radioquijano\/#\/schema\/person\/image\/","url":"https:\/\/secure.gravatar.com\/avatar\/661a3ef63a8488d4f2794ed44af8cf71420f7e106f3072c40125114df5157749?s=96&d=mm&r=g","contentUrl":"https:\/\/secure.gravatar.com\/avatar\/661a3ef63a8488d4f2794ed44af8cf71420f7e106f3072c40125114df5157749?s=96&d=mm&r=g","caption":"Cecilia Pastrana"},"sameAs":["cecy"],"url":"https:\/\/nahuelproducciones.com.ar\/radioquijano\/author\/cecy\/"}]}},"_links":{"self":[{"href":"https:\/\/nahuelproducciones.com.ar\/radioquijano\/wp-json\/wp\/v2\/posts\/11462","targetHints":{"allow":["GET"]}}],"collection":[{"href":"https:\/\/nahuelproducciones.com.ar\/radioquijano\/wp-json\/wp\/v2\/posts"}],"about":[{"href":"https:\/\/nahuelproducciones.com.ar\/radioquijano\/wp-json\/wp\/v2\/types\/post"}],"author":[{"embeddable":true,"href":"https:\/\/nahuelproducciones.com.ar\/radioquijano\/wp-json\/wp\/v2\/users\/8"}],"replies":[{"embeddable":true,"href":"https:\/\/nahuelproducciones.com.ar\/radioquijano\/wp-json\/wp\/v2\/comments?post=11462"}],"version-history":[{"count":4,"href":"https:\/\/nahuelproducciones.com.ar\/radioquijano\/wp-json\/wp\/v2\/posts\/11462\/revisions"}],"predecessor-version":[{"id":11488,"href":"https:\/\/nahuelproducciones.com.ar\/radioquijano\/wp-json\/wp\/v2\/posts\/11462\/revisions\/11488"}],"wp:featuredmedia":[{"embeddable":true,"href":"https:\/\/nahuelproducciones.com.ar\/radioquijano\/wp-json\/wp\/v2\/media\/11355"}],"wp:attachment":[{"href":"https:\/\/nahuelproducciones.com.ar\/radioquijano\/wp-json\/wp\/v2\/media?parent=11462"}],"wp:term":[{"taxonomy":"category","embeddable":true,"href":"https:\/\/nahuelproducciones.com.ar\/radioquijano\/wp-json\/wp\/v2\/categories?post=11462"},{"taxonomy":"post_tag","embeddable":true,"href":"https:\/\/nahuelproducciones.com.ar\/radioquijano\/wp-json\/wp\/v2\/tags?post=11462"}],"curies":[{"name":"wp","href":"https:\/\/api.w.org\/{rel}","templated":true}]}}