{"id":1152,"date":"2021-07-02T01:39:41","date_gmt":"2021-07-02T04:39:41","guid":{"rendered":"https:\/\/nahuelproducciones.com.ar\/radioquijano\/?p=1152"},"modified":"2021-07-02T01:57:27","modified_gmt":"2021-07-02T04:57:27","slug":"suspenden-el-remate-del-club-union-huaytiquina-y-tendra-audiencia-de-conciliacion-el-8-de-julio-a-hs-0900","status":"publish","type":"post","link":"https:\/\/nahuelproducciones.com.ar\/radioquijano\/suspenden-el-remate-del-club-union-huaytiquina-y-tendra-audiencia-de-conciliacion-el-8-de-julio-a-hs-0900\/","title":{"rendered":"Suspenden el remate del Club Uni\u00f3n Huaytiquina y tendr\u00e1 audiencia de conciliaci\u00f3n el 8 de julio a Hs. 09:00."},"content":{"rendered":"\n<p>La Presidente del Club Uni\u00f3n Huaytiquina Norma Alejandra L\u00f3pez, confirm\u00f3 a RQ99.9Mhz que en la ma\u00f1ana de ayer se aperson\u00f3 con el abogado representante de la instituci\u00f3n y asesor\u00a0 legal del Intendente del Municipio de Campo Quijano, el Dr. Rodrigo Palazzo al juzgado y solicitaron que se postergue el remate y solicitaron una conciliaci\u00f3n con el Dr. Ramiro Ulivarri.<\/p>\n\n\n\n<p>El remate estaba programado &nbsp;por la causa caratulada \u00abULIVARRI, RAMIRO VS. CLUB UNI\u00d3N HUAYTIQUINA S\/EJEC. DE HONORARIOS &#8211; EXPTE. N\u00b0 637.222\/18\u00bb.<\/p>\n\n\n\n<p>Atento a lo solicitado y teniendo en cuenta que no obra en autos constancia del diligenciamiento de la notificaci\u00f3n del auto de venta y fecha de la subasta en el domicilio real del Club Uni\u00f3n Huaytiquina, SUSPENDASE LA SUBASTA fijada para el 02\/07\/21 y F\u00cdJASE FECHA DE AUDIENCIA, para el d\u00eda 08\/07\/21, a Hs. 09:00, a fin de que comparezcan el Dr. Ramiro Ulivarri y la Sra. Norma Adriana L\u00f3pez, acompa\u00f1ada de su letrado.<\/p>\n\n\n\n<p>Huaytiquina est\u00e1 frente a un embargo por un litigio que se plante\u00f3 hace muchos a\u00f1os atr\u00e1s, una situaci\u00f3n que enfrent\u00f3 a Jorge Figueroa y a Oscar Francisco Rios (Chochi), cuando ambos disputaban la presidencia del club y con la justicia quer\u00edan dilucidar el tema.La sentencia resulto favorable a Figueroa<\/p>\n\n\n\n<p>Los letrados de ambas partes quisieron cobrar en su momento, sus honorarios \u00a0pero tanto \u00a0Figueroa como R\u00edos hab\u00edan cambiado la titularidad de sus bienes por lo tanto, el cobro recay\u00f3 en la instituci\u00f3n. La actual comisi\u00f3n Directiva del Club no logro gestionar el pago y la inacci\u00f3n llevo a el panorama critico que hoy est\u00e1n atravesando. <\/p>\n\n\n\n<p>Vecinos, amigos, simpatizantes y exjugadores enterados de la fecha de la subasta estuvieron buscando la forma de recaudar dinero y colaborar con el verde y\u00a0 aun sabiendo que se suspendi\u00f3, seguir\u00e1n con las urnas y elCBU para ganar el tiempo perdido y tener los recursos si se lo necesita.<\/p>\n\n\n\n<p>En el comunicado oficial del Club, en su muro de Facebook publica lo siguiente:<\/p>\n\n\n\n<p><a href=\"https:\/\/www.facebook.com\/1552321388349138\/photos\/a.1568959310018679\/2908361122745151\" target=\"_blank\" rel=\"noreferrer noopener\">Club Uni\u00f3n Huaytiquina 1921 &#8211; Oficial<\/a><\/p>\n\n\n\n<p>COMUNICADO OFICIAL<\/p>\n\n\n\n<p>Hoy con nuestro representante legal Rodrigo Palazzo se logra suspender el remate que estaba previsto para ma\u00f1ana.<\/p>\n\n\n\n<p>Con el compromiso junto al Intendente Carlos Folloni, al Diputado Lino Yonar y el Senador Ramos, dimos este gran paso de salvaguardar nuestro Club.<\/p>\n\n\n\n<p>Se viene haciendo un trabajo minucioso en relaci\u00f3n a este problema que asumimos de gestiones anteriores NO DESDE AYER sino desde que nos enteramos que el Sr. Ulivarri quiere parte de la instituci\u00f3n, y vamos a luchar incansablemente para que esto no sea as\u00ed.<\/p>\n\n\n\n<p>Como as\u00ed tambi\u00e9n agradecer a todos aquellos que est\u00e1n aportando econ\u00f3micamente para sumar.<\/p>\n\n\n\n<p>La Comisi\u00f3n Directiva<\/p>\n\n\n\n<p>#elverdesomostodos<\/p>\n\n\n\n<p><strong>Solo resta esperar lo que resulte de la conciliaci\u00f3n y que sea beneficioso para una instituci\u00f3n que el pr\u00f3ximo 12 de octubre cumplir\u00e1 los 100 a\u00f1os<\/strong>.<\/p>\n\n\n\n<p><a href=\"https:\/\/nahuelproducciones.com.ar\/\" target=\"_blank\" rel=\"noreferrer noopener\">#RQ99.9Mhz<\/a>  <a href=\"https:\/\/www.facebook.com\/Radio-Quijano-999-102294874524832\/?ref=pages_you_manage\" target=\"_blank\" rel=\"noreferrer noopener\">Campo Quijano<\/a><\/p>\n\n\n\n<p><\/p>\n\n\n\n<p><\/p>\n\n\n\n<figure class=\"wp-block-image size-large is-resized\"><img loading=\"lazy\" decoding=\"async\" src=\"https:\/\/nahuelproducciones.com.ar\/radioquijano\/wp-content\/uploads\/2021\/07\/remate-cuh.jpg\" alt=\"\" class=\"wp-image-1156\" width=\"549\" height=\"976\" srcset=\"https:\/\/nahuelproducciones.com.ar\/radioquijano\/wp-content\/uploads\/2021\/07\/remate-cuh.jpg 540w, https:\/\/nahuelproducciones.com.ar\/radioquijano\/wp-content\/uploads\/2021\/07\/remate-cuh-169x300.jpg 169w, https:\/\/nahuelproducciones.com.ar\/radioquijano\/wp-content\/uploads\/2021\/07\/remate-cuh-150x267.jpg 150w\" sizes=\"auto, (max-width: 549px) 100vw, 549px\" \/><\/figure>\n\n\n\n<p><\/p>\n","protected":false},"excerpt":{"rendered":"<p>La Presidente del Club Uni\u00f3n Huaytiquina Norma Alejandra L\u00f3pez, confirm\u00f3 a RQ99.9Mhz que en la ma\u00f1ana de ayer se aperson\u00f3 con el abogado representante de la instituci\u00f3n y asesor\u00a0 legal del Intendente del Municipio de Campo Quijano, el Dr. Rodrigo Palazzo al juzgado y solicitaron que se postergue el remate y solicitaron una conciliaci\u00f3n con [&hellip;]<\/p>\n","protected":false},"author":8,"featured_media":1153,"comment_status":"open","ping_status":"open","sticky":false,"template":"","format":"standard","meta":{"_monsterinsights_skip_tracking":false,"_monsterinsights_sitenote_active":false,"_monsterinsights_sitenote_note":"","_monsterinsights_sitenote_category":0,"footnotes":""},"categories":[16],"tags":[36,116,119,117,118,120],"class_list":["post-1152","post","type-post","status-publish","format-standard","has-post-thumbnail","hentry","category-noticias","tag-campo-quijano","tag-club-union-huaytiquina","tag-conciliacion","tag-dr-ramiro-ulivarrr","tag-remate-a-huaytiquina","tag-suspenden-remate"],"yoast_head":"<!-- This site is optimized with the Yoast SEO plugin v20.8 - https:\/\/yoast.com\/wordpress\/plugins\/seo\/ -->\n<title>Suspenden el remate del Club Uni\u00f3n Huaytiquina y tendr\u00e1 audiencia de conciliaci\u00f3n el 8 de julio a Hs. 09:00. - RQ 99.9<\/title>\n<meta name=\"description\" content=\"Deber\u00e1 comparecer el Dr. Ramiro Ulivarri y la Sra. Norma Adriana L\u00f3pez, acompa\u00f1ada de su letrado.\" \/>\n<meta name=\"robots\" content=\"index, follow, max-snippet:-1, max-image-preview:large, max-video-preview:-1\" \/>\n<link rel=\"canonical\" href=\"https:\/\/nahuelproducciones.com.ar\/radioquijano\/suspenden-el-remate-del-club-union-huaytiquina-y-tendra-audiencia-de-conciliacion-el-8-de-julio-a-hs-0900\/\" \/>\n<meta property=\"og:locale\" content=\"es_ES\" \/>\n<meta property=\"og:type\" content=\"article\" \/>\n<meta property=\"og:title\" content=\"Suspenden el remate del Club Uni\u00f3n Huaytiquina y tendr\u00e1 audiencia de conciliaci\u00f3n el 8 de julio a Hs. 09:00. - RQ 99.9\" \/>\n<meta property=\"og:description\" content=\"Deber\u00e1 comparecer el Dr. Ramiro Ulivarri y la Sra. Norma Adriana L\u00f3pez, acompa\u00f1ada de su letrado.\" \/>\n<meta property=\"og:url\" content=\"https:\/\/nahuelproducciones.com.ar\/radioquijano\/suspenden-el-remate-del-club-union-huaytiquina-y-tendra-audiencia-de-conciliacion-el-8-de-julio-a-hs-0900\/\" \/>\n<meta property=\"og:site_name\" content=\"RQ 99.9\" \/>\n<meta property=\"article:publisher\" content=\"https:\/\/www.facebook.com\/nahuelproducciones999\/\" \/>\n<meta property=\"article:published_time\" content=\"2021-07-02T04:39:41+00:00\" \/>\n<meta property=\"article:modified_time\" content=\"2021-07-02T04:57:27+00:00\" \/>\n<meta property=\"og:image\" content=\"https:\/\/nahuelproducciones.com.ar\/radioquijano\/wp-content\/uploads\/2021\/07\/conciliacion-8-de-julio-9hs-huaytiquina-ulivarri.jpg\" \/>\n\t<meta property=\"og:image:width\" content=\"524\" \/>\n\t<meta property=\"og:image:height\" content=\"600\" \/>\n\t<meta property=\"og:image:type\" content=\"image\/jpeg\" \/>\n<meta name=\"author\" content=\"Cecilia Pastrana\" \/>\n<meta name=\"twitter:card\" content=\"summary_large_image\" \/>\n<meta name=\"twitter:creator\" content=\"@nahuproduciones\" \/>\n<meta name=\"twitter:site\" content=\"@nahuproduciones\" \/>\n<meta name=\"twitter:label1\" content=\"Escrito por\" \/>\n\t<meta name=\"twitter:data1\" content=\"Cecilia Pastrana\" \/>\n\t<meta name=\"twitter:label2\" content=\"Tiempo de lectura\" \/>\n\t<meta name=\"twitter:data2\" content=\"3 minutos\" \/>\n<script type=\"application\/ld+json\" class=\"yoast-schema-graph\">{\"@context\":\"https:\/\/schema.org\",\"@graph\":[{\"@type\":\"WebPage\",\"@id\":\"https:\/\/nahuelproducciones.com.ar\/radioquijano\/suspenden-el-remate-del-club-union-huaytiquina-y-tendra-audiencia-de-conciliacion-el-8-de-julio-a-hs-0900\/\",\"url\":\"https:\/\/nahuelproducciones.com.ar\/radioquijano\/suspenden-el-remate-del-club-union-huaytiquina-y-tendra-audiencia-de-conciliacion-el-8-de-julio-a-hs-0900\/\",\"name\":\"Suspenden el remate del Club Uni\u00f3n Huaytiquina y tendr\u00e1 audiencia de conciliaci\u00f3n el 8 de julio a Hs. 09:00. - RQ 99.9\",\"isPartOf\":{\"@id\":\"https:\/\/nahuelproducciones.com.ar\/radioquijano\/#website\"},\"datePublished\":\"2021-07-02T04:39:41+00:00\",\"dateModified\":\"2021-07-02T04:57:27+00:00\",\"author\":{\"@id\":\"https:\/\/nahuelproducciones.com.ar\/radioquijano\/#\/schema\/person\/e8a4f939e2cb487fe6d0c54042c9d32c\"},\"description\":\"Deber\u00e1 comparecer el Dr. Ramiro Ulivarri y la Sra. Norma Adriana L\u00f3pez, acompa\u00f1ada de su letrado.\",\"breadcrumb\":{\"@id\":\"https:\/\/nahuelproducciones.com.ar\/radioquijano\/suspenden-el-remate-del-club-union-huaytiquina-y-tendra-audiencia-de-conciliacion-el-8-de-julio-a-hs-0900\/#breadcrumb\"},\"inLanguage\":\"es\",\"potentialAction\":[{\"@type\":\"ReadAction\",\"target\":[\"https:\/\/nahuelproducciones.com.ar\/radioquijano\/suspenden-el-remate-del-club-union-huaytiquina-y-tendra-audiencia-de-conciliacion-el-8-de-julio-a-hs-0900\/\"]}]},{\"@type\":\"BreadcrumbList\",\"@id\":\"https:\/\/nahuelproducciones.com.ar\/radioquijano\/suspenden-el-remate-del-club-union-huaytiquina-y-tendra-audiencia-de-conciliacion-el-8-de-julio-a-hs-0900\/#breadcrumb\",\"itemListElement\":[{\"@type\":\"ListItem\",\"position\":1,\"name\":\"Portada\",\"item\":\"https:\/\/nahuelproducciones.com.ar\/radioquijano\/\"},{\"@type\":\"ListItem\",\"position\":2,\"name\":\"Suspenden el remate del Club Uni\u00f3n Huaytiquina y tendr\u00e1 audiencia de conciliaci\u00f3n el 8 de julio a Hs. 09:00.\"}]},{\"@type\":\"WebSite\",\"@id\":\"https:\/\/nahuelproducciones.com.ar\/radioquijano\/#website\",\"url\":\"https:\/\/nahuelproducciones.com.ar\/radioquijano\/\",\"name\":\"RQ 99.9\",\"description\":\"Radio Quijano 99.9 MHz\",\"potentialAction\":[{\"@type\":\"SearchAction\",\"target\":{\"@type\":\"EntryPoint\",\"urlTemplate\":\"https:\/\/nahuelproducciones.com.ar\/radioquijano\/?s={search_term_string}\"},\"query-input\":\"required name=search_term_string\"}],\"inLanguage\":\"es\"},{\"@type\":\"Person\",\"@id\":\"https:\/\/nahuelproducciones.com.ar\/radioquijano\/#\/schema\/person\/e8a4f939e2cb487fe6d0c54042c9d32c\",\"name\":\"Cecilia Pastrana\",\"image\":{\"@type\":\"ImageObject\",\"inLanguage\":\"es\",\"@id\":\"https:\/\/nahuelproducciones.com.ar\/radioquijano\/#\/schema\/person\/image\/\",\"url\":\"https:\/\/secure.gravatar.com\/avatar\/661a3ef63a8488d4f2794ed44af8cf71420f7e106f3072c40125114df5157749?s=96&d=mm&r=g\",\"contentUrl\":\"https:\/\/secure.gravatar.com\/avatar\/661a3ef63a8488d4f2794ed44af8cf71420f7e106f3072c40125114df5157749?s=96&d=mm&r=g\",\"caption\":\"Cecilia Pastrana\"},\"sameAs\":[\"cecy\"],\"url\":\"https:\/\/nahuelproducciones.com.ar\/radioquijano\/author\/cecy\/\"}]}<\/script>\n<!-- \/ Yoast SEO plugin. -->","yoast_head_json":{"title":"Suspenden el remate del Club Uni\u00f3n Huaytiquina y tendr\u00e1 audiencia de conciliaci\u00f3n el 8 de julio a Hs. 09:00. - RQ 99.9","description":"Deber\u00e1 comparecer el Dr. Ramiro Ulivarri y la Sra. Norma Adriana L\u00f3pez, acompa\u00f1ada de su letrado.","robots":{"index":"index","follow":"follow","max-snippet":"max-snippet:-1","max-image-preview":"max-image-preview:large","max-video-preview":"max-video-preview:-1"},"canonical":"https:\/\/nahuelproducciones.com.ar\/radioquijano\/suspenden-el-remate-del-club-union-huaytiquina-y-tendra-audiencia-de-conciliacion-el-8-de-julio-a-hs-0900\/","og_locale":"es_ES","og_type":"article","og_title":"Suspenden el remate del Club Uni\u00f3n Huaytiquina y tendr\u00e1 audiencia de conciliaci\u00f3n el 8 de julio a Hs. 09:00. - RQ 99.9","og_description":"Deber\u00e1 comparecer el Dr. Ramiro Ulivarri y la Sra. Norma Adriana L\u00f3pez, acompa\u00f1ada de su letrado.","og_url":"https:\/\/nahuelproducciones.com.ar\/radioquijano\/suspenden-el-remate-del-club-union-huaytiquina-y-tendra-audiencia-de-conciliacion-el-8-de-julio-a-hs-0900\/","og_site_name":"RQ 99.9","article_publisher":"https:\/\/www.facebook.com\/nahuelproducciones999\/","article_published_time":"2021-07-02T04:39:41+00:00","article_modified_time":"2021-07-02T04:57:27+00:00","og_image":[{"width":524,"height":600,"url":"https:\/\/nahuelproducciones.com.ar\/radioquijano\/wp-content\/uploads\/2021\/07\/conciliacion-8-de-julio-9hs-huaytiquina-ulivarri.jpg","type":"image\/jpeg"}],"author":"Cecilia Pastrana","twitter_card":"summary_large_image","twitter_creator":"@nahuproduciones","twitter_site":"@nahuproduciones","twitter_misc":{"Escrito por":"Cecilia Pastrana","Tiempo de lectura":"3 minutos"},"schema":{"@context":"https:\/\/schema.org","@graph":[{"@type":"WebPage","@id":"https:\/\/nahuelproducciones.com.ar\/radioquijano\/suspenden-el-remate-del-club-union-huaytiquina-y-tendra-audiencia-de-conciliacion-el-8-de-julio-a-hs-0900\/","url":"https:\/\/nahuelproducciones.com.ar\/radioquijano\/suspenden-el-remate-del-club-union-huaytiquina-y-tendra-audiencia-de-conciliacion-el-8-de-julio-a-hs-0900\/","name":"Suspenden el remate del Club Uni\u00f3n Huaytiquina y tendr\u00e1 audiencia de conciliaci\u00f3n el 8 de julio a Hs. 09:00. - RQ 99.9","isPartOf":{"@id":"https:\/\/nahuelproducciones.com.ar\/radioquijano\/#website"},"datePublished":"2021-07-02T04:39:41+00:00","dateModified":"2021-07-02T04:57:27+00:00","author":{"@id":"https:\/\/nahuelproducciones.com.ar\/radioquijano\/#\/schema\/person\/e8a4f939e2cb487fe6d0c54042c9d32c"},"description":"Deber\u00e1 comparecer el Dr. Ramiro Ulivarri y la Sra. Norma Adriana L\u00f3pez, acompa\u00f1ada de su letrado.","breadcrumb":{"@id":"https:\/\/nahuelproducciones.com.ar\/radioquijano\/suspenden-el-remate-del-club-union-huaytiquina-y-tendra-audiencia-de-conciliacion-el-8-de-julio-a-hs-0900\/#breadcrumb"},"inLanguage":"es","potentialAction":[{"@type":"ReadAction","target":["https:\/\/nahuelproducciones.com.ar\/radioquijano\/suspenden-el-remate-del-club-union-huaytiquina-y-tendra-audiencia-de-conciliacion-el-8-de-julio-a-hs-0900\/"]}]},{"@type":"BreadcrumbList","@id":"https:\/\/nahuelproducciones.com.ar\/radioquijano\/suspenden-el-remate-del-club-union-huaytiquina-y-tendra-audiencia-de-conciliacion-el-8-de-julio-a-hs-0900\/#breadcrumb","itemListElement":[{"@type":"ListItem","position":1,"name":"Portada","item":"https:\/\/nahuelproducciones.com.ar\/radioquijano\/"},{"@type":"ListItem","position":2,"name":"Suspenden el remate del Club Uni\u00f3n Huaytiquina y tendr\u00e1 audiencia de conciliaci\u00f3n el 8 de julio a Hs. 09:00."}]},{"@type":"WebSite","@id":"https:\/\/nahuelproducciones.com.ar\/radioquijano\/#website","url":"https:\/\/nahuelproducciones.com.ar\/radioquijano\/","name":"RQ 99.9","description":"Radio Quijano 99.9 MHz","potentialAction":[{"@type":"SearchAction","target":{"@type":"EntryPoint","urlTemplate":"https:\/\/nahuelproducciones.com.ar\/radioquijano\/?s={search_term_string}"},"query-input":"required name=search_term_string"}],"inLanguage":"es"},{"@type":"Person","@id":"https:\/\/nahuelproducciones.com.ar\/radioquijano\/#\/schema\/person\/e8a4f939e2cb487fe6d0c54042c9d32c","name":"Cecilia Pastrana","image":{"@type":"ImageObject","inLanguage":"es","@id":"https:\/\/nahuelproducciones.com.ar\/radioquijano\/#\/schema\/person\/image\/","url":"https:\/\/secure.gravatar.com\/avatar\/661a3ef63a8488d4f2794ed44af8cf71420f7e106f3072c40125114df5157749?s=96&d=mm&r=g","contentUrl":"https:\/\/secure.gravatar.com\/avatar\/661a3ef63a8488d4f2794ed44af8cf71420f7e106f3072c40125114df5157749?s=96&d=mm&r=g","caption":"Cecilia Pastrana"},"sameAs":["cecy"],"url":"https:\/\/nahuelproducciones.com.ar\/radioquijano\/author\/cecy\/"}]}},"_links":{"self":[{"href":"https:\/\/nahuelproducciones.com.ar\/radioquijano\/wp-json\/wp\/v2\/posts\/1152","targetHints":{"allow":["GET"]}}],"collection":[{"href":"https:\/\/nahuelproducciones.com.ar\/radioquijano\/wp-json\/wp\/v2\/posts"}],"about":[{"href":"https:\/\/nahuelproducciones.com.ar\/radioquijano\/wp-json\/wp\/v2\/types\/post"}],"author":[{"embeddable":true,"href":"https:\/\/nahuelproducciones.com.ar\/radioquijano\/wp-json\/wp\/v2\/users\/8"}],"replies":[{"embeddable":true,"href":"https:\/\/nahuelproducciones.com.ar\/radioquijano\/wp-json\/wp\/v2\/comments?post=1152"}],"version-history":[{"count":2,"href":"https:\/\/nahuelproducciones.com.ar\/radioquijano\/wp-json\/wp\/v2\/posts\/1152\/revisions"}],"predecessor-version":[{"id":1159,"href":"https:\/\/nahuelproducciones.com.ar\/radioquijano\/wp-json\/wp\/v2\/posts\/1152\/revisions\/1159"}],"wp:featuredmedia":[{"embeddable":true,"href":"https:\/\/nahuelproducciones.com.ar\/radioquijano\/wp-json\/wp\/v2\/media\/1153"}],"wp:attachment":[{"href":"https:\/\/nahuelproducciones.com.ar\/radioquijano\/wp-json\/wp\/v2\/media?parent=1152"}],"wp:term":[{"taxonomy":"category","embeddable":true,"href":"https:\/\/nahuelproducciones.com.ar\/radioquijano\/wp-json\/wp\/v2\/categories?post=1152"},{"taxonomy":"post_tag","embeddable":true,"href":"https:\/\/nahuelproducciones.com.ar\/radioquijano\/wp-json\/wp\/v2\/tags?post=1152"}],"curies":[{"name":"wp","href":"https:\/\/api.w.org\/{rel}","templated":true}]}}