{"id":11532,"date":"2025-11-14T01:36:32","date_gmt":"2025-11-14T04:36:32","guid":{"rendered":"https:\/\/nahuelproducciones.com.ar\/radioquijano\/?p=11532"},"modified":"2025-11-14T01:36:33","modified_gmt":"2025-11-14T04:36:33","slug":"vecina-reclama-la-instalacion-de-senalizacion-para-paradas-de-colectivo-en-campo-quijano","status":"publish","type":"post","link":"https:\/\/nahuelproducciones.com.ar\/radioquijano\/vecina-reclama-la-instalacion-de-senalizacion-para-paradas-de-colectivo-en-campo-quijano\/","title":{"rendered":"Vecina reclama la instalaci\u00f3n de se\u00f1alizaci\u00f3n para paradas de colectivo en Campo Quijano"},"content":{"rendered":"\n<p>En la ma\u00f1ana de hoy, Radio Quijano dialogo telefonicamente con <strong>Silvia Vasquez<\/strong>, vecina de Rosario de Lerma y amiga de Campo Quijano, reconocida por su permanente compromiso en la mejora de los servicios p\u00fablicos, especialmente en lo referido a los <strong>recorridos y horarios de los colectivos<\/strong> Quijano\u2013Salta, Salta\u2013Quijano y Rosario de Lerma\u2013Quijano, entre otros. Silvia ha sido una de las voces que impuls\u00f3 la necesidad de <strong>unidades accesibles para sillas de ruedas<\/strong>, un reclamo que busca garantizar un traslado digno y seguro para personas con discapacidad.<\/p>\n\n\n\n<p>En esta oportunidad, el tema que la convoc\u00f3 fue el <strong>pedido formal realizado a la Municipalidad de Campo Quijano<\/strong> para que se instalen <strong>postes o se\u00f1alizadores en las veredas que indiquen las paradas de colectivo<\/strong>. Seg\u00fan detall\u00f3, estos trabajos deber\u00edan ser ejecutados por personal de la <strong>Secretar\u00eda de Obras P\u00fablicas<\/strong>, aunque tambi\u00e9n corresponder\u00eda la intervenci\u00f3n del \u00e1rea de <strong>Tr\u00e1nsito Municipal<\/strong>, por tratarse de se\u00f1alizaci\u00f3n vial.<\/p>\n\n\n\n<p>Vasquez relat\u00f3 que en la Municipalidad le informaron que los postes <strong>\u201cya estar\u00edan hechos\u201d<\/strong>, pero que <strong>no se colocar\u00e1n a\u00fan por falta de una lata de pintura<\/strong> y porque <strong>el trabajador encargado se encuentra con parte m\u00e9dico<\/strong>, siendo \u2014seg\u00fan le dijeron\u2014 el \u00fanico que puede realizar la tarea. En medio de su recorrido por el municipio, tambi\u00e9n logr\u00f3 dialogar con el intendente Lino, quien le manifest\u00f3 que <strong>faltan recursos<\/strong> y que <strong>\u201cpronto lo har\u00e1n\u201d<\/strong>.<\/p>\n\n\n\n<p>Sin embargo, la preocupaci\u00f3n de la vecina se centra en que <strong>el ciclo lectivo est\u00e1 por finalizar y las paradas siguen sin se\u00f1alizar<\/strong>, situaci\u00f3n que afecta particularmente a ni\u00f1os, j\u00f3venes y personas mayores que diariamente esperan el transporte sin un punto de referencia seguro. Incluso ofreci\u00f3 <strong>invertir de su bolsillo<\/strong> si fuera necesario, pero insisti\u00f3 en que la <strong>obligaci\u00f3n es del municipio<\/strong> y que la se\u00f1alizaci\u00f3n es fundamental para el ordenamiento del tr\u00e1nsito y la seguridad de los usuarios.<\/p>\n\n\n\n<p>Apenas comenz\u00f3 la entrevista, <strong>los mensajes de los oyentes no tardaron en llegar<\/strong>. Uno de ellos expres\u00f3: <em>\u201cD\u00edgale a la se\u00f1ora que no gaste, el intendente inform\u00f3 que en el primer semestre se destinaron $214.000 a se\u00f1alizaci\u00f3n y carteler\u00eda\u201d<\/em>. Otro vecino coment\u00f3: <em>\u201cOjal\u00e1 no se haya gastado todo el cemento en el bad\u00e9n de calle 36 y Belgrano, porque ah\u00ed se van a necesitar para colocar los postes\u201d<\/em>. Tambi\u00e9n se sum\u00f3 la preocupaci\u00f3n por la reciente medida de fuerza de los trabajadores municipales: <em>\u201cHoy los municipales inician un paro por tiempo indeterminado. Seguramente todo esto tendr\u00e1 que esperar\u201d<\/em>.<\/p>\n\n\n\n<p>Mientras tanto, los usuarios del transporte p\u00fablico siguen esperando una soluci\u00f3n concreta. Las <strong>paradas debidamente se\u00f1alizadas<\/strong>, con iluminaci\u00f3n y condiciones seguras, son un requisito b\u00e1sico para garantizar un servicio ordenado y eficiente, tanto para los pasajeros como para los choferes. El pedido de Silvia Vasquezrefleja una necesidad urgente y compartida por muchos vecinos de Campo Quijano.<\/p>\n\n\n\n<p>Escucha la entrevista:<\/p>\n\n\n\n<figure class=\"wp-block-audio\"><audio controls src=\"https:\/\/nahuelproducciones.com.ar\/radioquijano\/wp-content\/uploads\/2025\/11\/13-11-2025-silvia-vasquez-parador-de-colectivo.mp3\"><\/audio><\/figure>\n\n\n<div class=\"wp-block-image\">\n<figure class=\"aligncenter size-full is-resized\"><img loading=\"lazy\" decoding=\"async\" width=\"720\" height=\"855\" src=\"https:\/\/nahuelproducciones.com.ar\/radioquijano\/wp-content\/uploads\/2025\/11\/multimedia.normal.a21919b6f654fe71.MTAwMDAzX25vcm1hbC53ZWJw.webp\" alt=\"\" class=\"wp-image-11535\" style=\"width:473px;height:auto\" srcset=\"https:\/\/nahuelproducciones.com.ar\/radioquijano\/wp-content\/uploads\/2025\/11\/multimedia.normal.a21919b6f654fe71.MTAwMDAzX25vcm1hbC53ZWJw.webp 720w, https:\/\/nahuelproducciones.com.ar\/radioquijano\/wp-content\/uploads\/2025\/11\/multimedia.normal.a21919b6f654fe71.MTAwMDAzX25vcm1hbC53ZWJw-253x300.webp 253w, https:\/\/nahuelproducciones.com.ar\/radioquijano\/wp-content\/uploads\/2025\/11\/multimedia.normal.a21919b6f654fe71.MTAwMDAzX25vcm1hbC53ZWJw-150x178.webp 150w\" sizes=\"auto, (max-width: 720px) 100vw, 720px\" \/><\/figure><\/div>","protected":false},"excerpt":{"rendered":"<p>En la ma\u00f1ana de hoy, Radio Quijano dialogo telefonicamente con Silvia Vasquez, vecina de Rosario de Lerma y amiga de Campo Quijano, reconocida por su permanente compromiso en la mejora de los servicios p\u00fablicos, especialmente en lo referido a los recorridos y horarios de los colectivos Quijano\u2013Salta, Salta\u2013Quijano y Rosario de Lerma\u2013Quijano, entre otros. Silvia [&hellip;]<\/p>\n","protected":false},"author":8,"featured_media":11534,"comment_status":"open","ping_status":"open","sticky":false,"template":"","format":"standard","meta":{"_monsterinsights_skip_tracking":false,"_monsterinsights_sitenote_active":false,"_monsterinsights_sitenote_note":"","_monsterinsights_sitenote_category":0,"footnotes":""},"categories":[16],"tags":[100,1985,1986],"class_list":["post-11532","post","type-post","status-publish","format-standard","has-post-thumbnail","hentry","category-noticias","tag-municipio-de-campo-quijano","tag-senalizacion-de-paradass-de-colectivos","tag-silvia-vasquez"],"yoast_head":"<!-- This site is optimized with the Yoast SEO plugin v20.8 - https:\/\/yoast.com\/wordpress\/plugins\/seo\/ -->\n<title>Vecina reclama la instalaci\u00f3n de se\u00f1alizaci\u00f3n para paradas de colectivo en Campo Quijano - RQ 99.9<\/title>\n<meta name=\"description\" content=\"La preocupaci\u00f3n de la vecina se centra en que el ciclo lectivo est\u00e1 por finalizar y las paradas siguen sin se\u00f1alizar.\" \/>\n<meta name=\"robots\" content=\"index, follow, max-snippet:-1, max-image-preview:large, max-video-preview:-1\" \/>\n<link rel=\"canonical\" href=\"https:\/\/nahuelproducciones.com.ar\/radioquijano\/vecina-reclama-la-instalacion-de-senalizacion-para-paradas-de-colectivo-en-campo-quijano\/\" \/>\n<meta property=\"og:locale\" content=\"es_ES\" \/>\n<meta property=\"og:type\" content=\"article\" \/>\n<meta property=\"og:title\" content=\"Vecina reclama la instalaci\u00f3n de se\u00f1alizaci\u00f3n para paradas de colectivo en Campo Quijano - RQ 99.9\" \/>\n<meta property=\"og:description\" content=\"La preocupaci\u00f3n de la vecina se centra en que el ciclo lectivo est\u00e1 por finalizar y las paradas siguen sin se\u00f1alizar.\" \/>\n<meta property=\"og:url\" content=\"https:\/\/nahuelproducciones.com.ar\/radioquijano\/vecina-reclama-la-instalacion-de-senalizacion-para-paradas-de-colectivo-en-campo-quijano\/\" \/>\n<meta property=\"og:site_name\" content=\"RQ 99.9\" \/>\n<meta property=\"article:publisher\" content=\"https:\/\/www.facebook.com\/nahuelproducciones999\/\" \/>\n<meta property=\"article:published_time\" content=\"2025-11-14T04:36:32+00:00\" \/>\n<meta property=\"article:modified_time\" content=\"2025-11-14T04:36:33+00:00\" \/>\n<meta property=\"og:image\" content=\"https:\/\/nahuelproducciones.com.ar\/radioquijano\/wp-content\/uploads\/2025\/11\/WhatsApp-Image-2025-11-14-at-1.22.09-AM.jpeg\" \/>\n\t<meta property=\"og:image:width\" content=\"330\" \/>\n\t<meta property=\"og:image:height\" content=\"260\" \/>\n\t<meta property=\"og:image:type\" content=\"image\/jpeg\" \/>\n<meta name=\"author\" content=\"Cecilia Pastrana\" \/>\n<meta name=\"twitter:card\" content=\"summary_large_image\" \/>\n<meta name=\"twitter:creator\" content=\"@nahuproduciones\" \/>\n<meta name=\"twitter:site\" content=\"@nahuproduciones\" \/>\n<meta name=\"twitter:label1\" content=\"Escrito por\" \/>\n\t<meta name=\"twitter:data1\" content=\"Cecilia Pastrana\" \/>\n\t<meta name=\"twitter:label2\" content=\"Tiempo de lectura\" \/>\n\t<meta name=\"twitter:data2\" content=\"3 minutos\" \/>\n<script type=\"application\/ld+json\" class=\"yoast-schema-graph\">{\"@context\":\"https:\/\/schema.org\",\"@graph\":[{\"@type\":\"WebPage\",\"@id\":\"https:\/\/nahuelproducciones.com.ar\/radioquijano\/vecina-reclama-la-instalacion-de-senalizacion-para-paradas-de-colectivo-en-campo-quijano\/\",\"url\":\"https:\/\/nahuelproducciones.com.ar\/radioquijano\/vecina-reclama-la-instalacion-de-senalizacion-para-paradas-de-colectivo-en-campo-quijano\/\",\"name\":\"Vecina reclama la instalaci\u00f3n de se\u00f1alizaci\u00f3n para paradas de colectivo en Campo Quijano - RQ 99.9\",\"isPartOf\":{\"@id\":\"https:\/\/nahuelproducciones.com.ar\/radioquijano\/#website\"},\"datePublished\":\"2025-11-14T04:36:32+00:00\",\"dateModified\":\"2025-11-14T04:36:33+00:00\",\"author\":{\"@id\":\"https:\/\/nahuelproducciones.com.ar\/radioquijano\/#\/schema\/person\/e8a4f939e2cb487fe6d0c54042c9d32c\"},\"description\":\"La preocupaci\u00f3n de la vecina se centra en que el ciclo lectivo est\u00e1 por finalizar y las paradas siguen sin se\u00f1alizar.\",\"breadcrumb\":{\"@id\":\"https:\/\/nahuelproducciones.com.ar\/radioquijano\/vecina-reclama-la-instalacion-de-senalizacion-para-paradas-de-colectivo-en-campo-quijano\/#breadcrumb\"},\"inLanguage\":\"es\",\"potentialAction\":[{\"@type\":\"ReadAction\",\"target\":[\"https:\/\/nahuelproducciones.com.ar\/radioquijano\/vecina-reclama-la-instalacion-de-senalizacion-para-paradas-de-colectivo-en-campo-quijano\/\"]}]},{\"@type\":\"BreadcrumbList\",\"@id\":\"https:\/\/nahuelproducciones.com.ar\/radioquijano\/vecina-reclama-la-instalacion-de-senalizacion-para-paradas-de-colectivo-en-campo-quijano\/#breadcrumb\",\"itemListElement\":[{\"@type\":\"ListItem\",\"position\":1,\"name\":\"Portada\",\"item\":\"https:\/\/nahuelproducciones.com.ar\/radioquijano\/\"},{\"@type\":\"ListItem\",\"position\":2,\"name\":\"Vecina reclama la instalaci\u00f3n de se\u00f1alizaci\u00f3n para paradas de colectivo en Campo Quijano\"}]},{\"@type\":\"WebSite\",\"@id\":\"https:\/\/nahuelproducciones.com.ar\/radioquijano\/#website\",\"url\":\"https:\/\/nahuelproducciones.com.ar\/radioquijano\/\",\"name\":\"RQ 99.9\",\"description\":\"Radio Quijano 99.9 MHz\",\"potentialAction\":[{\"@type\":\"SearchAction\",\"target\":{\"@type\":\"EntryPoint\",\"urlTemplate\":\"https:\/\/nahuelproducciones.com.ar\/radioquijano\/?s={search_term_string}\"},\"query-input\":\"required name=search_term_string\"}],\"inLanguage\":\"es\"},{\"@type\":\"Person\",\"@id\":\"https:\/\/nahuelproducciones.com.ar\/radioquijano\/#\/schema\/person\/e8a4f939e2cb487fe6d0c54042c9d32c\",\"name\":\"Cecilia Pastrana\",\"image\":{\"@type\":\"ImageObject\",\"inLanguage\":\"es\",\"@id\":\"https:\/\/nahuelproducciones.com.ar\/radioquijano\/#\/schema\/person\/image\/\",\"url\":\"https:\/\/secure.gravatar.com\/avatar\/661a3ef63a8488d4f2794ed44af8cf71420f7e106f3072c40125114df5157749?s=96&d=mm&r=g\",\"contentUrl\":\"https:\/\/secure.gravatar.com\/avatar\/661a3ef63a8488d4f2794ed44af8cf71420f7e106f3072c40125114df5157749?s=96&d=mm&r=g\",\"caption\":\"Cecilia Pastrana\"},\"sameAs\":[\"cecy\"],\"url\":\"https:\/\/nahuelproducciones.com.ar\/radioquijano\/author\/cecy\/\"}]}<\/script>\n<!-- \/ Yoast SEO plugin. -->","yoast_head_json":{"title":"Vecina reclama la instalaci\u00f3n de se\u00f1alizaci\u00f3n para paradas de colectivo en Campo Quijano - RQ 99.9","description":"La preocupaci\u00f3n de la vecina se centra en que el ciclo lectivo est\u00e1 por finalizar y las paradas siguen sin se\u00f1alizar.","robots":{"index":"index","follow":"follow","max-snippet":"max-snippet:-1","max-image-preview":"max-image-preview:large","max-video-preview":"max-video-preview:-1"},"canonical":"https:\/\/nahuelproducciones.com.ar\/radioquijano\/vecina-reclama-la-instalacion-de-senalizacion-para-paradas-de-colectivo-en-campo-quijano\/","og_locale":"es_ES","og_type":"article","og_title":"Vecina reclama la instalaci\u00f3n de se\u00f1alizaci\u00f3n para paradas de colectivo en Campo Quijano - RQ 99.9","og_description":"La preocupaci\u00f3n de la vecina se centra en que el ciclo lectivo est\u00e1 por finalizar y las paradas siguen sin se\u00f1alizar.","og_url":"https:\/\/nahuelproducciones.com.ar\/radioquijano\/vecina-reclama-la-instalacion-de-senalizacion-para-paradas-de-colectivo-en-campo-quijano\/","og_site_name":"RQ 99.9","article_publisher":"https:\/\/www.facebook.com\/nahuelproducciones999\/","article_published_time":"2025-11-14T04:36:32+00:00","article_modified_time":"2025-11-14T04:36:33+00:00","og_image":[{"width":330,"height":260,"url":"https:\/\/nahuelproducciones.com.ar\/radioquijano\/wp-content\/uploads\/2025\/11\/WhatsApp-Image-2025-11-14-at-1.22.09-AM.jpeg","type":"image\/jpeg"}],"author":"Cecilia Pastrana","twitter_card":"summary_large_image","twitter_creator":"@nahuproduciones","twitter_site":"@nahuproduciones","twitter_misc":{"Escrito por":"Cecilia Pastrana","Tiempo de lectura":"3 minutos"},"schema":{"@context":"https:\/\/schema.org","@graph":[{"@type":"WebPage","@id":"https:\/\/nahuelproducciones.com.ar\/radioquijano\/vecina-reclama-la-instalacion-de-senalizacion-para-paradas-de-colectivo-en-campo-quijano\/","url":"https:\/\/nahuelproducciones.com.ar\/radioquijano\/vecina-reclama-la-instalacion-de-senalizacion-para-paradas-de-colectivo-en-campo-quijano\/","name":"Vecina reclama la instalaci\u00f3n de se\u00f1alizaci\u00f3n para paradas de colectivo en Campo Quijano - RQ 99.9","isPartOf":{"@id":"https:\/\/nahuelproducciones.com.ar\/radioquijano\/#website"},"datePublished":"2025-11-14T04:36:32+00:00","dateModified":"2025-11-14T04:36:33+00:00","author":{"@id":"https:\/\/nahuelproducciones.com.ar\/radioquijano\/#\/schema\/person\/e8a4f939e2cb487fe6d0c54042c9d32c"},"description":"La preocupaci\u00f3n de la vecina se centra en que el ciclo lectivo est\u00e1 por finalizar y las paradas siguen sin se\u00f1alizar.","breadcrumb":{"@id":"https:\/\/nahuelproducciones.com.ar\/radioquijano\/vecina-reclama-la-instalacion-de-senalizacion-para-paradas-de-colectivo-en-campo-quijano\/#breadcrumb"},"inLanguage":"es","potentialAction":[{"@type":"ReadAction","target":["https:\/\/nahuelproducciones.com.ar\/radioquijano\/vecina-reclama-la-instalacion-de-senalizacion-para-paradas-de-colectivo-en-campo-quijano\/"]}]},{"@type":"BreadcrumbList","@id":"https:\/\/nahuelproducciones.com.ar\/radioquijano\/vecina-reclama-la-instalacion-de-senalizacion-para-paradas-de-colectivo-en-campo-quijano\/#breadcrumb","itemListElement":[{"@type":"ListItem","position":1,"name":"Portada","item":"https:\/\/nahuelproducciones.com.ar\/radioquijano\/"},{"@type":"ListItem","position":2,"name":"Vecina reclama la instalaci\u00f3n de se\u00f1alizaci\u00f3n para paradas de colectivo en Campo Quijano"}]},{"@type":"WebSite","@id":"https:\/\/nahuelproducciones.com.ar\/radioquijano\/#website","url":"https:\/\/nahuelproducciones.com.ar\/radioquijano\/","name":"RQ 99.9","description":"Radio Quijano 99.9 MHz","potentialAction":[{"@type":"SearchAction","target":{"@type":"EntryPoint","urlTemplate":"https:\/\/nahuelproducciones.com.ar\/radioquijano\/?s={search_term_string}"},"query-input":"required name=search_term_string"}],"inLanguage":"es"},{"@type":"Person","@id":"https:\/\/nahuelproducciones.com.ar\/radioquijano\/#\/schema\/person\/e8a4f939e2cb487fe6d0c54042c9d32c","name":"Cecilia Pastrana","image":{"@type":"ImageObject","inLanguage":"es","@id":"https:\/\/nahuelproducciones.com.ar\/radioquijano\/#\/schema\/person\/image\/","url":"https:\/\/secure.gravatar.com\/avatar\/661a3ef63a8488d4f2794ed44af8cf71420f7e106f3072c40125114df5157749?s=96&d=mm&r=g","contentUrl":"https:\/\/secure.gravatar.com\/avatar\/661a3ef63a8488d4f2794ed44af8cf71420f7e106f3072c40125114df5157749?s=96&d=mm&r=g","caption":"Cecilia Pastrana"},"sameAs":["cecy"],"url":"https:\/\/nahuelproducciones.com.ar\/radioquijano\/author\/cecy\/"}]}},"_links":{"self":[{"href":"https:\/\/nahuelproducciones.com.ar\/radioquijano\/wp-json\/wp\/v2\/posts\/11532","targetHints":{"allow":["GET"]}}],"collection":[{"href":"https:\/\/nahuelproducciones.com.ar\/radioquijano\/wp-json\/wp\/v2\/posts"}],"about":[{"href":"https:\/\/nahuelproducciones.com.ar\/radioquijano\/wp-json\/wp\/v2\/types\/post"}],"author":[{"embeddable":true,"href":"https:\/\/nahuelproducciones.com.ar\/radioquijano\/wp-json\/wp\/v2\/users\/8"}],"replies":[{"embeddable":true,"href":"https:\/\/nahuelproducciones.com.ar\/radioquijano\/wp-json\/wp\/v2\/comments?post=11532"}],"version-history":[{"count":1,"href":"https:\/\/nahuelproducciones.com.ar\/radioquijano\/wp-json\/wp\/v2\/posts\/11532\/revisions"}],"predecessor-version":[{"id":11536,"href":"https:\/\/nahuelproducciones.com.ar\/radioquijano\/wp-json\/wp\/v2\/posts\/11532\/revisions\/11536"}],"wp:featuredmedia":[{"embeddable":true,"href":"https:\/\/nahuelproducciones.com.ar\/radioquijano\/wp-json\/wp\/v2\/media\/11534"}],"wp:attachment":[{"href":"https:\/\/nahuelproducciones.com.ar\/radioquijano\/wp-json\/wp\/v2\/media?parent=11532"}],"wp:term":[{"taxonomy":"category","embeddable":true,"href":"https:\/\/nahuelproducciones.com.ar\/radioquijano\/wp-json\/wp\/v2\/categories?post=11532"},{"taxonomy":"post_tag","embeddable":true,"href":"https:\/\/nahuelproducciones.com.ar\/radioquijano\/wp-json\/wp\/v2\/tags?post=11532"}],"curies":[{"name":"wp","href":"https:\/\/api.w.org\/{rel}","templated":true}]}}