{"id":11537,"date":"2025-11-16T22:33:11","date_gmt":"2025-11-17T01:33:11","guid":{"rendered":"https:\/\/nahuelproducciones.com.ar\/radioquijano\/?p=11537"},"modified":"2025-11-16T23:06:56","modified_gmt":"2025-11-17T02:06:56","slug":"campo-quijano-levantan-el-paro-municipal-con-un-acta-borrador-al-acta-definitiva-no-se-la-leyeron-a-los-trabajadores-todavia","status":"publish","type":"post","link":"https:\/\/nahuelproducciones.com.ar\/radioquijano\/campo-quijano-levantan-el-paro-municipal-con-un-acta-borrador-al-acta-definitiva-no-se-la-leyeron-a-los-trabajadores-todavia\/","title":{"rendered":"Campo Quijano: levantan el paro municipal con un acta borrador; el acta definitiva a\u00fan no fue le\u00edda a los trabajadores."},"content":{"rendered":"\n<p>El viernes 14 se levant\u00f3 el paro de empleados municipales en Campo Quijano tras un acuerdo preliminar entre ATE y la Municipalidad. La reuni\u00f3n \u2014realizada en las oficinas municipales y finalizada despu\u00e9s de las 14 horas\u2014 deriv\u00f3 en la firma de un <strong>acta borrador<\/strong>, cuya lectura fue presentada a los trabajadores, quienes aceptaron los t\u00e9rminos y a las 14:30 retomaron sus tareas.<\/p>\n\n\n\n<p>En di\u00e1logo con <strong>Radio Quijano<\/strong>, el delegado de ATE , <strong>Mart\u00edn \u201cPayo\u201d Dom\u00ednguez<\/strong>, confirm\u00f3 que <strong>15 de los 16 puntos del petitorio<\/strong> lograron respuesta favorable.<\/p>\n\n\n\n<p>En la reuni\u00f3n participaron los tres delegados de ATE y cuatro trabajadores que pudieron escuchar y debatir la aceptaci\u00f3n del acuerdo. Entre los puntos aprobados se destacan:<\/p>\n\n\n\n<blockquote class=\"wp-block-quote is-layout-flow wp-block-quote-is-layout-flow\">\n<ul class=\"wp-block-list\">\n<li>Pase a planta permanente de algunos empleados.<\/li>\n\n\n\n<li>Pase a planta contratada para otros sectores.<\/li>\n\n\n\n<li>Aumentos salariales por sector.<\/li>\n\n\n\n<li>El pase de un monto al b\u00e1sico para quienes est\u00e1n pr\u00f3ximos a jubilarse, que quedar\u00e1 como precedente para los pr\u00f3ximos a\u00f1os.<\/li>\n\n\n\n<li>Pedido de que se restituyan los descuentos aplicados durante las asambleas, que se considero \u201cpersecuci\u00f3n laboral\u201d.<\/li>\n<\/ul>\n<\/blockquote>\n\n\n\n<h3 class=\"wp-block-heading\"><strong>El acta modificada no se ley\u00f3 a los trabajadores<\/strong><\/h3>\n\n\n\n<p>Dom\u00ednguez explic\u00f3 que, tras la reuni\u00f3n, el acta borrador fue revisada junto al abogado asesor del sindicato, quien orden\u00f3 corregir detalles de redacci\u00f3n \u2014palabras, letras, puntos y comas\u2014. Estas modificaciones <strong>no fueron nuevamente le\u00eddas a los trabajadores<\/strong>, pese a que el documento ser\u00e1 el que se presentar\u00e1 y firmar\u00e1 con el Ejecutivo este lunes a las 10 de la ma\u00f1ana en la Secretar\u00eda de Trabajo.<\/p>\n\n\n\n<p>Consultado por Radio Quijano sobre el contenido completo del acta borrador y del acta modificada, Dom\u00ednguez dijo <strong>no recordar todos los puntos<\/strong> y se\u00f1al\u00f3 que <strong>no ten\u00eda en su poder los documentos<\/strong>, ya que ambos quedaron en manos de la delegada <strong>Natalia Tolaba<\/strong>.<\/p>\n\n\n\n<h3 class=\"wp-block-heading\"><strong>ATE no entrega el acta a la prensa ni a los trabajadores<\/strong><\/h3>\n\n\n\n<p>Al solicitarle una copia para poder informar con precisi\u00f3n, Dom\u00ednguez afirm\u00f3 que <strong>no es posible entregar el acta<\/strong>, ni la borrador ni la definitiva que se firmar\u00e1 el lunes, argumentando que \u201ces un documento que no se entrega\u201d. Se\u00f1al\u00f3 que, si se desea acceder, se deber\u00eda intentar hacerlo directamente a trav\u00e9s de ATE.<\/p>\n\n\n\n<h3 class=\"wp-block-heading\"><strong>Preocupaci\u00f3n de Radio Quijano: \u00bfpor qu\u00e9 un acta p\u00fablica no se da a conocer?<\/strong><\/h3>\n\n\n\n<p>Desde Radio Quijano consideramos que esta situaci\u00f3n <strong>es un desprop\u00f3sito<\/strong>.<br>Un acta firmada entre un sindicato y un municipio es un <strong>documento p\u00fablico<\/strong>, y los trabajadores, que son los principales involucrados, tienen derecho a conocer su contenido completo. La prensa tambi\u00e9n debe poder acceder para informar con claridad y transparencia.<\/p>\n\n\n\n<p>Resulta llamativo que, para convocar a un paro, se les haga saber a los empleados los puntos del reclamo, pero que al momento de levantar la medida <strong>no se entregue el acta real que se firmar\u00e1 con el Ejecutivo<\/strong>. Ocultar o retacear informaci\u00f3n p\u00fablica genera dudas innecesarias y debilita la confianza en los procesos de negociaci\u00f3n.<\/p>\n\n\n\n<p>&#x1f449; <strong>La entrevista completa a Mart\u00edn \u201cPayo\u201d Dom\u00ednguez est\u00e1 disponible en Radio Quijano y se adjunta a esta noticia.<\/strong><\/p>\n\n\n\n<figure class=\"wp-block-audio\"><audio controls src=\"https:\/\/nahuelproducciones.com.ar\/radioquijano\/wp-content\/uploads\/2025\/11\/15-11-2025-PAYO-DOMINGUEZ-TEMA-ACTA-ACUERDO-PARA-LEVANTAR-EL-PARO-.mp3\"><\/audio><\/figure>\n\n\n\n<figure class=\"wp-block-gallery has-nested-images columns-default is-cropped wp-block-gallery-1 is-layout-flex wp-block-gallery-is-layout-flex\">\n<figure class=\"wp-block-image size-large\"><img loading=\"lazy\" decoding=\"async\" width=\"302\" height=\"466\" data-id=\"11543\" src=\"https:\/\/nahuelproducciones.com.ar\/radioquijano\/wp-content\/uploads\/2025\/11\/WhatsApp-Image-2025-11-15-at-11.13.48-PM.jpeg\" alt=\"\" class=\"wp-image-11543\" srcset=\"https:\/\/nahuelproducciones.com.ar\/radioquijano\/wp-content\/uploads\/2025\/11\/WhatsApp-Image-2025-11-15-at-11.13.48-PM.jpeg 302w, https:\/\/nahuelproducciones.com.ar\/radioquijano\/wp-content\/uploads\/2025\/11\/WhatsApp-Image-2025-11-15-at-11.13.48-PM-194x300.jpeg 194w, https:\/\/nahuelproducciones.com.ar\/radioquijano\/wp-content\/uploads\/2025\/11\/WhatsApp-Image-2025-11-15-at-11.13.48-PM-150x231.jpeg 150w\" sizes=\"auto, (max-width: 302px) 100vw, 302px\" \/><\/figure>\n\n\n\n<figure class=\"wp-block-image size-large\"><img loading=\"lazy\" decoding=\"async\" width=\"400\" height=\"319\" data-id=\"11540\" src=\"https:\/\/nahuelproducciones.com.ar\/radioquijano\/wp-content\/uploads\/2025\/11\/WhatsApp-Image-2025-11-15-at-11.19.32-PM-1.jpeg\" alt=\"\" class=\"wp-image-11540\" srcset=\"https:\/\/nahuelproducciones.com.ar\/radioquijano\/wp-content\/uploads\/2025\/11\/WhatsApp-Image-2025-11-15-at-11.19.32-PM-1.jpeg 400w, https:\/\/nahuelproducciones.com.ar\/radioquijano\/wp-content\/uploads\/2025\/11\/WhatsApp-Image-2025-11-15-at-11.19.32-PM-1-300x239.jpeg 300w, https:\/\/nahuelproducciones.com.ar\/radioquijano\/wp-content\/uploads\/2025\/11\/WhatsApp-Image-2025-11-15-at-11.19.32-PM-1-150x120.jpeg 150w\" sizes=\"auto, (max-width: 400px) 100vw, 400px\" \/><\/figure>\n\n\n\n<figure class=\"wp-block-image size-large\"><img loading=\"lazy\" decoding=\"async\" width=\"358\" height=\"402\" data-id=\"11544\" src=\"https:\/\/nahuelproducciones.com.ar\/radioquijano\/wp-content\/uploads\/2025\/11\/WhatsApp-Image-2025-11-15-at-11.20.17-PM.jpeg\" alt=\"\" class=\"wp-image-11544\" srcset=\"https:\/\/nahuelproducciones.com.ar\/radioquijano\/wp-content\/uploads\/2025\/11\/WhatsApp-Image-2025-11-15-at-11.20.17-PM.jpeg 358w, https:\/\/nahuelproducciones.com.ar\/radioquijano\/wp-content\/uploads\/2025\/11\/WhatsApp-Image-2025-11-15-at-11.20.17-PM-267x300.jpeg 267w, https:\/\/nahuelproducciones.com.ar\/radioquijano\/wp-content\/uploads\/2025\/11\/WhatsApp-Image-2025-11-15-at-11.20.17-PM-150x168.jpeg 150w\" sizes=\"auto, (max-width: 358px) 100vw, 358px\" \/><\/figure>\n\n\n\n<figure class=\"wp-block-image size-large\"><img loading=\"lazy\" decoding=\"async\" width=\"396\" height=\"331\" data-id=\"11542\" src=\"https:\/\/nahuelproducciones.com.ar\/radioquijano\/wp-content\/uploads\/2025\/11\/WhatsApp-Image-2025-11-15-at-11.20.32-PM.jpeg\" alt=\"\" class=\"wp-image-11542\" srcset=\"https:\/\/nahuelproducciones.com.ar\/radioquijano\/wp-content\/uploads\/2025\/11\/WhatsApp-Image-2025-11-15-at-11.20.32-PM.jpeg 396w, https:\/\/nahuelproducciones.com.ar\/radioquijano\/wp-content\/uploads\/2025\/11\/WhatsApp-Image-2025-11-15-at-11.20.32-PM-300x251.jpeg 300w, https:\/\/nahuelproducciones.com.ar\/radioquijano\/wp-content\/uploads\/2025\/11\/WhatsApp-Image-2025-11-15-at-11.20.32-PM-150x125.jpeg 150w\" sizes=\"auto, (max-width: 396px) 100vw, 396px\" \/><\/figure>\n\n\n\n<figure class=\"wp-block-image size-large\"><img loading=\"lazy\" decoding=\"async\" width=\"595\" height=\"554\" data-id=\"11541\" src=\"https:\/\/nahuelproducciones.com.ar\/radioquijano\/wp-content\/uploads\/2025\/11\/WhatsApp-Image-2025-11-15-at-11.20.45-PM.jpeg\" alt=\"\" class=\"wp-image-11541\" srcset=\"https:\/\/nahuelproducciones.com.ar\/radioquijano\/wp-content\/uploads\/2025\/11\/WhatsApp-Image-2025-11-15-at-11.20.45-PM.jpeg 595w, https:\/\/nahuelproducciones.com.ar\/radioquijano\/wp-content\/uploads\/2025\/11\/WhatsApp-Image-2025-11-15-at-11.20.45-PM-300x279.jpeg 300w, https:\/\/nahuelproducciones.com.ar\/radioquijano\/wp-content\/uploads\/2025\/11\/WhatsApp-Image-2025-11-15-at-11.20.45-PM-150x140.jpeg 150w\" sizes=\"auto, (max-width: 595px) 100vw, 595px\" \/><\/figure>\n<\/figure>\n\n\n\n<p>Im\u00e1genes tomadas del estado de WhatsApp del intendente de Campo Quijano, Lino Fernando Yonar, correspondientes al viernes 14 de noviembre.<\/p>\n\n\n\n<p><\/p>\n","protected":false},"excerpt":{"rendered":"<p>El viernes 14 se levant\u00f3 el paro de empleados municipales en Campo Quijano tras un acuerdo preliminar entre ATE y la Municipalidad. La reuni\u00f3n \u2014realizada en las oficinas municipales y finalizada despu\u00e9s de las 14 horas\u2014 deriv\u00f3 en la firma de un acta borrador, cuya lectura fue presentada a los trabajadores, quienes aceptaron los t\u00e9rminos [&hellip;]<\/p>\n","protected":false},"author":8,"featured_media":11538,"comment_status":"open","ping_status":"open","sticky":false,"template":"","format":"standard","meta":{"_monsterinsights_skip_tracking":false,"_monsterinsights_sitenote_active":false,"_monsterinsights_sitenote_note":"","_monsterinsights_sitenote_category":0,"footnotes":""},"categories":[16],"tags":[206,63,1987,100],"class_list":["post-11537","post","type-post","status-publish","format-standard","has-post-thumbnail","hentry","category-noticias","tag-ate","tag-lino-yonar","tag-martin-payo-dominguez","tag-municipio-de-campo-quijano"],"yoast_head":"<!-- This site is optimized with the Yoast SEO plugin v20.8 - https:\/\/yoast.com\/wordpress\/plugins\/seo\/ -->\n<title>Campo Quijano: levantan el paro municipal con un acta borrador; el acta definitiva a\u00fan no fue le\u00edda a los trabajadores. - RQ 99.9<\/title>\n<meta name=\"robots\" content=\"index, follow, max-snippet:-1, max-image-preview:large, max-video-preview:-1\" \/>\n<link rel=\"canonical\" href=\"https:\/\/nahuelproducciones.com.ar\/radioquijano\/campo-quijano-levantan-el-paro-municipal-con-un-acta-borrador-al-acta-definitiva-no-se-la-leyeron-a-los-trabajadores-todavia\/\" \/>\n<meta property=\"og:locale\" content=\"es_ES\" \/>\n<meta property=\"og:type\" content=\"article\" \/>\n<meta property=\"og:title\" content=\"Campo Quijano: levantan el paro municipal con un acta borrador; el acta definitiva a\u00fan no fue le\u00edda a los trabajadores. - RQ 99.9\" \/>\n<meta property=\"og:description\" content=\"El viernes 14 se levant\u00f3 el paro de empleados municipales en Campo Quijano tras un acuerdo preliminar entre ATE y la Municipalidad. La reuni\u00f3n \u2014realizada en las oficinas municipales y finalizada despu\u00e9s de las 14 horas\u2014 deriv\u00f3 en la firma de un acta borrador, cuya lectura fue presentada a los trabajadores, quienes aceptaron los t\u00e9rminos [&hellip;]\" \/>\n<meta property=\"og:url\" content=\"https:\/\/nahuelproducciones.com.ar\/radioquijano\/campo-quijano-levantan-el-paro-municipal-con-un-acta-borrador-al-acta-definitiva-no-se-la-leyeron-a-los-trabajadores-todavia\/\" \/>\n<meta property=\"og:site_name\" content=\"RQ 99.9\" \/>\n<meta property=\"article:publisher\" content=\"https:\/\/www.facebook.com\/nahuelproducciones999\/\" \/>\n<meta property=\"article:published_time\" content=\"2025-11-17T01:33:11+00:00\" \/>\n<meta property=\"article:modified_time\" content=\"2025-11-17T02:06:56+00:00\" \/>\n<meta property=\"og:image\" content=\"https:\/\/nahuelproducciones.com.ar\/radioquijano\/wp-content\/uploads\/2025\/11\/WhatsApp-Image-2025-11-15-at-11.19.32-PM.jpeg\" \/>\n\t<meta property=\"og:image:width\" content=\"400\" \/>\n\t<meta property=\"og:image:height\" content=\"319\" \/>\n\t<meta property=\"og:image:type\" content=\"image\/jpeg\" \/>\n<meta name=\"author\" content=\"Cecilia Pastrana\" \/>\n<meta name=\"twitter:card\" content=\"summary_large_image\" \/>\n<meta name=\"twitter:creator\" content=\"@nahuproduciones\" \/>\n<meta name=\"twitter:site\" content=\"@nahuproduciones\" \/>\n<meta name=\"twitter:label1\" content=\"Escrito por\" \/>\n\t<meta name=\"twitter:data1\" content=\"Cecilia Pastrana\" \/>\n\t<meta name=\"twitter:label2\" content=\"Tiempo de lectura\" \/>\n\t<meta name=\"twitter:data2\" content=\"4 minutos\" \/>\n<script type=\"application\/ld+json\" class=\"yoast-schema-graph\">{\"@context\":\"https:\/\/schema.org\",\"@graph\":[{\"@type\":\"WebPage\",\"@id\":\"https:\/\/nahuelproducciones.com.ar\/radioquijano\/campo-quijano-levantan-el-paro-municipal-con-un-acta-borrador-al-acta-definitiva-no-se-la-leyeron-a-los-trabajadores-todavia\/\",\"url\":\"https:\/\/nahuelproducciones.com.ar\/radioquijano\/campo-quijano-levantan-el-paro-municipal-con-un-acta-borrador-al-acta-definitiva-no-se-la-leyeron-a-los-trabajadores-todavia\/\",\"name\":\"Campo Quijano: levantan el paro municipal con un acta borrador; el acta definitiva a\u00fan no fue le\u00edda a los trabajadores. - RQ 99.9\",\"isPartOf\":{\"@id\":\"https:\/\/nahuelproducciones.com.ar\/radioquijano\/#website\"},\"datePublished\":\"2025-11-17T01:33:11+00:00\",\"dateModified\":\"2025-11-17T02:06:56+00:00\",\"author\":{\"@id\":\"https:\/\/nahuelproducciones.com.ar\/radioquijano\/#\/schema\/person\/e8a4f939e2cb487fe6d0c54042c9d32c\"},\"breadcrumb\":{\"@id\":\"https:\/\/nahuelproducciones.com.ar\/radioquijano\/campo-quijano-levantan-el-paro-municipal-con-un-acta-borrador-al-acta-definitiva-no-se-la-leyeron-a-los-trabajadores-todavia\/#breadcrumb\"},\"inLanguage\":\"es\",\"potentialAction\":[{\"@type\":\"ReadAction\",\"target\":[\"https:\/\/nahuelproducciones.com.ar\/radioquijano\/campo-quijano-levantan-el-paro-municipal-con-un-acta-borrador-al-acta-definitiva-no-se-la-leyeron-a-los-trabajadores-todavia\/\"]}]},{\"@type\":\"BreadcrumbList\",\"@id\":\"https:\/\/nahuelproducciones.com.ar\/radioquijano\/campo-quijano-levantan-el-paro-municipal-con-un-acta-borrador-al-acta-definitiva-no-se-la-leyeron-a-los-trabajadores-todavia\/#breadcrumb\",\"itemListElement\":[{\"@type\":\"ListItem\",\"position\":1,\"name\":\"Portada\",\"item\":\"https:\/\/nahuelproducciones.com.ar\/radioquijano\/\"},{\"@type\":\"ListItem\",\"position\":2,\"name\":\"Campo Quijano: levantan el paro municipal con un acta borrador; el acta definitiva a\u00fan no fue le\u00edda a los trabajadores.\"}]},{\"@type\":\"WebSite\",\"@id\":\"https:\/\/nahuelproducciones.com.ar\/radioquijano\/#website\",\"url\":\"https:\/\/nahuelproducciones.com.ar\/radioquijano\/\",\"name\":\"RQ 99.9\",\"description\":\"Radio Quijano 99.9 MHz\",\"potentialAction\":[{\"@type\":\"SearchAction\",\"target\":{\"@type\":\"EntryPoint\",\"urlTemplate\":\"https:\/\/nahuelproducciones.com.ar\/radioquijano\/?s={search_term_string}\"},\"query-input\":\"required name=search_term_string\"}],\"inLanguage\":\"es\"},{\"@type\":\"Person\",\"@id\":\"https:\/\/nahuelproducciones.com.ar\/radioquijano\/#\/schema\/person\/e8a4f939e2cb487fe6d0c54042c9d32c\",\"name\":\"Cecilia Pastrana\",\"image\":{\"@type\":\"ImageObject\",\"inLanguage\":\"es\",\"@id\":\"https:\/\/nahuelproducciones.com.ar\/radioquijano\/#\/schema\/person\/image\/\",\"url\":\"https:\/\/secure.gravatar.com\/avatar\/661a3ef63a8488d4f2794ed44af8cf71420f7e106f3072c40125114df5157749?s=96&d=mm&r=g\",\"contentUrl\":\"https:\/\/secure.gravatar.com\/avatar\/661a3ef63a8488d4f2794ed44af8cf71420f7e106f3072c40125114df5157749?s=96&d=mm&r=g\",\"caption\":\"Cecilia Pastrana\"},\"sameAs\":[\"cecy\"],\"url\":\"https:\/\/nahuelproducciones.com.ar\/radioquijano\/author\/cecy\/\"}]}<\/script>\n<!-- \/ Yoast SEO plugin. -->","yoast_head_json":{"title":"Campo Quijano: levantan el paro municipal con un acta borrador; el acta definitiva a\u00fan no fue le\u00edda a los trabajadores. - RQ 99.9","robots":{"index":"index","follow":"follow","max-snippet":"max-snippet:-1","max-image-preview":"max-image-preview:large","max-video-preview":"max-video-preview:-1"},"canonical":"https:\/\/nahuelproducciones.com.ar\/radioquijano\/campo-quijano-levantan-el-paro-municipal-con-un-acta-borrador-al-acta-definitiva-no-se-la-leyeron-a-los-trabajadores-todavia\/","og_locale":"es_ES","og_type":"article","og_title":"Campo Quijano: levantan el paro municipal con un acta borrador; el acta definitiva a\u00fan no fue le\u00edda a los trabajadores. - RQ 99.9","og_description":"El viernes 14 se levant\u00f3 el paro de empleados municipales en Campo Quijano tras un acuerdo preliminar entre ATE y la Municipalidad. La reuni\u00f3n \u2014realizada en las oficinas municipales y finalizada despu\u00e9s de las 14 horas\u2014 deriv\u00f3 en la firma de un acta borrador, cuya lectura fue presentada a los trabajadores, quienes aceptaron los t\u00e9rminos [&hellip;]","og_url":"https:\/\/nahuelproducciones.com.ar\/radioquijano\/campo-quijano-levantan-el-paro-municipal-con-un-acta-borrador-al-acta-definitiva-no-se-la-leyeron-a-los-trabajadores-todavia\/","og_site_name":"RQ 99.9","article_publisher":"https:\/\/www.facebook.com\/nahuelproducciones999\/","article_published_time":"2025-11-17T01:33:11+00:00","article_modified_time":"2025-11-17T02:06:56+00:00","og_image":[{"width":400,"height":319,"url":"https:\/\/nahuelproducciones.com.ar\/radioquijano\/wp-content\/uploads\/2025\/11\/WhatsApp-Image-2025-11-15-at-11.19.32-PM.jpeg","type":"image\/jpeg"}],"author":"Cecilia Pastrana","twitter_card":"summary_large_image","twitter_creator":"@nahuproduciones","twitter_site":"@nahuproduciones","twitter_misc":{"Escrito por":"Cecilia Pastrana","Tiempo de lectura":"4 minutos"},"schema":{"@context":"https:\/\/schema.org","@graph":[{"@type":"WebPage","@id":"https:\/\/nahuelproducciones.com.ar\/radioquijano\/campo-quijano-levantan-el-paro-municipal-con-un-acta-borrador-al-acta-definitiva-no-se-la-leyeron-a-los-trabajadores-todavia\/","url":"https:\/\/nahuelproducciones.com.ar\/radioquijano\/campo-quijano-levantan-el-paro-municipal-con-un-acta-borrador-al-acta-definitiva-no-se-la-leyeron-a-los-trabajadores-todavia\/","name":"Campo Quijano: levantan el paro municipal con un acta borrador; el acta definitiva a\u00fan no fue le\u00edda a los trabajadores. - RQ 99.9","isPartOf":{"@id":"https:\/\/nahuelproducciones.com.ar\/radioquijano\/#website"},"datePublished":"2025-11-17T01:33:11+00:00","dateModified":"2025-11-17T02:06:56+00:00","author":{"@id":"https:\/\/nahuelproducciones.com.ar\/radioquijano\/#\/schema\/person\/e8a4f939e2cb487fe6d0c54042c9d32c"},"breadcrumb":{"@id":"https:\/\/nahuelproducciones.com.ar\/radioquijano\/campo-quijano-levantan-el-paro-municipal-con-un-acta-borrador-al-acta-definitiva-no-se-la-leyeron-a-los-trabajadores-todavia\/#breadcrumb"},"inLanguage":"es","potentialAction":[{"@type":"ReadAction","target":["https:\/\/nahuelproducciones.com.ar\/radioquijano\/campo-quijano-levantan-el-paro-municipal-con-un-acta-borrador-al-acta-definitiva-no-se-la-leyeron-a-los-trabajadores-todavia\/"]}]},{"@type":"BreadcrumbList","@id":"https:\/\/nahuelproducciones.com.ar\/radioquijano\/campo-quijano-levantan-el-paro-municipal-con-un-acta-borrador-al-acta-definitiva-no-se-la-leyeron-a-los-trabajadores-todavia\/#breadcrumb","itemListElement":[{"@type":"ListItem","position":1,"name":"Portada","item":"https:\/\/nahuelproducciones.com.ar\/radioquijano\/"},{"@type":"ListItem","position":2,"name":"Campo Quijano: levantan el paro municipal con un acta borrador; el acta definitiva a\u00fan no fue le\u00edda a los trabajadores."}]},{"@type":"WebSite","@id":"https:\/\/nahuelproducciones.com.ar\/radioquijano\/#website","url":"https:\/\/nahuelproducciones.com.ar\/radioquijano\/","name":"RQ 99.9","description":"Radio Quijano 99.9 MHz","potentialAction":[{"@type":"SearchAction","target":{"@type":"EntryPoint","urlTemplate":"https:\/\/nahuelproducciones.com.ar\/radioquijano\/?s={search_term_string}"},"query-input":"required name=search_term_string"}],"inLanguage":"es"},{"@type":"Person","@id":"https:\/\/nahuelproducciones.com.ar\/radioquijano\/#\/schema\/person\/e8a4f939e2cb487fe6d0c54042c9d32c","name":"Cecilia Pastrana","image":{"@type":"ImageObject","inLanguage":"es","@id":"https:\/\/nahuelproducciones.com.ar\/radioquijano\/#\/schema\/person\/image\/","url":"https:\/\/secure.gravatar.com\/avatar\/661a3ef63a8488d4f2794ed44af8cf71420f7e106f3072c40125114df5157749?s=96&d=mm&r=g","contentUrl":"https:\/\/secure.gravatar.com\/avatar\/661a3ef63a8488d4f2794ed44af8cf71420f7e106f3072c40125114df5157749?s=96&d=mm&r=g","caption":"Cecilia Pastrana"},"sameAs":["cecy"],"url":"https:\/\/nahuelproducciones.com.ar\/radioquijano\/author\/cecy\/"}]}},"_links":{"self":[{"href":"https:\/\/nahuelproducciones.com.ar\/radioquijano\/wp-json\/wp\/v2\/posts\/11537","targetHints":{"allow":["GET"]}}],"collection":[{"href":"https:\/\/nahuelproducciones.com.ar\/radioquijano\/wp-json\/wp\/v2\/posts"}],"about":[{"href":"https:\/\/nahuelproducciones.com.ar\/radioquijano\/wp-json\/wp\/v2\/types\/post"}],"author":[{"embeddable":true,"href":"https:\/\/nahuelproducciones.com.ar\/radioquijano\/wp-json\/wp\/v2\/users\/8"}],"replies":[{"embeddable":true,"href":"https:\/\/nahuelproducciones.com.ar\/radioquijano\/wp-json\/wp\/v2\/comments?post=11537"}],"version-history":[{"count":6,"href":"https:\/\/nahuelproducciones.com.ar\/radioquijano\/wp-json\/wp\/v2\/posts\/11537\/revisions"}],"predecessor-version":[{"id":11553,"href":"https:\/\/nahuelproducciones.com.ar\/radioquijano\/wp-json\/wp\/v2\/posts\/11537\/revisions\/11553"}],"wp:featuredmedia":[{"embeddable":true,"href":"https:\/\/nahuelproducciones.com.ar\/radioquijano\/wp-json\/wp\/v2\/media\/11538"}],"wp:attachment":[{"href":"https:\/\/nahuelproducciones.com.ar\/radioquijano\/wp-json\/wp\/v2\/media?parent=11537"}],"wp:term":[{"taxonomy":"category","embeddable":true,"href":"https:\/\/nahuelproducciones.com.ar\/radioquijano\/wp-json\/wp\/v2\/categories?post=11537"},{"taxonomy":"post_tag","embeddable":true,"href":"https:\/\/nahuelproducciones.com.ar\/radioquijano\/wp-json\/wp\/v2\/tags?post=11537"}],"curies":[{"name":"wp","href":"https:\/\/api.w.org\/{rel}","templated":true}]}}