{"id":11554,"date":"2025-11-17T13:19:17","date_gmt":"2025-11-17T16:19:17","guid":{"rendered":"https:\/\/nahuelproducciones.com.ar\/radioquijano\/?p=11554"},"modified":"2025-11-17T13:19:18","modified_gmt":"2025-11-17T16:19:18","slug":"asumen-los-nuevos-senadores-y-diputados-el-proximo-lunes-24-de-noviembre","status":"publish","type":"post","link":"https:\/\/nahuelproducciones.com.ar\/radioquijano\/asumen-los-nuevos-senadores-y-diputados-el-proximo-lunes-24-de-noviembre\/","title":{"rendered":"Asumen los nuevos senadores y diputados el pr\u00f3ximo lunes 24 de noviembre"},"content":{"rendered":"\n<p>El pr\u00f3ximo lunes 24 de Noviembre a horas 08:30, se llevar\u00e1 a cabo en el recinto de la Legislatura la sesi\u00f3n la Sesi\u00f3n de Incorporaci\u00f3n y Preparatoria de los senadores electos el pasado 11 de mayo.<\/p>\n\n\n\n<p>Encabezada por el presidente del Senado, el Vicegobernador&nbsp;<strong>Antonio Marocco,&nbsp;<\/strong>se tomar\u00e1 juramento a los Senadores que cumplir\u00e1n mandato hasta el a\u00f1o 2029:<\/p>\n\n\n\n<p><strong>Departamento Cachi:&nbsp;<\/strong>Manrique Iv\u00e1n Burgos<\/p>\n\n\n\n<p><strong>Departamento Cafayate:&nbsp;<\/strong>Sergio Rodrigo Salda\u00f1o<\/p>\n\n\n\n<p><strong>Departamento Capital:&nbsp;<\/strong>Roque Ram\u00f3n Cornejo Avellaneda<\/p>\n\n\n\n<p><strong>Departamento Chicoana:&nbsp;<\/strong>Esteban D\u2019Andrea Cornejo<\/p>\n\n\n\n<p><strong>Departamento General G\u00fcemes<\/strong>:&nbsp;Enrique Antonio Cornejo Saravia<\/p>\n\n\n\n<p><strong>Departamento Guachipas:&nbsp;<\/strong>Diego Evaristo Cari<\/p>\n\n\n\n<p><strong>Departamento La Poma:&nbsp;<\/strong>Dani Ra\u00fal Nolasco<\/p>\n\n\n\n<p><strong>Departamento Los Andes:&nbsp;<\/strong>Carlos Nicol\u00e1s Guiti\u00e1n<\/p>\n\n\n\n<p><strong>Departamento Molinos:&nbsp;<\/strong>Edgardo Gonzalo Guaym\u00e1s<\/p>\n\n\n\n<p><strong>Departamento Rosario de Lerma:&nbsp;<\/strong>Leonor Nieves Minetti<\/p>\n\n\n\n<p><strong>Departamento San Carlos:&nbsp;<\/strong>Jos\u00e9 Rolando Guaim\u00e1s<\/p>\n\n\n\n<p><strong>Departamento La Caldera:&nbsp;<\/strong>Daniel Roberto Moreno Ovalle<\/p>\n\n\n\n<p>Por otra parte, se elegir\u00e1n las autoridades y los miembros de las respectivas comisiones permanentes, bicamerales y especiales.<\/p>\n\n\n\n<p>Posteriormente,&nbsp;<strong>a horas 11:00, har\u00e1n lo propio los Diputados provinciales.<\/strong><\/p>\n\n\n\n<p><strong>Acreditaci\u00f3n y accesos<\/strong><\/p>\n\n\n\n<p>A los efectos de cumplimentar con los requerimientos de seguridad del edificio se dispuso que el ingreso de legisladores e invitados se realice por el acceso central del estacionamiento del palacio legislativo, habi\u00e9ndose limitado la capacidad de la planta alta y en especial del Recinto Legislativo.<\/p>\n\n\n\n<p>En el caso de los medios de prensa se realizar\u00e1 la acreditaci\u00f3n en el siguiente&nbsp;<a href=\"https:\/\/docs.google.com\/forms\/d\/e\/1FAIpQLSeo5E-2ccexvFPKOm0rRDv12dDZU0UJ1-HGiDbLz7RbpQUpSQ\/viewform?usp=publish-editor\"><strong>FORMULARIO<\/strong><\/a>&nbsp;que&nbsp; tambi\u00e9n estar\u00e1 disponible hasta el 18 de noviembre en las p\u00e1ginas web institucionales del Senado y de Diputados.<\/p>\n\n\n\n<p>El retiro de las acreditaciones se llevar\u00e1 a cabo en la oficina de prensa de Diputados, los d\u00edas mi\u00e9rcoles 19 y jueves 20 en el horario de 08:30 a 14:00.<\/p>\n\n\n\n<p>Se ha previsto que el ingreso de los medios de prensa ser\u00e1 por el acceso del estacionamiento que da al patio de Diputados, ubic\u00e1ndose los mismos en el patio central donde dispondr\u00e1n de pantallas y podr\u00e1n acceder a los funcionarios para la realizaci\u00f3n de su trabajo. Asimismo, se realizar\u00e1 la transmisi\u00f3n en vivo por youtube y facebook de ambas c\u00e1maras y las im\u00e1genes de la asunci\u00f3n estar\u00e1n disponibles en las plataformas digitales durante el evento.<\/p>\n\n\n\n<p>Fuente:  C\u00e1mara de Senadores de la Provincia de Salta.<\/p>\n\n\n\n<p><\/p>\n","protected":false},"excerpt":{"rendered":"<p>El pr\u00f3ximo lunes 24 de Noviembre a horas 08:30, se llevar\u00e1 a cabo en el recinto de la Legislatura la sesi\u00f3n la Sesi\u00f3n de Incorporaci\u00f3n y Preparatoria de los senadores electos el pasado 11 de mayo. Encabezada por el presidente del Senado, el Vicegobernador&nbsp;Antonio Marocco,&nbsp;se tomar\u00e1 juramento a los Senadores que cumplir\u00e1n mandato hasta el [&hellip;]<\/p>\n","protected":false},"author":8,"featured_media":11557,"comment_status":"open","ping_status":"open","sticky":false,"template":"","format":"standard","meta":{"_monsterinsights_skip_tracking":false,"_monsterinsights_sitenote_active":false,"_monsterinsights_sitenote_note":"","_monsterinsights_sitenote_category":0,"footnotes":""},"categories":[16],"tags":[1988,95,82,100],"class_list":["post-11554","post","type-post","status-publish","format-standard","has-post-thumbnail","hentry","category-noticias","tag-asuncion","tag-camara-de-diputados","tag-camara-de-senadores","tag-municipio-de-campo-quijano"],"yoast_head":"<!-- This site is optimized with the Yoast SEO plugin v20.8 - https:\/\/yoast.com\/wordpress\/plugins\/seo\/ -->\n<title>Asumen los nuevos senadores y diputados el pr\u00f3ximo lunes 24 de noviembre - RQ 99.9<\/title>\n<meta name=\"description\" content=\"Ser\u00e1 a horas 08:30, se llevar\u00e1 a cabo en el recinto de la Legislatura la sesi\u00f3n la Sesi\u00f3n de Incorporaci\u00f3n y Preparatoria de los senadores electos el pasado 11 de mayo\" \/>\n<meta name=\"robots\" content=\"index, follow, max-snippet:-1, max-image-preview:large, max-video-preview:-1\" \/>\n<link rel=\"canonical\" href=\"https:\/\/nahuelproducciones.com.ar\/radioquijano\/asumen-los-nuevos-senadores-y-diputados-el-proximo-lunes-24-de-noviembre\/\" \/>\n<meta property=\"og:locale\" content=\"es_ES\" \/>\n<meta property=\"og:type\" content=\"article\" \/>\n<meta property=\"og:title\" content=\"Asumen los nuevos senadores y diputados el pr\u00f3ximo lunes 24 de noviembre - RQ 99.9\" \/>\n<meta property=\"og:description\" content=\"Ser\u00e1 a horas 08:30, se llevar\u00e1 a cabo en el recinto de la Legislatura la sesi\u00f3n la Sesi\u00f3n de Incorporaci\u00f3n y Preparatoria de los senadores electos el pasado 11 de mayo\" \/>\n<meta property=\"og:url\" content=\"https:\/\/nahuelproducciones.com.ar\/radioquijano\/asumen-los-nuevos-senadores-y-diputados-el-proximo-lunes-24-de-noviembre\/\" \/>\n<meta property=\"og:site_name\" content=\"RQ 99.9\" \/>\n<meta property=\"article:publisher\" content=\"https:\/\/www.facebook.com\/nahuelproducciones999\/\" \/>\n<meta property=\"article:published_time\" content=\"2025-11-17T16:19:17+00:00\" \/>\n<meta property=\"article:modified_time\" content=\"2025-11-17T16:19:18+00:00\" \/>\n<meta property=\"og:image\" content=\"https:\/\/nahuelproducciones.com.ar\/radioquijano\/wp-content\/uploads\/2025\/11\/multimedia_grande_88ce4eee2bd66b4c_4c656769736c61747572612064652053616c74615f6772616e64652e6a7067-1-e1763396255225.jpg\" \/>\n\t<meta property=\"og:image:width\" content=\"700\" \/>\n\t<meta property=\"og:image:height\" content=\"526\" \/>\n\t<meta property=\"og:image:type\" content=\"image\/jpeg\" \/>\n<meta name=\"author\" content=\"Cecilia Pastrana\" \/>\n<meta name=\"twitter:card\" content=\"summary_large_image\" \/>\n<meta name=\"twitter:creator\" content=\"@nahuproduciones\" \/>\n<meta name=\"twitter:site\" content=\"@nahuproduciones\" \/>\n<meta name=\"twitter:label1\" content=\"Escrito por\" \/>\n\t<meta name=\"twitter:data1\" content=\"Cecilia Pastrana\" \/>\n\t<meta name=\"twitter:label2\" content=\"Tiempo de lectura\" \/>\n\t<meta name=\"twitter:data2\" content=\"2 minutos\" \/>\n<script type=\"application\/ld+json\" class=\"yoast-schema-graph\">{\"@context\":\"https:\/\/schema.org\",\"@graph\":[{\"@type\":\"WebPage\",\"@id\":\"https:\/\/nahuelproducciones.com.ar\/radioquijano\/asumen-los-nuevos-senadores-y-diputados-el-proximo-lunes-24-de-noviembre\/\",\"url\":\"https:\/\/nahuelproducciones.com.ar\/radioquijano\/asumen-los-nuevos-senadores-y-diputados-el-proximo-lunes-24-de-noviembre\/\",\"name\":\"Asumen los nuevos senadores y diputados el pr\u00f3ximo lunes 24 de noviembre - RQ 99.9\",\"isPartOf\":{\"@id\":\"https:\/\/nahuelproducciones.com.ar\/radioquijano\/#website\"},\"datePublished\":\"2025-11-17T16:19:17+00:00\",\"dateModified\":\"2025-11-17T16:19:18+00:00\",\"author\":{\"@id\":\"https:\/\/nahuelproducciones.com.ar\/radioquijano\/#\/schema\/person\/e8a4f939e2cb487fe6d0c54042c9d32c\"},\"description\":\"Ser\u00e1 a horas 08:30, se llevar\u00e1 a cabo en el recinto de la Legislatura la sesi\u00f3n la Sesi\u00f3n de Incorporaci\u00f3n y Preparatoria de los senadores electos el pasado 11 de mayo\",\"breadcrumb\":{\"@id\":\"https:\/\/nahuelproducciones.com.ar\/radioquijano\/asumen-los-nuevos-senadores-y-diputados-el-proximo-lunes-24-de-noviembre\/#breadcrumb\"},\"inLanguage\":\"es\",\"potentialAction\":[{\"@type\":\"ReadAction\",\"target\":[\"https:\/\/nahuelproducciones.com.ar\/radioquijano\/asumen-los-nuevos-senadores-y-diputados-el-proximo-lunes-24-de-noviembre\/\"]}]},{\"@type\":\"BreadcrumbList\",\"@id\":\"https:\/\/nahuelproducciones.com.ar\/radioquijano\/asumen-los-nuevos-senadores-y-diputados-el-proximo-lunes-24-de-noviembre\/#breadcrumb\",\"itemListElement\":[{\"@type\":\"ListItem\",\"position\":1,\"name\":\"Portada\",\"item\":\"https:\/\/nahuelproducciones.com.ar\/radioquijano\/\"},{\"@type\":\"ListItem\",\"position\":2,\"name\":\"Asumen los nuevos senadores y diputados el pr\u00f3ximo lunes 24 de noviembre\"}]},{\"@type\":\"WebSite\",\"@id\":\"https:\/\/nahuelproducciones.com.ar\/radioquijano\/#website\",\"url\":\"https:\/\/nahuelproducciones.com.ar\/radioquijano\/\",\"name\":\"RQ 99.9\",\"description\":\"Radio Quijano 99.9 MHz\",\"potentialAction\":[{\"@type\":\"SearchAction\",\"target\":{\"@type\":\"EntryPoint\",\"urlTemplate\":\"https:\/\/nahuelproducciones.com.ar\/radioquijano\/?s={search_term_string}\"},\"query-input\":\"required name=search_term_string\"}],\"inLanguage\":\"es\"},{\"@type\":\"Person\",\"@id\":\"https:\/\/nahuelproducciones.com.ar\/radioquijano\/#\/schema\/person\/e8a4f939e2cb487fe6d0c54042c9d32c\",\"name\":\"Cecilia Pastrana\",\"image\":{\"@type\":\"ImageObject\",\"inLanguage\":\"es\",\"@id\":\"https:\/\/nahuelproducciones.com.ar\/radioquijano\/#\/schema\/person\/image\/\",\"url\":\"https:\/\/secure.gravatar.com\/avatar\/661a3ef63a8488d4f2794ed44af8cf71420f7e106f3072c40125114df5157749?s=96&d=mm&r=g\",\"contentUrl\":\"https:\/\/secure.gravatar.com\/avatar\/661a3ef63a8488d4f2794ed44af8cf71420f7e106f3072c40125114df5157749?s=96&d=mm&r=g\",\"caption\":\"Cecilia Pastrana\"},\"sameAs\":[\"cecy\"],\"url\":\"https:\/\/nahuelproducciones.com.ar\/radioquijano\/author\/cecy\/\"}]}<\/script>\n<!-- \/ Yoast SEO plugin. -->","yoast_head_json":{"title":"Asumen los nuevos senadores y diputados el pr\u00f3ximo lunes 24 de noviembre - RQ 99.9","description":"Ser\u00e1 a horas 08:30, se llevar\u00e1 a cabo en el recinto de la Legislatura la sesi\u00f3n la Sesi\u00f3n de Incorporaci\u00f3n y Preparatoria de los senadores electos el pasado 11 de mayo","robots":{"index":"index","follow":"follow","max-snippet":"max-snippet:-1","max-image-preview":"max-image-preview:large","max-video-preview":"max-video-preview:-1"},"canonical":"https:\/\/nahuelproducciones.com.ar\/radioquijano\/asumen-los-nuevos-senadores-y-diputados-el-proximo-lunes-24-de-noviembre\/","og_locale":"es_ES","og_type":"article","og_title":"Asumen los nuevos senadores y diputados el pr\u00f3ximo lunes 24 de noviembre - RQ 99.9","og_description":"Ser\u00e1 a horas 08:30, se llevar\u00e1 a cabo en el recinto de la Legislatura la sesi\u00f3n la Sesi\u00f3n de Incorporaci\u00f3n y Preparatoria de los senadores electos el pasado 11 de mayo","og_url":"https:\/\/nahuelproducciones.com.ar\/radioquijano\/asumen-los-nuevos-senadores-y-diputados-el-proximo-lunes-24-de-noviembre\/","og_site_name":"RQ 99.9","article_publisher":"https:\/\/www.facebook.com\/nahuelproducciones999\/","article_published_time":"2025-11-17T16:19:17+00:00","article_modified_time":"2025-11-17T16:19:18+00:00","og_image":[{"width":700,"height":526,"url":"https:\/\/nahuelproducciones.com.ar\/radioquijano\/wp-content\/uploads\/2025\/11\/multimedia_grande_88ce4eee2bd66b4c_4c656769736c61747572612064652053616c74615f6772616e64652e6a7067-1-e1763396255225.jpg","type":"image\/jpeg"}],"author":"Cecilia Pastrana","twitter_card":"summary_large_image","twitter_creator":"@nahuproduciones","twitter_site":"@nahuproduciones","twitter_misc":{"Escrito por":"Cecilia Pastrana","Tiempo de lectura":"2 minutos"},"schema":{"@context":"https:\/\/schema.org","@graph":[{"@type":"WebPage","@id":"https:\/\/nahuelproducciones.com.ar\/radioquijano\/asumen-los-nuevos-senadores-y-diputados-el-proximo-lunes-24-de-noviembre\/","url":"https:\/\/nahuelproducciones.com.ar\/radioquijano\/asumen-los-nuevos-senadores-y-diputados-el-proximo-lunes-24-de-noviembre\/","name":"Asumen los nuevos senadores y diputados el pr\u00f3ximo lunes 24 de noviembre - RQ 99.9","isPartOf":{"@id":"https:\/\/nahuelproducciones.com.ar\/radioquijano\/#website"},"datePublished":"2025-11-17T16:19:17+00:00","dateModified":"2025-11-17T16:19:18+00:00","author":{"@id":"https:\/\/nahuelproducciones.com.ar\/radioquijano\/#\/schema\/person\/e8a4f939e2cb487fe6d0c54042c9d32c"},"description":"Ser\u00e1 a horas 08:30, se llevar\u00e1 a cabo en el recinto de la Legislatura la sesi\u00f3n la Sesi\u00f3n de Incorporaci\u00f3n y Preparatoria de los senadores electos el pasado 11 de mayo","breadcrumb":{"@id":"https:\/\/nahuelproducciones.com.ar\/radioquijano\/asumen-los-nuevos-senadores-y-diputados-el-proximo-lunes-24-de-noviembre\/#breadcrumb"},"inLanguage":"es","potentialAction":[{"@type":"ReadAction","target":["https:\/\/nahuelproducciones.com.ar\/radioquijano\/asumen-los-nuevos-senadores-y-diputados-el-proximo-lunes-24-de-noviembre\/"]}]},{"@type":"BreadcrumbList","@id":"https:\/\/nahuelproducciones.com.ar\/radioquijano\/asumen-los-nuevos-senadores-y-diputados-el-proximo-lunes-24-de-noviembre\/#breadcrumb","itemListElement":[{"@type":"ListItem","position":1,"name":"Portada","item":"https:\/\/nahuelproducciones.com.ar\/radioquijano\/"},{"@type":"ListItem","position":2,"name":"Asumen los nuevos senadores y diputados el pr\u00f3ximo lunes 24 de noviembre"}]},{"@type":"WebSite","@id":"https:\/\/nahuelproducciones.com.ar\/radioquijano\/#website","url":"https:\/\/nahuelproducciones.com.ar\/radioquijano\/","name":"RQ 99.9","description":"Radio Quijano 99.9 MHz","potentialAction":[{"@type":"SearchAction","target":{"@type":"EntryPoint","urlTemplate":"https:\/\/nahuelproducciones.com.ar\/radioquijano\/?s={search_term_string}"},"query-input":"required name=search_term_string"}],"inLanguage":"es"},{"@type":"Person","@id":"https:\/\/nahuelproducciones.com.ar\/radioquijano\/#\/schema\/person\/e8a4f939e2cb487fe6d0c54042c9d32c","name":"Cecilia Pastrana","image":{"@type":"ImageObject","inLanguage":"es","@id":"https:\/\/nahuelproducciones.com.ar\/radioquijano\/#\/schema\/person\/image\/","url":"https:\/\/secure.gravatar.com\/avatar\/661a3ef63a8488d4f2794ed44af8cf71420f7e106f3072c40125114df5157749?s=96&d=mm&r=g","contentUrl":"https:\/\/secure.gravatar.com\/avatar\/661a3ef63a8488d4f2794ed44af8cf71420f7e106f3072c40125114df5157749?s=96&d=mm&r=g","caption":"Cecilia Pastrana"},"sameAs":["cecy"],"url":"https:\/\/nahuelproducciones.com.ar\/radioquijano\/author\/cecy\/"}]}},"_links":{"self":[{"href":"https:\/\/nahuelproducciones.com.ar\/radioquijano\/wp-json\/wp\/v2\/posts\/11554","targetHints":{"allow":["GET"]}}],"collection":[{"href":"https:\/\/nahuelproducciones.com.ar\/radioquijano\/wp-json\/wp\/v2\/posts"}],"about":[{"href":"https:\/\/nahuelproducciones.com.ar\/radioquijano\/wp-json\/wp\/v2\/types\/post"}],"author":[{"embeddable":true,"href":"https:\/\/nahuelproducciones.com.ar\/radioquijano\/wp-json\/wp\/v2\/users\/8"}],"replies":[{"embeddable":true,"href":"https:\/\/nahuelproducciones.com.ar\/radioquijano\/wp-json\/wp\/v2\/comments?post=11554"}],"version-history":[{"count":1,"href":"https:\/\/nahuelproducciones.com.ar\/radioquijano\/wp-json\/wp\/v2\/posts\/11554\/revisions"}],"predecessor-version":[{"id":11559,"href":"https:\/\/nahuelproducciones.com.ar\/radioquijano\/wp-json\/wp\/v2\/posts\/11554\/revisions\/11559"}],"wp:featuredmedia":[{"embeddable":true,"href":"https:\/\/nahuelproducciones.com.ar\/radioquijano\/wp-json\/wp\/v2\/media\/11557"}],"wp:attachment":[{"href":"https:\/\/nahuelproducciones.com.ar\/radioquijano\/wp-json\/wp\/v2\/media?parent=11554"}],"wp:term":[{"taxonomy":"category","embeddable":true,"href":"https:\/\/nahuelproducciones.com.ar\/radioquijano\/wp-json\/wp\/v2\/categories?post=11554"},{"taxonomy":"post_tag","embeddable":true,"href":"https:\/\/nahuelproducciones.com.ar\/radioquijano\/wp-json\/wp\/v2\/tags?post=11554"}],"curies":[{"name":"wp","href":"https:\/\/api.w.org\/{rel}","templated":true}]}}