{"id":11560,"date":"2025-11-20T00:36:44","date_gmt":"2025-11-20T03:36:44","guid":{"rendered":"https:\/\/nahuelproducciones.com.ar\/radioquijano\/?p=11560"},"modified":"2025-11-20T00:36:45","modified_gmt":"2025-11-20T03:36:45","slug":"tomar-antibioticos-sin-indicacion-medica-es-un-riesgo-para-la-salud-de-todos","status":"publish","type":"post","link":"https:\/\/nahuelproducciones.com.ar\/radioquijano\/tomar-antibioticos-sin-indicacion-medica-es-un-riesgo-para-la-salud-de-todos\/","title":{"rendered":"Tomar antibi\u00f3ticos sin indicaci\u00f3n m\u00e9dica es un riesgo para la salud de todos"},"content":{"rendered":"\n<p>En el marco de la Semana Mundial de Concienciaci\u00f3n sobre el Uso de los Antibi\u00f3ticos, que se celebra del 17 al 23 de noviembre, el Ministerio de Salud P\u00fablica informa a la comunidad que los antibi\u00f3ticos deben usarse responsablemente dado que la automedicaci\u00f3n pone en riesgo la salud de las personas.<\/p>\n\n\n\n<p>Por ello es importante usar antibi\u00f3ticos \u00fanicamente si lo receta un m\u00e9dico o un odont\u00f3logo. Adem\u00e1s, deben tomarse siguiendo las indicaciones en cuanto a la duraci\u00f3n del tratamiento, dosis y horarios de toma.<\/p>\n\n\n\n<p>Los antibi\u00f3ticos son medicamentos que sirven para curar infecciones producidas por bacterias y en algunas ocasiones para prevenirlas. Existe una amplia variedad y cada uno sirve \u2013espec\u00edficamente- para determinado tipo de bacterias.&nbsp;<\/p>\n\n\n\n<p>Cuando una persona toma un antibi\u00f3tico sin indicaci\u00f3n m\u00e9dica, puede provocar cambios en las bacterias que las vuelven resistentes a los medicamentos.<\/p>\n\n\n\n<p>El mal uso y el abuso de antibi\u00f3ticos hacen que las bacterias cambien y aprendan a disminuir el efecto de esos medicamentos, y que \u00e9stos ya no sean eficaces para tratar infecciones. Por eso siempre deben utilizarse bajo prescripci\u00f3n m\u00e9dica.<\/p>\n\n\n\n<p>El lema establecido por la Organizaci\u00f3n Mundial de la Salud (OMS) para esta semana en 2025 es \u201cActuar ahora: Proteger nuestro presente, asegurar nuestro futuro\u201d con el que se busca aumentar la conciencia y la comprensi\u00f3n sobre la resistencia a los antimicrobianos y promover el uso prudente de los mismos.<\/p>\n\n\n\n<p>Argentina cuenta con la Ley Nacional 27.680 de Prevenci\u00f3n y Control de la Resistencia a los Antimicrobianos, que obliga a los farmac\u00e9uticos a dispensar antibi\u00f3ticos bajo receta. Esa receta debe ser archivada y de esa manera se asegura que los pacientes obtengan el antibi\u00f3tico cuando realmente es necesario.<\/p>\n\n\n\n<p><strong>C\u00f3mo prevenir infecciones y evitar el mal uso de antibi\u00f3ticos<\/strong><\/p>\n\n\n\n<p>Es importante tener en cuenta algunos consejos sencillos para evitar una enfermedad<\/p>\n\n\n\n<ul class=\"wp-block-list\">\n<li>Lavar las manos frecuentemente con agua y jab\u00f3n.<\/li>\n\n\n\n<li>Evitar el contacto con personas enfermas en los per\u00edodos de contagio.<\/li>\n\n\n\n<li>Tener al d\u00eda las vacunas del Calendario Nacional de Vacunaci\u00f3n.<\/li>\n\n\n\n<li>Sostener la lactancia materna.<\/li>\n\n\n\n<li>Usar preservativo en todas las relaciones sexuales.<\/li>\n<\/ul>\n\n\n\n<hr class=\"wp-block-separator has-alpha-channel-opacity\"\/>\n\n\n\n<p>Fuente:&nbsp;<strong>Secretaria de Prensa y Comunicaci\u00f3n<\/strong><\/p>\n","protected":false},"excerpt":{"rendered":"<p>En el marco de la Semana Mundial de Concienciaci\u00f3n sobre el Uso de los Antibi\u00f3ticos, que se celebra del 17 al 23 de noviembre, el Ministerio de Salud P\u00fablica informa a la comunidad que los antibi\u00f3ticos deben usarse responsablemente dado que la automedicaci\u00f3n pone en riesgo la salud de las personas. Por ello es importante [&hellip;]<\/p>\n","protected":false},"author":8,"featured_media":11561,"comment_status":"open","ping_status":"open","sticky":false,"template":"","format":"standard","meta":{"_monsterinsights_skip_tracking":false,"_monsterinsights_sitenote_active":false,"_monsterinsights_sitenote_note":"","_monsterinsights_sitenote_category":0,"footnotes":""},"categories":[16],"tags":[696,100,1989],"class_list":["post-11560","post","type-post","status-publish","format-standard","has-post-thumbnail","hentry","category-noticias","tag-ministerio-de-salud-publica","tag-municipio-de-campo-quijano","tag-semana-mundial-de-concienciacion-sobre-el-uso-de-los-antibioticos"],"yoast_head":"<!-- This site is optimized with the Yoast SEO plugin v20.8 - https:\/\/yoast.com\/wordpress\/plugins\/seo\/ -->\n<title>Tomar antibi\u00f3ticos sin indicaci\u00f3n m\u00e9dica es un riesgo para la salud de todos - RQ 99.9<\/title>\n<meta name=\"description\" content=\"Autoridades sanitarias recuerdan a la poblaci\u00f3n que los antibi\u00f3ticos deben ser usados de manera responsable. Por ello es importante consultar con un profesional en el sistema de salud y tomarlos s\u00f3lo si son prescritos.\" \/>\n<meta name=\"robots\" content=\"index, follow, max-snippet:-1, max-image-preview:large, max-video-preview:-1\" \/>\n<link rel=\"canonical\" href=\"https:\/\/nahuelproducciones.com.ar\/radioquijano\/tomar-antibioticos-sin-indicacion-medica-es-un-riesgo-para-la-salud-de-todos\/\" \/>\n<meta property=\"og:locale\" content=\"es_ES\" \/>\n<meta property=\"og:type\" content=\"article\" \/>\n<meta property=\"og:title\" content=\"Tomar antibi\u00f3ticos sin indicaci\u00f3n m\u00e9dica es un riesgo para la salud de todos - RQ 99.9\" \/>\n<meta property=\"og:description\" content=\"Autoridades sanitarias recuerdan a la poblaci\u00f3n que los antibi\u00f3ticos deben ser usados de manera responsable. Por ello es importante consultar con un profesional en el sistema de salud y tomarlos s\u00f3lo si son prescritos.\" \/>\n<meta property=\"og:url\" content=\"https:\/\/nahuelproducciones.com.ar\/radioquijano\/tomar-antibioticos-sin-indicacion-medica-es-un-riesgo-para-la-salud-de-todos\/\" \/>\n<meta property=\"og:site_name\" content=\"RQ 99.9\" \/>\n<meta property=\"article:publisher\" content=\"https:\/\/www.facebook.com\/nahuelproducciones999\/\" \/>\n<meta property=\"article:published_time\" content=\"2025-11-20T03:36:44+00:00\" \/>\n<meta property=\"article:modified_time\" content=\"2025-11-20T03:36:45+00:00\" \/>\n<meta property=\"og:image\" content=\"https:\/\/nahuelproducciones.com.ar\/radioquijano\/wp-content\/uploads\/2025\/11\/105026-tomar-antibioticos-sin-indicacion-medica-es-un-riesgo-para-la-salud-de-todos-e1763609756451.webp\" \/>\n\t<meta property=\"og:image:width\" content=\"700\" \/>\n\t<meta property=\"og:image:height\" content=\"394\" \/>\n\t<meta property=\"og:image:type\" content=\"image\/webp\" \/>\n<meta name=\"author\" content=\"Cecilia Pastrana\" \/>\n<meta name=\"twitter:card\" content=\"summary_large_image\" \/>\n<meta name=\"twitter:creator\" content=\"@nahuproduciones\" \/>\n<meta name=\"twitter:site\" content=\"@nahuproduciones\" \/>\n<meta name=\"twitter:label1\" content=\"Escrito por\" \/>\n\t<meta name=\"twitter:data1\" content=\"Cecilia Pastrana\" \/>\n\t<meta name=\"twitter:label2\" content=\"Tiempo de lectura\" \/>\n\t<meta name=\"twitter:data2\" content=\"2 minutos\" \/>\n<script type=\"application\/ld+json\" class=\"yoast-schema-graph\">{\"@context\":\"https:\/\/schema.org\",\"@graph\":[{\"@type\":\"WebPage\",\"@id\":\"https:\/\/nahuelproducciones.com.ar\/radioquijano\/tomar-antibioticos-sin-indicacion-medica-es-un-riesgo-para-la-salud-de-todos\/\",\"url\":\"https:\/\/nahuelproducciones.com.ar\/radioquijano\/tomar-antibioticos-sin-indicacion-medica-es-un-riesgo-para-la-salud-de-todos\/\",\"name\":\"Tomar antibi\u00f3ticos sin indicaci\u00f3n m\u00e9dica es un riesgo para la salud de todos - RQ 99.9\",\"isPartOf\":{\"@id\":\"https:\/\/nahuelproducciones.com.ar\/radioquijano\/#website\"},\"datePublished\":\"2025-11-20T03:36:44+00:00\",\"dateModified\":\"2025-11-20T03:36:45+00:00\",\"author\":{\"@id\":\"https:\/\/nahuelproducciones.com.ar\/radioquijano\/#\/schema\/person\/e8a4f939e2cb487fe6d0c54042c9d32c\"},\"description\":\"Autoridades sanitarias recuerdan a la poblaci\u00f3n que los antibi\u00f3ticos deben ser usados de manera responsable. Por ello es importante consultar con un profesional en el sistema de salud y tomarlos s\u00f3lo si son prescritos.\",\"breadcrumb\":{\"@id\":\"https:\/\/nahuelproducciones.com.ar\/radioquijano\/tomar-antibioticos-sin-indicacion-medica-es-un-riesgo-para-la-salud-de-todos\/#breadcrumb\"},\"inLanguage\":\"es\",\"potentialAction\":[{\"@type\":\"ReadAction\",\"target\":[\"https:\/\/nahuelproducciones.com.ar\/radioquijano\/tomar-antibioticos-sin-indicacion-medica-es-un-riesgo-para-la-salud-de-todos\/\"]}]},{\"@type\":\"BreadcrumbList\",\"@id\":\"https:\/\/nahuelproducciones.com.ar\/radioquijano\/tomar-antibioticos-sin-indicacion-medica-es-un-riesgo-para-la-salud-de-todos\/#breadcrumb\",\"itemListElement\":[{\"@type\":\"ListItem\",\"position\":1,\"name\":\"Portada\",\"item\":\"https:\/\/nahuelproducciones.com.ar\/radioquijano\/\"},{\"@type\":\"ListItem\",\"position\":2,\"name\":\"Tomar antibi\u00f3ticos sin indicaci\u00f3n m\u00e9dica es un riesgo para la salud de todos\"}]},{\"@type\":\"WebSite\",\"@id\":\"https:\/\/nahuelproducciones.com.ar\/radioquijano\/#website\",\"url\":\"https:\/\/nahuelproducciones.com.ar\/radioquijano\/\",\"name\":\"RQ 99.9\",\"description\":\"Radio Quijano 99.9 MHz\",\"potentialAction\":[{\"@type\":\"SearchAction\",\"target\":{\"@type\":\"EntryPoint\",\"urlTemplate\":\"https:\/\/nahuelproducciones.com.ar\/radioquijano\/?s={search_term_string}\"},\"query-input\":\"required name=search_term_string\"}],\"inLanguage\":\"es\"},{\"@type\":\"Person\",\"@id\":\"https:\/\/nahuelproducciones.com.ar\/radioquijano\/#\/schema\/person\/e8a4f939e2cb487fe6d0c54042c9d32c\",\"name\":\"Cecilia Pastrana\",\"image\":{\"@type\":\"ImageObject\",\"inLanguage\":\"es\",\"@id\":\"https:\/\/nahuelproducciones.com.ar\/radioquijano\/#\/schema\/person\/image\/\",\"url\":\"https:\/\/secure.gravatar.com\/avatar\/661a3ef63a8488d4f2794ed44af8cf71420f7e106f3072c40125114df5157749?s=96&d=mm&r=g\",\"contentUrl\":\"https:\/\/secure.gravatar.com\/avatar\/661a3ef63a8488d4f2794ed44af8cf71420f7e106f3072c40125114df5157749?s=96&d=mm&r=g\",\"caption\":\"Cecilia Pastrana\"},\"sameAs\":[\"cecy\"],\"url\":\"https:\/\/nahuelproducciones.com.ar\/radioquijano\/author\/cecy\/\"}]}<\/script>\n<!-- \/ Yoast SEO plugin. -->","yoast_head_json":{"title":"Tomar antibi\u00f3ticos sin indicaci\u00f3n m\u00e9dica es un riesgo para la salud de todos - RQ 99.9","description":"Autoridades sanitarias recuerdan a la poblaci\u00f3n que los antibi\u00f3ticos deben ser usados de manera responsable. Por ello es importante consultar con un profesional en el sistema de salud y tomarlos s\u00f3lo si son prescritos.","robots":{"index":"index","follow":"follow","max-snippet":"max-snippet:-1","max-image-preview":"max-image-preview:large","max-video-preview":"max-video-preview:-1"},"canonical":"https:\/\/nahuelproducciones.com.ar\/radioquijano\/tomar-antibioticos-sin-indicacion-medica-es-un-riesgo-para-la-salud-de-todos\/","og_locale":"es_ES","og_type":"article","og_title":"Tomar antibi\u00f3ticos sin indicaci\u00f3n m\u00e9dica es un riesgo para la salud de todos - RQ 99.9","og_description":"Autoridades sanitarias recuerdan a la poblaci\u00f3n que los antibi\u00f3ticos deben ser usados de manera responsable. Por ello es importante consultar con un profesional en el sistema de salud y tomarlos s\u00f3lo si son prescritos.","og_url":"https:\/\/nahuelproducciones.com.ar\/radioquijano\/tomar-antibioticos-sin-indicacion-medica-es-un-riesgo-para-la-salud-de-todos\/","og_site_name":"RQ 99.9","article_publisher":"https:\/\/www.facebook.com\/nahuelproducciones999\/","article_published_time":"2025-11-20T03:36:44+00:00","article_modified_time":"2025-11-20T03:36:45+00:00","og_image":[{"width":700,"height":394,"url":"https:\/\/nahuelproducciones.com.ar\/radioquijano\/wp-content\/uploads\/2025\/11\/105026-tomar-antibioticos-sin-indicacion-medica-es-un-riesgo-para-la-salud-de-todos-e1763609756451.webp","type":"image\/webp"}],"author":"Cecilia Pastrana","twitter_card":"summary_large_image","twitter_creator":"@nahuproduciones","twitter_site":"@nahuproduciones","twitter_misc":{"Escrito por":"Cecilia Pastrana","Tiempo de lectura":"2 minutos"},"schema":{"@context":"https:\/\/schema.org","@graph":[{"@type":"WebPage","@id":"https:\/\/nahuelproducciones.com.ar\/radioquijano\/tomar-antibioticos-sin-indicacion-medica-es-un-riesgo-para-la-salud-de-todos\/","url":"https:\/\/nahuelproducciones.com.ar\/radioquijano\/tomar-antibioticos-sin-indicacion-medica-es-un-riesgo-para-la-salud-de-todos\/","name":"Tomar antibi\u00f3ticos sin indicaci\u00f3n m\u00e9dica es un riesgo para la salud de todos - RQ 99.9","isPartOf":{"@id":"https:\/\/nahuelproducciones.com.ar\/radioquijano\/#website"},"datePublished":"2025-11-20T03:36:44+00:00","dateModified":"2025-11-20T03:36:45+00:00","author":{"@id":"https:\/\/nahuelproducciones.com.ar\/radioquijano\/#\/schema\/person\/e8a4f939e2cb487fe6d0c54042c9d32c"},"description":"Autoridades sanitarias recuerdan a la poblaci\u00f3n que los antibi\u00f3ticos deben ser usados de manera responsable. Por ello es importante consultar con un profesional en el sistema de salud y tomarlos s\u00f3lo si son prescritos.","breadcrumb":{"@id":"https:\/\/nahuelproducciones.com.ar\/radioquijano\/tomar-antibioticos-sin-indicacion-medica-es-un-riesgo-para-la-salud-de-todos\/#breadcrumb"},"inLanguage":"es","potentialAction":[{"@type":"ReadAction","target":["https:\/\/nahuelproducciones.com.ar\/radioquijano\/tomar-antibioticos-sin-indicacion-medica-es-un-riesgo-para-la-salud-de-todos\/"]}]},{"@type":"BreadcrumbList","@id":"https:\/\/nahuelproducciones.com.ar\/radioquijano\/tomar-antibioticos-sin-indicacion-medica-es-un-riesgo-para-la-salud-de-todos\/#breadcrumb","itemListElement":[{"@type":"ListItem","position":1,"name":"Portada","item":"https:\/\/nahuelproducciones.com.ar\/radioquijano\/"},{"@type":"ListItem","position":2,"name":"Tomar antibi\u00f3ticos sin indicaci\u00f3n m\u00e9dica es un riesgo para la salud de todos"}]},{"@type":"WebSite","@id":"https:\/\/nahuelproducciones.com.ar\/radioquijano\/#website","url":"https:\/\/nahuelproducciones.com.ar\/radioquijano\/","name":"RQ 99.9","description":"Radio Quijano 99.9 MHz","potentialAction":[{"@type":"SearchAction","target":{"@type":"EntryPoint","urlTemplate":"https:\/\/nahuelproducciones.com.ar\/radioquijano\/?s={search_term_string}"},"query-input":"required name=search_term_string"}],"inLanguage":"es"},{"@type":"Person","@id":"https:\/\/nahuelproducciones.com.ar\/radioquijano\/#\/schema\/person\/e8a4f939e2cb487fe6d0c54042c9d32c","name":"Cecilia Pastrana","image":{"@type":"ImageObject","inLanguage":"es","@id":"https:\/\/nahuelproducciones.com.ar\/radioquijano\/#\/schema\/person\/image\/","url":"https:\/\/secure.gravatar.com\/avatar\/661a3ef63a8488d4f2794ed44af8cf71420f7e106f3072c40125114df5157749?s=96&d=mm&r=g","contentUrl":"https:\/\/secure.gravatar.com\/avatar\/661a3ef63a8488d4f2794ed44af8cf71420f7e106f3072c40125114df5157749?s=96&d=mm&r=g","caption":"Cecilia Pastrana"},"sameAs":["cecy"],"url":"https:\/\/nahuelproducciones.com.ar\/radioquijano\/author\/cecy\/"}]}},"_links":{"self":[{"href":"https:\/\/nahuelproducciones.com.ar\/radioquijano\/wp-json\/wp\/v2\/posts\/11560","targetHints":{"allow":["GET"]}}],"collection":[{"href":"https:\/\/nahuelproducciones.com.ar\/radioquijano\/wp-json\/wp\/v2\/posts"}],"about":[{"href":"https:\/\/nahuelproducciones.com.ar\/radioquijano\/wp-json\/wp\/v2\/types\/post"}],"author":[{"embeddable":true,"href":"https:\/\/nahuelproducciones.com.ar\/radioquijano\/wp-json\/wp\/v2\/users\/8"}],"replies":[{"embeddable":true,"href":"https:\/\/nahuelproducciones.com.ar\/radioquijano\/wp-json\/wp\/v2\/comments?post=11560"}],"version-history":[{"count":1,"href":"https:\/\/nahuelproducciones.com.ar\/radioquijano\/wp-json\/wp\/v2\/posts\/11560\/revisions"}],"predecessor-version":[{"id":11562,"href":"https:\/\/nahuelproducciones.com.ar\/radioquijano\/wp-json\/wp\/v2\/posts\/11560\/revisions\/11562"}],"wp:featuredmedia":[{"embeddable":true,"href":"https:\/\/nahuelproducciones.com.ar\/radioquijano\/wp-json\/wp\/v2\/media\/11561"}],"wp:attachment":[{"href":"https:\/\/nahuelproducciones.com.ar\/radioquijano\/wp-json\/wp\/v2\/media?parent=11560"}],"wp:term":[{"taxonomy":"category","embeddable":true,"href":"https:\/\/nahuelproducciones.com.ar\/radioquijano\/wp-json\/wp\/v2\/categories?post=11560"},{"taxonomy":"post_tag","embeddable":true,"href":"https:\/\/nahuelproducciones.com.ar\/radioquijano\/wp-json\/wp\/v2\/tags?post=11560"}],"curies":[{"name":"wp","href":"https:\/\/api.w.org\/{rel}","templated":true}]}}