{"id":11563,"date":"2025-11-20T01:00:49","date_gmt":"2025-11-20T04:00:49","guid":{"rendered":"https:\/\/nahuelproducciones.com.ar\/radioquijano\/?p=11563"},"modified":"2025-11-20T01:00:50","modified_gmt":"2025-11-20T04:00:50","slug":"radio-quijano-recibio-a-florencia-torina-y-facundo-barrios-asesores-de-volkswagen","status":"publish","type":"post","link":"https:\/\/nahuelproducciones.com.ar\/radioquijano\/radio-quijano-recibio-a-florencia-torina-y-facundo-barrios-asesores-de-volkswagen\/","title":{"rendered":"Radio Quijano recibi\u00f3 a Florencia Torina y Facundo Barrios, asesores de Volkswagen."},"content":{"rendered":"\n<p>Esta ma\u00f1ana, en los estudios de <strong>Radio Quijano<\/strong>, nos visitaron <strong>Florencia Torina y Facundo Barrios<\/strong>, asesores oficiales de <strong>Autosol Volkswagen<\/strong>, quienes brindaron informaci\u00f3n clara y completa sobre todas las opciones disponibles para acceder a un <strong>0 kil\u00f3metro<\/strong>, un <strong>usado reciente<\/strong> o incluso al <strong>primer auto<\/strong> de quienes sue\u00f1an con tener su propia movilidad.<\/p>\n\n\n\n<p>Durante la entrevista, detallaron las alternativas de <strong>financiaci\u00f3n de f\u00e1brica<\/strong>, <strong>cr\u00e9dito prendario<\/strong> y <strong>planes adjudicados<\/strong>, que permiten retirar el veh\u00edculo con cuotas accesibles y adaptadas a cada presupuesto. Tambi\u00e9n remarcaron que cualquier consulta puede realizarse sin compromiso, ya sea por mensaje o en persona.<\/p>\n\n\n\n<p>Los asesores comentaron adem\u00e1s que recorren Campo Quijano con un veh\u00edculo <strong>ploteado<\/strong>, lo que facilita que los vecinos puedan identificarlos, detenerlos y charlar directamente con ellos. \u201cQueremos que todos puedan tener su veh\u00edculo: sea usado, cero kil\u00f3metro o el primer auto de sus vidas\u201d, se\u00f1alaron.<\/p>\n\n\n\n<p>A esto se suma la propuesta del concesionario <strong>Autosol Volkswagen<\/strong>, donde destacan que <em>\u201cHay un Volkswagen para vos\u201d<\/em>. M\u00e1s que una venta, buscan brindar <strong>acompa\u00f1amiento y gu\u00eda<\/strong>, para ayudar a cada cliente a encontrar su \u201cpr\u00f3ximo compa\u00f1ero de aventuras\u201d.<\/p>\n\n\n\n<p> <strong>Para un asesoramiento personalizado<\/strong>, los vecinos pueden escribirles,dejar una llamada perdida a trav\u00e9s de WhatsApp al 387 5 757595, dejarles mensajes o acercarse cuando los vean por Quijano.<\/p>\n\n\n\n<p>La idea central es que cada familia acceda a informaci\u00f3n confiable y herramientas reales para tomar una decisi\u00f3n tranquila y bien acompa\u00f1ada.<\/p>\n\n\n\n<figure class=\"wp-block-gallery has-nested-images columns-default is-cropped wp-block-gallery-1 is-layout-flex wp-block-gallery-is-layout-flex\">\n<figure class=\"wp-block-image size-large\"><img loading=\"lazy\" decoding=\"async\" width=\"1024\" height=\"636\" data-id=\"11568\" src=\"https:\/\/nahuelproducciones.com.ar\/radioquijano\/wp-content\/uploads\/2025\/11\/WhatsApp-Image-2025-11-19-at-1.37.32-PM-1024x636.jpeg\" alt=\"\" class=\"wp-image-11568\" srcset=\"https:\/\/nahuelproducciones.com.ar\/radioquijano\/wp-content\/uploads\/2025\/11\/WhatsApp-Image-2025-11-19-at-1.37.32-PM-1024x636.jpeg 1024w, https:\/\/nahuelproducciones.com.ar\/radioquijano\/wp-content\/uploads\/2025\/11\/WhatsApp-Image-2025-11-19-at-1.37.32-PM-300x186.jpeg 300w, https:\/\/nahuelproducciones.com.ar\/radioquijano\/wp-content\/uploads\/2025\/11\/WhatsApp-Image-2025-11-19-at-1.37.32-PM-768x477.jpeg 768w, https:\/\/nahuelproducciones.com.ar\/radioquijano\/wp-content\/uploads\/2025\/11\/WhatsApp-Image-2025-11-19-at-1.37.32-PM-150x93.jpeg 150w, https:\/\/nahuelproducciones.com.ar\/radioquijano\/wp-content\/uploads\/2025\/11\/WhatsApp-Image-2025-11-19-at-1.37.32-PM.jpeg 1267w\" sizes=\"auto, (max-width: 1024px) 100vw, 1024px\" \/><\/figure>\n\n\n\n<figure class=\"wp-block-image size-large\"><img loading=\"lazy\" decoding=\"async\" width=\"500\" height=\"500\" data-id=\"11566\" src=\"https:\/\/nahuelproducciones.com.ar\/radioquijano\/wp-content\/uploads\/2025\/11\/585869575_10238961790292264_2016160336091373267_n.jpg\" alt=\"\" class=\"wp-image-11566\" srcset=\"https:\/\/nahuelproducciones.com.ar\/radioquijano\/wp-content\/uploads\/2025\/11\/585869575_10238961790292264_2016160336091373267_n.jpg 500w, https:\/\/nahuelproducciones.com.ar\/radioquijano\/wp-content\/uploads\/2025\/11\/585869575_10238961790292264_2016160336091373267_n-300x300.jpg 300w, https:\/\/nahuelproducciones.com.ar\/radioquijano\/wp-content\/uploads\/2025\/11\/585869575_10238961790292264_2016160336091373267_n-96x96.jpg 96w, https:\/\/nahuelproducciones.com.ar\/radioquijano\/wp-content\/uploads\/2025\/11\/585869575_10238961790292264_2016160336091373267_n-150x150.jpg 150w\" sizes=\"auto, (max-width: 500px) 100vw, 500px\" \/><\/figure>\n\n\n\n<figure class=\"wp-block-image size-large\"><img loading=\"lazy\" decoding=\"async\" width=\"1024\" height=\"861\" data-id=\"11567\" src=\"https:\/\/nahuelproducciones.com.ar\/radioquijano\/wp-content\/uploads\/2025\/11\/WhatsApp-Image-2025-11-19-at-1.37.46-PM-1-1024x861.jpeg\" alt=\"\" class=\"wp-image-11567\" srcset=\"https:\/\/nahuelproducciones.com.ar\/radioquijano\/wp-content\/uploads\/2025\/11\/WhatsApp-Image-2025-11-19-at-1.37.46-PM-1-1024x861.jpeg 1024w, https:\/\/nahuelproducciones.com.ar\/radioquijano\/wp-content\/uploads\/2025\/11\/WhatsApp-Image-2025-11-19-at-1.37.46-PM-1-300x252.jpeg 300w, https:\/\/nahuelproducciones.com.ar\/radioquijano\/wp-content\/uploads\/2025\/11\/WhatsApp-Image-2025-11-19-at-1.37.46-PM-1-768x646.jpeg 768w, https:\/\/nahuelproducciones.com.ar\/radioquijano\/wp-content\/uploads\/2025\/11\/WhatsApp-Image-2025-11-19-at-1.37.46-PM-1-150x126.jpeg 150w, https:\/\/nahuelproducciones.com.ar\/radioquijano\/wp-content\/uploads\/2025\/11\/WhatsApp-Image-2025-11-19-at-1.37.46-PM-1.jpeg 1081w\" sizes=\"auto, (max-width: 1024px) 100vw, 1024px\" \/><\/figure>\n<\/figure>\n\n\n\n<p>Escucha la entrevista:<\/p>\n\n\n\n<figure class=\"wp-block-audio\"><audio controls src=\"https:\/\/nahuelproducciones.com.ar\/radioquijano\/wp-content\/uploads\/2025\/11\/19-11-2025-FLORENCIA-TORINA-Y-FACUNDO-BARRIOS-asesores-oficial-de-Volkswagen.mp3\"><\/audio><\/figure>\n","protected":false},"excerpt":{"rendered":"<p>Esta ma\u00f1ana, en los estudios de Radio Quijano, nos visitaron Florencia Torina y Facundo Barrios, asesores oficiales de Autosol Volkswagen, quienes brindaron informaci\u00f3n clara y completa sobre todas las opciones disponibles para acceder a un 0 kil\u00f3metro, un usado reciente o incluso al primer auto de quienes sue\u00f1an con tener su propia movilidad. Durante la [&hellip;]<\/p>\n","protected":false},"author":8,"featured_media":11564,"comment_status":"open","ping_status":"open","sticky":false,"template":"","format":"standard","meta":{"_monsterinsights_skip_tracking":false,"_monsterinsights_sitenote_active":false,"_monsterinsights_sitenote_note":"","_monsterinsights_sitenote_category":0,"footnotes":""},"categories":[16],"tags":[1991,1990,100],"class_list":["post-11563","post","type-post","status-publish","format-standard","has-post-thumbnail","hentry","category-noticias","tag-autosol-volkswagen","tag-florencia-torina-y-facundo-barrios","tag-municipio-de-campo-quijano"],"yoast_head":"<!-- This site is optimized with the Yoast SEO plugin v20.8 - https:\/\/yoast.com\/wordpress\/plugins\/seo\/ -->\n<title>Radio Quijano recibi\u00f3 a Florencia Torina y Facundo Barrios, asesores de Volkswagen. - RQ 99.9<\/title>\n<meta name=\"description\" content=\"Recib\u00ed un asesoramiento personalizado mandando un mensaje al 387 5 757595.\" \/>\n<meta name=\"robots\" content=\"index, follow, max-snippet:-1, max-image-preview:large, max-video-preview:-1\" \/>\n<link rel=\"canonical\" href=\"https:\/\/nahuelproducciones.com.ar\/radioquijano\/radio-quijano-recibio-a-florencia-torina-y-facundo-barrios-asesores-de-volkswagen\/\" \/>\n<meta property=\"og:locale\" content=\"es_ES\" \/>\n<meta property=\"og:type\" content=\"article\" \/>\n<meta property=\"og:title\" content=\"Radio Quijano recibi\u00f3 a Florencia Torina y Facundo Barrios, asesores de Volkswagen. - RQ 99.9\" \/>\n<meta property=\"og:description\" content=\"Recib\u00ed un asesoramiento personalizado mandando un mensaje al 387 5 757595.\" \/>\n<meta property=\"og:url\" content=\"https:\/\/nahuelproducciones.com.ar\/radioquijano\/radio-quijano-recibio-a-florencia-torina-y-facundo-barrios-asesores-de-volkswagen\/\" \/>\n<meta property=\"og:site_name\" content=\"RQ 99.9\" \/>\n<meta property=\"article:publisher\" content=\"https:\/\/www.facebook.com\/nahuelproducciones999\/\" \/>\n<meta property=\"article:published_time\" content=\"2025-11-20T04:00:49+00:00\" \/>\n<meta property=\"article:modified_time\" content=\"2025-11-20T04:00:50+00:00\" \/>\n<meta property=\"og:image\" content=\"https:\/\/nahuelproducciones.com.ar\/radioquijano\/wp-content\/uploads\/2025\/11\/WhatsApp-Image-2025-11-19-at-1.37.46-PM-e1763610455653.jpeg\" \/>\n\t<meta property=\"og:image:width\" content=\"700\" \/>\n\t<meta property=\"og:image:height\" content=\"589\" \/>\n\t<meta property=\"og:image:type\" content=\"image\/jpeg\" \/>\n<meta name=\"author\" content=\"Cecilia Pastrana\" \/>\n<meta name=\"twitter:card\" content=\"summary_large_image\" \/>\n<meta name=\"twitter:creator\" content=\"@nahuproduciones\" \/>\n<meta name=\"twitter:site\" content=\"@nahuproduciones\" \/>\n<meta name=\"twitter:label1\" content=\"Escrito por\" \/>\n\t<meta name=\"twitter:data1\" content=\"Cecilia Pastrana\" \/>\n\t<meta name=\"twitter:label2\" content=\"Tiempo de lectura\" \/>\n\t<meta name=\"twitter:data2\" content=\"2 minutos\" \/>\n<script type=\"application\/ld+json\" class=\"yoast-schema-graph\">{\"@context\":\"https:\/\/schema.org\",\"@graph\":[{\"@type\":\"WebPage\",\"@id\":\"https:\/\/nahuelproducciones.com.ar\/radioquijano\/radio-quijano-recibio-a-florencia-torina-y-facundo-barrios-asesores-de-volkswagen\/\",\"url\":\"https:\/\/nahuelproducciones.com.ar\/radioquijano\/radio-quijano-recibio-a-florencia-torina-y-facundo-barrios-asesores-de-volkswagen\/\",\"name\":\"Radio Quijano recibi\u00f3 a Florencia Torina y Facundo Barrios, asesores de Volkswagen. - RQ 99.9\",\"isPartOf\":{\"@id\":\"https:\/\/nahuelproducciones.com.ar\/radioquijano\/#website\"},\"datePublished\":\"2025-11-20T04:00:49+00:00\",\"dateModified\":\"2025-11-20T04:00:50+00:00\",\"author\":{\"@id\":\"https:\/\/nahuelproducciones.com.ar\/radioquijano\/#\/schema\/person\/e8a4f939e2cb487fe6d0c54042c9d32c\"},\"description\":\"Recib\u00ed un asesoramiento personalizado mandando un mensaje al 387 5 757595.\",\"breadcrumb\":{\"@id\":\"https:\/\/nahuelproducciones.com.ar\/radioquijano\/radio-quijano-recibio-a-florencia-torina-y-facundo-barrios-asesores-de-volkswagen\/#breadcrumb\"},\"inLanguage\":\"es\",\"potentialAction\":[{\"@type\":\"ReadAction\",\"target\":[\"https:\/\/nahuelproducciones.com.ar\/radioquijano\/radio-quijano-recibio-a-florencia-torina-y-facundo-barrios-asesores-de-volkswagen\/\"]}]},{\"@type\":\"BreadcrumbList\",\"@id\":\"https:\/\/nahuelproducciones.com.ar\/radioquijano\/radio-quijano-recibio-a-florencia-torina-y-facundo-barrios-asesores-de-volkswagen\/#breadcrumb\",\"itemListElement\":[{\"@type\":\"ListItem\",\"position\":1,\"name\":\"Portada\",\"item\":\"https:\/\/nahuelproducciones.com.ar\/radioquijano\/\"},{\"@type\":\"ListItem\",\"position\":2,\"name\":\"Radio Quijano recibi\u00f3 a Florencia Torina y Facundo Barrios, asesores de Volkswagen.\"}]},{\"@type\":\"WebSite\",\"@id\":\"https:\/\/nahuelproducciones.com.ar\/radioquijano\/#website\",\"url\":\"https:\/\/nahuelproducciones.com.ar\/radioquijano\/\",\"name\":\"RQ 99.9\",\"description\":\"Radio Quijano 99.9 MHz\",\"potentialAction\":[{\"@type\":\"SearchAction\",\"target\":{\"@type\":\"EntryPoint\",\"urlTemplate\":\"https:\/\/nahuelproducciones.com.ar\/radioquijano\/?s={search_term_string}\"},\"query-input\":\"required name=search_term_string\"}],\"inLanguage\":\"es\"},{\"@type\":\"Person\",\"@id\":\"https:\/\/nahuelproducciones.com.ar\/radioquijano\/#\/schema\/person\/e8a4f939e2cb487fe6d0c54042c9d32c\",\"name\":\"Cecilia Pastrana\",\"image\":{\"@type\":\"ImageObject\",\"inLanguage\":\"es\",\"@id\":\"https:\/\/nahuelproducciones.com.ar\/radioquijano\/#\/schema\/person\/image\/\",\"url\":\"https:\/\/secure.gravatar.com\/avatar\/661a3ef63a8488d4f2794ed44af8cf71420f7e106f3072c40125114df5157749?s=96&d=mm&r=g\",\"contentUrl\":\"https:\/\/secure.gravatar.com\/avatar\/661a3ef63a8488d4f2794ed44af8cf71420f7e106f3072c40125114df5157749?s=96&d=mm&r=g\",\"caption\":\"Cecilia Pastrana\"},\"sameAs\":[\"cecy\"],\"url\":\"https:\/\/nahuelproducciones.com.ar\/radioquijano\/author\/cecy\/\"}]}<\/script>\n<!-- \/ Yoast SEO plugin. -->","yoast_head_json":{"title":"Radio Quijano recibi\u00f3 a Florencia Torina y Facundo Barrios, asesores de Volkswagen. - RQ 99.9","description":"Recib\u00ed un asesoramiento personalizado mandando un mensaje al 387 5 757595.","robots":{"index":"index","follow":"follow","max-snippet":"max-snippet:-1","max-image-preview":"max-image-preview:large","max-video-preview":"max-video-preview:-1"},"canonical":"https:\/\/nahuelproducciones.com.ar\/radioquijano\/radio-quijano-recibio-a-florencia-torina-y-facundo-barrios-asesores-de-volkswagen\/","og_locale":"es_ES","og_type":"article","og_title":"Radio Quijano recibi\u00f3 a Florencia Torina y Facundo Barrios, asesores de Volkswagen. - RQ 99.9","og_description":"Recib\u00ed un asesoramiento personalizado mandando un mensaje al 387 5 757595.","og_url":"https:\/\/nahuelproducciones.com.ar\/radioquijano\/radio-quijano-recibio-a-florencia-torina-y-facundo-barrios-asesores-de-volkswagen\/","og_site_name":"RQ 99.9","article_publisher":"https:\/\/www.facebook.com\/nahuelproducciones999\/","article_published_time":"2025-11-20T04:00:49+00:00","article_modified_time":"2025-11-20T04:00:50+00:00","og_image":[{"width":700,"height":589,"url":"https:\/\/nahuelproducciones.com.ar\/radioquijano\/wp-content\/uploads\/2025\/11\/WhatsApp-Image-2025-11-19-at-1.37.46-PM-e1763610455653.jpeg","type":"image\/jpeg"}],"author":"Cecilia Pastrana","twitter_card":"summary_large_image","twitter_creator":"@nahuproduciones","twitter_site":"@nahuproduciones","twitter_misc":{"Escrito por":"Cecilia Pastrana","Tiempo de lectura":"2 minutos"},"schema":{"@context":"https:\/\/schema.org","@graph":[{"@type":"WebPage","@id":"https:\/\/nahuelproducciones.com.ar\/radioquijano\/radio-quijano-recibio-a-florencia-torina-y-facundo-barrios-asesores-de-volkswagen\/","url":"https:\/\/nahuelproducciones.com.ar\/radioquijano\/radio-quijano-recibio-a-florencia-torina-y-facundo-barrios-asesores-de-volkswagen\/","name":"Radio Quijano recibi\u00f3 a Florencia Torina y Facundo Barrios, asesores de Volkswagen. - RQ 99.9","isPartOf":{"@id":"https:\/\/nahuelproducciones.com.ar\/radioquijano\/#website"},"datePublished":"2025-11-20T04:00:49+00:00","dateModified":"2025-11-20T04:00:50+00:00","author":{"@id":"https:\/\/nahuelproducciones.com.ar\/radioquijano\/#\/schema\/person\/e8a4f939e2cb487fe6d0c54042c9d32c"},"description":"Recib\u00ed un asesoramiento personalizado mandando un mensaje al 387 5 757595.","breadcrumb":{"@id":"https:\/\/nahuelproducciones.com.ar\/radioquijano\/radio-quijano-recibio-a-florencia-torina-y-facundo-barrios-asesores-de-volkswagen\/#breadcrumb"},"inLanguage":"es","potentialAction":[{"@type":"ReadAction","target":["https:\/\/nahuelproducciones.com.ar\/radioquijano\/radio-quijano-recibio-a-florencia-torina-y-facundo-barrios-asesores-de-volkswagen\/"]}]},{"@type":"BreadcrumbList","@id":"https:\/\/nahuelproducciones.com.ar\/radioquijano\/radio-quijano-recibio-a-florencia-torina-y-facundo-barrios-asesores-de-volkswagen\/#breadcrumb","itemListElement":[{"@type":"ListItem","position":1,"name":"Portada","item":"https:\/\/nahuelproducciones.com.ar\/radioquijano\/"},{"@type":"ListItem","position":2,"name":"Radio Quijano recibi\u00f3 a Florencia Torina y Facundo Barrios, asesores de Volkswagen."}]},{"@type":"WebSite","@id":"https:\/\/nahuelproducciones.com.ar\/radioquijano\/#website","url":"https:\/\/nahuelproducciones.com.ar\/radioquijano\/","name":"RQ 99.9","description":"Radio Quijano 99.9 MHz","potentialAction":[{"@type":"SearchAction","target":{"@type":"EntryPoint","urlTemplate":"https:\/\/nahuelproducciones.com.ar\/radioquijano\/?s={search_term_string}"},"query-input":"required name=search_term_string"}],"inLanguage":"es"},{"@type":"Person","@id":"https:\/\/nahuelproducciones.com.ar\/radioquijano\/#\/schema\/person\/e8a4f939e2cb487fe6d0c54042c9d32c","name":"Cecilia Pastrana","image":{"@type":"ImageObject","inLanguage":"es","@id":"https:\/\/nahuelproducciones.com.ar\/radioquijano\/#\/schema\/person\/image\/","url":"https:\/\/secure.gravatar.com\/avatar\/661a3ef63a8488d4f2794ed44af8cf71420f7e106f3072c40125114df5157749?s=96&d=mm&r=g","contentUrl":"https:\/\/secure.gravatar.com\/avatar\/661a3ef63a8488d4f2794ed44af8cf71420f7e106f3072c40125114df5157749?s=96&d=mm&r=g","caption":"Cecilia Pastrana"},"sameAs":["cecy"],"url":"https:\/\/nahuelproducciones.com.ar\/radioquijano\/author\/cecy\/"}]}},"_links":{"self":[{"href":"https:\/\/nahuelproducciones.com.ar\/radioquijano\/wp-json\/wp\/v2\/posts\/11563","targetHints":{"allow":["GET"]}}],"collection":[{"href":"https:\/\/nahuelproducciones.com.ar\/radioquijano\/wp-json\/wp\/v2\/posts"}],"about":[{"href":"https:\/\/nahuelproducciones.com.ar\/radioquijano\/wp-json\/wp\/v2\/types\/post"}],"author":[{"embeddable":true,"href":"https:\/\/nahuelproducciones.com.ar\/radioquijano\/wp-json\/wp\/v2\/users\/8"}],"replies":[{"embeddable":true,"href":"https:\/\/nahuelproducciones.com.ar\/radioquijano\/wp-json\/wp\/v2\/comments?post=11563"}],"version-history":[{"count":1,"href":"https:\/\/nahuelproducciones.com.ar\/radioquijano\/wp-json\/wp\/v2\/posts\/11563\/revisions"}],"predecessor-version":[{"id":11570,"href":"https:\/\/nahuelproducciones.com.ar\/radioquijano\/wp-json\/wp\/v2\/posts\/11563\/revisions\/11570"}],"wp:featuredmedia":[{"embeddable":true,"href":"https:\/\/nahuelproducciones.com.ar\/radioquijano\/wp-json\/wp\/v2\/media\/11564"}],"wp:attachment":[{"href":"https:\/\/nahuelproducciones.com.ar\/radioquijano\/wp-json\/wp\/v2\/media?parent=11563"}],"wp:term":[{"taxonomy":"category","embeddable":true,"href":"https:\/\/nahuelproducciones.com.ar\/radioquijano\/wp-json\/wp\/v2\/categories?post=11563"},{"taxonomy":"post_tag","embeddable":true,"href":"https:\/\/nahuelproducciones.com.ar\/radioquijano\/wp-json\/wp\/v2\/tags?post=11563"}],"curies":[{"name":"wp","href":"https:\/\/api.w.org\/{rel}","templated":true}]}}