{"id":11571,"date":"2025-11-20T07:06:01","date_gmt":"2025-11-20T10:06:01","guid":{"rendered":"https:\/\/nahuelproducciones.com.ar\/radioquijano\/?p=11571"},"modified":"2025-11-20T07:06:59","modified_gmt":"2025-11-20T10:06:59","slug":"estudiantes-de-campo-quijano-finalistas-en-concurso-internacional-con-una-innovadora-mochila-solar","status":"publish","type":"post","link":"https:\/\/nahuelproducciones.com.ar\/radioquijano\/estudiantes-de-campo-quijano-finalistas-en-concurso-internacional-con-una-innovadora-mochila-solar\/","title":{"rendered":"Estudiantes de Campo Quijano finalistas en concurso internacional con una innovadora mochila solar"},"content":{"rendered":"\n<p>El proyecto <strong>\u201cSolar Pack\u201d<\/strong>, creado por estudiantes del <strong>Colegio N.\u00ba 5086 Cnel. Julio Sergio Jovanovics de Campo Quijano<\/strong>, fue seleccionado como finalista en <strong>Solve for Tomorrow<\/strong>, el prestigioso concurso de innovaci\u00f3n educativa impulsado por Samsung Argentina.<\/p>\n\n\n\n<p>La noticia fue celebrada por <strong>Mart\u00edn G\u00fcemes, el&nbsp;<strong>Secretario de Modernizaci\u00f3n del Estado<\/strong>&nbsp;de la provincia de Salta<\/strong>, quien destac\u00f3 en su cuenta oficial de Facebook el m\u00e9rito y la creatividad del equipo. <em>\u201cFelicitamos a los estudiantes\u2026 quienes con su proyecto \u2018Solar Pack\u2019 fueron seleccionados como finalistas\u201d<\/em>, expres\u00f3, remarcando la importancia de la iniciativa.<\/p>\n\n\n\n<p>El <strong>Solar Pack<\/strong> consiste en una <strong>mochila equipada con paneles solares<\/strong> capaz de <strong>cargar dispositivos electr\u00f3nicos y ofrecer iluminaci\u00f3n<\/strong> en zonas rurales. Esta soluci\u00f3n busca mejorar tanto la seguridad como el acceso a la energ\u00eda para estudiantes de <strong>Campo Quijano, La Puna y otras localidades cercanas<\/strong>, donde la disponibilidad de electricidad suele ser limitada o inestable.<\/p>\n\n\n\n<p>Desde la <strong>Secretar\u00eda de Modernizaci\u00f3n<\/strong>, G\u00fcemes asegur\u00f3 que el Gobierno provincial est\u00e1 acompa\u00f1ando el proceso y alent\u00f3 a los j\u00f3venes en esta \u00faltima etapa del certamen. <em>\u201cTenemos el orgullo de acompa\u00f1arlos y les deseamos el mayor de los \u00e9xitos\u201d<\/em>, expres\u00f3.<\/p>\n\n\n\n<p>Solve for Tomorrow es uno de los concursos de innovaci\u00f3n escolar m\u00e1s reconocidos del pa\u00eds, donde cada a\u00f1o estudiantes de distintas provincias presentan propuestas tecnol\u00f3gicas orientadas a resolver problem\u00e1ticas sociales. La inclusi\u00f3n del proyecto salte\u00f1o entre los finalistas reafirma el creciente potencial cient\u00edfico y creativo de la juventud de la regi\u00f3n.<\/p>\n\n\n<p><iframe loading=\"lazy\" src=\"https:\/\/www.facebook.com\/plugins\/video.php?height=476&#038;href=https%3A%2F%2Fwww.facebook.com%2FGuemes.Martin%2Fvideos%2F2020827015359297%2F&#038;show_text=true&#038;width=270&#038;t=0\" width=\"270\" height=\"591\" style=\"border:none;overflow:hidden\" scrolling=\"no\" frameborder=\"0\" allowfullscreen=\"true\" allow=\"autoplay; clipboard-write; encrypted-media; picture-in-picture; web-share\" allowFullScreen=\"true\"><\/iframe><\/p>\n\n\n\n<p><\/p>\n","protected":false},"excerpt":{"rendered":"<p>El proyecto \u201cSolar Pack\u201d, creado por estudiantes del Colegio N.\u00ba 5086 Cnel. Julio Sergio Jovanovics de Campo Quijano, fue seleccionado como finalista en Solve for Tomorrow, el prestigioso concurso de innovaci\u00f3n educativa impulsado por Samsung Argentina. La noticia fue celebrada por Mart\u00edn G\u00fcemes, el&nbsp;Secretario de Modernizaci\u00f3n del Estado&nbsp;de la provincia de Salta, quien destac\u00f3 en [&hellip;]<\/p>\n","protected":false},"author":8,"featured_media":11572,"comment_status":"open","ping_status":"open","sticky":false,"template":"","format":"standard","meta":{"_monsterinsights_skip_tracking":false,"_monsterinsights_sitenote_active":false,"_monsterinsights_sitenote_note":"","_monsterinsights_sitenote_category":0,"footnotes":""},"categories":[16],"tags":[36,1994,100,1993,1992],"class_list":["post-11571","post","type-post","status-publish","format-standard","has-post-thumbnail","hentry","category-noticias","tag-campo-quijano","tag-colegio-n-o-5086-cnel-julio-sergio-jovanovics","tag-municipio-de-campo-quijano","tag-solve-for-tomorrow","tag-solar-pack"],"yoast_head":"<!-- This site is optimized with the Yoast SEO plugin v20.8 - https:\/\/yoast.com\/wordpress\/plugins\/seo\/ -->\n<title>Estudiantes de Campo Quijano finalistas en concurso internacional con una innovadora mochila solar - RQ 99.9<\/title>\n<meta name=\"description\" content=\"Desde la Secretar\u00eda de Modernizaci\u00f3n, G\u00fcemes asegur\u00f3 que el Gobierno provincial est\u00e1 acompa\u00f1ando el proceso y alent\u00f3 a los j\u00f3venes en esta \u00faltima etapa del certamen.\" \/>\n<meta name=\"robots\" content=\"index, follow, max-snippet:-1, max-image-preview:large, max-video-preview:-1\" \/>\n<link rel=\"canonical\" href=\"https:\/\/nahuelproducciones.com.ar\/radioquijano\/estudiantes-de-campo-quijano-finalistas-en-concurso-internacional-con-una-innovadora-mochila-solar\/\" \/>\n<meta property=\"og:locale\" content=\"es_ES\" \/>\n<meta property=\"og:type\" content=\"article\" \/>\n<meta property=\"og:title\" content=\"Estudiantes de Campo Quijano finalistas en concurso internacional con una innovadora mochila solar - RQ 99.9\" \/>\n<meta property=\"og:description\" content=\"Desde la Secretar\u00eda de Modernizaci\u00f3n, G\u00fcemes asegur\u00f3 que el Gobierno provincial est\u00e1 acompa\u00f1ando el proceso y alent\u00f3 a los j\u00f3venes en esta \u00faltima etapa del certamen.\" \/>\n<meta property=\"og:url\" content=\"https:\/\/nahuelproducciones.com.ar\/radioquijano\/estudiantes-de-campo-quijano-finalistas-en-concurso-internacional-con-una-innovadora-mochila-solar\/\" \/>\n<meta property=\"og:site_name\" content=\"RQ 99.9\" \/>\n<meta property=\"article:publisher\" content=\"https:\/\/www.facebook.com\/nahuelproducciones999\/\" \/>\n<meta property=\"article:published_time\" content=\"2025-11-20T10:06:01+00:00\" \/>\n<meta property=\"article:modified_time\" content=\"2025-11-20T10:06:59+00:00\" \/>\n<meta property=\"og:image\" content=\"https:\/\/nahuelproducciones.com.ar\/radioquijano\/wp-content\/uploads\/2025\/11\/WhatsApp-Image-2025-11-20-at-6.49.42-AM.jpeg\" \/>\n\t<meta property=\"og:image:width\" content=\"508\" \/>\n\t<meta property=\"og:image:height\" content=\"504\" \/>\n\t<meta property=\"og:image:type\" content=\"image\/jpeg\" \/>\n<meta name=\"author\" content=\"Cecilia Pastrana\" \/>\n<meta name=\"twitter:card\" content=\"summary_large_image\" \/>\n<meta name=\"twitter:creator\" content=\"@nahuproduciones\" \/>\n<meta name=\"twitter:site\" content=\"@nahuproduciones\" \/>\n<meta name=\"twitter:label1\" content=\"Escrito por\" \/>\n\t<meta name=\"twitter:data1\" content=\"Cecilia Pastrana\" \/>\n\t<meta name=\"twitter:label2\" content=\"Tiempo de lectura\" \/>\n\t<meta name=\"twitter:data2\" content=\"2 minutos\" \/>\n<script type=\"application\/ld+json\" class=\"yoast-schema-graph\">{\"@context\":\"https:\/\/schema.org\",\"@graph\":[{\"@type\":\"WebPage\",\"@id\":\"https:\/\/nahuelproducciones.com.ar\/radioquijano\/estudiantes-de-campo-quijano-finalistas-en-concurso-internacional-con-una-innovadora-mochila-solar\/\",\"url\":\"https:\/\/nahuelproducciones.com.ar\/radioquijano\/estudiantes-de-campo-quijano-finalistas-en-concurso-internacional-con-una-innovadora-mochila-solar\/\",\"name\":\"Estudiantes de Campo Quijano finalistas en concurso internacional con una innovadora mochila solar - RQ 99.9\",\"isPartOf\":{\"@id\":\"https:\/\/nahuelproducciones.com.ar\/radioquijano\/#website\"},\"datePublished\":\"2025-11-20T10:06:01+00:00\",\"dateModified\":\"2025-11-20T10:06:59+00:00\",\"author\":{\"@id\":\"https:\/\/nahuelproducciones.com.ar\/radioquijano\/#\/schema\/person\/e8a4f939e2cb487fe6d0c54042c9d32c\"},\"description\":\"Desde la Secretar\u00eda de Modernizaci\u00f3n, G\u00fcemes asegur\u00f3 que el Gobierno provincial est\u00e1 acompa\u00f1ando el proceso y alent\u00f3 a los j\u00f3venes en esta \u00faltima etapa del certamen.\",\"breadcrumb\":{\"@id\":\"https:\/\/nahuelproducciones.com.ar\/radioquijano\/estudiantes-de-campo-quijano-finalistas-en-concurso-internacional-con-una-innovadora-mochila-solar\/#breadcrumb\"},\"inLanguage\":\"es\",\"potentialAction\":[{\"@type\":\"ReadAction\",\"target\":[\"https:\/\/nahuelproducciones.com.ar\/radioquijano\/estudiantes-de-campo-quijano-finalistas-en-concurso-internacional-con-una-innovadora-mochila-solar\/\"]}]},{\"@type\":\"BreadcrumbList\",\"@id\":\"https:\/\/nahuelproducciones.com.ar\/radioquijano\/estudiantes-de-campo-quijano-finalistas-en-concurso-internacional-con-una-innovadora-mochila-solar\/#breadcrumb\",\"itemListElement\":[{\"@type\":\"ListItem\",\"position\":1,\"name\":\"Portada\",\"item\":\"https:\/\/nahuelproducciones.com.ar\/radioquijano\/\"},{\"@type\":\"ListItem\",\"position\":2,\"name\":\"Estudiantes de Campo Quijano finalistas en concurso internacional con una innovadora mochila solar\"}]},{\"@type\":\"WebSite\",\"@id\":\"https:\/\/nahuelproducciones.com.ar\/radioquijano\/#website\",\"url\":\"https:\/\/nahuelproducciones.com.ar\/radioquijano\/\",\"name\":\"RQ 99.9\",\"description\":\"Radio Quijano 99.9 MHz\",\"potentialAction\":[{\"@type\":\"SearchAction\",\"target\":{\"@type\":\"EntryPoint\",\"urlTemplate\":\"https:\/\/nahuelproducciones.com.ar\/radioquijano\/?s={search_term_string}\"},\"query-input\":\"required name=search_term_string\"}],\"inLanguage\":\"es\"},{\"@type\":\"Person\",\"@id\":\"https:\/\/nahuelproducciones.com.ar\/radioquijano\/#\/schema\/person\/e8a4f939e2cb487fe6d0c54042c9d32c\",\"name\":\"Cecilia Pastrana\",\"image\":{\"@type\":\"ImageObject\",\"inLanguage\":\"es\",\"@id\":\"https:\/\/nahuelproducciones.com.ar\/radioquijano\/#\/schema\/person\/image\/\",\"url\":\"https:\/\/secure.gravatar.com\/avatar\/661a3ef63a8488d4f2794ed44af8cf71420f7e106f3072c40125114df5157749?s=96&d=mm&r=g\",\"contentUrl\":\"https:\/\/secure.gravatar.com\/avatar\/661a3ef63a8488d4f2794ed44af8cf71420f7e106f3072c40125114df5157749?s=96&d=mm&r=g\",\"caption\":\"Cecilia Pastrana\"},\"sameAs\":[\"cecy\"],\"url\":\"https:\/\/nahuelproducciones.com.ar\/radioquijano\/author\/cecy\/\"}]}<\/script>\n<!-- \/ Yoast SEO plugin. -->","yoast_head_json":{"title":"Estudiantes de Campo Quijano finalistas en concurso internacional con una innovadora mochila solar - RQ 99.9","description":"Desde la Secretar\u00eda de Modernizaci\u00f3n, G\u00fcemes asegur\u00f3 que el Gobierno provincial est\u00e1 acompa\u00f1ando el proceso y alent\u00f3 a los j\u00f3venes en esta \u00faltima etapa del certamen.","robots":{"index":"index","follow":"follow","max-snippet":"max-snippet:-1","max-image-preview":"max-image-preview:large","max-video-preview":"max-video-preview:-1"},"canonical":"https:\/\/nahuelproducciones.com.ar\/radioquijano\/estudiantes-de-campo-quijano-finalistas-en-concurso-internacional-con-una-innovadora-mochila-solar\/","og_locale":"es_ES","og_type":"article","og_title":"Estudiantes de Campo Quijano finalistas en concurso internacional con una innovadora mochila solar - RQ 99.9","og_description":"Desde la Secretar\u00eda de Modernizaci\u00f3n, G\u00fcemes asegur\u00f3 que el Gobierno provincial est\u00e1 acompa\u00f1ando el proceso y alent\u00f3 a los j\u00f3venes en esta \u00faltima etapa del certamen.","og_url":"https:\/\/nahuelproducciones.com.ar\/radioquijano\/estudiantes-de-campo-quijano-finalistas-en-concurso-internacional-con-una-innovadora-mochila-solar\/","og_site_name":"RQ 99.9","article_publisher":"https:\/\/www.facebook.com\/nahuelproducciones999\/","article_published_time":"2025-11-20T10:06:01+00:00","article_modified_time":"2025-11-20T10:06:59+00:00","og_image":[{"width":508,"height":504,"url":"https:\/\/nahuelproducciones.com.ar\/radioquijano\/wp-content\/uploads\/2025\/11\/WhatsApp-Image-2025-11-20-at-6.49.42-AM.jpeg","type":"image\/jpeg"}],"author":"Cecilia Pastrana","twitter_card":"summary_large_image","twitter_creator":"@nahuproduciones","twitter_site":"@nahuproduciones","twitter_misc":{"Escrito por":"Cecilia Pastrana","Tiempo de lectura":"2 minutos"},"schema":{"@context":"https:\/\/schema.org","@graph":[{"@type":"WebPage","@id":"https:\/\/nahuelproducciones.com.ar\/radioquijano\/estudiantes-de-campo-quijano-finalistas-en-concurso-internacional-con-una-innovadora-mochila-solar\/","url":"https:\/\/nahuelproducciones.com.ar\/radioquijano\/estudiantes-de-campo-quijano-finalistas-en-concurso-internacional-con-una-innovadora-mochila-solar\/","name":"Estudiantes de Campo Quijano finalistas en concurso internacional con una innovadora mochila solar - RQ 99.9","isPartOf":{"@id":"https:\/\/nahuelproducciones.com.ar\/radioquijano\/#website"},"datePublished":"2025-11-20T10:06:01+00:00","dateModified":"2025-11-20T10:06:59+00:00","author":{"@id":"https:\/\/nahuelproducciones.com.ar\/radioquijano\/#\/schema\/person\/e8a4f939e2cb487fe6d0c54042c9d32c"},"description":"Desde la Secretar\u00eda de Modernizaci\u00f3n, G\u00fcemes asegur\u00f3 que el Gobierno provincial est\u00e1 acompa\u00f1ando el proceso y alent\u00f3 a los j\u00f3venes en esta \u00faltima etapa del certamen.","breadcrumb":{"@id":"https:\/\/nahuelproducciones.com.ar\/radioquijano\/estudiantes-de-campo-quijano-finalistas-en-concurso-internacional-con-una-innovadora-mochila-solar\/#breadcrumb"},"inLanguage":"es","potentialAction":[{"@type":"ReadAction","target":["https:\/\/nahuelproducciones.com.ar\/radioquijano\/estudiantes-de-campo-quijano-finalistas-en-concurso-internacional-con-una-innovadora-mochila-solar\/"]}]},{"@type":"BreadcrumbList","@id":"https:\/\/nahuelproducciones.com.ar\/radioquijano\/estudiantes-de-campo-quijano-finalistas-en-concurso-internacional-con-una-innovadora-mochila-solar\/#breadcrumb","itemListElement":[{"@type":"ListItem","position":1,"name":"Portada","item":"https:\/\/nahuelproducciones.com.ar\/radioquijano\/"},{"@type":"ListItem","position":2,"name":"Estudiantes de Campo Quijano finalistas en concurso internacional con una innovadora mochila solar"}]},{"@type":"WebSite","@id":"https:\/\/nahuelproducciones.com.ar\/radioquijano\/#website","url":"https:\/\/nahuelproducciones.com.ar\/radioquijano\/","name":"RQ 99.9","description":"Radio Quijano 99.9 MHz","potentialAction":[{"@type":"SearchAction","target":{"@type":"EntryPoint","urlTemplate":"https:\/\/nahuelproducciones.com.ar\/radioquijano\/?s={search_term_string}"},"query-input":"required name=search_term_string"}],"inLanguage":"es"},{"@type":"Person","@id":"https:\/\/nahuelproducciones.com.ar\/radioquijano\/#\/schema\/person\/e8a4f939e2cb487fe6d0c54042c9d32c","name":"Cecilia Pastrana","image":{"@type":"ImageObject","inLanguage":"es","@id":"https:\/\/nahuelproducciones.com.ar\/radioquijano\/#\/schema\/person\/image\/","url":"https:\/\/secure.gravatar.com\/avatar\/661a3ef63a8488d4f2794ed44af8cf71420f7e106f3072c40125114df5157749?s=96&d=mm&r=g","contentUrl":"https:\/\/secure.gravatar.com\/avatar\/661a3ef63a8488d4f2794ed44af8cf71420f7e106f3072c40125114df5157749?s=96&d=mm&r=g","caption":"Cecilia Pastrana"},"sameAs":["cecy"],"url":"https:\/\/nahuelproducciones.com.ar\/radioquijano\/author\/cecy\/"}]}},"_links":{"self":[{"href":"https:\/\/nahuelproducciones.com.ar\/radioquijano\/wp-json\/wp\/v2\/posts\/11571","targetHints":{"allow":["GET"]}}],"collection":[{"href":"https:\/\/nahuelproducciones.com.ar\/radioquijano\/wp-json\/wp\/v2\/posts"}],"about":[{"href":"https:\/\/nahuelproducciones.com.ar\/radioquijano\/wp-json\/wp\/v2\/types\/post"}],"author":[{"embeddable":true,"href":"https:\/\/nahuelproducciones.com.ar\/radioquijano\/wp-json\/wp\/v2\/users\/8"}],"replies":[{"embeddable":true,"href":"https:\/\/nahuelproducciones.com.ar\/radioquijano\/wp-json\/wp\/v2\/comments?post=11571"}],"version-history":[{"count":2,"href":"https:\/\/nahuelproducciones.com.ar\/radioquijano\/wp-json\/wp\/v2\/posts\/11571\/revisions"}],"predecessor-version":[{"id":11574,"href":"https:\/\/nahuelproducciones.com.ar\/radioquijano\/wp-json\/wp\/v2\/posts\/11571\/revisions\/11574"}],"wp:featuredmedia":[{"embeddable":true,"href":"https:\/\/nahuelproducciones.com.ar\/radioquijano\/wp-json\/wp\/v2\/media\/11572"}],"wp:attachment":[{"href":"https:\/\/nahuelproducciones.com.ar\/radioquijano\/wp-json\/wp\/v2\/media?parent=11571"}],"wp:term":[{"taxonomy":"category","embeddable":true,"href":"https:\/\/nahuelproducciones.com.ar\/radioquijano\/wp-json\/wp\/v2\/categories?post=11571"},{"taxonomy":"post_tag","embeddable":true,"href":"https:\/\/nahuelproducciones.com.ar\/radioquijano\/wp-json\/wp\/v2\/tags?post=11571"}],"curies":[{"name":"wp","href":"https:\/\/api.w.org\/{rel}","templated":true}]}}