{"id":11604,"date":"2025-11-27T13:09:20","date_gmt":"2025-11-27T16:09:20","guid":{"rendered":"https:\/\/nahuelproducciones.com.ar\/radioquijano\/?p=11604"},"modified":"2025-11-27T13:17:29","modified_gmt":"2025-11-27T16:17:29","slug":"la-eet-n-3106-de-campo-quijano-ganaron-con-varios-proyectos-en-la-edicion-2025-del-concurso-de-proyectos-para-jovenes-de-escuelas-tecnicas","status":"publish","type":"post","link":"https:\/\/nahuelproducciones.com.ar\/radioquijano\/la-eet-n-3106-de-campo-quijano-ganaron-con-varios-proyectos-en-la-edicion-2025-del-concurso-de-proyectos-para-jovenes-de-escuelas-tecnicas\/","title":{"rendered":"\u00a0La EET N\u00b0 3106 de Campo Quijano ganaron  con varios proyectos en la Edici\u00f3n 2025 del Concurso de Proyectos para J\u00f3venes de Escuelas T\u00e9cnicas."},"content":{"rendered":"\n<p>El acto de premiaci\u00f3n de la Edici\u00f3n 2025 del Concurso de Proyectos para J\u00f3venes de Escuelas T\u00e9cnicas, reconociendo a ocho iniciativas destacadas por su innovaci\u00f3n, impacto comunitario y desarrollo productivo se llevar\u00e1 a cabo este viernes 28 de noviembre en la E.E.T. N\u00b0 3.112 de Cerrillos.<\/p>\n\n\n\n<p>La Secretar\u00eda de Coordinaci\u00f3n Interministerial, junto al Ministerio de Educaci\u00f3n, Cultura, Ciencia y Tecnolog\u00eda, presenta los ocho proyectos ganadores de la Edici\u00f3n 2025 del Concurso de Proyectos para J\u00f3venes de Escuelas T\u00e9cnicas, una iniciativa que promueve el emprendedurismo, la innovaci\u00f3n tecnol\u00f3gica y la inserci\u00f3n laboral de estudiantes del Ciclo Superior.<\/p>\n\n\n\n<p>En esta edici\u00f3n participaron escuelas t\u00e9cnicas de Cerrillos, Chicoana, Rosario de Lerma y Animan\u00e1, consolidando un espacio de formaci\u00f3n, creatividad y desarrollo productivo con impacto directo en sus comunidades.<\/p>\n\n\n\n<p>Como parte del cierre anual del programa, se realizar\u00e1 el Acto de Premiaci\u00f3n el d\u00eda viernes 28 de noviembre de 2025, a las 10:30 horas, en la Escuela de Educaci\u00f3n T\u00e9cnica N\u00b0 3.112 de la localidad de Cerrillos, donde se entregan los reconocimientos a cada proyecto ganador.<\/p>\n\n\n\n<p>El encuentro contar\u00e1 con la participaci\u00f3n de autoridades provinciales, municipales y educativas, quienes acompa\u00f1an a los equipos estudiantiles y docentes tutores en la presentaci\u00f3n de las iniciativas destacadas por su innovaci\u00f3n, pertinencia t\u00e9cnica, impacto comunitario y potencial productivo.<\/p>\n\n\n\n<p>Cabe destacar que el programa prev\u00e9 la entrega de hasta $3.000.000 por proyecto, destinados a impulsar su puesta en marcha dentro de las instituciones, garantizando que las iniciativas se traduzcan en oportunidades reales para las juventudes y en beneficios concretos para cada localidad.<\/p>\n\n\n<div class=\"wp-block-image\">\n<figure class=\"aligncenter is-resized\"><a href=\"https:\/\/www.salta.gob.ar\/public\/images\/noticias\/contenidos\/20807-ganadores.webp\"><img decoding=\"async\" src=\"https:\/\/www.salta.gob.ar\/public\/images\/noticias\/contenidos\/20807-ganadores.webp\" alt=\"Ganadores\" style=\"width:440px;height:auto\"\/><\/a><\/figure><\/div>\n\n\n<p><strong>Proyectos ganadores \u2013 Edici\u00f3n 2025<\/strong><\/p>\n\n\n\n<p>1. \u201cSabrosetas\u201d \u2013 EET N\u00b0 3116 | El Carril, Chicoana<\/p>\n\n\n\n<p>Producci\u00f3n de g\u00edrgolas para la elaboraci\u00f3n de snacks saludables y nutritivos, diversificando la oferta alimentaria local mediante un proceso sustentable.<\/p>\n\n\n\n<p>2. \u201cAerologic\u201d \u2013 EET N\u00b0 3106 | Campo Quijano, Rosario de Lerma<\/p>\n\n\n\n<p>Sistema automatizado de ventilaci\u00f3n que mide CO\u2082 y contaminantes para mejorar la calidad del aire en espacios educativos y talleres.<\/p>\n\n\n\n<p>3. \u201cClasificador con Visor Artificial\u201d \u2013 EET N\u00b0 3106 | Campo Quijano, Rosario de Lerma<\/p>\n\n\n\n<p>Desarrollo de una clasificadora de hojas de tabaco con visi\u00f3n artificial (OpenCV), que optimiza procesos y mejora la calidad del producto final.<\/p>\n\n\n\n<p>4. \u201cEstufa Ecol\u00f3gica Port\u00e1til\u201d \u2013 EET N\u00b0 3106 | Campo Quijano, Rosario de Lerma<\/p>\n\n\n\n<p>Hornalla port\u00e1til que utiliza aceite usado y energ\u00eda solar, promoviendo una alternativa accesible, renovable y de bajo impacto ambiental.<\/p>\n\n\n\n<p>5. \u201cRen\u00faa &amp; Zestellia\u201d \u2013 EET N\u00b0 3112 | Cerrillos<\/p>\n\n\n\n<p>Doble propuesta: elaboraci\u00f3n de gomitas saludables (Ren\u00faa) y producci\u00f3n de biopl\u00e1sticos y envases biodegradables a partir de restos de frutas (Zestellia).<\/p>\n\n\n<div class=\"wp-block-image\">\n<figure class=\"aligncenter is-resized\"><a href=\"https:\/\/www.salta.gob.ar\/public\/images\/noticias\/contenidos\/20808-ganadores.webp\"><img decoding=\"async\" src=\"https:\/\/www.salta.gob.ar\/public\/images\/noticias\/contenidos\/20808-ganadores.webp\" alt=\"Ganadores\" style=\"width:445px;height:auto\"\/><\/a><\/figure><\/div>\n\n<div class=\"wp-block-image\">\n<figure class=\"aligncenter is-resized\"><a href=\"https:\/\/www.salta.gob.ar\/public\/images\/noticias\/contenidos\/20809-gandores.webp\"><img decoding=\"async\" src=\"https:\/\/www.salta.gob.ar\/public\/images\/noticias\/contenidos\/20809-gandores.webp\" alt=\"Gandores\" style=\"width:443px;height:auto\"\/><\/a><\/figure><\/div>\n\n\n<p>6. \u201cPremoldeados LUZMAX\u201d \u2013 EET N\u00b0 3161 | Chicoana<\/p>\n\n\n\n<p>Fabricaci\u00f3n de pilares premoldeados para bajadas de luz domiciliaria, desarrollados bajo normas t\u00e9cnicas y pensados como soluci\u00f3n accesible para las familias.<\/p>\n\n\n\n<p>7. \u201cOrujo M\u00e1gico\u201d \u2013 EET N\u00b0 3155 | Animan\u00e1, San Carlos<\/p>\n\n\n\n<p>Revalorizaci\u00f3n del orujo y semillas del proceso vitivin\u00edcola para producir un alimento deshidratado nutritivo, impulsando la econom\u00eda circular local.<\/p>\n\n\n\n<p>8. \u201cIncubando Plumas\u201d \u2013 EET N\u00b0 3155 | Animan\u00e1, San Carlos<\/p>\n\n\n\n<p>Fortalecimiento del \u00e1rea av\u00edcola mediante mejoramiento gen\u00e9tico, reacondicionamiento de instalaciones y producci\u00f3n de huevos con fines educativos y comerciales.<\/p>\n\n\n\n<p><strong>Un programa que potencia oportunidades<\/strong><\/p>\n\n\n\n<p>El Concurso de Proyectos para J\u00f3venes de Escuelas T\u00e9cnicas es una iniciativa de la Secretar\u00eda de Coordinaci\u00f3n Interministerial, desarrollada en articulaci\u00f3n con el Ministerio de Educaci\u00f3n, a trav\u00e9s de la Subsecretar\u00eda de Educaci\u00f3n y Trabajo y la Direcci\u00f3n General de Educaci\u00f3n T\u00e9cnica y Formaci\u00f3n Profesional. Estos organismos brindan el acompa\u00f1amiento pedag\u00f3gico, t\u00e9cnico y administrativo en cada etapa del programa, con el objetivo de ampliar las oportunidades de formaci\u00f3n y desarrollo para las juventudes t\u00e9cnicas de la provincia.<\/p>\n\n\n\n<p>El programa cumple tres ediciones consecutivas consolid\u00e1ndose como una pol\u00edtica p\u00fablica que impulsa la innovaci\u00f3n, el emprendedurismo y el desarrollo productivo en las instituciones t\u00e9cnicas de la provincia. Entre 2023 y 2025, el programa alcanza a m\u00e1s de 30 escuelas y acompa\u00f1a m\u00e1s de 50 propuestas con impacto real en la formaci\u00f3n y en las comunidades locales.<\/p>\n\n\n\n<p>La Edici\u00f3n 2023, desarrollada en los departamentos de la Puna y el Norte provincial, marc\u00f3 el inicio del programa con proyectos vinculados a energ\u00edas renovables, agroindustria, hidropon\u00eda, procesamiento de alimentos, reciclaje y soluciones tecnol\u00f3gicas para zonas rurales y comunidades originarias.<\/p>\n\n\n\n<p>La Edici\u00f3n 2024, enfocada en los Valles Calchaqu\u00edes, profundiz\u00f3 el trabajo territorial con iniciativas orientadas al agregado de valor agroalimentario, la producci\u00f3n sustentable, la econom\u00eda circular, el turismo local y la mejora de sistemas productivos en Cafayate, San Carlos, Molinos, Cachi y Guachipas.<\/p>\n\n\n\n<p>La Edici\u00f3n 2025, dirigida a Cerrillos, Chicoana, Rosario de Lerma y Animan\u00e1, incorpora un fuerte perfil tecnol\u00f3gico y de sustentabilidad, con ocho proyectos ganadores que abordan desde inteligencia artificial aplicada, energ\u00edas limpias y econom\u00eda circular, hasta alimentos saludables y soluciones de infraestructura el\u00e9ctrica.<\/p>\n\n\n\n<p>A lo largo de las tres ediciones, el concurso fortalece el rol de docentes tutores, promueve capacidades emprendedoras en los j\u00f3venes y consolida un modelo de articulaci\u00f3n entre escuelas, municipios y organismos provinciales. Con financiamiento espec\u00edfico para cada proyecto, la iniciativa se posiciona como un motor de oportunidades educativas, productivas y comunitarias en todo el territorio provincial.<\/p>\n\n\n\n<hr class=\"wp-block-separator has-alpha-channel-opacity\"\/>\n\n\n\n<p>Fuente:&nbsp;<strong>Secretar\u00eda de Prensa y Comunicaci\u00f3n<\/strong><\/p>\n","protected":false},"excerpt":{"rendered":"<p>El acto de premiaci\u00f3n de la Edici\u00f3n 2025 del Concurso de Proyectos para J\u00f3venes de Escuelas T\u00e9cnicas, reconociendo a ocho iniciativas destacadas por su innovaci\u00f3n, impacto comunitario y desarrollo productivo se llevar\u00e1 a cabo este viernes 28 de noviembre en la E.E.T. N\u00b0 3.112 de Cerrillos. La Secretar\u00eda de Coordinaci\u00f3n Interministerial, junto al Ministerio de [&hellip;]<\/p>\n","protected":false},"author":8,"featured_media":11605,"comment_status":"open","ping_status":"open","sticky":false,"template":"","format":"standard","meta":{"_monsterinsights_skip_tracking":false,"_monsterinsights_sitenote_active":false,"_monsterinsights_sitenote_note":"","_monsterinsights_sitenote_category":0,"footnotes":""},"categories":[16],"tags":[1997,640,100],"class_list":["post-11604","post","type-post","status-publish","format-standard","has-post-thumbnail","hentry","category-noticias","tag-concurso-de-proyectos-para-jovenes-de-escuelas-tecnicas","tag-eet-3106-ingeniero-maury","tag-municipio-de-campo-quijano"],"yoast_head":"<!-- This site is optimized with the Yoast SEO plugin v20.8 - https:\/\/yoast.com\/wordpress\/plugins\/seo\/ -->\n<title>\u00a0La EET N\u00b0 3106 de Campo Quijano ganaron con varios proyectos en la Edici\u00f3n 2025 del Concurso de Proyectos para J\u00f3venes de Escuelas T\u00e9cnicas. - RQ 99.9<\/title>\n<meta name=\"description\" content=\"El Acto de Premiaci\u00f3n el d\u00eda viernes 28 de noviembre de 2025, a las 10:30 horas, en la Escuela de Educaci\u00f3n T\u00e9cnica N\u00b0 3.112 de la localidad de Cerrillos.\" \/>\n<meta name=\"robots\" content=\"index, follow, max-snippet:-1, max-image-preview:large, max-video-preview:-1\" \/>\n<link rel=\"canonical\" href=\"https:\/\/nahuelproducciones.com.ar\/radioquijano\/la-eet-n-3106-de-campo-quijano-ganaron-con-varios-proyectos-en-la-edicion-2025-del-concurso-de-proyectos-para-jovenes-de-escuelas-tecnicas\/\" \/>\n<meta property=\"og:locale\" content=\"es_ES\" \/>\n<meta property=\"og:type\" content=\"article\" \/>\n<meta property=\"og:title\" content=\"\u00a0La EET N\u00b0 3106 de Campo Quijano ganaron con varios proyectos en la Edici\u00f3n 2025 del Concurso de Proyectos para J\u00f3venes de Escuelas T\u00e9cnicas. - RQ 99.9\" \/>\n<meta property=\"og:description\" content=\"El Acto de Premiaci\u00f3n el d\u00eda viernes 28 de noviembre de 2025, a las 10:30 horas, en la Escuela de Educaci\u00f3n T\u00e9cnica N\u00b0 3.112 de la localidad de Cerrillos.\" \/>\n<meta property=\"og:url\" content=\"https:\/\/nahuelproducciones.com.ar\/radioquijano\/la-eet-n-3106-de-campo-quijano-ganaron-con-varios-proyectos-en-la-edicion-2025-del-concurso-de-proyectos-para-jovenes-de-escuelas-tecnicas\/\" \/>\n<meta property=\"og:site_name\" content=\"RQ 99.9\" \/>\n<meta property=\"article:publisher\" content=\"https:\/\/www.facebook.com\/nahuelproducciones999\/\" \/>\n<meta property=\"article:published_time\" content=\"2025-11-27T16:09:20+00:00\" \/>\n<meta property=\"article:modified_time\" content=\"2025-11-27T16:17:29+00:00\" \/>\n<meta property=\"og:image\" content=\"https:\/\/nahuelproducciones.com.ar\/radioquijano\/wp-content\/uploads\/2025\/11\/WhatsApp-Image-2025-11-27-at-12.54.38-PM-e1764259717902.jpeg\" \/>\n\t<meta property=\"og:image:width\" content=\"700\" \/>\n\t<meta property=\"og:image:height\" content=\"394\" \/>\n\t<meta property=\"og:image:type\" content=\"image\/jpeg\" \/>\n<meta name=\"author\" content=\"Cecilia Pastrana\" \/>\n<meta name=\"twitter:card\" content=\"summary_large_image\" \/>\n<meta name=\"twitter:creator\" content=\"@nahuproduciones\" \/>\n<meta name=\"twitter:site\" content=\"@nahuproduciones\" \/>\n<meta name=\"twitter:label1\" content=\"Escrito por\" \/>\n\t<meta name=\"twitter:data1\" content=\"Cecilia Pastrana\" \/>\n\t<meta name=\"twitter:label2\" content=\"Tiempo de lectura\" \/>\n\t<meta name=\"twitter:data2\" content=\"5 minutos\" \/>\n<script type=\"application\/ld+json\" class=\"yoast-schema-graph\">{\"@context\":\"https:\/\/schema.org\",\"@graph\":[{\"@type\":\"WebPage\",\"@id\":\"https:\/\/nahuelproducciones.com.ar\/radioquijano\/la-eet-n-3106-de-campo-quijano-ganaron-con-varios-proyectos-en-la-edicion-2025-del-concurso-de-proyectos-para-jovenes-de-escuelas-tecnicas\/\",\"url\":\"https:\/\/nahuelproducciones.com.ar\/radioquijano\/la-eet-n-3106-de-campo-quijano-ganaron-con-varios-proyectos-en-la-edicion-2025-del-concurso-de-proyectos-para-jovenes-de-escuelas-tecnicas\/\",\"name\":\"\u00a0La EET N\u00b0 3106 de Campo Quijano ganaron con varios proyectos en la Edici\u00f3n 2025 del Concurso de Proyectos para J\u00f3venes de Escuelas T\u00e9cnicas. - RQ 99.9\",\"isPartOf\":{\"@id\":\"https:\/\/nahuelproducciones.com.ar\/radioquijano\/#website\"},\"datePublished\":\"2025-11-27T16:09:20+00:00\",\"dateModified\":\"2025-11-27T16:17:29+00:00\",\"author\":{\"@id\":\"https:\/\/nahuelproducciones.com.ar\/radioquijano\/#\/schema\/person\/e8a4f939e2cb487fe6d0c54042c9d32c\"},\"description\":\"El Acto de Premiaci\u00f3n el d\u00eda viernes 28 de noviembre de 2025, a las 10:30 horas, en la Escuela de Educaci\u00f3n T\u00e9cnica N\u00b0 3.112 de la localidad de Cerrillos.\",\"breadcrumb\":{\"@id\":\"https:\/\/nahuelproducciones.com.ar\/radioquijano\/la-eet-n-3106-de-campo-quijano-ganaron-con-varios-proyectos-en-la-edicion-2025-del-concurso-de-proyectos-para-jovenes-de-escuelas-tecnicas\/#breadcrumb\"},\"inLanguage\":\"es\",\"potentialAction\":[{\"@type\":\"ReadAction\",\"target\":[\"https:\/\/nahuelproducciones.com.ar\/radioquijano\/la-eet-n-3106-de-campo-quijano-ganaron-con-varios-proyectos-en-la-edicion-2025-del-concurso-de-proyectos-para-jovenes-de-escuelas-tecnicas\/\"]}]},{\"@type\":\"BreadcrumbList\",\"@id\":\"https:\/\/nahuelproducciones.com.ar\/radioquijano\/la-eet-n-3106-de-campo-quijano-ganaron-con-varios-proyectos-en-la-edicion-2025-del-concurso-de-proyectos-para-jovenes-de-escuelas-tecnicas\/#breadcrumb\",\"itemListElement\":[{\"@type\":\"ListItem\",\"position\":1,\"name\":\"Portada\",\"item\":\"https:\/\/nahuelproducciones.com.ar\/radioquijano\/\"},{\"@type\":\"ListItem\",\"position\":2,\"name\":\"\u00a0La EET N\u00b0 3106 de Campo Quijano ganaron con varios proyectos en la Edici\u00f3n 2025 del Concurso de Proyectos para J\u00f3venes de Escuelas T\u00e9cnicas.\"}]},{\"@type\":\"WebSite\",\"@id\":\"https:\/\/nahuelproducciones.com.ar\/radioquijano\/#website\",\"url\":\"https:\/\/nahuelproducciones.com.ar\/radioquijano\/\",\"name\":\"RQ 99.9\",\"description\":\"Radio Quijano 99.9 MHz\",\"potentialAction\":[{\"@type\":\"SearchAction\",\"target\":{\"@type\":\"EntryPoint\",\"urlTemplate\":\"https:\/\/nahuelproducciones.com.ar\/radioquijano\/?s={search_term_string}\"},\"query-input\":\"required name=search_term_string\"}],\"inLanguage\":\"es\"},{\"@type\":\"Person\",\"@id\":\"https:\/\/nahuelproducciones.com.ar\/radioquijano\/#\/schema\/person\/e8a4f939e2cb487fe6d0c54042c9d32c\",\"name\":\"Cecilia Pastrana\",\"image\":{\"@type\":\"ImageObject\",\"inLanguage\":\"es\",\"@id\":\"https:\/\/nahuelproducciones.com.ar\/radioquijano\/#\/schema\/person\/image\/\",\"url\":\"https:\/\/secure.gravatar.com\/avatar\/661a3ef63a8488d4f2794ed44af8cf71420f7e106f3072c40125114df5157749?s=96&d=mm&r=g\",\"contentUrl\":\"https:\/\/secure.gravatar.com\/avatar\/661a3ef63a8488d4f2794ed44af8cf71420f7e106f3072c40125114df5157749?s=96&d=mm&r=g\",\"caption\":\"Cecilia Pastrana\"},\"sameAs\":[\"cecy\"],\"url\":\"https:\/\/nahuelproducciones.com.ar\/radioquijano\/author\/cecy\/\"}]}<\/script>\n<!-- \/ Yoast SEO plugin. -->","yoast_head_json":{"title":"\u00a0La EET N\u00b0 3106 de Campo Quijano ganaron con varios proyectos en la Edici\u00f3n 2025 del Concurso de Proyectos para J\u00f3venes de Escuelas T\u00e9cnicas. - RQ 99.9","description":"El Acto de Premiaci\u00f3n el d\u00eda viernes 28 de noviembre de 2025, a las 10:30 horas, en la Escuela de Educaci\u00f3n T\u00e9cnica N\u00b0 3.112 de la localidad de Cerrillos.","robots":{"index":"index","follow":"follow","max-snippet":"max-snippet:-1","max-image-preview":"max-image-preview:large","max-video-preview":"max-video-preview:-1"},"canonical":"https:\/\/nahuelproducciones.com.ar\/radioquijano\/la-eet-n-3106-de-campo-quijano-ganaron-con-varios-proyectos-en-la-edicion-2025-del-concurso-de-proyectos-para-jovenes-de-escuelas-tecnicas\/","og_locale":"es_ES","og_type":"article","og_title":"\u00a0La EET N\u00b0 3106 de Campo Quijano ganaron con varios proyectos en la Edici\u00f3n 2025 del Concurso de Proyectos para J\u00f3venes de Escuelas T\u00e9cnicas. - RQ 99.9","og_description":"El Acto de Premiaci\u00f3n el d\u00eda viernes 28 de noviembre de 2025, a las 10:30 horas, en la Escuela de Educaci\u00f3n T\u00e9cnica N\u00b0 3.112 de la localidad de Cerrillos.","og_url":"https:\/\/nahuelproducciones.com.ar\/radioquijano\/la-eet-n-3106-de-campo-quijano-ganaron-con-varios-proyectos-en-la-edicion-2025-del-concurso-de-proyectos-para-jovenes-de-escuelas-tecnicas\/","og_site_name":"RQ 99.9","article_publisher":"https:\/\/www.facebook.com\/nahuelproducciones999\/","article_published_time":"2025-11-27T16:09:20+00:00","article_modified_time":"2025-11-27T16:17:29+00:00","og_image":[{"width":700,"height":394,"url":"https:\/\/nahuelproducciones.com.ar\/radioquijano\/wp-content\/uploads\/2025\/11\/WhatsApp-Image-2025-11-27-at-12.54.38-PM-e1764259717902.jpeg","type":"image\/jpeg"}],"author":"Cecilia Pastrana","twitter_card":"summary_large_image","twitter_creator":"@nahuproduciones","twitter_site":"@nahuproduciones","twitter_misc":{"Escrito por":"Cecilia Pastrana","Tiempo de lectura":"5 minutos"},"schema":{"@context":"https:\/\/schema.org","@graph":[{"@type":"WebPage","@id":"https:\/\/nahuelproducciones.com.ar\/radioquijano\/la-eet-n-3106-de-campo-quijano-ganaron-con-varios-proyectos-en-la-edicion-2025-del-concurso-de-proyectos-para-jovenes-de-escuelas-tecnicas\/","url":"https:\/\/nahuelproducciones.com.ar\/radioquijano\/la-eet-n-3106-de-campo-quijano-ganaron-con-varios-proyectos-en-la-edicion-2025-del-concurso-de-proyectos-para-jovenes-de-escuelas-tecnicas\/","name":"\u00a0La EET N\u00b0 3106 de Campo Quijano ganaron con varios proyectos en la Edici\u00f3n 2025 del Concurso de Proyectos para J\u00f3venes de Escuelas T\u00e9cnicas. - RQ 99.9","isPartOf":{"@id":"https:\/\/nahuelproducciones.com.ar\/radioquijano\/#website"},"datePublished":"2025-11-27T16:09:20+00:00","dateModified":"2025-11-27T16:17:29+00:00","author":{"@id":"https:\/\/nahuelproducciones.com.ar\/radioquijano\/#\/schema\/person\/e8a4f939e2cb487fe6d0c54042c9d32c"},"description":"El Acto de Premiaci\u00f3n el d\u00eda viernes 28 de noviembre de 2025, a las 10:30 horas, en la Escuela de Educaci\u00f3n T\u00e9cnica N\u00b0 3.112 de la localidad de Cerrillos.","breadcrumb":{"@id":"https:\/\/nahuelproducciones.com.ar\/radioquijano\/la-eet-n-3106-de-campo-quijano-ganaron-con-varios-proyectos-en-la-edicion-2025-del-concurso-de-proyectos-para-jovenes-de-escuelas-tecnicas\/#breadcrumb"},"inLanguage":"es","potentialAction":[{"@type":"ReadAction","target":["https:\/\/nahuelproducciones.com.ar\/radioquijano\/la-eet-n-3106-de-campo-quijano-ganaron-con-varios-proyectos-en-la-edicion-2025-del-concurso-de-proyectos-para-jovenes-de-escuelas-tecnicas\/"]}]},{"@type":"BreadcrumbList","@id":"https:\/\/nahuelproducciones.com.ar\/radioquijano\/la-eet-n-3106-de-campo-quijano-ganaron-con-varios-proyectos-en-la-edicion-2025-del-concurso-de-proyectos-para-jovenes-de-escuelas-tecnicas\/#breadcrumb","itemListElement":[{"@type":"ListItem","position":1,"name":"Portada","item":"https:\/\/nahuelproducciones.com.ar\/radioquijano\/"},{"@type":"ListItem","position":2,"name":"\u00a0La EET N\u00b0 3106 de Campo Quijano ganaron con varios proyectos en la Edici\u00f3n 2025 del Concurso de Proyectos para J\u00f3venes de Escuelas T\u00e9cnicas."}]},{"@type":"WebSite","@id":"https:\/\/nahuelproducciones.com.ar\/radioquijano\/#website","url":"https:\/\/nahuelproducciones.com.ar\/radioquijano\/","name":"RQ 99.9","description":"Radio Quijano 99.9 MHz","potentialAction":[{"@type":"SearchAction","target":{"@type":"EntryPoint","urlTemplate":"https:\/\/nahuelproducciones.com.ar\/radioquijano\/?s={search_term_string}"},"query-input":"required name=search_term_string"}],"inLanguage":"es"},{"@type":"Person","@id":"https:\/\/nahuelproducciones.com.ar\/radioquijano\/#\/schema\/person\/e8a4f939e2cb487fe6d0c54042c9d32c","name":"Cecilia Pastrana","image":{"@type":"ImageObject","inLanguage":"es","@id":"https:\/\/nahuelproducciones.com.ar\/radioquijano\/#\/schema\/person\/image\/","url":"https:\/\/secure.gravatar.com\/avatar\/661a3ef63a8488d4f2794ed44af8cf71420f7e106f3072c40125114df5157749?s=96&d=mm&r=g","contentUrl":"https:\/\/secure.gravatar.com\/avatar\/661a3ef63a8488d4f2794ed44af8cf71420f7e106f3072c40125114df5157749?s=96&d=mm&r=g","caption":"Cecilia Pastrana"},"sameAs":["cecy"],"url":"https:\/\/nahuelproducciones.com.ar\/radioquijano\/author\/cecy\/"}]}},"_links":{"self":[{"href":"https:\/\/nahuelproducciones.com.ar\/radioquijano\/wp-json\/wp\/v2\/posts\/11604","targetHints":{"allow":["GET"]}}],"collection":[{"href":"https:\/\/nahuelproducciones.com.ar\/radioquijano\/wp-json\/wp\/v2\/posts"}],"about":[{"href":"https:\/\/nahuelproducciones.com.ar\/radioquijano\/wp-json\/wp\/v2\/types\/post"}],"author":[{"embeddable":true,"href":"https:\/\/nahuelproducciones.com.ar\/radioquijano\/wp-json\/wp\/v2\/users\/8"}],"replies":[{"embeddable":true,"href":"https:\/\/nahuelproducciones.com.ar\/radioquijano\/wp-json\/wp\/v2\/comments?post=11604"}],"version-history":[{"count":1,"href":"https:\/\/nahuelproducciones.com.ar\/radioquijano\/wp-json\/wp\/v2\/posts\/11604\/revisions"}],"predecessor-version":[{"id":11606,"href":"https:\/\/nahuelproducciones.com.ar\/radioquijano\/wp-json\/wp\/v2\/posts\/11604\/revisions\/11606"}],"wp:featuredmedia":[{"embeddable":true,"href":"https:\/\/nahuelproducciones.com.ar\/radioquijano\/wp-json\/wp\/v2\/media\/11605"}],"wp:attachment":[{"href":"https:\/\/nahuelproducciones.com.ar\/radioquijano\/wp-json\/wp\/v2\/media?parent=11604"}],"wp:term":[{"taxonomy":"category","embeddable":true,"href":"https:\/\/nahuelproducciones.com.ar\/radioquijano\/wp-json\/wp\/v2\/categories?post=11604"},{"taxonomy":"post_tag","embeddable":true,"href":"https:\/\/nahuelproducciones.com.ar\/radioquijano\/wp-json\/wp\/v2\/tags?post=11604"}],"curies":[{"name":"wp","href":"https:\/\/api.w.org\/{rel}","templated":true}]}}