{"id":11607,"date":"2025-11-27T13:38:17","date_gmt":"2025-11-27T16:38:17","guid":{"rendered":"https:\/\/nahuelproducciones.com.ar\/radioquijano\/?p=11607"},"modified":"2025-11-27T13:38:18","modified_gmt":"2025-11-27T16:38:18","slug":"la-silleta-celebra-sus-fiestas-patronales-en-honor-a-la-inmaculada-concepcion","status":"publish","type":"post","link":"https:\/\/nahuelproducciones.com.ar\/radioquijano\/la-silleta-celebra-sus-fiestas-patronales-en-honor-a-la-inmaculada-concepcion\/","title":{"rendered":"La Silleta celebra sus Fiestas Patronales en honor a la Inmaculada Concepci\u00f3n"},"content":{"rendered":"\n<p>La comunidad de La Silleta se prepara para vivir, con profunda fe y alegr\u00eda, las <strong>Fiestas Patronales 2025 en honor a la Inmaculada Concepci\u00f3n<\/strong>, que se desarrollar\u00e1n del <strong>29 de noviembre al 8 de diciembre<\/strong>. Este a\u00f1o, las celebraciones adquieren un significado especial al enmarcarse en el <strong>A\u00f1o Santo \u2013 Jubileo de la Esperanza<\/strong> y en el camino hacia el <strong>A\u00f1o del Encuentro Mariano 2026<\/strong>.<\/p>\n\n\n\n<p>El programa oficial incluye la tradicional <strong>Novena<\/strong>, que comenzar\u00e1 el 29 de noviembre. Por las ma\u00f1anas, la imagen de la Virgen visitar\u00e1 distintos puntos del pueblo, mientras que por las noches los fieles se congregar\u00e1n en la iglesia para rezar el Rosario y participar de la Santa Misa.<\/p>\n\n\n\n<p>El <strong>s\u00e1bado 29<\/strong>, desde las 21, se realizar\u00e1 el <strong>Festival Mariano<\/strong>, un espacio de encuentro comunitario y expresi\u00f3n de devoci\u00f3n popular.<br>Para el <strong>domingo 7 de diciembre<\/strong>, est\u00e1 prevista la <strong>Vigilia de la Inmaculada<\/strong>, con un encuentro de misachicos, Santa Misa y procesi\u00f3n de velas.<\/p>\n\n\n\n<p>El d\u00eda central ser\u00e1 el <strong>lunes 8 de diciembre<\/strong>, Solemnidad de la Inmaculada Concepci\u00f3n de la Bienaventurada Virgen Mar\u00eda. La jornada iniciar\u00e1 a las 7 con el Rosario de la Aurora, seguido de la Misa del Peregrino, bautismos y el izamiento de banderas. A las 10:30 se celebrar\u00e1 la <strong>Misa Solemne<\/strong>, y finalmente la <strong>procesi\u00f3n y desfile<\/strong>, que reunir\u00e1n a familias, instituciones y comunidades cercanas.<\/p>\n\n\n\n<p>Bajo el lema <strong>\u201cMar\u00eda Inmaculada, gu\u00edanos a Jes\u00fas, porque Nuestra Esperanza eres T\u00fa\u201d<\/strong>, La Silleta se dispone a vivir d\u00edas de fe, tradici\u00f3n y unidad comunitaria, honrando a su Madre y Se\u00f1ora.<\/p>\n\n\n\n<p><strong>\u00a1Viva la Virgen!<\/strong><\/p>\n\n\n\n<p><\/p>\n","protected":false},"excerpt":{"rendered":"<p>La comunidad de La Silleta se prepara para vivir, con profunda fe y alegr\u00eda, las Fiestas Patronales 2025 en honor a la Inmaculada Concepci\u00f3n, que se desarrollar\u00e1n del 29 de noviembre al 8 de diciembre. Este a\u00f1o, las celebraciones adquieren un significado especial al enmarcarse en el A\u00f1o Santo \u2013 Jubileo de la Esperanza y [&hellip;]<\/p>\n","protected":false},"author":8,"featured_media":11608,"comment_status":"open","ping_status":"open","sticky":false,"template":"","format":"standard","meta":{"_monsterinsights_skip_tracking":false,"_monsterinsights_sitenote_active":false,"_monsterinsights_sitenote_note":"","_monsterinsights_sitenote_category":0,"footnotes":""},"categories":[16],"tags":[1999,1998,77,100],"class_list":["post-11607","post","type-post","status-publish","format-standard","has-post-thumbnail","hentry","category-noticias","tag-8-de-diciembre-2","tag-fiestas-patronales","tag-la-silleta","tag-municipio-de-campo-quijano"],"yoast_head":"<!-- This site is optimized with the Yoast SEO plugin v20.8 - https:\/\/yoast.com\/wordpress\/plugins\/seo\/ -->\n<title>La Silleta celebra sus Fiestas Patronales en honor a la Inmaculada Concepci\u00f3n - RQ 99.9<\/title>\n<meta name=\"description\" content=\"Bajo el lema \u201cMar\u00eda Inmaculada, gu\u00edanos a Jes\u00fas, porque Nuestra Esperanza eres T\u00fa\u201d, La Silleta se dispone a vivir d\u00edas de fe, tradici\u00f3n y unidad comunitaria, honrando a su Madre y Se\u00f1ora.\" \/>\n<meta name=\"robots\" content=\"index, follow, max-snippet:-1, max-image-preview:large, max-video-preview:-1\" \/>\n<link rel=\"canonical\" href=\"https:\/\/nahuelproducciones.com.ar\/radioquijano\/la-silleta-celebra-sus-fiestas-patronales-en-honor-a-la-inmaculada-concepcion\/\" \/>\n<meta property=\"og:locale\" content=\"es_ES\" \/>\n<meta property=\"og:type\" content=\"article\" \/>\n<meta property=\"og:title\" content=\"La Silleta celebra sus Fiestas Patronales en honor a la Inmaculada Concepci\u00f3n - RQ 99.9\" \/>\n<meta property=\"og:description\" content=\"Bajo el lema \u201cMar\u00eda Inmaculada, gu\u00edanos a Jes\u00fas, porque Nuestra Esperanza eres T\u00fa\u201d, La Silleta se dispone a vivir d\u00edas de fe, tradici\u00f3n y unidad comunitaria, honrando a su Madre y Se\u00f1ora.\" \/>\n<meta property=\"og:url\" content=\"https:\/\/nahuelproducciones.com.ar\/radioquijano\/la-silleta-celebra-sus-fiestas-patronales-en-honor-a-la-inmaculada-concepcion\/\" \/>\n<meta property=\"og:site_name\" content=\"RQ 99.9\" \/>\n<meta property=\"article:publisher\" content=\"https:\/\/www.facebook.com\/nahuelproducciones999\/\" \/>\n<meta property=\"article:published_time\" content=\"2025-11-27T16:38:17+00:00\" \/>\n<meta property=\"article:modified_time\" content=\"2025-11-27T16:38:18+00:00\" \/>\n<meta property=\"og:image\" content=\"https:\/\/nahuelproducciones.com.ar\/radioquijano\/wp-content\/uploads\/2025\/11\/588771711_10239057735210827_1662277287654962787_n.jpg\" \/>\n\t<meta property=\"og:image:width\" content=\"509\" \/>\n\t<meta property=\"og:image:height\" content=\"720\" \/>\n\t<meta property=\"og:image:type\" content=\"image\/jpeg\" \/>\n<meta name=\"author\" content=\"Cecilia Pastrana\" \/>\n<meta name=\"twitter:card\" content=\"summary_large_image\" \/>\n<meta name=\"twitter:creator\" content=\"@nahuproduciones\" \/>\n<meta name=\"twitter:site\" content=\"@nahuproduciones\" \/>\n<meta name=\"twitter:label1\" content=\"Escrito por\" \/>\n\t<meta name=\"twitter:data1\" content=\"Cecilia Pastrana\" \/>\n\t<meta name=\"twitter:label2\" content=\"Tiempo de lectura\" \/>\n\t<meta name=\"twitter:data2\" content=\"2 minutos\" \/>\n<script type=\"application\/ld+json\" class=\"yoast-schema-graph\">{\"@context\":\"https:\/\/schema.org\",\"@graph\":[{\"@type\":\"WebPage\",\"@id\":\"https:\/\/nahuelproducciones.com.ar\/radioquijano\/la-silleta-celebra-sus-fiestas-patronales-en-honor-a-la-inmaculada-concepcion\/\",\"url\":\"https:\/\/nahuelproducciones.com.ar\/radioquijano\/la-silleta-celebra-sus-fiestas-patronales-en-honor-a-la-inmaculada-concepcion\/\",\"name\":\"La Silleta celebra sus Fiestas Patronales en honor a la Inmaculada Concepci\u00f3n - RQ 99.9\",\"isPartOf\":{\"@id\":\"https:\/\/nahuelproducciones.com.ar\/radioquijano\/#website\"},\"datePublished\":\"2025-11-27T16:38:17+00:00\",\"dateModified\":\"2025-11-27T16:38:18+00:00\",\"author\":{\"@id\":\"https:\/\/nahuelproducciones.com.ar\/radioquijano\/#\/schema\/person\/e8a4f939e2cb487fe6d0c54042c9d32c\"},\"description\":\"Bajo el lema \u201cMar\u00eda Inmaculada, gu\u00edanos a Jes\u00fas, porque Nuestra Esperanza eres T\u00fa\u201d, La Silleta se dispone a vivir d\u00edas de fe, tradici\u00f3n y unidad comunitaria, honrando a su Madre y Se\u00f1ora.\",\"breadcrumb\":{\"@id\":\"https:\/\/nahuelproducciones.com.ar\/radioquijano\/la-silleta-celebra-sus-fiestas-patronales-en-honor-a-la-inmaculada-concepcion\/#breadcrumb\"},\"inLanguage\":\"es\",\"potentialAction\":[{\"@type\":\"ReadAction\",\"target\":[\"https:\/\/nahuelproducciones.com.ar\/radioquijano\/la-silleta-celebra-sus-fiestas-patronales-en-honor-a-la-inmaculada-concepcion\/\"]}]},{\"@type\":\"BreadcrumbList\",\"@id\":\"https:\/\/nahuelproducciones.com.ar\/radioquijano\/la-silleta-celebra-sus-fiestas-patronales-en-honor-a-la-inmaculada-concepcion\/#breadcrumb\",\"itemListElement\":[{\"@type\":\"ListItem\",\"position\":1,\"name\":\"Portada\",\"item\":\"https:\/\/nahuelproducciones.com.ar\/radioquijano\/\"},{\"@type\":\"ListItem\",\"position\":2,\"name\":\"La Silleta celebra sus Fiestas Patronales en honor a la Inmaculada Concepci\u00f3n\"}]},{\"@type\":\"WebSite\",\"@id\":\"https:\/\/nahuelproducciones.com.ar\/radioquijano\/#website\",\"url\":\"https:\/\/nahuelproducciones.com.ar\/radioquijano\/\",\"name\":\"RQ 99.9\",\"description\":\"Radio Quijano 99.9 MHz\",\"potentialAction\":[{\"@type\":\"SearchAction\",\"target\":{\"@type\":\"EntryPoint\",\"urlTemplate\":\"https:\/\/nahuelproducciones.com.ar\/radioquijano\/?s={search_term_string}\"},\"query-input\":\"required name=search_term_string\"}],\"inLanguage\":\"es\"},{\"@type\":\"Person\",\"@id\":\"https:\/\/nahuelproducciones.com.ar\/radioquijano\/#\/schema\/person\/e8a4f939e2cb487fe6d0c54042c9d32c\",\"name\":\"Cecilia Pastrana\",\"image\":{\"@type\":\"ImageObject\",\"inLanguage\":\"es\",\"@id\":\"https:\/\/nahuelproducciones.com.ar\/radioquijano\/#\/schema\/person\/image\/\",\"url\":\"https:\/\/secure.gravatar.com\/avatar\/661a3ef63a8488d4f2794ed44af8cf71420f7e106f3072c40125114df5157749?s=96&d=mm&r=g\",\"contentUrl\":\"https:\/\/secure.gravatar.com\/avatar\/661a3ef63a8488d4f2794ed44af8cf71420f7e106f3072c40125114df5157749?s=96&d=mm&r=g\",\"caption\":\"Cecilia Pastrana\"},\"sameAs\":[\"cecy\"],\"url\":\"https:\/\/nahuelproducciones.com.ar\/radioquijano\/author\/cecy\/\"}]}<\/script>\n<!-- \/ Yoast SEO plugin. -->","yoast_head_json":{"title":"La Silleta celebra sus Fiestas Patronales en honor a la Inmaculada Concepci\u00f3n - RQ 99.9","description":"Bajo el lema \u201cMar\u00eda Inmaculada, gu\u00edanos a Jes\u00fas, porque Nuestra Esperanza eres T\u00fa\u201d, La Silleta se dispone a vivir d\u00edas de fe, tradici\u00f3n y unidad comunitaria, honrando a su Madre y Se\u00f1ora.","robots":{"index":"index","follow":"follow","max-snippet":"max-snippet:-1","max-image-preview":"max-image-preview:large","max-video-preview":"max-video-preview:-1"},"canonical":"https:\/\/nahuelproducciones.com.ar\/radioquijano\/la-silleta-celebra-sus-fiestas-patronales-en-honor-a-la-inmaculada-concepcion\/","og_locale":"es_ES","og_type":"article","og_title":"La Silleta celebra sus Fiestas Patronales en honor a la Inmaculada Concepci\u00f3n - RQ 99.9","og_description":"Bajo el lema \u201cMar\u00eda Inmaculada, gu\u00edanos a Jes\u00fas, porque Nuestra Esperanza eres T\u00fa\u201d, La Silleta se dispone a vivir d\u00edas de fe, tradici\u00f3n y unidad comunitaria, honrando a su Madre y Se\u00f1ora.","og_url":"https:\/\/nahuelproducciones.com.ar\/radioquijano\/la-silleta-celebra-sus-fiestas-patronales-en-honor-a-la-inmaculada-concepcion\/","og_site_name":"RQ 99.9","article_publisher":"https:\/\/www.facebook.com\/nahuelproducciones999\/","article_published_time":"2025-11-27T16:38:17+00:00","article_modified_time":"2025-11-27T16:38:18+00:00","og_image":[{"width":509,"height":720,"url":"https:\/\/nahuelproducciones.com.ar\/radioquijano\/wp-content\/uploads\/2025\/11\/588771711_10239057735210827_1662277287654962787_n.jpg","type":"image\/jpeg"}],"author":"Cecilia Pastrana","twitter_card":"summary_large_image","twitter_creator":"@nahuproduciones","twitter_site":"@nahuproduciones","twitter_misc":{"Escrito por":"Cecilia Pastrana","Tiempo de lectura":"2 minutos"},"schema":{"@context":"https:\/\/schema.org","@graph":[{"@type":"WebPage","@id":"https:\/\/nahuelproducciones.com.ar\/radioquijano\/la-silleta-celebra-sus-fiestas-patronales-en-honor-a-la-inmaculada-concepcion\/","url":"https:\/\/nahuelproducciones.com.ar\/radioquijano\/la-silleta-celebra-sus-fiestas-patronales-en-honor-a-la-inmaculada-concepcion\/","name":"La Silleta celebra sus Fiestas Patronales en honor a la Inmaculada Concepci\u00f3n - RQ 99.9","isPartOf":{"@id":"https:\/\/nahuelproducciones.com.ar\/radioquijano\/#website"},"datePublished":"2025-11-27T16:38:17+00:00","dateModified":"2025-11-27T16:38:18+00:00","author":{"@id":"https:\/\/nahuelproducciones.com.ar\/radioquijano\/#\/schema\/person\/e8a4f939e2cb487fe6d0c54042c9d32c"},"description":"Bajo el lema \u201cMar\u00eda Inmaculada, gu\u00edanos a Jes\u00fas, porque Nuestra Esperanza eres T\u00fa\u201d, La Silleta se dispone a vivir d\u00edas de fe, tradici\u00f3n y unidad comunitaria, honrando a su Madre y Se\u00f1ora.","breadcrumb":{"@id":"https:\/\/nahuelproducciones.com.ar\/radioquijano\/la-silleta-celebra-sus-fiestas-patronales-en-honor-a-la-inmaculada-concepcion\/#breadcrumb"},"inLanguage":"es","potentialAction":[{"@type":"ReadAction","target":["https:\/\/nahuelproducciones.com.ar\/radioquijano\/la-silleta-celebra-sus-fiestas-patronales-en-honor-a-la-inmaculada-concepcion\/"]}]},{"@type":"BreadcrumbList","@id":"https:\/\/nahuelproducciones.com.ar\/radioquijano\/la-silleta-celebra-sus-fiestas-patronales-en-honor-a-la-inmaculada-concepcion\/#breadcrumb","itemListElement":[{"@type":"ListItem","position":1,"name":"Portada","item":"https:\/\/nahuelproducciones.com.ar\/radioquijano\/"},{"@type":"ListItem","position":2,"name":"La Silleta celebra sus Fiestas Patronales en honor a la Inmaculada Concepci\u00f3n"}]},{"@type":"WebSite","@id":"https:\/\/nahuelproducciones.com.ar\/radioquijano\/#website","url":"https:\/\/nahuelproducciones.com.ar\/radioquijano\/","name":"RQ 99.9","description":"Radio Quijano 99.9 MHz","potentialAction":[{"@type":"SearchAction","target":{"@type":"EntryPoint","urlTemplate":"https:\/\/nahuelproducciones.com.ar\/radioquijano\/?s={search_term_string}"},"query-input":"required name=search_term_string"}],"inLanguage":"es"},{"@type":"Person","@id":"https:\/\/nahuelproducciones.com.ar\/radioquijano\/#\/schema\/person\/e8a4f939e2cb487fe6d0c54042c9d32c","name":"Cecilia Pastrana","image":{"@type":"ImageObject","inLanguage":"es","@id":"https:\/\/nahuelproducciones.com.ar\/radioquijano\/#\/schema\/person\/image\/","url":"https:\/\/secure.gravatar.com\/avatar\/661a3ef63a8488d4f2794ed44af8cf71420f7e106f3072c40125114df5157749?s=96&d=mm&r=g","contentUrl":"https:\/\/secure.gravatar.com\/avatar\/661a3ef63a8488d4f2794ed44af8cf71420f7e106f3072c40125114df5157749?s=96&d=mm&r=g","caption":"Cecilia Pastrana"},"sameAs":["cecy"],"url":"https:\/\/nahuelproducciones.com.ar\/radioquijano\/author\/cecy\/"}]}},"_links":{"self":[{"href":"https:\/\/nahuelproducciones.com.ar\/radioquijano\/wp-json\/wp\/v2\/posts\/11607","targetHints":{"allow":["GET"]}}],"collection":[{"href":"https:\/\/nahuelproducciones.com.ar\/radioquijano\/wp-json\/wp\/v2\/posts"}],"about":[{"href":"https:\/\/nahuelproducciones.com.ar\/radioquijano\/wp-json\/wp\/v2\/types\/post"}],"author":[{"embeddable":true,"href":"https:\/\/nahuelproducciones.com.ar\/radioquijano\/wp-json\/wp\/v2\/users\/8"}],"replies":[{"embeddable":true,"href":"https:\/\/nahuelproducciones.com.ar\/radioquijano\/wp-json\/wp\/v2\/comments?post=11607"}],"version-history":[{"count":1,"href":"https:\/\/nahuelproducciones.com.ar\/radioquijano\/wp-json\/wp\/v2\/posts\/11607\/revisions"}],"predecessor-version":[{"id":11609,"href":"https:\/\/nahuelproducciones.com.ar\/radioquijano\/wp-json\/wp\/v2\/posts\/11607\/revisions\/11609"}],"wp:featuredmedia":[{"embeddable":true,"href":"https:\/\/nahuelproducciones.com.ar\/radioquijano\/wp-json\/wp\/v2\/media\/11608"}],"wp:attachment":[{"href":"https:\/\/nahuelproducciones.com.ar\/radioquijano\/wp-json\/wp\/v2\/media?parent=11607"}],"wp:term":[{"taxonomy":"category","embeddable":true,"href":"https:\/\/nahuelproducciones.com.ar\/radioquijano\/wp-json\/wp\/v2\/categories?post=11607"},{"taxonomy":"post_tag","embeddable":true,"href":"https:\/\/nahuelproducciones.com.ar\/radioquijano\/wp-json\/wp\/v2\/tags?post=11607"}],"curies":[{"name":"wp","href":"https:\/\/api.w.org\/{rel}","templated":true}]}}