{"id":11610,"date":"2025-12-02T12:02:08","date_gmt":"2025-12-02T15:02:08","guid":{"rendered":"https:\/\/nahuelproducciones.com.ar\/radioquijano\/?p=11610"},"modified":"2025-12-02T12:02:08","modified_gmt":"2025-12-02T15:02:08","slug":"las-salas-de-5-anos-del-jardin-dody-araoz-realizaron-su-acto-artistico-de-fin-de-ano","status":"publish","type":"post","link":"https:\/\/nahuelproducciones.com.ar\/radioquijano\/las-salas-de-5-anos-del-jardin-dody-araoz-realizaron-su-acto-artistico-de-fin-de-ano\/","title":{"rendered":"Las salas de 5 a\u00f1os del Jard\u00edn Dody Araoz realizaron su acto art\u00edstico de fin de a\u00f1o"},"content":{"rendered":"\n<p>Esta ma\u00f1ana, en el SUM del Jard\u00edn de la Escuela Dody Araoz, las salas de 5 a\u00f1os del turno ma\u00f1ana llevaron adelante su acto art\u00edstico de despedida del ciclo lectivo. Las familias acompa\u00f1aron a los peque\u00f1os en una jornada cargada de emoci\u00f3n, m\u00fasica y juegos, celebrando el cierre de una etapa fundamental en su formaci\u00f3n.<\/p>\n\n\n\n<p>Durante el acto, se entreg\u00f3 un reconocimiento especial a los alumnos de la Escuela T\u00e9cnica y al profesor <strong>Miguel Sulca<\/strong>, quienes confeccionaron un <strong>canasto de residuos para la vereda del jard\u00edn<\/strong>, un aporte significativo para mejorar los espacios comunes. La obra fue posible tambi\u00e9n gracias a la colaboraci\u00f3n de todos los padres, que adquirieron los materiales necesarios para su construcci\u00f3n.<\/p>\n\n\n\n<p>Por la tarde, a las <strong>15:00<\/strong>, ser\u00e1 el turno de las salas de 5 a\u00f1os del turno tarde, que continuar\u00e1n con la presentaci\u00f3n art\u00edstica.<\/p>\n\n\n\n<h3 class=\"wp-block-heading\"><strong>Cronograma de actividades<\/strong><\/h3>\n\n\n\n<ul class=\"wp-block-list\">\n<li><strong>3 de diciembre:<\/strong> Acto art\u00edstico de las salas de 3 y 4 a\u00f1os, en sus respectivos turnos.<\/li>\n\n\n\n<li><strong>4 de diciembre:<\/strong> Clases normales.<\/li>\n\n\n\n<li><strong>5 de diciembre:<\/strong> Acto acad\u00e9mico en el SUM del barrio El Portal.\n<ul class=\"wp-block-list\">\n<li><strong>Turno ma\u00f1ana:<\/strong> 9:30<\/li>\n\n\n\n<li><strong>Turno tarde:<\/strong> 14:30<\/li>\n<\/ul>\n<\/li>\n<\/ul>\n\n\n\n<p>Las autoridades agradecieron a toda la comunidad educativa por el acompa\u00f1amiento y desearon una excelente semana para familias, docentes y estudiantes.<\/p>\n","protected":false},"excerpt":{"rendered":"<p>Esta ma\u00f1ana, en el SUM del Jard\u00edn de la Escuela Dody Araoz, las salas de 5 a\u00f1os del turno ma\u00f1ana llevaron adelante su acto art\u00edstico de despedida del ciclo lectivo. Las familias acompa\u00f1aron a los peque\u00f1os en una jornada cargada de emoci\u00f3n, m\u00fasica y juegos, celebrando el cierre de una etapa fundamental en su formaci\u00f3n. [&hellip;]<\/p>\n","protected":false},"author":8,"featured_media":11611,"comment_status":"open","ping_status":"open","sticky":false,"template":"","format":"standard","meta":{"_monsterinsights_skip_tracking":false,"_monsterinsights_sitenote_active":false,"_monsterinsights_sitenote_note":"","_monsterinsights_sitenote_category":0,"footnotes":""},"categories":[16],"tags":[2000,100,2001],"class_list":["post-11610","post","type-post","status-publish","format-standard","has-post-thumbnail","hentry","category-noticias","tag-escuela-dody-araoz","tag-municipio-de-campo-quijano","tag-salas-de-5-anos"],"yoast_head":"<!-- This site is optimized with the Yoast SEO plugin v20.8 - https:\/\/yoast.com\/wordpress\/plugins\/seo\/ -->\n<title>Las salas de 5 a\u00f1os del Jard\u00edn Dody Araoz realizaron su acto art\u00edstico de fin de a\u00f1o - RQ 99.9<\/title>\n<meta name=\"description\" content=\"Por la tarde, a las 15:00, ser\u00e1 el turno de las salas de 5 a\u00f1os del turno tarde, que continuar\u00e1n con la presentaci\u00f3n art\u00edstica.\" \/>\n<meta name=\"robots\" content=\"index, follow, max-snippet:-1, max-image-preview:large, max-video-preview:-1\" \/>\n<link rel=\"canonical\" href=\"https:\/\/nahuelproducciones.com.ar\/radioquijano\/las-salas-de-5-anos-del-jardin-dody-araoz-realizaron-su-acto-artistico-de-fin-de-ano\/\" \/>\n<meta property=\"og:locale\" content=\"es_ES\" \/>\n<meta property=\"og:type\" content=\"article\" \/>\n<meta property=\"og:title\" content=\"Las salas de 5 a\u00f1os del Jard\u00edn Dody Araoz realizaron su acto art\u00edstico de fin de a\u00f1o - RQ 99.9\" \/>\n<meta property=\"og:description\" content=\"Por la tarde, a las 15:00, ser\u00e1 el turno de las salas de 5 a\u00f1os del turno tarde, que continuar\u00e1n con la presentaci\u00f3n art\u00edstica.\" \/>\n<meta property=\"og:url\" content=\"https:\/\/nahuelproducciones.com.ar\/radioquijano\/las-salas-de-5-anos-del-jardin-dody-araoz-realizaron-su-acto-artistico-de-fin-de-ano\/\" \/>\n<meta property=\"og:site_name\" content=\"RQ 99.9\" \/>\n<meta property=\"article:publisher\" content=\"https:\/\/www.facebook.com\/nahuelproducciones999\/\" \/>\n<meta property=\"article:published_time\" content=\"2025-12-02T15:02:08+00:00\" \/>\n<meta property=\"og:image\" content=\"https:\/\/nahuelproducciones.com.ar\/radioquijano\/wp-content\/uploads\/2025\/12\/WhatsApp-Image-2025-12-02-at-11.30.08-AM-e1764687665259.jpeg\" \/>\n\t<meta property=\"og:image:width\" content=\"700\" \/>\n\t<meta property=\"og:image:height\" content=\"394\" \/>\n\t<meta property=\"og:image:type\" content=\"image\/jpeg\" \/>\n<meta name=\"author\" content=\"Cecilia Pastrana\" \/>\n<meta name=\"twitter:card\" content=\"summary_large_image\" \/>\n<meta name=\"twitter:creator\" content=\"@nahuproduciones\" \/>\n<meta name=\"twitter:site\" content=\"@nahuproduciones\" \/>\n<meta name=\"twitter:label1\" content=\"Escrito por\" \/>\n\t<meta name=\"twitter:data1\" content=\"Cecilia Pastrana\" \/>\n\t<meta name=\"twitter:label2\" content=\"Tiempo de lectura\" \/>\n\t<meta name=\"twitter:data2\" content=\"1 minuto\" \/>\n<script type=\"application\/ld+json\" class=\"yoast-schema-graph\">{\"@context\":\"https:\/\/schema.org\",\"@graph\":[{\"@type\":\"WebPage\",\"@id\":\"https:\/\/nahuelproducciones.com.ar\/radioquijano\/las-salas-de-5-anos-del-jardin-dody-araoz-realizaron-su-acto-artistico-de-fin-de-ano\/\",\"url\":\"https:\/\/nahuelproducciones.com.ar\/radioquijano\/las-salas-de-5-anos-del-jardin-dody-araoz-realizaron-su-acto-artistico-de-fin-de-ano\/\",\"name\":\"Las salas de 5 a\u00f1os del Jard\u00edn Dody Araoz realizaron su acto art\u00edstico de fin de a\u00f1o - RQ 99.9\",\"isPartOf\":{\"@id\":\"https:\/\/nahuelproducciones.com.ar\/radioquijano\/#website\"},\"datePublished\":\"2025-12-02T15:02:08+00:00\",\"dateModified\":\"2025-12-02T15:02:08+00:00\",\"author\":{\"@id\":\"https:\/\/nahuelproducciones.com.ar\/radioquijano\/#\/schema\/person\/e8a4f939e2cb487fe6d0c54042c9d32c\"},\"description\":\"Por la tarde, a las 15:00, ser\u00e1 el turno de las salas de 5 a\u00f1os del turno tarde, que continuar\u00e1n con la presentaci\u00f3n art\u00edstica.\",\"breadcrumb\":{\"@id\":\"https:\/\/nahuelproducciones.com.ar\/radioquijano\/las-salas-de-5-anos-del-jardin-dody-araoz-realizaron-su-acto-artistico-de-fin-de-ano\/#breadcrumb\"},\"inLanguage\":\"es\",\"potentialAction\":[{\"@type\":\"ReadAction\",\"target\":[\"https:\/\/nahuelproducciones.com.ar\/radioquijano\/las-salas-de-5-anos-del-jardin-dody-araoz-realizaron-su-acto-artistico-de-fin-de-ano\/\"]}]},{\"@type\":\"BreadcrumbList\",\"@id\":\"https:\/\/nahuelproducciones.com.ar\/radioquijano\/las-salas-de-5-anos-del-jardin-dody-araoz-realizaron-su-acto-artistico-de-fin-de-ano\/#breadcrumb\",\"itemListElement\":[{\"@type\":\"ListItem\",\"position\":1,\"name\":\"Portada\",\"item\":\"https:\/\/nahuelproducciones.com.ar\/radioquijano\/\"},{\"@type\":\"ListItem\",\"position\":2,\"name\":\"Las salas de 5 a\u00f1os del Jard\u00edn Dody Araoz realizaron su acto art\u00edstico de fin de a\u00f1o\"}]},{\"@type\":\"WebSite\",\"@id\":\"https:\/\/nahuelproducciones.com.ar\/radioquijano\/#website\",\"url\":\"https:\/\/nahuelproducciones.com.ar\/radioquijano\/\",\"name\":\"RQ 99.9\",\"description\":\"Radio Quijano 99.9 MHz\",\"potentialAction\":[{\"@type\":\"SearchAction\",\"target\":{\"@type\":\"EntryPoint\",\"urlTemplate\":\"https:\/\/nahuelproducciones.com.ar\/radioquijano\/?s={search_term_string}\"},\"query-input\":\"required name=search_term_string\"}],\"inLanguage\":\"es\"},{\"@type\":\"Person\",\"@id\":\"https:\/\/nahuelproducciones.com.ar\/radioquijano\/#\/schema\/person\/e8a4f939e2cb487fe6d0c54042c9d32c\",\"name\":\"Cecilia Pastrana\",\"image\":{\"@type\":\"ImageObject\",\"inLanguage\":\"es\",\"@id\":\"https:\/\/nahuelproducciones.com.ar\/radioquijano\/#\/schema\/person\/image\/\",\"url\":\"https:\/\/secure.gravatar.com\/avatar\/661a3ef63a8488d4f2794ed44af8cf71420f7e106f3072c40125114df5157749?s=96&d=mm&r=g\",\"contentUrl\":\"https:\/\/secure.gravatar.com\/avatar\/661a3ef63a8488d4f2794ed44af8cf71420f7e106f3072c40125114df5157749?s=96&d=mm&r=g\",\"caption\":\"Cecilia Pastrana\"},\"sameAs\":[\"cecy\"],\"url\":\"https:\/\/nahuelproducciones.com.ar\/radioquijano\/author\/cecy\/\"}]}<\/script>\n<!-- \/ Yoast SEO plugin. -->","yoast_head_json":{"title":"Las salas de 5 a\u00f1os del Jard\u00edn Dody Araoz realizaron su acto art\u00edstico de fin de a\u00f1o - RQ 99.9","description":"Por la tarde, a las 15:00, ser\u00e1 el turno de las salas de 5 a\u00f1os del turno tarde, que continuar\u00e1n con la presentaci\u00f3n art\u00edstica.","robots":{"index":"index","follow":"follow","max-snippet":"max-snippet:-1","max-image-preview":"max-image-preview:large","max-video-preview":"max-video-preview:-1"},"canonical":"https:\/\/nahuelproducciones.com.ar\/radioquijano\/las-salas-de-5-anos-del-jardin-dody-araoz-realizaron-su-acto-artistico-de-fin-de-ano\/","og_locale":"es_ES","og_type":"article","og_title":"Las salas de 5 a\u00f1os del Jard\u00edn Dody Araoz realizaron su acto art\u00edstico de fin de a\u00f1o - RQ 99.9","og_description":"Por la tarde, a las 15:00, ser\u00e1 el turno de las salas de 5 a\u00f1os del turno tarde, que continuar\u00e1n con la presentaci\u00f3n art\u00edstica.","og_url":"https:\/\/nahuelproducciones.com.ar\/radioquijano\/las-salas-de-5-anos-del-jardin-dody-araoz-realizaron-su-acto-artistico-de-fin-de-ano\/","og_site_name":"RQ 99.9","article_publisher":"https:\/\/www.facebook.com\/nahuelproducciones999\/","article_published_time":"2025-12-02T15:02:08+00:00","og_image":[{"width":700,"height":394,"url":"https:\/\/nahuelproducciones.com.ar\/radioquijano\/wp-content\/uploads\/2025\/12\/WhatsApp-Image-2025-12-02-at-11.30.08-AM-e1764687665259.jpeg","type":"image\/jpeg"}],"author":"Cecilia Pastrana","twitter_card":"summary_large_image","twitter_creator":"@nahuproduciones","twitter_site":"@nahuproduciones","twitter_misc":{"Escrito por":"Cecilia Pastrana","Tiempo de lectura":"1 minuto"},"schema":{"@context":"https:\/\/schema.org","@graph":[{"@type":"WebPage","@id":"https:\/\/nahuelproducciones.com.ar\/radioquijano\/las-salas-de-5-anos-del-jardin-dody-araoz-realizaron-su-acto-artistico-de-fin-de-ano\/","url":"https:\/\/nahuelproducciones.com.ar\/radioquijano\/las-salas-de-5-anos-del-jardin-dody-araoz-realizaron-su-acto-artistico-de-fin-de-ano\/","name":"Las salas de 5 a\u00f1os del Jard\u00edn Dody Araoz realizaron su acto art\u00edstico de fin de a\u00f1o - RQ 99.9","isPartOf":{"@id":"https:\/\/nahuelproducciones.com.ar\/radioquijano\/#website"},"datePublished":"2025-12-02T15:02:08+00:00","dateModified":"2025-12-02T15:02:08+00:00","author":{"@id":"https:\/\/nahuelproducciones.com.ar\/radioquijano\/#\/schema\/person\/e8a4f939e2cb487fe6d0c54042c9d32c"},"description":"Por la tarde, a las 15:00, ser\u00e1 el turno de las salas de 5 a\u00f1os del turno tarde, que continuar\u00e1n con la presentaci\u00f3n art\u00edstica.","breadcrumb":{"@id":"https:\/\/nahuelproducciones.com.ar\/radioquijano\/las-salas-de-5-anos-del-jardin-dody-araoz-realizaron-su-acto-artistico-de-fin-de-ano\/#breadcrumb"},"inLanguage":"es","potentialAction":[{"@type":"ReadAction","target":["https:\/\/nahuelproducciones.com.ar\/radioquijano\/las-salas-de-5-anos-del-jardin-dody-araoz-realizaron-su-acto-artistico-de-fin-de-ano\/"]}]},{"@type":"BreadcrumbList","@id":"https:\/\/nahuelproducciones.com.ar\/radioquijano\/las-salas-de-5-anos-del-jardin-dody-araoz-realizaron-su-acto-artistico-de-fin-de-ano\/#breadcrumb","itemListElement":[{"@type":"ListItem","position":1,"name":"Portada","item":"https:\/\/nahuelproducciones.com.ar\/radioquijano\/"},{"@type":"ListItem","position":2,"name":"Las salas de 5 a\u00f1os del Jard\u00edn Dody Araoz realizaron su acto art\u00edstico de fin de a\u00f1o"}]},{"@type":"WebSite","@id":"https:\/\/nahuelproducciones.com.ar\/radioquijano\/#website","url":"https:\/\/nahuelproducciones.com.ar\/radioquijano\/","name":"RQ 99.9","description":"Radio Quijano 99.9 MHz","potentialAction":[{"@type":"SearchAction","target":{"@type":"EntryPoint","urlTemplate":"https:\/\/nahuelproducciones.com.ar\/radioquijano\/?s={search_term_string}"},"query-input":"required name=search_term_string"}],"inLanguage":"es"},{"@type":"Person","@id":"https:\/\/nahuelproducciones.com.ar\/radioquijano\/#\/schema\/person\/e8a4f939e2cb487fe6d0c54042c9d32c","name":"Cecilia Pastrana","image":{"@type":"ImageObject","inLanguage":"es","@id":"https:\/\/nahuelproducciones.com.ar\/radioquijano\/#\/schema\/person\/image\/","url":"https:\/\/secure.gravatar.com\/avatar\/661a3ef63a8488d4f2794ed44af8cf71420f7e106f3072c40125114df5157749?s=96&d=mm&r=g","contentUrl":"https:\/\/secure.gravatar.com\/avatar\/661a3ef63a8488d4f2794ed44af8cf71420f7e106f3072c40125114df5157749?s=96&d=mm&r=g","caption":"Cecilia Pastrana"},"sameAs":["cecy"],"url":"https:\/\/nahuelproducciones.com.ar\/radioquijano\/author\/cecy\/"}]}},"_links":{"self":[{"href":"https:\/\/nahuelproducciones.com.ar\/radioquijano\/wp-json\/wp\/v2\/posts\/11610","targetHints":{"allow":["GET"]}}],"collection":[{"href":"https:\/\/nahuelproducciones.com.ar\/radioquijano\/wp-json\/wp\/v2\/posts"}],"about":[{"href":"https:\/\/nahuelproducciones.com.ar\/radioquijano\/wp-json\/wp\/v2\/types\/post"}],"author":[{"embeddable":true,"href":"https:\/\/nahuelproducciones.com.ar\/radioquijano\/wp-json\/wp\/v2\/users\/8"}],"replies":[{"embeddable":true,"href":"https:\/\/nahuelproducciones.com.ar\/radioquijano\/wp-json\/wp\/v2\/comments?post=11610"}],"version-history":[{"count":1,"href":"https:\/\/nahuelproducciones.com.ar\/radioquijano\/wp-json\/wp\/v2\/posts\/11610\/revisions"}],"predecessor-version":[{"id":11612,"href":"https:\/\/nahuelproducciones.com.ar\/radioquijano\/wp-json\/wp\/v2\/posts\/11610\/revisions\/11612"}],"wp:featuredmedia":[{"embeddable":true,"href":"https:\/\/nahuelproducciones.com.ar\/radioquijano\/wp-json\/wp\/v2\/media\/11611"}],"wp:attachment":[{"href":"https:\/\/nahuelproducciones.com.ar\/radioquijano\/wp-json\/wp\/v2\/media?parent=11610"}],"wp:term":[{"taxonomy":"category","embeddable":true,"href":"https:\/\/nahuelproducciones.com.ar\/radioquijano\/wp-json\/wp\/v2\/categories?post=11610"},{"taxonomy":"post_tag","embeddable":true,"href":"https:\/\/nahuelproducciones.com.ar\/radioquijano\/wp-json\/wp\/v2\/tags?post=11610"}],"curies":[{"name":"wp","href":"https:\/\/api.w.org\/{rel}","templated":true}]}}