{"id":11613,"date":"2025-12-03T10:12:42","date_gmt":"2025-12-03T13:12:42","guid":{"rendered":"https:\/\/nahuelproducciones.com.ar\/radioquijano\/?p=11613"},"modified":"2025-12-03T10:16:22","modified_gmt":"2025-12-03T13:16:22","slug":"polemica-por-el-gasto-en-la-quebrada-del-toro-y-la-falta-de-presupuesto-actualizado-en-campo-quijano","status":"publish","type":"post","link":"https:\/\/nahuelproducciones.com.ar\/radioquijano\/polemica-por-el-gasto-en-la-quebrada-del-toro-y-la-falta-de-presupuesto-actualizado-en-campo-quijano\/","title":{"rendered":"Pol\u00e9mica por el gasto en la Quebrada del Toro y la falta de presupuesto actualizado en Campo Quijano"},"content":{"rendered":"\n<p>El jueves 27 de noviembre, <strong>Radio Quijano<\/strong> entrevist\u00f3 al exconcejal <strong>Ariel Gallardo<\/strong>, quien cuestion\u00f3 p\u00fablicamente las declaraciones realizadas por el intendente <strong>Lino Yonar<\/strong> en un programa radial de la ciudad de Salta, en junio de 2025.<br>El jefe comunal hab\u00eda asegurado que el municipio <strong>invirti\u00f3 35 millones de pesos<\/strong> \u201cen un solo sector de la Quebrada del Toro donde vive una familia\u201d, como respuesta a los da\u00f1os ocasionados por las crecidas y aludes ocurridos meses atr\u00e1s.<\/p>\n\n\n\n<p>Durante la entrevista, Gallardo plante\u00f3 <strong>dudas sobre la magnitud y la efectividad de ese gasto<\/strong>, cuestionando si la obra realizada realmente garantiza la seguridad de la familia que habita la zona en caso de que vuelva a producirse un alud.<br>\u201cCuando se habla de 35 millones de pesos destinados a un solo lugar, es necesario conocer qu\u00e9 obra se hizo, cu\u00e1l fue el criterio t\u00e9cnico y si realmente protege a las personas que all\u00ed viven\u201d, se\u00f1al\u00f3.<\/p>\n\n\n\n<p>El exedil tambi\u00e9n analiz\u00f3 la situaci\u00f3n presupuestaria del municipio y la falta de planificaci\u00f3n financiera actualizada.<br>Gallardo record\u00f3 que <strong>la Provincia trabaja con el presupuesto 2025<\/strong>, igual que la Naci\u00f3n, mientras que <strong>el municipio de Campo Quijano contin\u00faa administrando con el presupuesto prorrogado del a\u00f1o 2023<\/strong>, ya que no se aprob\u00f3 uno nuevo en 2024 ni en 2025.<br>Adem\u00e1s, mencion\u00f3 que el intendente Yonar solicit\u00f3 recientemente una <strong>pr\u00f3rroga para presentar el Presupuesto 2026<\/strong>, lo que prolonga a\u00fan m\u00e1s la ausencia de un instrumento de planificaci\u00f3n .<\/p>\n\n\n\n<p>\u201cSin presupuesto actualizado, no se puede saber qu\u00e9 est\u00e1 proyectado, cu\u00e1les son las prioridades ni c\u00f3mo se justifican gastos como este de la Quebrada del Toro\u201d, expres\u00f3 Gallardo.<br>Agreg\u00f3 que la falta de un nuevo presupuesto limita el control del Concejo Deliberante y de la ciudadan\u00eda sobre el destino de los fondos p\u00fablicos, especialmente en un contexto donde se habla de inversiones millonarias.<\/p>\n\n\n\n<p>Gallardo tambi\u00e9n remarc\u00f3 que la discusi\u00f3n sobre el gasto en la Quebrada del Toro no se trata solo de montos, sino de <strong>transparencia y seguridad<\/strong>.<br>\u201cEl tema no es solamente cu\u00e1nto se gast\u00f3, sino si esa inversi\u00f3n realmente protege a la gente. La pregunta clave es si la obra hecha garantiza que esa familia va a estar segura si vuelve a bajar un alud\u201d, se\u00f1al\u00f3.<\/p>\n\n\n\n<p>La entrevista completa, donde se profundiza sobre los recursos municipales, las diferencias entre lo recaudado y lo proyectado y la situaci\u00f3n institucional del Concejo Deliberante, ya se encuentra disponible para ser escuchada.<\/p>\n\n\n\n<figure class=\"wp-block-audio\"><audio controls src=\"https:\/\/nahuelproducciones.com.ar\/radioquijano\/wp-content\/uploads\/2025\/12\/27-11-2025-ARIEL-GALLARDO-ANALISIS-DE-LA-REALIDAD-MUNICIPAL-TEMA-CENTRAL-DINERO-PARA-ALUD-EN-LA-QUEBRADA-MES-DE-JUNIO-2025.mp3\"><\/audio><\/figure>\n","protected":false},"excerpt":{"rendered":"<p>El jueves 27 de noviembre, Radio Quijano entrevist\u00f3 al exconcejal Ariel Gallardo, quien cuestion\u00f3 p\u00fablicamente las declaraciones realizadas por el intendente Lino Yonar en un programa radial de la ciudad de Salta, en junio de 2025.El jefe comunal hab\u00eda asegurado que el municipio invirti\u00f3 35 millones de pesos \u201cen un solo sector de la Quebrada [&hellip;]<\/p>\n","protected":false},"author":8,"featured_media":9822,"comment_status":"open","ping_status":"open","sticky":false,"template":"","format":"standard","meta":{"_monsterinsights_skip_tracking":false,"_monsterinsights_sitenote_active":false,"_monsterinsights_sitenote_note":"","_monsterinsights_sitenote_category":0,"footnotes":""},"categories":[16],"tags":[2002,317,63,100,76],"class_list":["post-11613","post","type-post","status-publish","format-standard","has-post-thumbnail","hentry","category-noticias","tag-alud","tag-gallardo-antonio-ariel","tag-lino-yonar","tag-municipio-de-campo-quijano","tag-quebrada-del-toro"],"yoast_head":"<!-- This site is optimized with the Yoast SEO plugin v20.8 - https:\/\/yoast.com\/wordpress\/plugins\/seo\/ -->\n<title>Pol\u00e9mica por el gasto en la Quebrada del Toro y la falta de presupuesto actualizado en Campo Quijano - RQ 99.9<\/title>\n<meta name=\"description\" content=\"\u201cEl tema no es solamente cu\u00e1nto se gast\u00f3, sino si esa inversi\u00f3n realmente protege a la gente. La pregunta clave es si la obra hecha garantiza que esa familia va a estar segura si vuelve a bajar un alud\u201d, se\u00f1al\u00f3.\" \/>\n<meta name=\"robots\" content=\"index, follow, max-snippet:-1, max-image-preview:large, max-video-preview:-1\" \/>\n<link rel=\"canonical\" href=\"https:\/\/nahuelproducciones.com.ar\/radioquijano\/polemica-por-el-gasto-en-la-quebrada-del-toro-y-la-falta-de-presupuesto-actualizado-en-campo-quijano\/\" \/>\n<meta property=\"og:locale\" content=\"es_ES\" \/>\n<meta property=\"og:type\" content=\"article\" \/>\n<meta property=\"og:title\" content=\"Pol\u00e9mica por el gasto en la Quebrada del Toro y la falta de presupuesto actualizado en Campo Quijano - RQ 99.9\" \/>\n<meta property=\"og:description\" content=\"\u201cEl tema no es solamente cu\u00e1nto se gast\u00f3, sino si esa inversi\u00f3n realmente protege a la gente. La pregunta clave es si la obra hecha garantiza que esa familia va a estar segura si vuelve a bajar un alud\u201d, se\u00f1al\u00f3.\" \/>\n<meta property=\"og:url\" content=\"https:\/\/nahuelproducciones.com.ar\/radioquijano\/polemica-por-el-gasto-en-la-quebrada-del-toro-y-la-falta-de-presupuesto-actualizado-en-campo-quijano\/\" \/>\n<meta property=\"og:site_name\" content=\"RQ 99.9\" \/>\n<meta property=\"article:publisher\" content=\"https:\/\/www.facebook.com\/nahuelproducciones999\/\" \/>\n<meta property=\"article:published_time\" content=\"2025-12-03T13:12:42+00:00\" \/>\n<meta property=\"article:modified_time\" content=\"2025-12-03T13:16:22+00:00\" \/>\n<meta property=\"og:image\" content=\"https:\/\/nahuelproducciones.com.ar\/radioquijano\/wp-content\/uploads\/2025\/03\/WhatsApp-Image-2025-03-07-at-10.32.37-AM-e1741358422372.jpeg\" \/>\n\t<meta property=\"og:image:width\" content=\"700\" \/>\n\t<meta property=\"og:image:height\" content=\"331\" \/>\n\t<meta property=\"og:image:type\" content=\"image\/jpeg\" \/>\n<meta name=\"author\" content=\"Cecilia Pastrana\" \/>\n<meta name=\"twitter:card\" content=\"summary_large_image\" \/>\n<meta name=\"twitter:creator\" content=\"@nahuproduciones\" \/>\n<meta name=\"twitter:site\" content=\"@nahuproduciones\" \/>\n<meta name=\"twitter:label1\" content=\"Escrito por\" \/>\n\t<meta name=\"twitter:data1\" content=\"Cecilia Pastrana\" \/>\n\t<meta name=\"twitter:label2\" content=\"Tiempo de lectura\" \/>\n\t<meta name=\"twitter:data2\" content=\"2 minutos\" \/>\n<script type=\"application\/ld+json\" class=\"yoast-schema-graph\">{\"@context\":\"https:\/\/schema.org\",\"@graph\":[{\"@type\":\"WebPage\",\"@id\":\"https:\/\/nahuelproducciones.com.ar\/radioquijano\/polemica-por-el-gasto-en-la-quebrada-del-toro-y-la-falta-de-presupuesto-actualizado-en-campo-quijano\/\",\"url\":\"https:\/\/nahuelproducciones.com.ar\/radioquijano\/polemica-por-el-gasto-en-la-quebrada-del-toro-y-la-falta-de-presupuesto-actualizado-en-campo-quijano\/\",\"name\":\"Pol\u00e9mica por el gasto en la Quebrada del Toro y la falta de presupuesto actualizado en Campo Quijano - RQ 99.9\",\"isPartOf\":{\"@id\":\"https:\/\/nahuelproducciones.com.ar\/radioquijano\/#website\"},\"datePublished\":\"2025-12-03T13:12:42+00:00\",\"dateModified\":\"2025-12-03T13:16:22+00:00\",\"author\":{\"@id\":\"https:\/\/nahuelproducciones.com.ar\/radioquijano\/#\/schema\/person\/e8a4f939e2cb487fe6d0c54042c9d32c\"},\"description\":\"\u201cEl tema no es solamente cu\u00e1nto se gast\u00f3, sino si esa inversi\u00f3n realmente protege a la gente. La pregunta clave es si la obra hecha garantiza que esa familia va a estar segura si vuelve a bajar un alud\u201d, se\u00f1al\u00f3.\",\"breadcrumb\":{\"@id\":\"https:\/\/nahuelproducciones.com.ar\/radioquijano\/polemica-por-el-gasto-en-la-quebrada-del-toro-y-la-falta-de-presupuesto-actualizado-en-campo-quijano\/#breadcrumb\"},\"inLanguage\":\"es\",\"potentialAction\":[{\"@type\":\"ReadAction\",\"target\":[\"https:\/\/nahuelproducciones.com.ar\/radioquijano\/polemica-por-el-gasto-en-la-quebrada-del-toro-y-la-falta-de-presupuesto-actualizado-en-campo-quijano\/\"]}]},{\"@type\":\"BreadcrumbList\",\"@id\":\"https:\/\/nahuelproducciones.com.ar\/radioquijano\/polemica-por-el-gasto-en-la-quebrada-del-toro-y-la-falta-de-presupuesto-actualizado-en-campo-quijano\/#breadcrumb\",\"itemListElement\":[{\"@type\":\"ListItem\",\"position\":1,\"name\":\"Portada\",\"item\":\"https:\/\/nahuelproducciones.com.ar\/radioquijano\/\"},{\"@type\":\"ListItem\",\"position\":2,\"name\":\"Pol\u00e9mica por el gasto en la Quebrada del Toro y la falta de presupuesto actualizado en Campo Quijano\"}]},{\"@type\":\"WebSite\",\"@id\":\"https:\/\/nahuelproducciones.com.ar\/radioquijano\/#website\",\"url\":\"https:\/\/nahuelproducciones.com.ar\/radioquijano\/\",\"name\":\"RQ 99.9\",\"description\":\"Radio Quijano 99.9 MHz\",\"potentialAction\":[{\"@type\":\"SearchAction\",\"target\":{\"@type\":\"EntryPoint\",\"urlTemplate\":\"https:\/\/nahuelproducciones.com.ar\/radioquijano\/?s={search_term_string}\"},\"query-input\":\"required name=search_term_string\"}],\"inLanguage\":\"es\"},{\"@type\":\"Person\",\"@id\":\"https:\/\/nahuelproducciones.com.ar\/radioquijano\/#\/schema\/person\/e8a4f939e2cb487fe6d0c54042c9d32c\",\"name\":\"Cecilia Pastrana\",\"image\":{\"@type\":\"ImageObject\",\"inLanguage\":\"es\",\"@id\":\"https:\/\/nahuelproducciones.com.ar\/radioquijano\/#\/schema\/person\/image\/\",\"url\":\"https:\/\/secure.gravatar.com\/avatar\/661a3ef63a8488d4f2794ed44af8cf71420f7e106f3072c40125114df5157749?s=96&d=mm&r=g\",\"contentUrl\":\"https:\/\/secure.gravatar.com\/avatar\/661a3ef63a8488d4f2794ed44af8cf71420f7e106f3072c40125114df5157749?s=96&d=mm&r=g\",\"caption\":\"Cecilia Pastrana\"},\"sameAs\":[\"cecy\"],\"url\":\"https:\/\/nahuelproducciones.com.ar\/radioquijano\/author\/cecy\/\"}]}<\/script>\n<!-- \/ Yoast SEO plugin. -->","yoast_head_json":{"title":"Pol\u00e9mica por el gasto en la Quebrada del Toro y la falta de presupuesto actualizado en Campo Quijano - RQ 99.9","description":"\u201cEl tema no es solamente cu\u00e1nto se gast\u00f3, sino si esa inversi\u00f3n realmente protege a la gente. La pregunta clave es si la obra hecha garantiza que esa familia va a estar segura si vuelve a bajar un alud\u201d, se\u00f1al\u00f3.","robots":{"index":"index","follow":"follow","max-snippet":"max-snippet:-1","max-image-preview":"max-image-preview:large","max-video-preview":"max-video-preview:-1"},"canonical":"https:\/\/nahuelproducciones.com.ar\/radioquijano\/polemica-por-el-gasto-en-la-quebrada-del-toro-y-la-falta-de-presupuesto-actualizado-en-campo-quijano\/","og_locale":"es_ES","og_type":"article","og_title":"Pol\u00e9mica por el gasto en la Quebrada del Toro y la falta de presupuesto actualizado en Campo Quijano - RQ 99.9","og_description":"\u201cEl tema no es solamente cu\u00e1nto se gast\u00f3, sino si esa inversi\u00f3n realmente protege a la gente. La pregunta clave es si la obra hecha garantiza que esa familia va a estar segura si vuelve a bajar un alud\u201d, se\u00f1al\u00f3.","og_url":"https:\/\/nahuelproducciones.com.ar\/radioquijano\/polemica-por-el-gasto-en-la-quebrada-del-toro-y-la-falta-de-presupuesto-actualizado-en-campo-quijano\/","og_site_name":"RQ 99.9","article_publisher":"https:\/\/www.facebook.com\/nahuelproducciones999\/","article_published_time":"2025-12-03T13:12:42+00:00","article_modified_time":"2025-12-03T13:16:22+00:00","og_image":[{"width":700,"height":331,"url":"https:\/\/nahuelproducciones.com.ar\/radioquijano\/wp-content\/uploads\/2025\/03\/WhatsApp-Image-2025-03-07-at-10.32.37-AM-e1741358422372.jpeg","type":"image\/jpeg"}],"author":"Cecilia Pastrana","twitter_card":"summary_large_image","twitter_creator":"@nahuproduciones","twitter_site":"@nahuproduciones","twitter_misc":{"Escrito por":"Cecilia Pastrana","Tiempo de lectura":"2 minutos"},"schema":{"@context":"https:\/\/schema.org","@graph":[{"@type":"WebPage","@id":"https:\/\/nahuelproducciones.com.ar\/radioquijano\/polemica-por-el-gasto-en-la-quebrada-del-toro-y-la-falta-de-presupuesto-actualizado-en-campo-quijano\/","url":"https:\/\/nahuelproducciones.com.ar\/radioquijano\/polemica-por-el-gasto-en-la-quebrada-del-toro-y-la-falta-de-presupuesto-actualizado-en-campo-quijano\/","name":"Pol\u00e9mica por el gasto en la Quebrada del Toro y la falta de presupuesto actualizado en Campo Quijano - RQ 99.9","isPartOf":{"@id":"https:\/\/nahuelproducciones.com.ar\/radioquijano\/#website"},"datePublished":"2025-12-03T13:12:42+00:00","dateModified":"2025-12-03T13:16:22+00:00","author":{"@id":"https:\/\/nahuelproducciones.com.ar\/radioquijano\/#\/schema\/person\/e8a4f939e2cb487fe6d0c54042c9d32c"},"description":"\u201cEl tema no es solamente cu\u00e1nto se gast\u00f3, sino si esa inversi\u00f3n realmente protege a la gente. La pregunta clave es si la obra hecha garantiza que esa familia va a estar segura si vuelve a bajar un alud\u201d, se\u00f1al\u00f3.","breadcrumb":{"@id":"https:\/\/nahuelproducciones.com.ar\/radioquijano\/polemica-por-el-gasto-en-la-quebrada-del-toro-y-la-falta-de-presupuesto-actualizado-en-campo-quijano\/#breadcrumb"},"inLanguage":"es","potentialAction":[{"@type":"ReadAction","target":["https:\/\/nahuelproducciones.com.ar\/radioquijano\/polemica-por-el-gasto-en-la-quebrada-del-toro-y-la-falta-de-presupuesto-actualizado-en-campo-quijano\/"]}]},{"@type":"BreadcrumbList","@id":"https:\/\/nahuelproducciones.com.ar\/radioquijano\/polemica-por-el-gasto-en-la-quebrada-del-toro-y-la-falta-de-presupuesto-actualizado-en-campo-quijano\/#breadcrumb","itemListElement":[{"@type":"ListItem","position":1,"name":"Portada","item":"https:\/\/nahuelproducciones.com.ar\/radioquijano\/"},{"@type":"ListItem","position":2,"name":"Pol\u00e9mica por el gasto en la Quebrada del Toro y la falta de presupuesto actualizado en Campo Quijano"}]},{"@type":"WebSite","@id":"https:\/\/nahuelproducciones.com.ar\/radioquijano\/#website","url":"https:\/\/nahuelproducciones.com.ar\/radioquijano\/","name":"RQ 99.9","description":"Radio Quijano 99.9 MHz","potentialAction":[{"@type":"SearchAction","target":{"@type":"EntryPoint","urlTemplate":"https:\/\/nahuelproducciones.com.ar\/radioquijano\/?s={search_term_string}"},"query-input":"required name=search_term_string"}],"inLanguage":"es"},{"@type":"Person","@id":"https:\/\/nahuelproducciones.com.ar\/radioquijano\/#\/schema\/person\/e8a4f939e2cb487fe6d0c54042c9d32c","name":"Cecilia Pastrana","image":{"@type":"ImageObject","inLanguage":"es","@id":"https:\/\/nahuelproducciones.com.ar\/radioquijano\/#\/schema\/person\/image\/","url":"https:\/\/secure.gravatar.com\/avatar\/661a3ef63a8488d4f2794ed44af8cf71420f7e106f3072c40125114df5157749?s=96&d=mm&r=g","contentUrl":"https:\/\/secure.gravatar.com\/avatar\/661a3ef63a8488d4f2794ed44af8cf71420f7e106f3072c40125114df5157749?s=96&d=mm&r=g","caption":"Cecilia Pastrana"},"sameAs":["cecy"],"url":"https:\/\/nahuelproducciones.com.ar\/radioquijano\/author\/cecy\/"}]}},"_links":{"self":[{"href":"https:\/\/nahuelproducciones.com.ar\/radioquijano\/wp-json\/wp\/v2\/posts\/11613","targetHints":{"allow":["GET"]}}],"collection":[{"href":"https:\/\/nahuelproducciones.com.ar\/radioquijano\/wp-json\/wp\/v2\/posts"}],"about":[{"href":"https:\/\/nahuelproducciones.com.ar\/radioquijano\/wp-json\/wp\/v2\/types\/post"}],"author":[{"embeddable":true,"href":"https:\/\/nahuelproducciones.com.ar\/radioquijano\/wp-json\/wp\/v2\/users\/8"}],"replies":[{"embeddable":true,"href":"https:\/\/nahuelproducciones.com.ar\/radioquijano\/wp-json\/wp\/v2\/comments?post=11613"}],"version-history":[{"count":2,"href":"https:\/\/nahuelproducciones.com.ar\/radioquijano\/wp-json\/wp\/v2\/posts\/11613\/revisions"}],"predecessor-version":[{"id":11617,"href":"https:\/\/nahuelproducciones.com.ar\/radioquijano\/wp-json\/wp\/v2\/posts\/11613\/revisions\/11617"}],"wp:featuredmedia":[{"embeddable":true,"href":"https:\/\/nahuelproducciones.com.ar\/radioquijano\/wp-json\/wp\/v2\/media\/9822"}],"wp:attachment":[{"href":"https:\/\/nahuelproducciones.com.ar\/radioquijano\/wp-json\/wp\/v2\/media?parent=11613"}],"wp:term":[{"taxonomy":"category","embeddable":true,"href":"https:\/\/nahuelproducciones.com.ar\/radioquijano\/wp-json\/wp\/v2\/categories?post=11613"},{"taxonomy":"post_tag","embeddable":true,"href":"https:\/\/nahuelproducciones.com.ar\/radioquijano\/wp-json\/wp\/v2\/tags?post=11613"}],"curies":[{"name":"wp","href":"https:\/\/api.w.org\/{rel}","templated":true}]}}