{"id":11623,"date":"2025-12-04T02:05:08","date_gmt":"2025-12-04T05:05:08","guid":{"rendered":"https:\/\/nahuelproducciones.com.ar\/radioquijano\/?p=11623"},"modified":"2025-12-04T02:08:16","modified_gmt":"2025-12-04T05:08:16","slug":"deuda-del-club-union-huaytiquina-fijan-fecha-de-remate-y-ulivarri-confirma-que-el-conflicto-sigue-abierto","status":"publish","type":"post","link":"https:\/\/nahuelproducciones.com.ar\/radioquijano\/deuda-del-club-union-huaytiquina-fijan-fecha-de-remate-y-ulivarri-confirma-que-el-conflicto-sigue-abierto\/","title":{"rendered":"Deuda del Club Uni\u00f3n Huaytiquina: El Dr. Ulivarri confirma que el conflicto sigue abierto."},"content":{"rendered":"\n<p>En el marco del expediente <strong>EXP-760116\/21<\/strong>, este martes se dio a conocer el \u00faltimo prove\u00eddo judicial del <strong>Juzgado de 1ra Instancia en lo Civil y Comercial N\u00b0 8<\/strong>, Secretar\u00eda 1. Mediante el escrito del <strong>2 de diciembre de 2025<\/strong>, el tribunal resolvi\u00f3 hacer saber la fecha de remate propuesta por la martillera <strong>Julia Alejandra Auza<\/strong>, fijada para el <strong>viernes 12 de diciembre de 2025 a las 17:15<\/strong>, en el <strong>Colegio de Martilleros de Salta<\/strong>, ubicado en <strong>Espa\u00f1a 955<\/strong>. <\/p>\n\n\n\n<p>La notificaci\u00f3n oficial fue difundida y analizada en <strong>Radio Quijano (RQ 99.9 Mhz)<\/strong>, donde el <strong>Dr. Ramiro Javier Ulivarri<\/strong>, demandante en la causa, explic\u00f3 que esta instancia \u201ces solo una parte de la deuda del caso Huaytiquina\u201d, y aclar\u00f3 que, pese a los avances procesales, <strong>la deuda total a\u00fan no est\u00e1 cancelada<\/strong>.<\/p>\n\n\n\n<h3 class=\"wp-block-heading\"><strong>El origen del conflicto<\/strong><\/h3>\n\n\n\n<p>El juicio se remonta a una disputa donde <strong>Jorge Figueroa<\/strong> presidente del <strong>Club Uni\u00f3n Huaytiquina<\/strong> se enfrenta legalmente a <strong>Oscar \u201cChochi\u201d R\u00edos<\/strong> y la sentencia result\u00f3 favorable a Figueroa. En ese entonces, el Dr. Ulivarri intent\u00f3 cobrar sus honorarios profesionales, pero \u2014seg\u00fan relat\u00f3\u2014 tanto Figueroa como R\u00edos <strong>hab\u00edan transferido la titularidad de sus bienes<\/strong>, lo que deriv\u00f3 en que <strong>el Club Uni\u00f3n Huaytiquina quedara como responsable del pago<\/strong>.<\/p>\n\n\n\n<p>En las \u00faltimas horas, el club realiz\u00f3 un <strong>dep\u00f3sito judicial por $1.731.700<\/strong>, monto correspondiente al expediente mencionado. La operaci\u00f3n qued\u00f3 registrada el <strong>mi\u00e9rcoles 3 de diciembre a las 10:25<\/strong> en la cuenta judicial del juzgado interviniente.<\/p>\n\n\n\n<h3 class=\"wp-block-heading\"><strong>\u201cLa deuda no est\u00e1 saldada, y sigo abierto al di\u00e1logo\u201d<\/strong><\/h3>\n\n\n\n<p>Durante la entrevista, el Dr. Ulivarri se\u00f1al\u00f3 que este pago no cubre la totalidad de lo adeudado y que a\u00fan existen otros \u00edtems pendientes de cancelaci\u00f3n.<\/p>\n\n\n\n<p>Destac\u00f3 adem\u00e1s que <strong>evita referirse a los actuales abogados o representantes del club<\/strong>, pero remarc\u00f3 que siempre tuvo <strong>\u201clas puertas abiertas\u201d<\/strong> para dialogar y encontrar soluciones. Record\u00f3 que convers\u00f3 con el actual presidente del club, <strong>Montero<\/strong>, a quien le pidi\u00f3 que lo contactara cuando existieran propuestas, pero asegur\u00f3 que <strong>nunca recibi\u00f3 el llamado<\/strong>.<\/p>\n\n\n\n<p>A lo largo del di\u00e1logo en Radio Quijano, el abogado abord\u00f3 distintos aspectos institucionales y econ\u00f3micos relacionados con la situaci\u00f3n del club, reiterando su predisposici\u00f3n para arribar a un acuerdo que permita <strong>cerrar definitivamente la deuda<\/strong>.<\/p>\n\n\n\n<p><strong>Escucha l a entrevista completa :<\/strong><\/p>\n\n\n\n<figure class=\"wp-block-audio\"><audio controls src=\"https:\/\/nahuelproducciones.com.ar\/radioquijano\/wp-content\/uploads\/2025\/12\/3-12-2025-DR-RAMIRO-ULIVARRI-TEMA-HUATIQUINA.mp3\"><\/audio><\/figure>\n\n\n\n<p><\/p>\n","protected":false},"excerpt":{"rendered":"<p>En el marco del expediente EXP-760116\/21, este martes se dio a conocer el \u00faltimo prove\u00eddo judicial del Juzgado de 1ra Instancia en lo Civil y Comercial N\u00b0 8, Secretar\u00eda 1. Mediante el escrito del 2 de diciembre de 2025, el tribunal resolvi\u00f3 hacer saber la fecha de remate propuesta por la martillera Julia Alejandra Auza, [&hellip;]<\/p>\n","protected":false},"author":8,"featured_media":11625,"comment_status":"open","ping_status":"open","sticky":false,"template":"","format":"standard","meta":{"_monsterinsights_skip_tracking":false,"_monsterinsights_sitenote_active":false,"_monsterinsights_sitenote_note":"","_monsterinsights_sitenote_category":0,"footnotes":""},"categories":[16],"tags":[116,2003,100],"class_list":["post-11623","post","type-post","status-publish","format-standard","has-post-thumbnail","hentry","category-noticias","tag-club-union-huaytiquina","tag-dr-ramiro-javier-ulivarri","tag-municipio-de-campo-quijano"],"yoast_head":"<!-- This site is optimized with the Yoast SEO plugin v20.8 - https:\/\/yoast.com\/wordpress\/plugins\/seo\/ -->\n<title>Deuda del Club Uni\u00f3n Huaytiquina: El Dr. Ulivarri confirma que el conflicto sigue abierto. - RQ 99.9<\/title>\n<meta name=\"description\" content=\"\u201cLa deuda no est\u00e1 saldada, y sigo abierto al di\u00e1logo\u201d\" \/>\n<meta name=\"robots\" content=\"index, follow, max-snippet:-1, max-image-preview:large, max-video-preview:-1\" \/>\n<link rel=\"canonical\" href=\"https:\/\/nahuelproducciones.com.ar\/radioquijano\/deuda-del-club-union-huaytiquina-fijan-fecha-de-remate-y-ulivarri-confirma-que-el-conflicto-sigue-abierto\/\" \/>\n<meta property=\"og:locale\" content=\"es_ES\" \/>\n<meta property=\"og:type\" content=\"article\" \/>\n<meta property=\"og:title\" content=\"Deuda del Club Uni\u00f3n Huaytiquina: El Dr. Ulivarri confirma que el conflicto sigue abierto. - RQ 99.9\" \/>\n<meta property=\"og:description\" content=\"\u201cLa deuda no est\u00e1 saldada, y sigo abierto al di\u00e1logo\u201d\" \/>\n<meta property=\"og:url\" content=\"https:\/\/nahuelproducciones.com.ar\/radioquijano\/deuda-del-club-union-huaytiquina-fijan-fecha-de-remate-y-ulivarri-confirma-que-el-conflicto-sigue-abierto\/\" \/>\n<meta property=\"og:site_name\" content=\"RQ 99.9\" \/>\n<meta property=\"article:publisher\" content=\"https:\/\/www.facebook.com\/nahuelproducciones999\/\" \/>\n<meta property=\"article:published_time\" content=\"2025-12-04T05:05:08+00:00\" \/>\n<meta property=\"article:modified_time\" content=\"2025-12-04T05:08:16+00:00\" \/>\n<meta property=\"og:image\" content=\"https:\/\/nahuelproducciones.com.ar\/radioquijano\/wp-content\/uploads\/2025\/12\/Fondo-de-Pantalla-para-ordenador-de-Deporte-Partido-de-Futbol-Atrevido-Moderno-e1764824602587.png\" \/>\n\t<meta property=\"og:image:width\" content=\"700\" \/>\n\t<meta property=\"og:image:height\" content=\"394\" \/>\n\t<meta property=\"og:image:type\" content=\"image\/png\" \/>\n<meta name=\"author\" content=\"Cecilia Pastrana\" \/>\n<meta name=\"twitter:card\" content=\"summary_large_image\" \/>\n<meta name=\"twitter:creator\" content=\"@nahuproduciones\" \/>\n<meta name=\"twitter:site\" content=\"@nahuproduciones\" \/>\n<meta name=\"twitter:label1\" content=\"Escrito por\" \/>\n\t<meta name=\"twitter:data1\" content=\"Cecilia Pastrana\" \/>\n\t<meta name=\"twitter:label2\" content=\"Tiempo de lectura\" \/>\n\t<meta name=\"twitter:data2\" content=\"2 minutos\" \/>\n<script type=\"application\/ld+json\" class=\"yoast-schema-graph\">{\"@context\":\"https:\/\/schema.org\",\"@graph\":[{\"@type\":\"WebPage\",\"@id\":\"https:\/\/nahuelproducciones.com.ar\/radioquijano\/deuda-del-club-union-huaytiquina-fijan-fecha-de-remate-y-ulivarri-confirma-que-el-conflicto-sigue-abierto\/\",\"url\":\"https:\/\/nahuelproducciones.com.ar\/radioquijano\/deuda-del-club-union-huaytiquina-fijan-fecha-de-remate-y-ulivarri-confirma-que-el-conflicto-sigue-abierto\/\",\"name\":\"Deuda del Club Uni\u00f3n Huaytiquina: El Dr. Ulivarri confirma que el conflicto sigue abierto. - RQ 99.9\",\"isPartOf\":{\"@id\":\"https:\/\/nahuelproducciones.com.ar\/radioquijano\/#website\"},\"datePublished\":\"2025-12-04T05:05:08+00:00\",\"dateModified\":\"2025-12-04T05:08:16+00:00\",\"author\":{\"@id\":\"https:\/\/nahuelproducciones.com.ar\/radioquijano\/#\/schema\/person\/e8a4f939e2cb487fe6d0c54042c9d32c\"},\"description\":\"\u201cLa deuda no est\u00e1 saldada, y sigo abierto al di\u00e1logo\u201d\",\"breadcrumb\":{\"@id\":\"https:\/\/nahuelproducciones.com.ar\/radioquijano\/deuda-del-club-union-huaytiquina-fijan-fecha-de-remate-y-ulivarri-confirma-que-el-conflicto-sigue-abierto\/#breadcrumb\"},\"inLanguage\":\"es\",\"potentialAction\":[{\"@type\":\"ReadAction\",\"target\":[\"https:\/\/nahuelproducciones.com.ar\/radioquijano\/deuda-del-club-union-huaytiquina-fijan-fecha-de-remate-y-ulivarri-confirma-que-el-conflicto-sigue-abierto\/\"]}]},{\"@type\":\"BreadcrumbList\",\"@id\":\"https:\/\/nahuelproducciones.com.ar\/radioquijano\/deuda-del-club-union-huaytiquina-fijan-fecha-de-remate-y-ulivarri-confirma-que-el-conflicto-sigue-abierto\/#breadcrumb\",\"itemListElement\":[{\"@type\":\"ListItem\",\"position\":1,\"name\":\"Portada\",\"item\":\"https:\/\/nahuelproducciones.com.ar\/radioquijano\/\"},{\"@type\":\"ListItem\",\"position\":2,\"name\":\"Deuda del Club Uni\u00f3n Huaytiquina: El Dr. Ulivarri confirma que el conflicto sigue abierto.\"}]},{\"@type\":\"WebSite\",\"@id\":\"https:\/\/nahuelproducciones.com.ar\/radioquijano\/#website\",\"url\":\"https:\/\/nahuelproducciones.com.ar\/radioquijano\/\",\"name\":\"RQ 99.9\",\"description\":\"Radio Quijano 99.9 MHz\",\"potentialAction\":[{\"@type\":\"SearchAction\",\"target\":{\"@type\":\"EntryPoint\",\"urlTemplate\":\"https:\/\/nahuelproducciones.com.ar\/radioquijano\/?s={search_term_string}\"},\"query-input\":\"required name=search_term_string\"}],\"inLanguage\":\"es\"},{\"@type\":\"Person\",\"@id\":\"https:\/\/nahuelproducciones.com.ar\/radioquijano\/#\/schema\/person\/e8a4f939e2cb487fe6d0c54042c9d32c\",\"name\":\"Cecilia Pastrana\",\"image\":{\"@type\":\"ImageObject\",\"inLanguage\":\"es\",\"@id\":\"https:\/\/nahuelproducciones.com.ar\/radioquijano\/#\/schema\/person\/image\/\",\"url\":\"https:\/\/secure.gravatar.com\/avatar\/661a3ef63a8488d4f2794ed44af8cf71420f7e106f3072c40125114df5157749?s=96&d=mm&r=g\",\"contentUrl\":\"https:\/\/secure.gravatar.com\/avatar\/661a3ef63a8488d4f2794ed44af8cf71420f7e106f3072c40125114df5157749?s=96&d=mm&r=g\",\"caption\":\"Cecilia Pastrana\"},\"sameAs\":[\"cecy\"],\"url\":\"https:\/\/nahuelproducciones.com.ar\/radioquijano\/author\/cecy\/\"}]}<\/script>\n<!-- \/ Yoast SEO plugin. -->","yoast_head_json":{"title":"Deuda del Club Uni\u00f3n Huaytiquina: El Dr. Ulivarri confirma que el conflicto sigue abierto. - RQ 99.9","description":"\u201cLa deuda no est\u00e1 saldada, y sigo abierto al di\u00e1logo\u201d","robots":{"index":"index","follow":"follow","max-snippet":"max-snippet:-1","max-image-preview":"max-image-preview:large","max-video-preview":"max-video-preview:-1"},"canonical":"https:\/\/nahuelproducciones.com.ar\/radioquijano\/deuda-del-club-union-huaytiquina-fijan-fecha-de-remate-y-ulivarri-confirma-que-el-conflicto-sigue-abierto\/","og_locale":"es_ES","og_type":"article","og_title":"Deuda del Club Uni\u00f3n Huaytiquina: El Dr. Ulivarri confirma que el conflicto sigue abierto. - RQ 99.9","og_description":"\u201cLa deuda no est\u00e1 saldada, y sigo abierto al di\u00e1logo\u201d","og_url":"https:\/\/nahuelproducciones.com.ar\/radioquijano\/deuda-del-club-union-huaytiquina-fijan-fecha-de-remate-y-ulivarri-confirma-que-el-conflicto-sigue-abierto\/","og_site_name":"RQ 99.9","article_publisher":"https:\/\/www.facebook.com\/nahuelproducciones999\/","article_published_time":"2025-12-04T05:05:08+00:00","article_modified_time":"2025-12-04T05:08:16+00:00","og_image":[{"width":700,"height":394,"url":"https:\/\/nahuelproducciones.com.ar\/radioquijano\/wp-content\/uploads\/2025\/12\/Fondo-de-Pantalla-para-ordenador-de-Deporte-Partido-de-Futbol-Atrevido-Moderno-e1764824602587.png","type":"image\/png"}],"author":"Cecilia Pastrana","twitter_card":"summary_large_image","twitter_creator":"@nahuproduciones","twitter_site":"@nahuproduciones","twitter_misc":{"Escrito por":"Cecilia Pastrana","Tiempo de lectura":"2 minutos"},"schema":{"@context":"https:\/\/schema.org","@graph":[{"@type":"WebPage","@id":"https:\/\/nahuelproducciones.com.ar\/radioquijano\/deuda-del-club-union-huaytiquina-fijan-fecha-de-remate-y-ulivarri-confirma-que-el-conflicto-sigue-abierto\/","url":"https:\/\/nahuelproducciones.com.ar\/radioquijano\/deuda-del-club-union-huaytiquina-fijan-fecha-de-remate-y-ulivarri-confirma-que-el-conflicto-sigue-abierto\/","name":"Deuda del Club Uni\u00f3n Huaytiquina: El Dr. Ulivarri confirma que el conflicto sigue abierto. - RQ 99.9","isPartOf":{"@id":"https:\/\/nahuelproducciones.com.ar\/radioquijano\/#website"},"datePublished":"2025-12-04T05:05:08+00:00","dateModified":"2025-12-04T05:08:16+00:00","author":{"@id":"https:\/\/nahuelproducciones.com.ar\/radioquijano\/#\/schema\/person\/e8a4f939e2cb487fe6d0c54042c9d32c"},"description":"\u201cLa deuda no est\u00e1 saldada, y sigo abierto al di\u00e1logo\u201d","breadcrumb":{"@id":"https:\/\/nahuelproducciones.com.ar\/radioquijano\/deuda-del-club-union-huaytiquina-fijan-fecha-de-remate-y-ulivarri-confirma-que-el-conflicto-sigue-abierto\/#breadcrumb"},"inLanguage":"es","potentialAction":[{"@type":"ReadAction","target":["https:\/\/nahuelproducciones.com.ar\/radioquijano\/deuda-del-club-union-huaytiquina-fijan-fecha-de-remate-y-ulivarri-confirma-que-el-conflicto-sigue-abierto\/"]}]},{"@type":"BreadcrumbList","@id":"https:\/\/nahuelproducciones.com.ar\/radioquijano\/deuda-del-club-union-huaytiquina-fijan-fecha-de-remate-y-ulivarri-confirma-que-el-conflicto-sigue-abierto\/#breadcrumb","itemListElement":[{"@type":"ListItem","position":1,"name":"Portada","item":"https:\/\/nahuelproducciones.com.ar\/radioquijano\/"},{"@type":"ListItem","position":2,"name":"Deuda del Club Uni\u00f3n Huaytiquina: El Dr. Ulivarri confirma que el conflicto sigue abierto."}]},{"@type":"WebSite","@id":"https:\/\/nahuelproducciones.com.ar\/radioquijano\/#website","url":"https:\/\/nahuelproducciones.com.ar\/radioquijano\/","name":"RQ 99.9","description":"Radio Quijano 99.9 MHz","potentialAction":[{"@type":"SearchAction","target":{"@type":"EntryPoint","urlTemplate":"https:\/\/nahuelproducciones.com.ar\/radioquijano\/?s={search_term_string}"},"query-input":"required name=search_term_string"}],"inLanguage":"es"},{"@type":"Person","@id":"https:\/\/nahuelproducciones.com.ar\/radioquijano\/#\/schema\/person\/e8a4f939e2cb487fe6d0c54042c9d32c","name":"Cecilia Pastrana","image":{"@type":"ImageObject","inLanguage":"es","@id":"https:\/\/nahuelproducciones.com.ar\/radioquijano\/#\/schema\/person\/image\/","url":"https:\/\/secure.gravatar.com\/avatar\/661a3ef63a8488d4f2794ed44af8cf71420f7e106f3072c40125114df5157749?s=96&d=mm&r=g","contentUrl":"https:\/\/secure.gravatar.com\/avatar\/661a3ef63a8488d4f2794ed44af8cf71420f7e106f3072c40125114df5157749?s=96&d=mm&r=g","caption":"Cecilia Pastrana"},"sameAs":["cecy"],"url":"https:\/\/nahuelproducciones.com.ar\/radioquijano\/author\/cecy\/"}]}},"_links":{"self":[{"href":"https:\/\/nahuelproducciones.com.ar\/radioquijano\/wp-json\/wp\/v2\/posts\/11623","targetHints":{"allow":["GET"]}}],"collection":[{"href":"https:\/\/nahuelproducciones.com.ar\/radioquijano\/wp-json\/wp\/v2\/posts"}],"about":[{"href":"https:\/\/nahuelproducciones.com.ar\/radioquijano\/wp-json\/wp\/v2\/types\/post"}],"author":[{"embeddable":true,"href":"https:\/\/nahuelproducciones.com.ar\/radioquijano\/wp-json\/wp\/v2\/users\/8"}],"replies":[{"embeddable":true,"href":"https:\/\/nahuelproducciones.com.ar\/radioquijano\/wp-json\/wp\/v2\/comments?post=11623"}],"version-history":[{"count":2,"href":"https:\/\/nahuelproducciones.com.ar\/radioquijano\/wp-json\/wp\/v2\/posts\/11623\/revisions"}],"predecessor-version":[{"id":11627,"href":"https:\/\/nahuelproducciones.com.ar\/radioquijano\/wp-json\/wp\/v2\/posts\/11623\/revisions\/11627"}],"wp:featuredmedia":[{"embeddable":true,"href":"https:\/\/nahuelproducciones.com.ar\/radioquijano\/wp-json\/wp\/v2\/media\/11625"}],"wp:attachment":[{"href":"https:\/\/nahuelproducciones.com.ar\/radioquijano\/wp-json\/wp\/v2\/media?parent=11623"}],"wp:term":[{"taxonomy":"category","embeddable":true,"href":"https:\/\/nahuelproducciones.com.ar\/radioquijano\/wp-json\/wp\/v2\/categories?post=11623"},{"taxonomy":"post_tag","embeddable":true,"href":"https:\/\/nahuelproducciones.com.ar\/radioquijano\/wp-json\/wp\/v2\/tags?post=11623"}],"curies":[{"name":"wp","href":"https:\/\/api.w.org\/{rel}","templated":true}]}}