{"id":11628,"date":"2025-12-04T02:53:29","date_gmt":"2025-12-04T05:53:29","guid":{"rendered":"https:\/\/nahuelproducciones.com.ar\/radioquijano\/?p=11628"},"modified":"2025-12-04T02:53:56","modified_gmt":"2025-12-04T05:53:56","slug":"aumentos-por-encima-de-la-inflacion-cambios-de-zona-y-aprobacion-a-libro-cerrado","status":"publish","type":"post","link":"https:\/\/nahuelproducciones.com.ar\/radioquijano\/aumentos-por-encima-de-la-inflacion-cambios-de-zona-y-aprobacion-a-libro-cerrado\/","title":{"rendered":"AUMENTOS POR ENCIMA DE LA INFLACI\u00d3N, CAMBIOS DE ZONA Y APROBACI\u00d3N \u201cA LIBRO CERRADO\u201d"},"content":{"rendered":"\n<p><em>La concejal Lorena Torres cuestion\u00f3 el fuerte incremento tarifario y el tratamiento expr\u00e9s de la Ordenanza Tributaria 2026<\/em><\/p>\n\n\n\n<p>En di\u00e1logo con <em>Radio Quijano<\/em>, la concejal <strong>Lorena Torres<\/strong> se refiri\u00f3 al <strong>incremento tarifario<\/strong>, los <strong>cambios de zona<\/strong> y la forma en que fueron aprobadas las modificaciones del <strong>C\u00f3digo Tributario<\/strong> y la <strong>Ordenanza Tributaria 2026<\/strong>.<\/p>\n\n\n\n<p>Seg\u00fan explic\u00f3, mientras la inflaci\u00f3n proyectada para 2025 ronda el <strong>30%<\/strong>, el <strong>Impuesto Inmobiliario<\/strong> y otras tasas municipales tendr\u00e1n aumentos que en algunos casos superan el <strong>80%<\/strong>, generando un impacto mucho mayor al esperado para el pr\u00f3ximo a\u00f1o.<\/p>\n\n\n\n<p>A esto se suman los <strong>cambios de zona<\/strong>, que implican un aumento extra para los vecinos alcanzados por la nueva categorizaci\u00f3n, especialmente en la <strong>Tasa de Mantenimiento y Limpieza<\/strong>, cuyos montos fueron actualizados en todas las categor\u00edas.<\/p>\n\n\n\n<h2 class=\"wp-block-heading\"> <strong>Cambios de Zona aprobados<\/strong><\/h2>\n\n\n\n<p>&#x1f538; <strong>Las Lomitas<\/strong> <em>(desde el inicio del canal del dique hasta el cruce con Col\u00f3n)<\/em><br>&#x27a1;&#xfe0f; De <strong>Zona 2<\/strong> a <strong>Zona 1B<\/strong>.<\/p>\n\n\n\n<p>&#x1f538; <strong>La Silleta<\/strong><br>&#x27a1;&#xfe0f; De <strong>Zona 2<\/strong> a <strong>Zona 1<\/strong>.<\/p>\n\n\n\n<p>&#x1f538; <strong>Barrios de la Usina y Balc\u00f3n Andino<\/strong><br>&#x27a1;&#xfe0f; De <strong>Zona 2<\/strong> a <strong>Zona 1<\/strong>.<\/p>\n\n\n\n<p>&#x1f538; <strong>Enc\u00f3n Chico y Enc\u00f3n Grande<\/strong><br>&#x27a1;&#xfe0f; De <strong>Zona 3<\/strong> a <strong>Zona 1B<\/strong>.<\/p>\n\n\n\n<p>Estos cambios, afirm\u00f3 Torres, implican subas a\u00fan mayores a las previstas inicialmente.<\/p>\n\n\n\n<h2 class=\"wp-block-heading\"> <strong>\u201cSe aprobaron a libro cerrado\u201d<\/strong><\/h2>\n\n\n\n<p>La edil critic\u00f3 duramente el procedimiento utilizado en el Concejo Deliberante. Cont\u00f3 que los concejales oficialistas solicitaron pasar a <strong>cuarto intermedio y constituirse en comisi\u00f3n<\/strong> para debatir los expedientes enviados por el intendente <strong>Lino Yonar<\/strong>, pero:<\/p>\n\n\n\n<blockquote class=\"wp-block-quote is-layout-flow wp-block-quote-is-layout-flow\">\n<p><strong>\u201cNunca debatieron. Se levantaron, tomaron caf\u00e9, fumaron, y el dictamen de aprobaci\u00f3n ya estaba redactado\u201d<\/strong>, relat\u00f3.<\/p>\n<\/blockquote>\n\n\n\n<p>Los proyectos ingresaron el lunes y fueron aprobados al d\u00eda siguiente <strong>sin an\u00e1lisis previo ni pedido de informaci\u00f3n adicional<\/strong>.<\/p>\n\n\n\n<p>La modificaci\u00f3n del <strong>C\u00f3digo Tributario<\/strong> y la <strong>Ordenanza Tributaria 2026<\/strong> fueron aprobadas con los votos de <strong>Carlos Cruz<\/strong>, <strong>Patricio Su\u00e1rez<\/strong> y <strong>Raquel Ger\u00f3n<\/strong>, mientras que el concejal <strong>Orosco<\/strong> se abstuvo.<\/p>\n\n\n\n<h2 class=\"wp-block-heading\"> <strong>El presupuesto qued\u00f3 sin tratamiento<\/strong><\/h2>\n\n\n\n<p>Cuando lleg\u00f3 el turno del <strong>Presupuesto Municipal 2026<\/strong>, el oficialismo decidi\u00f3 <strong>levantar la sesi\u00f3n<\/strong>, dej\u00e1ndola sin qu\u00f3rum y evitando as\u00ed su discusi\u00f3n.<\/p>\n\n\n\n<p>Torres advirti\u00f3 que, si se aprobaba el presupuesto, <strong>finalizaba el per\u00edodo ordinario de sesiones<\/strong>. \u201cAlgo esperan que suceda o que ingrese al Concejo\u201d, se\u00f1al\u00f3, insinuando que podr\u00eda haber maniobras para dilatar el tratamiento.<\/p>\n\n\n\n<p>El nuevo llamado a sesi\u00f3n ordinaria ser\u00eda el <strong>martes 9<\/strong>.<\/p>\n\n\n\n<h2 class=\"wp-block-heading\"> <strong>Escuch\u00e1 la entrevista completa :<\/strong><\/h2>\n\n\n\n<figure class=\"wp-block-audio\"><audio controls src=\"https:\/\/nahuelproducciones.com.ar\/radioquijano\/wp-content\/uploads\/2025\/12\/3-12-2025-CONCEJAL-LORENA-TORRES-ANALISIS-DE-LA-SESION-37-DEL-CONCEJO-DELIBERANTE.mp3\"><\/audio><\/figure>\n\n\n\n<figure class=\"wp-block-gallery has-nested-images columns-default is-cropped wp-block-gallery-1 is-layout-flex wp-block-gallery-is-layout-flex\">\n<figure class=\"wp-block-image size-large\"><img decoding=\"async\" data-id=\"11633\" src=\"https:\/\/nahuelproducciones.com.ar\/radioquijano\/wp-content\/uploads\/2025\/12\/594629229_4551160711779801_8321271996837643290_n.jpg\" alt=\"\" class=\"wp-image-11633\"\/><\/figure>\n\n\n\n<figure class=\"wp-block-image size-large\"><img loading=\"lazy\" decoding=\"async\" width=\"940\" height=\"788\" data-id=\"11634\" src=\"https:\/\/nahuelproducciones.com.ar\/radioquijano\/wp-content\/uploads\/2025\/12\/594646738_4551160728446466_7326477422747842445_n.jpg\" alt=\"\" class=\"wp-image-11634\" srcset=\"https:\/\/nahuelproducciones.com.ar\/radioquijano\/wp-content\/uploads\/2025\/12\/594646738_4551160728446466_7326477422747842445_n.jpg 940w, https:\/\/nahuelproducciones.com.ar\/radioquijano\/wp-content\/uploads\/2025\/12\/594646738_4551160728446466_7326477422747842445_n-300x251.jpg 300w, https:\/\/nahuelproducciones.com.ar\/radioquijano\/wp-content\/uploads\/2025\/12\/594646738_4551160728446466_7326477422747842445_n-768x644.jpg 768w, https:\/\/nahuelproducciones.com.ar\/radioquijano\/wp-content\/uploads\/2025\/12\/594646738_4551160728446466_7326477422747842445_n-150x126.jpg 150w\" sizes=\"auto, (max-width: 940px) 100vw, 940px\" \/><\/figure>\n<\/figure>\n\n\n<div class=\"wp-block-image\">\n<figure class=\"aligncenter size-large is-resized\"><img loading=\"lazy\" decoding=\"async\" width=\"533\" height=\"1024\" src=\"https:\/\/nahuelproducciones.com.ar\/radioquijano\/wp-content\/uploads\/2025\/12\/WhatsApp-Image-2025-12-04-at-2.35.48-AM-1-533x1024.jpeg\" alt=\"\" class=\"wp-image-11635\" style=\"width:478px;height:auto\" srcset=\"https:\/\/nahuelproducciones.com.ar\/radioquijano\/wp-content\/uploads\/2025\/12\/WhatsApp-Image-2025-12-04-at-2.35.48-AM-1-533x1024.jpeg 533w, https:\/\/nahuelproducciones.com.ar\/radioquijano\/wp-content\/uploads\/2025\/12\/WhatsApp-Image-2025-12-04-at-2.35.48-AM-1-156x300.jpeg 156w, https:\/\/nahuelproducciones.com.ar\/radioquijano\/wp-content\/uploads\/2025\/12\/WhatsApp-Image-2025-12-04-at-2.35.48-AM-1-150x288.jpeg 150w, https:\/\/nahuelproducciones.com.ar\/radioquijano\/wp-content\/uploads\/2025\/12\/WhatsApp-Image-2025-12-04-at-2.35.48-AM-1.jpeg 720w\" sizes=\"auto, (max-width: 533px) 100vw, 533px\" \/><\/figure><\/div>\n\n<p><iframe loading=\"lazy\" src=\"https:\/\/www.facebook.com\/plugins\/video.php?height=476&#038;href=https%3A%2F%2Fwww.facebook.com%2Freel%2F1404750881320411%2F&#038;show_text=true&#038;width=267&#038;t=0\" width=\"267\" height=\"591\" style=\"border:none;overflow:hidden\" scrolling=\"no\" frameborder=\"0\" allowfullscreen=\"true\" allow=\"autoplay; clipboard-write; encrypted-media; picture-in-picture; web-share\" allowFullScreen=\"true\"><\/iframe><\/p>\n\n\n<p><iframe loading=\"lazy\" src=\"https:\/\/www.facebook.com\/plugins\/video.php?height=476&#038;href=https%3A%2F%2Fwww.facebook.com%2F100006577503821%2Fvideos%2F25587690210825818%2F&#038;show_text=true&#038;width=267&#038;t=0\" width=\"267\" height=\"591\" style=\"border:none;overflow:hidden\" scrolling=\"no\" frameborder=\"0\" allowfullscreen=\"true\" allow=\"autoplay; clipboard-write; encrypted-media; picture-in-picture; web-share\" allowFullScreen=\"true\"><\/iframe><\/p>\n","protected":false},"excerpt":{"rendered":"<p>La concejal Lorena Torres cuestion\u00f3 el fuerte incremento tarifario y el tratamiento expr\u00e9s de la Ordenanza Tributaria 2026 En di\u00e1logo con Radio Quijano, la concejal Lorena Torres se refiri\u00f3 al incremento tarifario, los cambios de zona y la forma en que fueron aprobadas las modificaciones del C\u00f3digo Tributario y la Ordenanza Tributaria 2026. Seg\u00fan explic\u00f3, [&hellip;]<\/p>\n","protected":false},"author":8,"featured_media":11635,"comment_status":"open","ping_status":"open","sticky":false,"template":"","format":"standard","meta":{"_monsterinsights_skip_tracking":false,"_monsterinsights_sitenote_active":false,"_monsterinsights_sitenote_note":"","_monsterinsights_sitenote_category":0,"footnotes":""},"categories":[16],"tags":[75,100,2004],"class_list":["post-11628","post","type-post","status-publish","format-standard","has-post-thumbnail","hentry","category-noticias","tag-concejo-deliberante-de-campo-quijano","tag-municipio-de-campo-quijano","tag-se-aprobaron-a-libro-cerrado"],"yoast_head":"<!-- This site is optimized with the Yoast SEO plugin v20.8 - https:\/\/yoast.com\/wordpress\/plugins\/seo\/ -->\n<title>AUMENTOS POR ENCIMA DE LA INFLACI\u00d3N, CAMBIOS DE ZONA Y APROBACI\u00d3N \u201cA LIBRO CERRADO\u201d - RQ 99.9<\/title>\n<meta name=\"description\" content=\"El nuevo llamado a sesi\u00f3n ordinaria ser\u00eda el martes 9.\" \/>\n<meta name=\"robots\" content=\"index, follow, max-snippet:-1, max-image-preview:large, max-video-preview:-1\" \/>\n<link rel=\"canonical\" href=\"https:\/\/nahuelproducciones.com.ar\/radioquijano\/aumentos-por-encima-de-la-inflacion-cambios-de-zona-y-aprobacion-a-libro-cerrado\/\" \/>\n<meta property=\"og:locale\" content=\"es_ES\" \/>\n<meta property=\"og:type\" content=\"article\" \/>\n<meta property=\"og:title\" content=\"AUMENTOS POR ENCIMA DE LA INFLACI\u00d3N, CAMBIOS DE ZONA Y APROBACI\u00d3N \u201cA LIBRO CERRADO\u201d - RQ 99.9\" \/>\n<meta property=\"og:description\" content=\"El nuevo llamado a sesi\u00f3n ordinaria ser\u00eda el martes 9.\" \/>\n<meta property=\"og:url\" content=\"https:\/\/nahuelproducciones.com.ar\/radioquijano\/aumentos-por-encima-de-la-inflacion-cambios-de-zona-y-aprobacion-a-libro-cerrado\/\" \/>\n<meta property=\"og:site_name\" content=\"RQ 99.9\" \/>\n<meta property=\"article:publisher\" content=\"https:\/\/www.facebook.com\/nahuelproducciones999\/\" \/>\n<meta property=\"article:published_time\" content=\"2025-12-04T05:53:29+00:00\" \/>\n<meta property=\"article:modified_time\" content=\"2025-12-04T05:53:56+00:00\" \/>\n<meta property=\"og:image\" content=\"https:\/\/nahuelproducciones.com.ar\/radioquijano\/wp-content\/uploads\/2025\/12\/WhatsApp-Image-2025-12-04-at-2.35.48-AM-1.jpeg\" \/>\n\t<meta property=\"og:image:width\" content=\"720\" \/>\n\t<meta property=\"og:image:height\" content=\"1382\" \/>\n\t<meta property=\"og:image:type\" content=\"image\/jpeg\" \/>\n<meta name=\"author\" content=\"Cecilia Pastrana\" \/>\n<meta name=\"twitter:card\" content=\"summary_large_image\" \/>\n<meta name=\"twitter:creator\" content=\"@nahuproduciones\" \/>\n<meta name=\"twitter:site\" content=\"@nahuproduciones\" \/>\n<meta name=\"twitter:label1\" content=\"Escrito por\" \/>\n\t<meta name=\"twitter:data1\" content=\"Cecilia Pastrana\" \/>\n\t<meta name=\"twitter:label2\" content=\"Tiempo de lectura\" \/>\n\t<meta name=\"twitter:data2\" content=\"3 minutos\" \/>\n<script type=\"application\/ld+json\" class=\"yoast-schema-graph\">{\"@context\":\"https:\/\/schema.org\",\"@graph\":[{\"@type\":\"WebPage\",\"@id\":\"https:\/\/nahuelproducciones.com.ar\/radioquijano\/aumentos-por-encima-de-la-inflacion-cambios-de-zona-y-aprobacion-a-libro-cerrado\/\",\"url\":\"https:\/\/nahuelproducciones.com.ar\/radioquijano\/aumentos-por-encima-de-la-inflacion-cambios-de-zona-y-aprobacion-a-libro-cerrado\/\",\"name\":\"AUMENTOS POR ENCIMA DE LA INFLACI\u00d3N, CAMBIOS DE ZONA Y APROBACI\u00d3N \u201cA LIBRO CERRADO\u201d - RQ 99.9\",\"isPartOf\":{\"@id\":\"https:\/\/nahuelproducciones.com.ar\/radioquijano\/#website\"},\"datePublished\":\"2025-12-04T05:53:29+00:00\",\"dateModified\":\"2025-12-04T05:53:56+00:00\",\"author\":{\"@id\":\"https:\/\/nahuelproducciones.com.ar\/radioquijano\/#\/schema\/person\/e8a4f939e2cb487fe6d0c54042c9d32c\"},\"description\":\"El nuevo llamado a sesi\u00f3n ordinaria ser\u00eda el martes 9.\",\"breadcrumb\":{\"@id\":\"https:\/\/nahuelproducciones.com.ar\/radioquijano\/aumentos-por-encima-de-la-inflacion-cambios-de-zona-y-aprobacion-a-libro-cerrado\/#breadcrumb\"},\"inLanguage\":\"es\",\"potentialAction\":[{\"@type\":\"ReadAction\",\"target\":[\"https:\/\/nahuelproducciones.com.ar\/radioquijano\/aumentos-por-encima-de-la-inflacion-cambios-de-zona-y-aprobacion-a-libro-cerrado\/\"]}]},{\"@type\":\"BreadcrumbList\",\"@id\":\"https:\/\/nahuelproducciones.com.ar\/radioquijano\/aumentos-por-encima-de-la-inflacion-cambios-de-zona-y-aprobacion-a-libro-cerrado\/#breadcrumb\",\"itemListElement\":[{\"@type\":\"ListItem\",\"position\":1,\"name\":\"Portada\",\"item\":\"https:\/\/nahuelproducciones.com.ar\/radioquijano\/\"},{\"@type\":\"ListItem\",\"position\":2,\"name\":\"AUMENTOS POR ENCIMA DE LA INFLACI\u00d3N, CAMBIOS DE ZONA Y APROBACI\u00d3N \u201cA LIBRO CERRADO\u201d\"}]},{\"@type\":\"WebSite\",\"@id\":\"https:\/\/nahuelproducciones.com.ar\/radioquijano\/#website\",\"url\":\"https:\/\/nahuelproducciones.com.ar\/radioquijano\/\",\"name\":\"RQ 99.9\",\"description\":\"Radio Quijano 99.9 MHz\",\"potentialAction\":[{\"@type\":\"SearchAction\",\"target\":{\"@type\":\"EntryPoint\",\"urlTemplate\":\"https:\/\/nahuelproducciones.com.ar\/radioquijano\/?s={search_term_string}\"},\"query-input\":\"required name=search_term_string\"}],\"inLanguage\":\"es\"},{\"@type\":\"Person\",\"@id\":\"https:\/\/nahuelproducciones.com.ar\/radioquijano\/#\/schema\/person\/e8a4f939e2cb487fe6d0c54042c9d32c\",\"name\":\"Cecilia Pastrana\",\"image\":{\"@type\":\"ImageObject\",\"inLanguage\":\"es\",\"@id\":\"https:\/\/nahuelproducciones.com.ar\/radioquijano\/#\/schema\/person\/image\/\",\"url\":\"https:\/\/secure.gravatar.com\/avatar\/661a3ef63a8488d4f2794ed44af8cf71420f7e106f3072c40125114df5157749?s=96&d=mm&r=g\",\"contentUrl\":\"https:\/\/secure.gravatar.com\/avatar\/661a3ef63a8488d4f2794ed44af8cf71420f7e106f3072c40125114df5157749?s=96&d=mm&r=g\",\"caption\":\"Cecilia Pastrana\"},\"sameAs\":[\"cecy\"],\"url\":\"https:\/\/nahuelproducciones.com.ar\/radioquijano\/author\/cecy\/\"}]}<\/script>\n<!-- \/ Yoast SEO plugin. -->","yoast_head_json":{"title":"AUMENTOS POR ENCIMA DE LA INFLACI\u00d3N, CAMBIOS DE ZONA Y APROBACI\u00d3N \u201cA LIBRO CERRADO\u201d - RQ 99.9","description":"El nuevo llamado a sesi\u00f3n ordinaria ser\u00eda el martes 9.","robots":{"index":"index","follow":"follow","max-snippet":"max-snippet:-1","max-image-preview":"max-image-preview:large","max-video-preview":"max-video-preview:-1"},"canonical":"https:\/\/nahuelproducciones.com.ar\/radioquijano\/aumentos-por-encima-de-la-inflacion-cambios-de-zona-y-aprobacion-a-libro-cerrado\/","og_locale":"es_ES","og_type":"article","og_title":"AUMENTOS POR ENCIMA DE LA INFLACI\u00d3N, CAMBIOS DE ZONA Y APROBACI\u00d3N \u201cA LIBRO CERRADO\u201d - RQ 99.9","og_description":"El nuevo llamado a sesi\u00f3n ordinaria ser\u00eda el martes 9.","og_url":"https:\/\/nahuelproducciones.com.ar\/radioquijano\/aumentos-por-encima-de-la-inflacion-cambios-de-zona-y-aprobacion-a-libro-cerrado\/","og_site_name":"RQ 99.9","article_publisher":"https:\/\/www.facebook.com\/nahuelproducciones999\/","article_published_time":"2025-12-04T05:53:29+00:00","article_modified_time":"2025-12-04T05:53:56+00:00","og_image":[{"width":720,"height":1382,"url":"https:\/\/nahuelproducciones.com.ar\/radioquijano\/wp-content\/uploads\/2025\/12\/WhatsApp-Image-2025-12-04-at-2.35.48-AM-1.jpeg","type":"image\/jpeg"}],"author":"Cecilia Pastrana","twitter_card":"summary_large_image","twitter_creator":"@nahuproduciones","twitter_site":"@nahuproduciones","twitter_misc":{"Escrito por":"Cecilia Pastrana","Tiempo de lectura":"3 minutos"},"schema":{"@context":"https:\/\/schema.org","@graph":[{"@type":"WebPage","@id":"https:\/\/nahuelproducciones.com.ar\/radioquijano\/aumentos-por-encima-de-la-inflacion-cambios-de-zona-y-aprobacion-a-libro-cerrado\/","url":"https:\/\/nahuelproducciones.com.ar\/radioquijano\/aumentos-por-encima-de-la-inflacion-cambios-de-zona-y-aprobacion-a-libro-cerrado\/","name":"AUMENTOS POR ENCIMA DE LA INFLACI\u00d3N, CAMBIOS DE ZONA Y APROBACI\u00d3N \u201cA LIBRO CERRADO\u201d - RQ 99.9","isPartOf":{"@id":"https:\/\/nahuelproducciones.com.ar\/radioquijano\/#website"},"datePublished":"2025-12-04T05:53:29+00:00","dateModified":"2025-12-04T05:53:56+00:00","author":{"@id":"https:\/\/nahuelproducciones.com.ar\/radioquijano\/#\/schema\/person\/e8a4f939e2cb487fe6d0c54042c9d32c"},"description":"El nuevo llamado a sesi\u00f3n ordinaria ser\u00eda el martes 9.","breadcrumb":{"@id":"https:\/\/nahuelproducciones.com.ar\/radioquijano\/aumentos-por-encima-de-la-inflacion-cambios-de-zona-y-aprobacion-a-libro-cerrado\/#breadcrumb"},"inLanguage":"es","potentialAction":[{"@type":"ReadAction","target":["https:\/\/nahuelproducciones.com.ar\/radioquijano\/aumentos-por-encima-de-la-inflacion-cambios-de-zona-y-aprobacion-a-libro-cerrado\/"]}]},{"@type":"BreadcrumbList","@id":"https:\/\/nahuelproducciones.com.ar\/radioquijano\/aumentos-por-encima-de-la-inflacion-cambios-de-zona-y-aprobacion-a-libro-cerrado\/#breadcrumb","itemListElement":[{"@type":"ListItem","position":1,"name":"Portada","item":"https:\/\/nahuelproducciones.com.ar\/radioquijano\/"},{"@type":"ListItem","position":2,"name":"AUMENTOS POR ENCIMA DE LA INFLACI\u00d3N, CAMBIOS DE ZONA Y APROBACI\u00d3N \u201cA LIBRO CERRADO\u201d"}]},{"@type":"WebSite","@id":"https:\/\/nahuelproducciones.com.ar\/radioquijano\/#website","url":"https:\/\/nahuelproducciones.com.ar\/radioquijano\/","name":"RQ 99.9","description":"Radio Quijano 99.9 MHz","potentialAction":[{"@type":"SearchAction","target":{"@type":"EntryPoint","urlTemplate":"https:\/\/nahuelproducciones.com.ar\/radioquijano\/?s={search_term_string}"},"query-input":"required name=search_term_string"}],"inLanguage":"es"},{"@type":"Person","@id":"https:\/\/nahuelproducciones.com.ar\/radioquijano\/#\/schema\/person\/e8a4f939e2cb487fe6d0c54042c9d32c","name":"Cecilia Pastrana","image":{"@type":"ImageObject","inLanguage":"es","@id":"https:\/\/nahuelproducciones.com.ar\/radioquijano\/#\/schema\/person\/image\/","url":"https:\/\/secure.gravatar.com\/avatar\/661a3ef63a8488d4f2794ed44af8cf71420f7e106f3072c40125114df5157749?s=96&d=mm&r=g","contentUrl":"https:\/\/secure.gravatar.com\/avatar\/661a3ef63a8488d4f2794ed44af8cf71420f7e106f3072c40125114df5157749?s=96&d=mm&r=g","caption":"Cecilia Pastrana"},"sameAs":["cecy"],"url":"https:\/\/nahuelproducciones.com.ar\/radioquijano\/author\/cecy\/"}]}},"_links":{"self":[{"href":"https:\/\/nahuelproducciones.com.ar\/radioquijano\/wp-json\/wp\/v2\/posts\/11628","targetHints":{"allow":["GET"]}}],"collection":[{"href":"https:\/\/nahuelproducciones.com.ar\/radioquijano\/wp-json\/wp\/v2\/posts"}],"about":[{"href":"https:\/\/nahuelproducciones.com.ar\/radioquijano\/wp-json\/wp\/v2\/types\/post"}],"author":[{"embeddable":true,"href":"https:\/\/nahuelproducciones.com.ar\/radioquijano\/wp-json\/wp\/v2\/users\/8"}],"replies":[{"embeddable":true,"href":"https:\/\/nahuelproducciones.com.ar\/radioquijano\/wp-json\/wp\/v2\/comments?post=11628"}],"version-history":[{"count":1,"href":"https:\/\/nahuelproducciones.com.ar\/radioquijano\/wp-json\/wp\/v2\/posts\/11628\/revisions"}],"predecessor-version":[{"id":11636,"href":"https:\/\/nahuelproducciones.com.ar\/radioquijano\/wp-json\/wp\/v2\/posts\/11628\/revisions\/11636"}],"wp:featuredmedia":[{"embeddable":true,"href":"https:\/\/nahuelproducciones.com.ar\/radioquijano\/wp-json\/wp\/v2\/media\/11635"}],"wp:attachment":[{"href":"https:\/\/nahuelproducciones.com.ar\/radioquijano\/wp-json\/wp\/v2\/media?parent=11628"}],"wp:term":[{"taxonomy":"category","embeddable":true,"href":"https:\/\/nahuelproducciones.com.ar\/radioquijano\/wp-json\/wp\/v2\/categories?post=11628"},{"taxonomy":"post_tag","embeddable":true,"href":"https:\/\/nahuelproducciones.com.ar\/radioquijano\/wp-json\/wp\/v2\/tags?post=11628"}],"curies":[{"name":"wp","href":"https:\/\/api.w.org\/{rel}","templated":true}]}}