{"id":11641,"date":"2025-12-04T13:39:28","date_gmt":"2025-12-04T16:39:28","guid":{"rendered":"https:\/\/nahuelproducciones.com.ar\/radioquijano\/?p=11641"},"modified":"2025-12-04T13:39:29","modified_gmt":"2025-12-04T16:39:29","slug":"invitacion-al-taller-las-noticias-son-un-cuento-para-reflexionar-sobre-el-periodismo-narrativo-en-salta","status":"publish","type":"post","link":"https:\/\/nahuelproducciones.com.ar\/radioquijano\/invitacion-al-taller-las-noticias-son-un-cuento-para-reflexionar-sobre-el-periodismo-narrativo-en-salta\/","title":{"rendered":"Invitaci\u00f3n al taller \u201cLas noticias son un cuento\u201d para reflexionar sobre el periodismo narrativo en Salta"},"content":{"rendered":"\n<p>La Asociaci\u00f3n de Periodistas de Salta (APES) organiza el taller <strong>\u201cLas noticias son un cuento\u201d<\/strong>, una propuesta orientada a reflexionar y debatir sobre el periodismo narrativo, un g\u00e9nero que busca contar la realidad con herramientas m\u00e1s literarias y con la misma atenci\u00f3n puesta en la historia como en la forma de narrarla.<\/p>\n\n\n\n<p>&#x1f4c5; <strong>Viernes 5 de diciembre<\/strong><br>&#x1f552; <strong>17:15 a 20:30<\/strong><br>&#x1f4cd; <strong>SUM del Colegio San Alfonso<\/strong>, 25 de Mayo 580 (casi Rivadavia)<br>&#x1f399;&#xfe0f; <strong>A cargo de:<\/strong><br>\u2022 <em>Elena Corval\u00e1n<\/em> \u2013 Editora de <strong>Salta12<\/strong><br>\u2022 <em>Andr\u00e9s Gauffin<\/em> \u2013 Redactor y editor de <strong>ensayos.com.ar<\/strong><\/p>\n\n\n\n<p>La actividad ser\u00e1 <strong>gratuita<\/strong>, con la posibilidad de obtener un <strong>certificado opcional con un aporte de $2.000<\/strong>. Est\u00e1 dirigida a <strong>estudiantes, periodistas y todas las personas vinculadas al \u00e1mbito de los medios<\/strong>. El encuentro tendr\u00e1 una duraci\u00f3n de <strong>tres horas<\/strong>, en las que se abordar\u00e1n textos y fragmentos de autores de referencia como <strong>Gabriel Garc\u00eda M\u00e1rquez<\/strong> y <strong>Ryszard Kapuscinski<\/strong>, entre otros.<\/p>\n\n\n\n<h3 class=\"wp-block-heading\"><strong>\u201cNadie aprende solo: el periodismo es oficio compartido\u201d<\/strong><\/h3>\n\n\n\n<p>En entrevista con <strong>Radio Quijano<\/strong>, Andr\u00e9s Gauffin adelant\u00f3 los ejes del taller y reflexion\u00f3 sobre la esencia del oficio.<br><strong>\u201cNadie aprende solo. El periodismo se aprende haciendo, pensando y compartiendo el oficio\u201d<\/strong>, afirm\u00f3.<\/p>\n\n\n\n<p>Destac\u00f3 que el periodismo narrativo es una invitaci\u00f3n a observar la realidad con tiempo, sensibilidad y profundidad.<br>\u201cEl g\u00e9nero permite contar historias reales de un modo m\u00e1s humano. No es solo una profesi\u00f3n: <strong>es una manera de mirar la realidad con responsabilidad, curiosidad y respeto por la verdad<\/strong>\u201d, expres\u00f3.<\/p>\n\n\n\n<p>Gauffin remarc\u00f3, adem\u00e1s, que este es un momento propicio para que quienes ejercen la comunicaci\u00f3n puedan detenerse a revisar sus pr\u00e1cticas:<br>\u201cTenemos que reflexionar sobre nuestro quehacer y replantearnos algunas cuestiones. Volver a los maestros, a los colegas mayores, a quienes marcaron un camino\u201d.<\/p>\n\n\n\n<p>La entrevista completa con Gauffin puede escucharse en <strong>Radio Quijano<\/strong>, donde desarrolla estas ideas y anticipa el esp\u00edritu del taller.<\/p>\n\n\n\n<figure class=\"wp-block-audio\"><audio controls src=\"https:\/\/nahuelproducciones.com.ar\/radioquijano\/wp-content\/uploads\/2025\/12\/4-12-2025-andres-gaufin-tallerlas-noticias-son-un-cuento.mp3\"><\/audio><\/figure>\n","protected":false},"excerpt":{"rendered":"<p>La Asociaci\u00f3n de Periodistas de Salta (APES) organiza el taller \u201cLas noticias son un cuento\u201d, una propuesta orientada a reflexionar y debatir sobre el periodismo narrativo, un g\u00e9nero que busca contar la realidad con herramientas m\u00e1s literarias y con la misma atenci\u00f3n puesta en la historia como en la forma de narrarla. &#x1f4c5; Viernes 5 [&hellip;]<\/p>\n","protected":false},"author":8,"featured_media":11643,"comment_status":"open","ping_status":"open","sticky":false,"template":"","format":"standard","meta":{"_monsterinsights_skip_tracking":false,"_monsterinsights_sitenote_active":false,"_monsterinsights_sitenote_note":"","_monsterinsights_sitenote_category":0,"footnotes":""},"categories":[16],"tags":[1957,2007,100,2008],"class_list":["post-11641","post","type-post","status-publish","format-standard","has-post-thumbnail","hentry","category-noticias","tag-asociacion-de-periodistas-de-salta-apes","tag-andres-gauffin","tag-municipio-de-campo-quijano","tag-las-noticias-son-un-cuento"],"yoast_head":"<!-- This site is optimized with the Yoast SEO plugin v20.8 - https:\/\/yoast.com\/wordpress\/plugins\/seo\/ -->\n<title>Invitaci\u00f3n al taller \u201cLas noticias son un cuento\u201d para reflexionar sobre el periodismo narrativo en Salta - RQ 99.9<\/title>\n<meta name=\"description\" content=\"\u201cNadie aprende solo. El periodismo se aprende haciendo, pensando y compartiendo el oficio\u201d\" \/>\n<meta name=\"robots\" content=\"index, follow, max-snippet:-1, max-image-preview:large, max-video-preview:-1\" \/>\n<link rel=\"canonical\" href=\"https:\/\/nahuelproducciones.com.ar\/radioquijano\/invitacion-al-taller-las-noticias-son-un-cuento-para-reflexionar-sobre-el-periodismo-narrativo-en-salta\/\" \/>\n<meta property=\"og:locale\" content=\"es_ES\" \/>\n<meta property=\"og:type\" content=\"article\" \/>\n<meta property=\"og:title\" content=\"Invitaci\u00f3n al taller \u201cLas noticias son un cuento\u201d para reflexionar sobre el periodismo narrativo en Salta - RQ 99.9\" \/>\n<meta property=\"og:description\" content=\"\u201cNadie aprende solo. El periodismo se aprende haciendo, pensando y compartiendo el oficio\u201d\" \/>\n<meta property=\"og:url\" content=\"https:\/\/nahuelproducciones.com.ar\/radioquijano\/invitacion-al-taller-las-noticias-son-un-cuento-para-reflexionar-sobre-el-periodismo-narrativo-en-salta\/\" \/>\n<meta property=\"og:site_name\" content=\"RQ 99.9\" \/>\n<meta property=\"article:publisher\" content=\"https:\/\/www.facebook.com\/nahuelproducciones999\/\" \/>\n<meta property=\"article:published_time\" content=\"2025-12-04T16:39:28+00:00\" \/>\n<meta property=\"article:modified_time\" content=\"2025-12-04T16:39:29+00:00\" \/>\n<meta property=\"og:image\" content=\"https:\/\/nahuelproducciones.com.ar\/radioquijano\/wp-content\/uploads\/2025\/12\/WhatsApp-Image-2025-11-26-at-1.18.02-PM-e1764866285100.jpeg\" \/>\n\t<meta property=\"og:image:width\" content=\"700\" \/>\n\t<meta property=\"og:image:height\" content=\"990\" \/>\n\t<meta property=\"og:image:type\" content=\"image\/jpeg\" \/>\n<meta name=\"author\" content=\"Cecilia Pastrana\" \/>\n<meta name=\"twitter:card\" content=\"summary_large_image\" \/>\n<meta name=\"twitter:creator\" content=\"@nahuproduciones\" \/>\n<meta name=\"twitter:site\" content=\"@nahuproduciones\" \/>\n<meta name=\"twitter:label1\" content=\"Escrito por\" \/>\n\t<meta name=\"twitter:data1\" content=\"Cecilia Pastrana\" \/>\n\t<meta name=\"twitter:label2\" content=\"Tiempo de lectura\" \/>\n\t<meta name=\"twitter:data2\" content=\"2 minutos\" \/>\n<script type=\"application\/ld+json\" class=\"yoast-schema-graph\">{\"@context\":\"https:\/\/schema.org\",\"@graph\":[{\"@type\":\"WebPage\",\"@id\":\"https:\/\/nahuelproducciones.com.ar\/radioquijano\/invitacion-al-taller-las-noticias-son-un-cuento-para-reflexionar-sobre-el-periodismo-narrativo-en-salta\/\",\"url\":\"https:\/\/nahuelproducciones.com.ar\/radioquijano\/invitacion-al-taller-las-noticias-son-un-cuento-para-reflexionar-sobre-el-periodismo-narrativo-en-salta\/\",\"name\":\"Invitaci\u00f3n al taller \u201cLas noticias son un cuento\u201d para reflexionar sobre el periodismo narrativo en Salta - RQ 99.9\",\"isPartOf\":{\"@id\":\"https:\/\/nahuelproducciones.com.ar\/radioquijano\/#website\"},\"datePublished\":\"2025-12-04T16:39:28+00:00\",\"dateModified\":\"2025-12-04T16:39:29+00:00\",\"author\":{\"@id\":\"https:\/\/nahuelproducciones.com.ar\/radioquijano\/#\/schema\/person\/e8a4f939e2cb487fe6d0c54042c9d32c\"},\"description\":\"\u201cNadie aprende solo. El periodismo se aprende haciendo, pensando y compartiendo el oficio\u201d\",\"breadcrumb\":{\"@id\":\"https:\/\/nahuelproducciones.com.ar\/radioquijano\/invitacion-al-taller-las-noticias-son-un-cuento-para-reflexionar-sobre-el-periodismo-narrativo-en-salta\/#breadcrumb\"},\"inLanguage\":\"es\",\"potentialAction\":[{\"@type\":\"ReadAction\",\"target\":[\"https:\/\/nahuelproducciones.com.ar\/radioquijano\/invitacion-al-taller-las-noticias-son-un-cuento-para-reflexionar-sobre-el-periodismo-narrativo-en-salta\/\"]}]},{\"@type\":\"BreadcrumbList\",\"@id\":\"https:\/\/nahuelproducciones.com.ar\/radioquijano\/invitacion-al-taller-las-noticias-son-un-cuento-para-reflexionar-sobre-el-periodismo-narrativo-en-salta\/#breadcrumb\",\"itemListElement\":[{\"@type\":\"ListItem\",\"position\":1,\"name\":\"Portada\",\"item\":\"https:\/\/nahuelproducciones.com.ar\/radioquijano\/\"},{\"@type\":\"ListItem\",\"position\":2,\"name\":\"Invitaci\u00f3n al taller \u201cLas noticias son un cuento\u201d para reflexionar sobre el periodismo narrativo en Salta\"}]},{\"@type\":\"WebSite\",\"@id\":\"https:\/\/nahuelproducciones.com.ar\/radioquijano\/#website\",\"url\":\"https:\/\/nahuelproducciones.com.ar\/radioquijano\/\",\"name\":\"RQ 99.9\",\"description\":\"Radio Quijano 99.9 MHz\",\"potentialAction\":[{\"@type\":\"SearchAction\",\"target\":{\"@type\":\"EntryPoint\",\"urlTemplate\":\"https:\/\/nahuelproducciones.com.ar\/radioquijano\/?s={search_term_string}\"},\"query-input\":\"required name=search_term_string\"}],\"inLanguage\":\"es\"},{\"@type\":\"Person\",\"@id\":\"https:\/\/nahuelproducciones.com.ar\/radioquijano\/#\/schema\/person\/e8a4f939e2cb487fe6d0c54042c9d32c\",\"name\":\"Cecilia Pastrana\",\"image\":{\"@type\":\"ImageObject\",\"inLanguage\":\"es\",\"@id\":\"https:\/\/nahuelproducciones.com.ar\/radioquijano\/#\/schema\/person\/image\/\",\"url\":\"https:\/\/secure.gravatar.com\/avatar\/661a3ef63a8488d4f2794ed44af8cf71420f7e106f3072c40125114df5157749?s=96&d=mm&r=g\",\"contentUrl\":\"https:\/\/secure.gravatar.com\/avatar\/661a3ef63a8488d4f2794ed44af8cf71420f7e106f3072c40125114df5157749?s=96&d=mm&r=g\",\"caption\":\"Cecilia Pastrana\"},\"sameAs\":[\"cecy\"],\"url\":\"https:\/\/nahuelproducciones.com.ar\/radioquijano\/author\/cecy\/\"}]}<\/script>\n<!-- \/ Yoast SEO plugin. -->","yoast_head_json":{"title":"Invitaci\u00f3n al taller \u201cLas noticias son un cuento\u201d para reflexionar sobre el periodismo narrativo en Salta - RQ 99.9","description":"\u201cNadie aprende solo. El periodismo se aprende haciendo, pensando y compartiendo el oficio\u201d","robots":{"index":"index","follow":"follow","max-snippet":"max-snippet:-1","max-image-preview":"max-image-preview:large","max-video-preview":"max-video-preview:-1"},"canonical":"https:\/\/nahuelproducciones.com.ar\/radioquijano\/invitacion-al-taller-las-noticias-son-un-cuento-para-reflexionar-sobre-el-periodismo-narrativo-en-salta\/","og_locale":"es_ES","og_type":"article","og_title":"Invitaci\u00f3n al taller \u201cLas noticias son un cuento\u201d para reflexionar sobre el periodismo narrativo en Salta - RQ 99.9","og_description":"\u201cNadie aprende solo. El periodismo se aprende haciendo, pensando y compartiendo el oficio\u201d","og_url":"https:\/\/nahuelproducciones.com.ar\/radioquijano\/invitacion-al-taller-las-noticias-son-un-cuento-para-reflexionar-sobre-el-periodismo-narrativo-en-salta\/","og_site_name":"RQ 99.9","article_publisher":"https:\/\/www.facebook.com\/nahuelproducciones999\/","article_published_time":"2025-12-04T16:39:28+00:00","article_modified_time":"2025-12-04T16:39:29+00:00","og_image":[{"width":700,"height":990,"url":"https:\/\/nahuelproducciones.com.ar\/radioquijano\/wp-content\/uploads\/2025\/12\/WhatsApp-Image-2025-11-26-at-1.18.02-PM-e1764866285100.jpeg","type":"image\/jpeg"}],"author":"Cecilia Pastrana","twitter_card":"summary_large_image","twitter_creator":"@nahuproduciones","twitter_site":"@nahuproduciones","twitter_misc":{"Escrito por":"Cecilia Pastrana","Tiempo de lectura":"2 minutos"},"schema":{"@context":"https:\/\/schema.org","@graph":[{"@type":"WebPage","@id":"https:\/\/nahuelproducciones.com.ar\/radioquijano\/invitacion-al-taller-las-noticias-son-un-cuento-para-reflexionar-sobre-el-periodismo-narrativo-en-salta\/","url":"https:\/\/nahuelproducciones.com.ar\/radioquijano\/invitacion-al-taller-las-noticias-son-un-cuento-para-reflexionar-sobre-el-periodismo-narrativo-en-salta\/","name":"Invitaci\u00f3n al taller \u201cLas noticias son un cuento\u201d para reflexionar sobre el periodismo narrativo en Salta - RQ 99.9","isPartOf":{"@id":"https:\/\/nahuelproducciones.com.ar\/radioquijano\/#website"},"datePublished":"2025-12-04T16:39:28+00:00","dateModified":"2025-12-04T16:39:29+00:00","author":{"@id":"https:\/\/nahuelproducciones.com.ar\/radioquijano\/#\/schema\/person\/e8a4f939e2cb487fe6d0c54042c9d32c"},"description":"\u201cNadie aprende solo. El periodismo se aprende haciendo, pensando y compartiendo el oficio\u201d","breadcrumb":{"@id":"https:\/\/nahuelproducciones.com.ar\/radioquijano\/invitacion-al-taller-las-noticias-son-un-cuento-para-reflexionar-sobre-el-periodismo-narrativo-en-salta\/#breadcrumb"},"inLanguage":"es","potentialAction":[{"@type":"ReadAction","target":["https:\/\/nahuelproducciones.com.ar\/radioquijano\/invitacion-al-taller-las-noticias-son-un-cuento-para-reflexionar-sobre-el-periodismo-narrativo-en-salta\/"]}]},{"@type":"BreadcrumbList","@id":"https:\/\/nahuelproducciones.com.ar\/radioquijano\/invitacion-al-taller-las-noticias-son-un-cuento-para-reflexionar-sobre-el-periodismo-narrativo-en-salta\/#breadcrumb","itemListElement":[{"@type":"ListItem","position":1,"name":"Portada","item":"https:\/\/nahuelproducciones.com.ar\/radioquijano\/"},{"@type":"ListItem","position":2,"name":"Invitaci\u00f3n al taller \u201cLas noticias son un cuento\u201d para reflexionar sobre el periodismo narrativo en Salta"}]},{"@type":"WebSite","@id":"https:\/\/nahuelproducciones.com.ar\/radioquijano\/#website","url":"https:\/\/nahuelproducciones.com.ar\/radioquijano\/","name":"RQ 99.9","description":"Radio Quijano 99.9 MHz","potentialAction":[{"@type":"SearchAction","target":{"@type":"EntryPoint","urlTemplate":"https:\/\/nahuelproducciones.com.ar\/radioquijano\/?s={search_term_string}"},"query-input":"required name=search_term_string"}],"inLanguage":"es"},{"@type":"Person","@id":"https:\/\/nahuelproducciones.com.ar\/radioquijano\/#\/schema\/person\/e8a4f939e2cb487fe6d0c54042c9d32c","name":"Cecilia Pastrana","image":{"@type":"ImageObject","inLanguage":"es","@id":"https:\/\/nahuelproducciones.com.ar\/radioquijano\/#\/schema\/person\/image\/","url":"https:\/\/secure.gravatar.com\/avatar\/661a3ef63a8488d4f2794ed44af8cf71420f7e106f3072c40125114df5157749?s=96&d=mm&r=g","contentUrl":"https:\/\/secure.gravatar.com\/avatar\/661a3ef63a8488d4f2794ed44af8cf71420f7e106f3072c40125114df5157749?s=96&d=mm&r=g","caption":"Cecilia Pastrana"},"sameAs":["cecy"],"url":"https:\/\/nahuelproducciones.com.ar\/radioquijano\/author\/cecy\/"}]}},"_links":{"self":[{"href":"https:\/\/nahuelproducciones.com.ar\/radioquijano\/wp-json\/wp\/v2\/posts\/11641","targetHints":{"allow":["GET"]}}],"collection":[{"href":"https:\/\/nahuelproducciones.com.ar\/radioquijano\/wp-json\/wp\/v2\/posts"}],"about":[{"href":"https:\/\/nahuelproducciones.com.ar\/radioquijano\/wp-json\/wp\/v2\/types\/post"}],"author":[{"embeddable":true,"href":"https:\/\/nahuelproducciones.com.ar\/radioquijano\/wp-json\/wp\/v2\/users\/8"}],"replies":[{"embeddable":true,"href":"https:\/\/nahuelproducciones.com.ar\/radioquijano\/wp-json\/wp\/v2\/comments?post=11641"}],"version-history":[{"count":1,"href":"https:\/\/nahuelproducciones.com.ar\/radioquijano\/wp-json\/wp\/v2\/posts\/11641\/revisions"}],"predecessor-version":[{"id":11644,"href":"https:\/\/nahuelproducciones.com.ar\/radioquijano\/wp-json\/wp\/v2\/posts\/11641\/revisions\/11644"}],"wp:featuredmedia":[{"embeddable":true,"href":"https:\/\/nahuelproducciones.com.ar\/radioquijano\/wp-json\/wp\/v2\/media\/11643"}],"wp:attachment":[{"href":"https:\/\/nahuelproducciones.com.ar\/radioquijano\/wp-json\/wp\/v2\/media?parent=11641"}],"wp:term":[{"taxonomy":"category","embeddable":true,"href":"https:\/\/nahuelproducciones.com.ar\/radioquijano\/wp-json\/wp\/v2\/categories?post=11641"},{"taxonomy":"post_tag","embeddable":true,"href":"https:\/\/nahuelproducciones.com.ar\/radioquijano\/wp-json\/wp\/v2\/tags?post=11641"}],"curies":[{"name":"wp","href":"https:\/\/api.w.org\/{rel}","templated":true}]}}