{"id":11652,"date":"2025-12-04T22:00:30","date_gmt":"2025-12-05T01:00:30","guid":{"rendered":"https:\/\/nahuelproducciones.com.ar\/radioquijano\/?p=11652"},"modified":"2025-12-04T22:00:30","modified_gmt":"2025-12-05T01:00:30","slug":"tras-una-publicacion-en-redes-crece-el-reclamo-por-falta-de-informacion-en-la-convencion-constituyente-de-campo-quijano","status":"publish","type":"post","link":"https:\/\/nahuelproducciones.com.ar\/radioquijano\/tras-una-publicacion-en-redes-crece-el-reclamo-por-falta-de-informacion-en-la-convencion-constituyente-de-campo-quijano\/","title":{"rendered":"Tras una publicaci\u00f3n en redes, crece el reclamo por falta de informaci\u00f3n en la Convenci\u00f3n Constituyente de Campo Quijano"},"content":{"rendered":"\n<p>Una simple publicaci\u00f3n en la p\u00e1gina \u201cConvencionales 2025\u201d, donde se comparti\u00f3 una foto de los convencionales, abri\u00f3 una serie de comentarios, preguntas y respuestas que expusieron un punto sensible donde <strong>la comunidad sigue sin saber qu\u00e9 se hizo, c\u00f3mo se trabaj\u00f3 y qu\u00e9 decisiones se tomaron en estos casi tres meses de labor<\/strong>.<\/p>\n\n\n\n<p>En los comentarios se piden detalles b\u00e1sicos del proceso:<\/p>\n\n\n\n<ul class=\"wp-block-list\">\n<li><em>\u00bfExiste un reglamento interno?<\/em><\/li>\n\n\n\n<li><em>\u00bfSe difundi\u00f3 p\u00fablicamente?<\/em><\/li>\n\n\n\n<li><em>\u00bfHubo sesiones abiertas, transmisiones o informes peri\u00f3dicos?<\/em><\/li>\n<\/ul>\n\n\n\n<p>En ese intercambio, algunos convencionales como Mat\u00edas Nolasco y Dolores \u00c1vila Ch\u00e1vez respondieron a los cuestionamientos. Sin embargo, m\u00e1s all\u00e1 de extensas justificaciones personales, <strong>ninguno explic\u00f3 concretamente qu\u00e9 avances tiene la Carta Org\u00e1nica, qu\u00e9 art\u00edculos se discutieron, ni c\u00f3mo se organiz\u00f3 el trabajo interno<\/strong> .<\/p>\n\n\n\n<p>Las respuestas, cargadas de tono defensivo, mostraron <strong>poca comprensi\u00f3n del rol institucional<\/strong> ya que se insisti\u00f3 en que \u201cla informaci\u00f3n est\u00e1 en los canales oficiales\u201d pero <strong>no se indic\u00f3 cu\u00e1les<\/strong>, ni se aclar\u00f3 por qu\u00e9 <strong>el reglamento interno nunca fue dado a conocer a la comunidad<\/strong>.<\/p>\n\n\n\n<p>Para muchos vecinos, esto confirma lo que vienen se\u00f1alando desde el inicio, que llevan <strong>tres meses de trabajo sin informaci\u00f3n accesible, sin sesiones transmitidas, sin un cronograma p\u00fablico y sin comunicaci\u00f3n clara de las decisiones tomadas.<\/strong><\/p>\n\n\n\n<p>En una democracia los verdaderos protagonistas son los ciudadanos que eligieron a los convencionales por voto popular. Los cargos son temporales; la comunidad queda. Y quienes asumen un rol institucional <strong>tienen la obligaci\u00f3n, no la opci\u00f3n, de informar, escuchar, rendir cuentas con humildad y transparencia<\/strong>.<\/p>\n\n\n\n<p>El intercambio en redes dej\u00f3 algo en evidencia, m\u00e1s que fotos o frases, <strong>la sociedad quiere conocer el contenido<\/strong>. Qu\u00e9 se discuti\u00f3, qu\u00e9 se aprob\u00f3 y qu\u00e9 se proyecta para la futura Carta Org\u00e1nica.<br>La transparencia real no ocurre cuando la informaci\u00f3n \u201cest\u00e1 en alg\u00fan expediente\u201d, sino cuando <strong>llega a la gente de manera clara, accesible y oportuna.<\/strong><\/p>\n\n\n\n<p>Desde Radio Quijano reiteramos nuestra disposici\u00f3n a brindar espacio a los convencionales para que expliquen el proceso en primera persona.<br><strong>La comunidad merece saber, y los medios estamos para acompa\u00f1ar ese derecho.<\/strong><\/p>\n\n\n<p><iframe loading=\"lazy\" src=\"https:\/\/www.facebook.com\/plugins\/post.php?href=https%3A%2F%2Fwww.facebook.com%2Fpermalink.php%3Fstory_fbid%3Dpfbid0rxarUr8es9rZC2RShJJvz3XhyXKqN4niNEgghUQXU1vW15hJPM9scCcUmrdfByqzl%26id%3D61580899507794&#038;show_text=true&#038;width=500\" width=\"500\" height=\"668\" style=\"border:none;overflow:hidden\" scrolling=\"no\" frameborder=\"0\" allowfullscreen=\"true\" allow=\"autoplay; clipboard-write; encrypted-media; picture-in-picture; web-share\"><\/iframe><\/p>\n\n\n<div class=\"wp-block-image\">\n<figure class=\"aligncenter size-full is-resized\"><img decoding=\"async\" src=\"https:\/\/nahuelproducciones.com.ar\/radioquijano\/wp-content\/uploads\/2025\/12\/image-3.png\" alt=\"\" class=\"wp-image-11653\" style=\"width:477px;height:auto\"\/><\/figure><\/div>\n\n<div class=\"wp-block-image\">\n<figure class=\"aligncenter size-large is-resized\"><img loading=\"lazy\" decoding=\"async\" width=\"1024\" height=\"1024\" src=\"https:\/\/nahuelproducciones.com.ar\/radioquijano\/wp-content\/uploads\/2025\/12\/image-1024x1024.png\" alt=\"\" class=\"wp-image-11654\" style=\"width:462px;height:auto\"\/><\/figure><\/div>","protected":false},"excerpt":{"rendered":"<p>Una simple publicaci\u00f3n en la p\u00e1gina \u201cConvencionales 2025\u201d, donde se comparti\u00f3 una foto de los convencionales, abri\u00f3 una serie de comentarios, preguntas y respuestas que expusieron un punto sensible donde la comunidad sigue sin saber qu\u00e9 se hizo, c\u00f3mo se trabaj\u00f3 y qu\u00e9 decisiones se tomaron en estos casi tres meses de labor. En los [&hellip;]<\/p>\n","protected":false},"author":8,"featured_media":11654,"comment_status":"open","ping_status":"open","sticky":false,"template":"","format":"standard","meta":{"_monsterinsights_skip_tracking":false,"_monsterinsights_sitenote_active":false,"_monsterinsights_sitenote_note":"","_monsterinsights_sitenote_category":0,"footnotes":""},"categories":[16],"tags":[2012,100],"class_list":["post-11652","post","type-post","status-publish","format-standard","has-post-thumbnail","hentry","category-noticias","tag-convencionales-municipales","tag-municipio-de-campo-quijano"],"yoast_head":"<!-- This site is optimized with the Yoast SEO plugin v20.8 - https:\/\/yoast.com\/wordpress\/plugins\/seo\/ -->\n<title>Tras una publicaci\u00f3n en redes, crece el reclamo por falta de informaci\u00f3n en la Convenci\u00f3n Constituyente de Campo Quijano - RQ 99.9<\/title>\n<meta name=\"robots\" content=\"index, follow, max-snippet:-1, max-image-preview:large, max-video-preview:-1\" \/>\n<link rel=\"canonical\" href=\"https:\/\/nahuelproducciones.com.ar\/radioquijano\/tras-una-publicacion-en-redes-crece-el-reclamo-por-falta-de-informacion-en-la-convencion-constituyente-de-campo-quijano\/\" \/>\n<meta property=\"og:locale\" content=\"es_ES\" \/>\n<meta property=\"og:type\" content=\"article\" \/>\n<meta property=\"og:title\" content=\"Tras una publicaci\u00f3n en redes, crece el reclamo por falta de informaci\u00f3n en la Convenci\u00f3n Constituyente de Campo Quijano - RQ 99.9\" \/>\n<meta property=\"og:description\" content=\"Una simple publicaci\u00f3n en la p\u00e1gina \u201cConvencionales 2025\u201d, donde se comparti\u00f3 una foto de los convencionales, abri\u00f3 una serie de comentarios, preguntas y respuestas que expusieron un punto sensible donde la comunidad sigue sin saber qu\u00e9 se hizo, c\u00f3mo se trabaj\u00f3 y qu\u00e9 decisiones se tomaron en estos casi tres meses de labor. En los [&hellip;]\" \/>\n<meta property=\"og:url\" content=\"https:\/\/nahuelproducciones.com.ar\/radioquijano\/tras-una-publicacion-en-redes-crece-el-reclamo-por-falta-de-informacion-en-la-convencion-constituyente-de-campo-quijano\/\" \/>\n<meta property=\"og:site_name\" content=\"RQ 99.9\" \/>\n<meta property=\"article:publisher\" content=\"https:\/\/www.facebook.com\/nahuelproducciones999\/\" \/>\n<meta property=\"article:published_time\" content=\"2025-12-05T01:00:30+00:00\" \/>\n<meta property=\"og:image\" content=\"https:\/\/nahuelproducciones.com.ar\/radioquijano\/wp-content\/uploads\/2025\/12\/image-3.png\" \/>\n<meta name=\"author\" content=\"Cecilia Pastrana\" \/>\n<meta name=\"twitter:card\" content=\"summary_large_image\" \/>\n<meta name=\"twitter:creator\" content=\"@nahuproduciones\" \/>\n<meta name=\"twitter:site\" content=\"@nahuproduciones\" \/>\n<meta name=\"twitter:label1\" content=\"Escrito por\" \/>\n\t<meta name=\"twitter:data1\" content=\"Cecilia Pastrana\" \/>\n\t<meta name=\"twitter:label2\" content=\"Tiempo de lectura\" \/>\n\t<meta name=\"twitter:data2\" content=\"2 minutos\" \/>\n<script type=\"application\/ld+json\" class=\"yoast-schema-graph\">{\"@context\":\"https:\/\/schema.org\",\"@graph\":[{\"@type\":\"WebPage\",\"@id\":\"https:\/\/nahuelproducciones.com.ar\/radioquijano\/tras-una-publicacion-en-redes-crece-el-reclamo-por-falta-de-informacion-en-la-convencion-constituyente-de-campo-quijano\/\",\"url\":\"https:\/\/nahuelproducciones.com.ar\/radioquijano\/tras-una-publicacion-en-redes-crece-el-reclamo-por-falta-de-informacion-en-la-convencion-constituyente-de-campo-quijano\/\",\"name\":\"Tras una publicaci\u00f3n en redes, crece el reclamo por falta de informaci\u00f3n en la Convenci\u00f3n Constituyente de Campo Quijano - RQ 99.9\",\"isPartOf\":{\"@id\":\"https:\/\/nahuelproducciones.com.ar\/radioquijano\/#website\"},\"datePublished\":\"2025-12-05T01:00:30+00:00\",\"dateModified\":\"2025-12-05T01:00:30+00:00\",\"author\":{\"@id\":\"https:\/\/nahuelproducciones.com.ar\/radioquijano\/#\/schema\/person\/e8a4f939e2cb487fe6d0c54042c9d32c\"},\"breadcrumb\":{\"@id\":\"https:\/\/nahuelproducciones.com.ar\/radioquijano\/tras-una-publicacion-en-redes-crece-el-reclamo-por-falta-de-informacion-en-la-convencion-constituyente-de-campo-quijano\/#breadcrumb\"},\"inLanguage\":\"es\",\"potentialAction\":[{\"@type\":\"ReadAction\",\"target\":[\"https:\/\/nahuelproducciones.com.ar\/radioquijano\/tras-una-publicacion-en-redes-crece-el-reclamo-por-falta-de-informacion-en-la-convencion-constituyente-de-campo-quijano\/\"]}]},{\"@type\":\"BreadcrumbList\",\"@id\":\"https:\/\/nahuelproducciones.com.ar\/radioquijano\/tras-una-publicacion-en-redes-crece-el-reclamo-por-falta-de-informacion-en-la-convencion-constituyente-de-campo-quijano\/#breadcrumb\",\"itemListElement\":[{\"@type\":\"ListItem\",\"position\":1,\"name\":\"Portada\",\"item\":\"https:\/\/nahuelproducciones.com.ar\/radioquijano\/\"},{\"@type\":\"ListItem\",\"position\":2,\"name\":\"Tras una publicaci\u00f3n en redes, crece el reclamo por falta de informaci\u00f3n en la Convenci\u00f3n Constituyente de Campo Quijano\"}]},{\"@type\":\"WebSite\",\"@id\":\"https:\/\/nahuelproducciones.com.ar\/radioquijano\/#website\",\"url\":\"https:\/\/nahuelproducciones.com.ar\/radioquijano\/\",\"name\":\"RQ 99.9\",\"description\":\"Radio Quijano 99.9 MHz\",\"potentialAction\":[{\"@type\":\"SearchAction\",\"target\":{\"@type\":\"EntryPoint\",\"urlTemplate\":\"https:\/\/nahuelproducciones.com.ar\/radioquijano\/?s={search_term_string}\"},\"query-input\":\"required name=search_term_string\"}],\"inLanguage\":\"es\"},{\"@type\":\"Person\",\"@id\":\"https:\/\/nahuelproducciones.com.ar\/radioquijano\/#\/schema\/person\/e8a4f939e2cb487fe6d0c54042c9d32c\",\"name\":\"Cecilia Pastrana\",\"image\":{\"@type\":\"ImageObject\",\"inLanguage\":\"es\",\"@id\":\"https:\/\/nahuelproducciones.com.ar\/radioquijano\/#\/schema\/person\/image\/\",\"url\":\"https:\/\/secure.gravatar.com\/avatar\/661a3ef63a8488d4f2794ed44af8cf71420f7e106f3072c40125114df5157749?s=96&d=mm&r=g\",\"contentUrl\":\"https:\/\/secure.gravatar.com\/avatar\/661a3ef63a8488d4f2794ed44af8cf71420f7e106f3072c40125114df5157749?s=96&d=mm&r=g\",\"caption\":\"Cecilia Pastrana\"},\"sameAs\":[\"cecy\"],\"url\":\"https:\/\/nahuelproducciones.com.ar\/radioquijano\/author\/cecy\/\"}]}<\/script>\n<!-- \/ Yoast SEO plugin. -->","yoast_head_json":{"title":"Tras una publicaci\u00f3n en redes, crece el reclamo por falta de informaci\u00f3n en la Convenci\u00f3n Constituyente de Campo Quijano - RQ 99.9","robots":{"index":"index","follow":"follow","max-snippet":"max-snippet:-1","max-image-preview":"max-image-preview:large","max-video-preview":"max-video-preview:-1"},"canonical":"https:\/\/nahuelproducciones.com.ar\/radioquijano\/tras-una-publicacion-en-redes-crece-el-reclamo-por-falta-de-informacion-en-la-convencion-constituyente-de-campo-quijano\/","og_locale":"es_ES","og_type":"article","og_title":"Tras una publicaci\u00f3n en redes, crece el reclamo por falta de informaci\u00f3n en la Convenci\u00f3n Constituyente de Campo Quijano - RQ 99.9","og_description":"Una simple publicaci\u00f3n en la p\u00e1gina \u201cConvencionales 2025\u201d, donde se comparti\u00f3 una foto de los convencionales, abri\u00f3 una serie de comentarios, preguntas y respuestas que expusieron un punto sensible donde la comunidad sigue sin saber qu\u00e9 se hizo, c\u00f3mo se trabaj\u00f3 y qu\u00e9 decisiones se tomaron en estos casi tres meses de labor. En los [&hellip;]","og_url":"https:\/\/nahuelproducciones.com.ar\/radioquijano\/tras-una-publicacion-en-redes-crece-el-reclamo-por-falta-de-informacion-en-la-convencion-constituyente-de-campo-quijano\/","og_site_name":"RQ 99.9","article_publisher":"https:\/\/www.facebook.com\/nahuelproducciones999\/","article_published_time":"2025-12-05T01:00:30+00:00","og_image":[{"url":"https:\/\/nahuelproducciones.com.ar\/radioquijano\/wp-content\/uploads\/2025\/12\/image-3.png"}],"author":"Cecilia Pastrana","twitter_card":"summary_large_image","twitter_creator":"@nahuproduciones","twitter_site":"@nahuproduciones","twitter_misc":{"Escrito por":"Cecilia Pastrana","Tiempo de lectura":"2 minutos"},"schema":{"@context":"https:\/\/schema.org","@graph":[{"@type":"WebPage","@id":"https:\/\/nahuelproducciones.com.ar\/radioquijano\/tras-una-publicacion-en-redes-crece-el-reclamo-por-falta-de-informacion-en-la-convencion-constituyente-de-campo-quijano\/","url":"https:\/\/nahuelproducciones.com.ar\/radioquijano\/tras-una-publicacion-en-redes-crece-el-reclamo-por-falta-de-informacion-en-la-convencion-constituyente-de-campo-quijano\/","name":"Tras una publicaci\u00f3n en redes, crece el reclamo por falta de informaci\u00f3n en la Convenci\u00f3n Constituyente de Campo Quijano - RQ 99.9","isPartOf":{"@id":"https:\/\/nahuelproducciones.com.ar\/radioquijano\/#website"},"datePublished":"2025-12-05T01:00:30+00:00","dateModified":"2025-12-05T01:00:30+00:00","author":{"@id":"https:\/\/nahuelproducciones.com.ar\/radioquijano\/#\/schema\/person\/e8a4f939e2cb487fe6d0c54042c9d32c"},"breadcrumb":{"@id":"https:\/\/nahuelproducciones.com.ar\/radioquijano\/tras-una-publicacion-en-redes-crece-el-reclamo-por-falta-de-informacion-en-la-convencion-constituyente-de-campo-quijano\/#breadcrumb"},"inLanguage":"es","potentialAction":[{"@type":"ReadAction","target":["https:\/\/nahuelproducciones.com.ar\/radioquijano\/tras-una-publicacion-en-redes-crece-el-reclamo-por-falta-de-informacion-en-la-convencion-constituyente-de-campo-quijano\/"]}]},{"@type":"BreadcrumbList","@id":"https:\/\/nahuelproducciones.com.ar\/radioquijano\/tras-una-publicacion-en-redes-crece-el-reclamo-por-falta-de-informacion-en-la-convencion-constituyente-de-campo-quijano\/#breadcrumb","itemListElement":[{"@type":"ListItem","position":1,"name":"Portada","item":"https:\/\/nahuelproducciones.com.ar\/radioquijano\/"},{"@type":"ListItem","position":2,"name":"Tras una publicaci\u00f3n en redes, crece el reclamo por falta de informaci\u00f3n en la Convenci\u00f3n Constituyente de Campo Quijano"}]},{"@type":"WebSite","@id":"https:\/\/nahuelproducciones.com.ar\/radioquijano\/#website","url":"https:\/\/nahuelproducciones.com.ar\/radioquijano\/","name":"RQ 99.9","description":"Radio Quijano 99.9 MHz","potentialAction":[{"@type":"SearchAction","target":{"@type":"EntryPoint","urlTemplate":"https:\/\/nahuelproducciones.com.ar\/radioquijano\/?s={search_term_string}"},"query-input":"required name=search_term_string"}],"inLanguage":"es"},{"@type":"Person","@id":"https:\/\/nahuelproducciones.com.ar\/radioquijano\/#\/schema\/person\/e8a4f939e2cb487fe6d0c54042c9d32c","name":"Cecilia Pastrana","image":{"@type":"ImageObject","inLanguage":"es","@id":"https:\/\/nahuelproducciones.com.ar\/radioquijano\/#\/schema\/person\/image\/","url":"https:\/\/secure.gravatar.com\/avatar\/661a3ef63a8488d4f2794ed44af8cf71420f7e106f3072c40125114df5157749?s=96&d=mm&r=g","contentUrl":"https:\/\/secure.gravatar.com\/avatar\/661a3ef63a8488d4f2794ed44af8cf71420f7e106f3072c40125114df5157749?s=96&d=mm&r=g","caption":"Cecilia Pastrana"},"sameAs":["cecy"],"url":"https:\/\/nahuelproducciones.com.ar\/radioquijano\/author\/cecy\/"}]}},"_links":{"self":[{"href":"https:\/\/nahuelproducciones.com.ar\/radioquijano\/wp-json\/wp\/v2\/posts\/11652","targetHints":{"allow":["GET"]}}],"collection":[{"href":"https:\/\/nahuelproducciones.com.ar\/radioquijano\/wp-json\/wp\/v2\/posts"}],"about":[{"href":"https:\/\/nahuelproducciones.com.ar\/radioquijano\/wp-json\/wp\/v2\/types\/post"}],"author":[{"embeddable":true,"href":"https:\/\/nahuelproducciones.com.ar\/radioquijano\/wp-json\/wp\/v2\/users\/8"}],"replies":[{"embeddable":true,"href":"https:\/\/nahuelproducciones.com.ar\/radioquijano\/wp-json\/wp\/v2\/comments?post=11652"}],"version-history":[{"count":1,"href":"https:\/\/nahuelproducciones.com.ar\/radioquijano\/wp-json\/wp\/v2\/posts\/11652\/revisions"}],"predecessor-version":[{"id":11655,"href":"https:\/\/nahuelproducciones.com.ar\/radioquijano\/wp-json\/wp\/v2\/posts\/11652\/revisions\/11655"}],"wp:featuredmedia":[{"embeddable":true,"href":"https:\/\/nahuelproducciones.com.ar\/radioquijano\/wp-json\/wp\/v2\/media\/11654"}],"wp:attachment":[{"href":"https:\/\/nahuelproducciones.com.ar\/radioquijano\/wp-json\/wp\/v2\/media?parent=11652"}],"wp:term":[{"taxonomy":"category","embeddable":true,"href":"https:\/\/nahuelproducciones.com.ar\/radioquijano\/wp-json\/wp\/v2\/categories?post=11652"},{"taxonomy":"post_tag","embeddable":true,"href":"https:\/\/nahuelproducciones.com.ar\/radioquijano\/wp-json\/wp\/v2\/tags?post=11652"}],"curies":[{"name":"wp","href":"https:\/\/api.w.org\/{rel}","templated":true}]}}