{"id":11656,"date":"2025-12-07T11:53:51","date_gmt":"2025-12-07T14:53:51","guid":{"rendered":"https:\/\/nahuelproducciones.com.ar\/radioquijano\/?p=11656"},"modified":"2025-12-07T12:04:30","modified_gmt":"2025-12-07T15:04:30","slug":"estado-de-rutas-nacionales-y-provinciales-en-salta","status":"publish","type":"post","link":"https:\/\/nahuelproducciones.com.ar\/radioquijano\/estado-de-rutas-nacionales-y-provinciales-en-salta\/","title":{"rendered":"Estado de rutas Nacionales y Provinciales en Salta"},"content":{"rendered":"\n<p>Por Leonor V\u00e1zquez<\/p>\n\n\n\n<p><strong>ESTADOS DE RUTAS NACIONALES DE SALTA<\/strong><\/p>\n\n\n\n<p><strong>FECHA: 07-12-2025<\/strong><\/p>\n\n\n\n<ul class=\"wp-block-list\">\n<li>Las rutas nacionales y provinciales, se encuentran transitables con mucha precauci\u00f3n, por probabilidad de tormentas, por sectores<\/li>\n<\/ul>\n\n\n\n<ul class=\"wp-block-list\">\n<li><strong>DEPARTAMENTO ORAN<\/strong> (Tiempo: 21\u00ba\/34\u00ba Mayormente Nublado con probabilidad de tormentas )<\/li>\n<\/ul>\n\n\n\n<ul class=\"wp-block-list\">\n<li><strong>Rutas Nacionales:<\/strong> <strong>Ruta N\u00ba 34<\/strong>, Se encuentra transitable con precauci\u00f3n por animales sueltos y mal estado de la ruta en general (Baches).Precauci\u00f3n empalme de ruta nacional 34 con ruta nacional 50 por tr\u00e1nsito de camiones. <strong>Ruta N\u00aa 50<\/strong>, Se encuentra transitable con precauci\u00f3n, animales sueltos altura localidad de Hip\u00f3lito Irigoyen.(Control de Gendarmer\u00eda).<\/li>\n<\/ul>\n\n\n\n<ul class=\"wp-block-list\">\n<li><strong>DEPARTAMENTO SAN MARTIN<\/strong> ( Tiempo 19\u00ba\/35\u00ba Mayormente Nublado )<\/li>\n<\/ul>\n\n\n\n<ul class=\"wp-block-list\">\n<li><strong>Rutas Nacionales: Ruta N\u00ba 34<\/strong>, Se encuentra transitable con precauci\u00f3n por animales sueltos y ruta en mal estado en general. Extremar la precauci\u00f3n empalme ruta nacional 34 y ruta nacional 81<strong>.Ruta N\u00ba 81<\/strong>, Se encuentra transitable con precauci\u00f3n por animales sueltos. (Control de Gendarmer\u00eda Nacional entre ruta nacional N\u00ba 34 y ruta nacional N\u00ba 81).<\/li>\n<\/ul>\n\n\n\n<ul class=\"wp-block-list\">\n<li><strong>DEPARTAMENTO SAN JOSE DE METAN<\/strong>( Tiempo 16\u00ba\/28\u00ba Mayormente Nublado con probabilidad de tormentas )<\/li>\n<\/ul>\n\n\n\n<ul class=\"wp-block-list\">\n<li><strong>Rutas Nacionales<\/strong>: <strong>Rutas N\u00ba 9\/\/34<\/strong>, Se encuentra transitable con mucha precauci\u00f3n por ruta (34). (Extremar la precauci\u00f3n desde el recorrido Rosario de la Frontera \u2013 Metan y Viceversa por ruta marcada y obreros trabajando). Entrada a Salta Capital transitar con precauci\u00f3n por calzada irregular y baches.<\/li>\n<\/ul>\n\n\n\n<ul class=\"wp-block-list\">\n<li><strong>DEPARTAMENTO ANTA<\/strong>( Tiempo 19\u00ba\/33\u00ba Mayormente Nublado )<\/li>\n<\/ul>\n\n\n\n<ul class=\"wp-block-list\">\n<li><strong>Rutas Nacionales<\/strong>: <strong>Ruta N\u00ba 16<\/strong>, Se encuentra transitable con mucha precauci\u00f3n por paso de camiones y acumulaci\u00f3n de agua sobre la banquina. <strong>Ruta N\u00ba 34<\/strong>. Transitar con precauci\u00f3n por ruta en mal estado en general.<\/li>\n<\/ul>\n\n\n\n<ul class=\"wp-block-list\">\n<li><strong>DEPARTAMENTO CAFAYATE<\/strong>( Tiempo 11\u00ba\/20\u00ba Nublado con lloviznas )<\/li>\n<\/ul>\n\n\n\n<ul class=\"wp-block-list\">\n<li><strong>Rutas Nacionales: Ruta N\u00ba 68, <\/strong>Se encuentra transitable con mucha precauci\u00f3n, empalme con ruta nacional 40. Transitar con precauci\u00f3n por probabilidad de ca\u00edda de piedras y deslizamientos en \u00e9pocas de lluvias. <strong>Ruta N\u00ba 40<\/strong>, Transitar con precauci\u00f3n, tramo La Poma \u2013 La Quesera Vialidad nacional trabajando en la zona. Se recomienda el tramo Seclantas a Molinos extremar la precauci\u00f3n ruta muy da\u00f1ada con bancos de arena y lodasal.<\/li>\n<\/ul>\n\n\n\n<ul class=\"wp-block-list\">\n<li><strong>DEPARTAMENTO LOS ANDES<\/strong>( Tiempo 0\u00ba\/15\u00ba Mayormente Nublado)<\/li>\n<\/ul>\n\n\n\n<ul class=\"wp-block-list\">\n<li><strong>Rutas Nacionales<\/strong>: <strong>Ruta N\u00ba 40<\/strong>, por el nevado de El Acay (La Quesera km 4578) transitable con mucha precauci\u00f3n, maquinas de vialidad trabajando <strong>Ruta N\u00ba 51, <\/strong>Se encuentra <strong>INTRANSITABLE POR DESLIZAMINETOS DE LADERAS<\/strong> (Zona del Alfarcito). Vialidad Nacional se encuentra trabajando en la zona para su despeje.<\/li>\n<\/ul>\n\n\n\n<ul class=\"wp-block-list\">\n<li><strong>DEPARTAMENTO DE LA CALDERA<\/strong> ( Tiempo 14\u00ba\/22\u00ba Mayormente Nublado con probabilidad de tormentas)<\/li>\n<\/ul>\n\n\n\n<ul class=\"wp-block-list\">\n<li><strong>Ruta Nacional<\/strong>: <strong>Ruta N\u00ba 9<\/strong>, Se encuentra transitable con mucha precauci\u00f3n. Recuerde mantener distancia debido a que la ruta es angosta y trayecto de cornisa. Extremar la precauci\u00f3n ruta resbaladiza.<\/li>\n<\/ul>\n\n\n\n<ul class=\"wp-block-list\">\n<li><strong>DEPARTAMENTO CAPITAL<\/strong> (Tiempo 15\u00ba\/24\u00ba Parcialmente Nublado con probabilidad de tormentas). Transitar con precauci\u00f3n por autopistas.<\/li>\n<\/ul>\n\n\n\n<p><strong>OBSERVACIONES<\/strong>: Las rutas se encuentran transitables o no al momento de emitir el informe, muchas veces de acuerdo a los alerta meteorol\u00f3gica el estado de rutas puede variar.<\/p>\n\n\n\n<p class=\"has-text-align-center\"><strong>ESTADOS DE RUTAS PROVINCIALES DE SALTA<\/strong><\/p>\n\n\n\n<p><strong>FECHA: 07-12-2025<\/strong><\/p>\n\n\n\n<ul class=\"wp-block-list\">\n<li><strong>DEPARTAMENTO ORAN<\/strong><\/li>\n<\/ul>\n\n\n\n<ul class=\"wp-block-list\">\n<li><strong>Rutas Provinciales<\/strong>: <strong>Rutas N\u00ba 13, 18 y 19<\/strong>, Se encuentran transitables con precauci\u00f3n, por animales sueltos.<\/li>\n<\/ul>\n\n\n\n<ul class=\"wp-block-list\">\n<li><strong>DEPARTAMENTO SAN MARTIN<\/strong><\/li>\n<\/ul>\n\n\n\n<ul class=\"wp-block-list\">\n<li><strong>Rutas Provinciales: Rutas N\u00ba 46 y 54<\/strong>, Se encuentran transitables con precauci\u00f3n, por animales sueltos.<\/li>\n<\/ul>\n\n\n\n<ul class=\"wp-block-list\">\n<li><strong>DEPARTAMENTO SAN JOSE DE METAN<\/strong><\/li>\n<\/ul>\n\n\n\n<ul class=\"wp-block-list\">\n<li><strong>Rutas Provinciales<\/strong>: <strong>Rutas N\u00ba 25 y 35<\/strong>, Se encuentran transitables con precauci\u00f3n. Ruta resbaladiza<\/li>\n<\/ul>\n\n\n\n<ul class=\"wp-block-list\">\n<li><strong>DEPARTAMENTO ANTA<\/strong><\/li>\n<\/ul>\n\n\n\n<ul class=\"wp-block-list\">\n<li><strong>Rutas provinciales<\/strong>:<strong> Rutas N\u00ba 5, 29, 30, 41 y 54<\/strong>, Se encuentran transitables con precauci\u00f3n, por animales sueltos en la zona.<\/li>\n<\/ul>\n\n\n\n<ul class=\"wp-block-list\">\n<li><strong>DEPARTAMENTO CAFAYATE<\/strong><\/li>\n<\/ul>\n\n\n\n<ul class=\"wp-block-list\">\n<li><strong>Rutas Provinciales: Ruta N\u00ba 56<\/strong> Seclantas-Luracatao, se encuentra transitable con mucha precauci\u00f3n por falta de mantenimiento, presencia de calamina, pozos y bancos de arena. Atenci\u00f3n en Abra de la Laguna por desniveles y acumulaci\u00f3n de agua sobre la banquina. <strong>Ruta N\u00ba 53<\/strong> El Churcal, transitar con precauci\u00f3n por ruta angosta, calamina, pedregullo y bancos de arena<\/li>\n<\/ul>\n\n\n\n<ul class=\"wp-block-list\">\n<li><strong>DEPARTAMENTO CHICOANA<\/strong><\/li>\n<\/ul>\n\n\n\n<ul class=\"wp-block-list\">\n<li><strong>Ruta Provincial. Rutas N\u00ba 33, <\/strong>Se encuentra transitable con mucha precauci\u00f3n. En horas de la ma\u00f1ana y \u00faltimas horas de la tarde extremar la precauci\u00f3n por neblinas y lloviznas. Respete la velocidad m\u00e1xima en Parque Nacional Los Cardones que es de 60 km\/hs. Transitar con mucha precauci\u00f3n por presencia de calamina, pozos por sectores.<\/li>\n<\/ul>\n\n\n\n<ul class=\"wp-block-list\">\n<li><strong>DEPARTAMENTO LOS ANDES<\/strong><\/li>\n<\/ul>\n\n\n\n<ul class=\"wp-block-list\">\n<li><strong>Ruta Provincial<\/strong>: <strong>Ruta N\u00ba 27<\/strong>, Se encuentra transitable con mucha precauci\u00f3n. Lodasal y transito pesado.<\/li>\n<\/ul>\n\n\n\n<ul class=\"wp-block-list\">\n<li><strong>DEPARTAMENTO DE IRUYA<\/strong><\/li>\n<\/ul>\n\n\n\n<ul class=\"wp-block-list\">\n<li><strong>Ruta Provincial<\/strong>: <strong>Ruta N\u00ba 133<\/strong>, Se encuentra transitable con mucha precauci\u00f3n ruta sin pavimentar y trayecto de cornisa.<\/li>\n<\/ul>\n\n\n\n<p>Consulte a la Fan Page de la Subsecretaria de Defensa Civil, por mensaje privado. Muchas gracias. (Subsecretaria de Defensa Civil Salta)<\/p>\n\n\n\n<p><em><strong>Twitter: @DefCivilSalta<\/strong><\/em><\/p>\n\n\n\n<p><em><strong>Instagram: defensacivilsalta<\/strong><\/em><\/p>\n\n\n\n<p><em><strong>Mail: <\/strong><\/em><a href=\"mailto:procadif@gmail.com\"><em><strong>procadif@gmail.com<\/strong><\/em><\/a><\/p>\n\n\n\n<p><em><strong>Domicilio: Avenida Arenales 1.121<\/strong><\/em><\/p>\n\n\n\n<p><\/p>\n","protected":false},"excerpt":{"rendered":"<p>Por Leonor V\u00e1zquez ESTADOS DE RUTAS NACIONALES DE SALTA FECHA: 07-12-2025 OBSERVACIONES: Las rutas se encuentran transitables o no al momento de emitir el informe, muchas veces de acuerdo a los alerta meteorol\u00f3gica el estado de rutas puede variar. ESTADOS DE RUTAS PROVINCIALES DE SALTA FECHA: 07-12-2025 Consulte a la Fan Page de la Subsecretaria [&hellip;]<\/p>\n","protected":false},"author":6,"featured_media":11661,"comment_status":"open","ping_status":"open","sticky":false,"template":"","format":"standard","meta":{"_monsterinsights_skip_tracking":false,"_monsterinsights_sitenote_active":false,"_monsterinsights_sitenote_note":"","_monsterinsights_sitenote_category":0,"footnotes":""},"categories":[16],"tags":[],"class_list":["post-11656","post","type-post","status-publish","format-standard","has-post-thumbnail","hentry","category-noticias"],"yoast_head":"<!-- This site is optimized with the Yoast SEO plugin v20.8 - https:\/\/yoast.com\/wordpress\/plugins\/seo\/ -->\n<title>Estado de rutas Nacionales y Provinciales en Salta - RQ 99.9<\/title>\n<meta name=\"robots\" content=\"index, follow, max-snippet:-1, max-image-preview:large, max-video-preview:-1\" \/>\n<link rel=\"canonical\" href=\"https:\/\/nahuelproducciones.com.ar\/radioquijano\/estado-de-rutas-nacionales-y-provinciales-en-salta\/\" \/>\n<meta property=\"og:locale\" content=\"es_ES\" \/>\n<meta property=\"og:type\" content=\"article\" \/>\n<meta property=\"og:title\" content=\"Estado de rutas Nacionales y Provinciales en Salta - RQ 99.9\" \/>\n<meta property=\"og:description\" content=\"Por Leonor V\u00e1zquez ESTADOS DE RUTAS NACIONALES DE SALTA FECHA: 07-12-2025 OBSERVACIONES: Las rutas se encuentran transitables o no al momento de emitir el informe, muchas veces de acuerdo a los alerta meteorol\u00f3gica el estado de rutas puede variar. ESTADOS DE RUTAS PROVINCIALES DE SALTA FECHA: 07-12-2025 Consulte a la Fan Page de la Subsecretaria [&hellip;]\" \/>\n<meta property=\"og:url\" content=\"https:\/\/nahuelproducciones.com.ar\/radioquijano\/estado-de-rutas-nacionales-y-provinciales-en-salta\/\" \/>\n<meta property=\"og:site_name\" content=\"RQ 99.9\" \/>\n<meta property=\"article:publisher\" content=\"https:\/\/www.facebook.com\/nahuelproducciones999\/\" \/>\n<meta property=\"article:published_time\" content=\"2025-12-07T14:53:51+00:00\" \/>\n<meta property=\"article:modified_time\" content=\"2025-12-07T15:04:30+00:00\" \/>\n<meta property=\"og:image\" content=\"https:\/\/nahuelproducciones.com.ar\/radioquijano\/wp-content\/uploads\/2025\/12\/LOGO-CIVIL-SALTA.jpg\" \/>\n\t<meta property=\"og:image:width\" content=\"672\" \/>\n\t<meta property=\"og:image:height\" content=\"718\" \/>\n\t<meta property=\"og:image:type\" content=\"image\/jpeg\" \/>\n<meta name=\"author\" content=\"Ricardo Guzman\" \/>\n<meta name=\"twitter:card\" content=\"summary_large_image\" \/>\n<meta name=\"twitter:creator\" content=\"@nahuproduciones\" \/>\n<meta name=\"twitter:site\" content=\"@nahuproduciones\" \/>\n<meta name=\"twitter:label1\" content=\"Escrito por\" \/>\n\t<meta name=\"twitter:data1\" content=\"Ricardo Guzman\" \/>\n\t<meta name=\"twitter:label2\" content=\"Tiempo de lectura\" \/>\n\t<meta name=\"twitter:data2\" content=\"4 minutos\" \/>\n<script type=\"application\/ld+json\" class=\"yoast-schema-graph\">{\"@context\":\"https:\/\/schema.org\",\"@graph\":[{\"@type\":\"WebPage\",\"@id\":\"https:\/\/nahuelproducciones.com.ar\/radioquijano\/estado-de-rutas-nacionales-y-provinciales-en-salta\/\",\"url\":\"https:\/\/nahuelproducciones.com.ar\/radioquijano\/estado-de-rutas-nacionales-y-provinciales-en-salta\/\",\"name\":\"Estado de rutas Nacionales y Provinciales en Salta - RQ 99.9\",\"isPartOf\":{\"@id\":\"https:\/\/nahuelproducciones.com.ar\/radioquijano\/#website\"},\"datePublished\":\"2025-12-07T14:53:51+00:00\",\"dateModified\":\"2025-12-07T15:04:30+00:00\",\"author\":{\"@id\":\"https:\/\/nahuelproducciones.com.ar\/radioquijano\/#\/schema\/person\/b9b81a110cbdf07949e2cd02d478ab9d\"},\"breadcrumb\":{\"@id\":\"https:\/\/nahuelproducciones.com.ar\/radioquijano\/estado-de-rutas-nacionales-y-provinciales-en-salta\/#breadcrumb\"},\"inLanguage\":\"es\",\"potentialAction\":[{\"@type\":\"ReadAction\",\"target\":[\"https:\/\/nahuelproducciones.com.ar\/radioquijano\/estado-de-rutas-nacionales-y-provinciales-en-salta\/\"]}]},{\"@type\":\"BreadcrumbList\",\"@id\":\"https:\/\/nahuelproducciones.com.ar\/radioquijano\/estado-de-rutas-nacionales-y-provinciales-en-salta\/#breadcrumb\",\"itemListElement\":[{\"@type\":\"ListItem\",\"position\":1,\"name\":\"Portada\",\"item\":\"https:\/\/nahuelproducciones.com.ar\/radioquijano\/\"},{\"@type\":\"ListItem\",\"position\":2,\"name\":\"Estado de rutas Nacionales y Provinciales en Salta\"}]},{\"@type\":\"WebSite\",\"@id\":\"https:\/\/nahuelproducciones.com.ar\/radioquijano\/#website\",\"url\":\"https:\/\/nahuelproducciones.com.ar\/radioquijano\/\",\"name\":\"RQ 99.9\",\"description\":\"Radio Quijano 99.9 MHz\",\"potentialAction\":[{\"@type\":\"SearchAction\",\"target\":{\"@type\":\"EntryPoint\",\"urlTemplate\":\"https:\/\/nahuelproducciones.com.ar\/radioquijano\/?s={search_term_string}\"},\"query-input\":\"required name=search_term_string\"}],\"inLanguage\":\"es\"},{\"@type\":\"Person\",\"@id\":\"https:\/\/nahuelproducciones.com.ar\/radioquijano\/#\/schema\/person\/b9b81a110cbdf07949e2cd02d478ab9d\",\"name\":\"Ricardo Guzman\",\"image\":{\"@type\":\"ImageObject\",\"inLanguage\":\"es\",\"@id\":\"https:\/\/nahuelproducciones.com.ar\/radioquijano\/#\/schema\/person\/image\/\",\"url\":\"https:\/\/secure.gravatar.com\/avatar\/a5d582deda251f95dc882b72fc6e7b4854f88bb25c3154519210afffa7d706e8?s=96&d=mm&r=g\",\"contentUrl\":\"https:\/\/secure.gravatar.com\/avatar\/a5d582deda251f95dc882b72fc6e7b4854f88bb25c3154519210afffa7d706e8?s=96&d=mm&r=g\",\"caption\":\"Ricardo Guzman\"},\"url\":\"https:\/\/nahuelproducciones.com.ar\/radioquijano\/author\/cady\/\"}]}<\/script>\n<!-- \/ Yoast SEO plugin. -->","yoast_head_json":{"title":"Estado de rutas Nacionales y Provinciales en Salta - RQ 99.9","robots":{"index":"index","follow":"follow","max-snippet":"max-snippet:-1","max-image-preview":"max-image-preview:large","max-video-preview":"max-video-preview:-1"},"canonical":"https:\/\/nahuelproducciones.com.ar\/radioquijano\/estado-de-rutas-nacionales-y-provinciales-en-salta\/","og_locale":"es_ES","og_type":"article","og_title":"Estado de rutas Nacionales y Provinciales en Salta - RQ 99.9","og_description":"Por Leonor V\u00e1zquez ESTADOS DE RUTAS NACIONALES DE SALTA FECHA: 07-12-2025 OBSERVACIONES: Las rutas se encuentran transitables o no al momento de emitir el informe, muchas veces de acuerdo a los alerta meteorol\u00f3gica el estado de rutas puede variar. ESTADOS DE RUTAS PROVINCIALES DE SALTA FECHA: 07-12-2025 Consulte a la Fan Page de la Subsecretaria [&hellip;]","og_url":"https:\/\/nahuelproducciones.com.ar\/radioquijano\/estado-de-rutas-nacionales-y-provinciales-en-salta\/","og_site_name":"RQ 99.9","article_publisher":"https:\/\/www.facebook.com\/nahuelproducciones999\/","article_published_time":"2025-12-07T14:53:51+00:00","article_modified_time":"2025-12-07T15:04:30+00:00","og_image":[{"width":672,"height":718,"url":"https:\/\/nahuelproducciones.com.ar\/radioquijano\/wp-content\/uploads\/2025\/12\/LOGO-CIVIL-SALTA.jpg","type":"image\/jpeg"}],"author":"Ricardo Guzman","twitter_card":"summary_large_image","twitter_creator":"@nahuproduciones","twitter_site":"@nahuproduciones","twitter_misc":{"Escrito por":"Ricardo Guzman","Tiempo de lectura":"4 minutos"},"schema":{"@context":"https:\/\/schema.org","@graph":[{"@type":"WebPage","@id":"https:\/\/nahuelproducciones.com.ar\/radioquijano\/estado-de-rutas-nacionales-y-provinciales-en-salta\/","url":"https:\/\/nahuelproducciones.com.ar\/radioquijano\/estado-de-rutas-nacionales-y-provinciales-en-salta\/","name":"Estado de rutas Nacionales y Provinciales en Salta - RQ 99.9","isPartOf":{"@id":"https:\/\/nahuelproducciones.com.ar\/radioquijano\/#website"},"datePublished":"2025-12-07T14:53:51+00:00","dateModified":"2025-12-07T15:04:30+00:00","author":{"@id":"https:\/\/nahuelproducciones.com.ar\/radioquijano\/#\/schema\/person\/b9b81a110cbdf07949e2cd02d478ab9d"},"breadcrumb":{"@id":"https:\/\/nahuelproducciones.com.ar\/radioquijano\/estado-de-rutas-nacionales-y-provinciales-en-salta\/#breadcrumb"},"inLanguage":"es","potentialAction":[{"@type":"ReadAction","target":["https:\/\/nahuelproducciones.com.ar\/radioquijano\/estado-de-rutas-nacionales-y-provinciales-en-salta\/"]}]},{"@type":"BreadcrumbList","@id":"https:\/\/nahuelproducciones.com.ar\/radioquijano\/estado-de-rutas-nacionales-y-provinciales-en-salta\/#breadcrumb","itemListElement":[{"@type":"ListItem","position":1,"name":"Portada","item":"https:\/\/nahuelproducciones.com.ar\/radioquijano\/"},{"@type":"ListItem","position":2,"name":"Estado de rutas Nacionales y Provinciales en Salta"}]},{"@type":"WebSite","@id":"https:\/\/nahuelproducciones.com.ar\/radioquijano\/#website","url":"https:\/\/nahuelproducciones.com.ar\/radioquijano\/","name":"RQ 99.9","description":"Radio Quijano 99.9 MHz","potentialAction":[{"@type":"SearchAction","target":{"@type":"EntryPoint","urlTemplate":"https:\/\/nahuelproducciones.com.ar\/radioquijano\/?s={search_term_string}"},"query-input":"required name=search_term_string"}],"inLanguage":"es"},{"@type":"Person","@id":"https:\/\/nahuelproducciones.com.ar\/radioquijano\/#\/schema\/person\/b9b81a110cbdf07949e2cd02d478ab9d","name":"Ricardo Guzman","image":{"@type":"ImageObject","inLanguage":"es","@id":"https:\/\/nahuelproducciones.com.ar\/radioquijano\/#\/schema\/person\/image\/","url":"https:\/\/secure.gravatar.com\/avatar\/a5d582deda251f95dc882b72fc6e7b4854f88bb25c3154519210afffa7d706e8?s=96&d=mm&r=g","contentUrl":"https:\/\/secure.gravatar.com\/avatar\/a5d582deda251f95dc882b72fc6e7b4854f88bb25c3154519210afffa7d706e8?s=96&d=mm&r=g","caption":"Ricardo Guzman"},"url":"https:\/\/nahuelproducciones.com.ar\/radioquijano\/author\/cady\/"}]}},"_links":{"self":[{"href":"https:\/\/nahuelproducciones.com.ar\/radioquijano\/wp-json\/wp\/v2\/posts\/11656","targetHints":{"allow":["GET"]}}],"collection":[{"href":"https:\/\/nahuelproducciones.com.ar\/radioquijano\/wp-json\/wp\/v2\/posts"}],"about":[{"href":"https:\/\/nahuelproducciones.com.ar\/radioquijano\/wp-json\/wp\/v2\/types\/post"}],"author":[{"embeddable":true,"href":"https:\/\/nahuelproducciones.com.ar\/radioquijano\/wp-json\/wp\/v2\/users\/6"}],"replies":[{"embeddable":true,"href":"https:\/\/nahuelproducciones.com.ar\/radioquijano\/wp-json\/wp\/v2\/comments?post=11656"}],"version-history":[{"count":3,"href":"https:\/\/nahuelproducciones.com.ar\/radioquijano\/wp-json\/wp\/v2\/posts\/11656\/revisions"}],"predecessor-version":[{"id":11660,"href":"https:\/\/nahuelproducciones.com.ar\/radioquijano\/wp-json\/wp\/v2\/posts\/11656\/revisions\/11660"}],"wp:featuredmedia":[{"embeddable":true,"href":"https:\/\/nahuelproducciones.com.ar\/radioquijano\/wp-json\/wp\/v2\/media\/11661"}],"wp:attachment":[{"href":"https:\/\/nahuelproducciones.com.ar\/radioquijano\/wp-json\/wp\/v2\/media?parent=11656"}],"wp:term":[{"taxonomy":"category","embeddable":true,"href":"https:\/\/nahuelproducciones.com.ar\/radioquijano\/wp-json\/wp\/v2\/categories?post=11656"},{"taxonomy":"post_tag","embeddable":true,"href":"https:\/\/nahuelproducciones.com.ar\/radioquijano\/wp-json\/wp\/v2\/tags?post=11656"}],"curies":[{"name":"wp","href":"https:\/\/api.w.org\/{rel}","templated":true}]}}