{"id":11662,"date":"2025-12-07T16:32:48","date_gmt":"2025-12-07T19:32:48","guid":{"rendered":"https:\/\/nahuelproducciones.com.ar\/radioquijano\/?p=11662"},"modified":"2025-12-07T16:38:09","modified_gmt":"2025-12-07T19:38:09","slug":"campo-quijano-tiene-su-campeon-nacional-junior-reyes-brillo-en-la-consagracion-de-salta-en-el-torneo-juvenil-de-selecciones","status":"publish","type":"post","link":"https:\/\/nahuelproducciones.com.ar\/radioquijano\/campo-quijano-tiene-su-campeon-nacional-junior-reyes-brillo-en-la-consagracion-de-salta-en-el-torneo-juvenil-de-selecciones\/","title":{"rendered":"CAMPO QUIJANO TIENE SU CAMPE\u00d3N NACIONAL: JUNIOR REYES BRILL\u00d3 EN LA CONSAGRACI\u00d3N DE SALTA EN EL TORNEO JUVENIL DE SELECCIONES"},"content":{"rendered":"\n<p>La provincia de Salta celebr\u00f3 este fin de semana un logro hist\u00f3rico en el f\u00fatbol formativo argentino: los seleccionados Sub 13 y Sub 15 de la Liga Salte\u00f1a de F\u00fatbol (LSF) se coronaron campeones del Torneo Nacional de Ligas, organizado por el Consejo Federal de AFA. Pero para Campo Quijano, la alegr\u00eda tuvo un protagonista especial: <strong>Junior Reyes<\/strong>, jugador de <strong>Cachorros<\/strong>, oriundo del <strong>barrio 9 de Julio<\/strong>, integrante del plantel Sub 13 que alz\u00f3 el trofeo nacional.<\/p>\n\n\n\n<h3 class=\"wp-block-heading\"><strong>Doble consagraci\u00f3n hist\u00f3rica en C\u00f3rdoba<\/strong><\/h3>\n\n\n\n<p>Las finales se disputaron en el estadio de la Liga Cordobesa. En primer turno, la <strong>Sub 13<\/strong> dirigida por <strong>Alejandro Frezzotti<\/strong> venci\u00f3 2-0 a la Liga Confluencia de R\u00edo Negro gracias a los goles de <strong>Lautaro Fern\u00e1ndez<\/strong> y <strong>Alan Su\u00e1rez<\/strong>, en una actuaci\u00f3n s\u00f3lida de principio a fin. En este equipo, Junior Reyes aport\u00f3 talento, sacrificio y pertenencia, dejando en lo m\u00e1s alto al Valle de Lerma.<\/p>\n\n\n\n<p>Luego fue el turno de la <strong>Sub 15<\/strong>, conducida por <strong>Gustavo M\u00f3dica<\/strong>, que super\u00f3 1-0 a la Liga de Neuqu\u00e9n con un tanto de <strong>Valent\u00edn Figueroa<\/strong>, completando una jornada inolvidable para el f\u00fatbol salte\u00f1o.<\/p>\n\n\n\n<h3 class=\"wp-block-heading\"><strong>Un logro que quedar\u00e1 en la historia<\/strong><\/h3>\n\n\n\n<p>Se trata de un hecho sin precedentes para la Liga Salte\u00f1a de F\u00fatbol: es la <strong>primera vez<\/strong> que dos categor\u00edas se consagran campeonas nacionales en simult\u00e1neo dentro de cert\u00e1menes organizados por el Consejo Federal y AFA.<\/p>\n\n\n\n<p>El presidente del Comit\u00e9 Ejecutivo de la LSF, <strong>Lic. Sergio Chib\u00e1n<\/strong>, destac\u00f3 la magnitud del logro:<br><em>\u201cLo que se logr\u00f3 es muy importante e hist\u00f3rico para nuestro f\u00fatbol. Hace 18 a\u00f1os tuvimos nuestro primer t\u00edtulo, pero reinar en las dos categor\u00edas nos fortalece y nos motiva a seguir invirtiendo en las etapas formativas\u201d.<\/em><\/p>\n\n\n\n<h3 class=\"wp-block-heading\"><strong>Orgullo quijane\u00f1o<\/strong><\/h3>\n\n\n\n<p>Para Campo Quijano, la consagraci\u00f3n tiene un brillo propio: <strong>Junior Reyes<\/strong>, joven promesa de Cachorros y representante del barrio 9 de Julio, se convirti\u00f3 en <strong>campe\u00f3n nacional Sub 13<\/strong>, demostrando que el talento local sigue creciendo y dejando huella en el f\u00fatbol provincial y nacional.<\/p>\n\n\n\n<p>Desde Radio Quijano y toda la comunidad, <strong>felicitamos a Junior, a su familia y al club<\/strong>, por este logro que inspira a las nuevas generaciones y confirma que los sue\u00f1os s\u00ed se cumplen cuando hay esfuerzo, disciplina y pasi\u00f3n.<\/p>\n\n\n\n<p><strong>\u00a1Junior Reyes, orgullo de Campo Quijano!<\/strong><\/p>\n\n\n<div class=\"wp-block-image\">\n<figure class=\"aligncenter size-large\"><img loading=\"lazy\" decoding=\"async\" width=\"715\" height=\"365\" src=\"https:\/\/nahuelproducciones.com.ar\/radioquijano\/wp-content\/uploads\/2025\/12\/69348753e3a9d_715_365-1.png\" alt=\"\" class=\"wp-image-11664\" srcset=\"https:\/\/nahuelproducciones.com.ar\/radioquijano\/wp-content\/uploads\/2025\/12\/69348753e3a9d_715_365-1.png 715w, https:\/\/nahuelproducciones.com.ar\/radioquijano\/wp-content\/uploads\/2025\/12\/69348753e3a9d_715_365-1-300x153.png 300w, https:\/\/nahuelproducciones.com.ar\/radioquijano\/wp-content\/uploads\/2025\/12\/69348753e3a9d_715_365-1-150x77.png 150w\" sizes=\"auto, (max-width: 715px) 100vw, 715px\" \/><\/figure><\/div>\n\n<div class=\"wp-block-image\">\n<figure class=\"aligncenter size-large is-resized\"><img loading=\"lazy\" decoding=\"async\" width=\"1024\" height=\"546\" src=\"https:\/\/nahuelproducciones.com.ar\/radioquijano\/wp-content\/uploads\/2025\/12\/Imagen-de-WhatsApp-2025-12-06-a-las-10.05.38_a670d404-1920x1024-1-1024x546.jpg\" alt=\"\" class=\"wp-image-11666\" style=\"width:713px;height:auto\" srcset=\"https:\/\/nahuelproducciones.com.ar\/radioquijano\/wp-content\/uploads\/2025\/12\/Imagen-de-WhatsApp-2025-12-06-a-las-10.05.38_a670d404-1920x1024-1-1024x546.jpg 1024w, https:\/\/nahuelproducciones.com.ar\/radioquijano\/wp-content\/uploads\/2025\/12\/Imagen-de-WhatsApp-2025-12-06-a-las-10.05.38_a670d404-1920x1024-1-300x160.jpg 300w, https:\/\/nahuelproducciones.com.ar\/radioquijano\/wp-content\/uploads\/2025\/12\/Imagen-de-WhatsApp-2025-12-06-a-las-10.05.38_a670d404-1920x1024-1-768x410.jpg 768w, https:\/\/nahuelproducciones.com.ar\/radioquijano\/wp-content\/uploads\/2025\/12\/Imagen-de-WhatsApp-2025-12-06-a-las-10.05.38_a670d404-1920x1024-1-1536x819.jpg 1536w, https:\/\/nahuelproducciones.com.ar\/radioquijano\/wp-content\/uploads\/2025\/12\/Imagen-de-WhatsApp-2025-12-06-a-las-10.05.38_a670d404-1920x1024-1-150x80.jpg 150w, https:\/\/nahuelproducciones.com.ar\/radioquijano\/wp-content\/uploads\/2025\/12\/Imagen-de-WhatsApp-2025-12-06-a-las-10.05.38_a670d404-1920x1024-1.jpg 1920w\" sizes=\"auto, (max-width: 1024px) 100vw, 1024px\" \/><\/figure><\/div>\n\n<div class=\"wp-block-image\">\n<figure class=\"aligncenter size-large is-resized\"><img loading=\"lazy\" decoding=\"async\" width=\"768\" height=\"1024\" src=\"https:\/\/nahuelproducciones.com.ar\/radioquijano\/wp-content\/uploads\/2025\/12\/580896283_764162750016089_48403559889142765_n-768x1024.jpg\" alt=\"\" class=\"wp-image-11668\" style=\"width:425px;height:auto\" srcset=\"https:\/\/nahuelproducciones.com.ar\/radioquijano\/wp-content\/uploads\/2025\/12\/580896283_764162750016089_48403559889142765_n-768x1024.jpg 768w, https:\/\/nahuelproducciones.com.ar\/radioquijano\/wp-content\/uploads\/2025\/12\/580896283_764162750016089_48403559889142765_n-225x300.jpg 225w, https:\/\/nahuelproducciones.com.ar\/radioquijano\/wp-content\/uploads\/2025\/12\/580896283_764162750016089_48403559889142765_n-1152x1536.jpg 1152w, https:\/\/nahuelproducciones.com.ar\/radioquijano\/wp-content\/uploads\/2025\/12\/580896283_764162750016089_48403559889142765_n-640x853.jpg 640w, https:\/\/nahuelproducciones.com.ar\/radioquijano\/wp-content\/uploads\/2025\/12\/580896283_764162750016089_48403559889142765_n-150x200.jpg 150w, https:\/\/nahuelproducciones.com.ar\/radioquijano\/wp-content\/uploads\/2025\/12\/580896283_764162750016089_48403559889142765_n.jpg 1200w\" sizes=\"auto, (max-width: 768px) 100vw, 768px\" \/><figcaption class=\"wp-element-caption\"><strong>Junior Reyes<\/strong>. Foto del perfil de 9 de Julio FC. Gracias.<\/figcaption><\/figure><\/div>\n\n\n<p>Fuente: Sports Salta y Liga Salte\u00f1a de F\u00fatbol.<\/p>\n","protected":false},"excerpt":{"rendered":"<p>La provincia de Salta celebr\u00f3 este fin de semana un logro hist\u00f3rico en el f\u00fatbol formativo argentino: los seleccionados Sub 13 y Sub 15 de la Liga Salte\u00f1a de F\u00fatbol (LSF) se coronaron campeones del Torneo Nacional de Ligas, organizado por el Consejo Federal de AFA. Pero para Campo Quijano, la alegr\u00eda tuvo un protagonista [&hellip;]<\/p>\n","protected":false},"author":8,"featured_media":11663,"comment_status":"open","ping_status":"open","sticky":false,"template":"","format":"standard","meta":{"_monsterinsights_skip_tracking":false,"_monsterinsights_sitenote_active":false,"_monsterinsights_sitenote_note":"","_monsterinsights_sitenote_category":0,"footnotes":""},"categories":[16],"tags":[2016,2013,100,2014,2015],"class_list":["post-11662","post","type-post","status-publish","format-standard","has-post-thumbnail","hentry","category-noticias","tag-campeon-nacional","tag-liga-saltena-de-futbol","tag-municipio-de-campo-quijano","tag-sub13","tag-sub15"],"yoast_head":"<!-- This site is optimized with the Yoast SEO plugin v20.8 - https:\/\/yoast.com\/wordpress\/plugins\/seo\/ -->\n<title>CAMPO QUIJANO TIENE SU CAMPE\u00d3N NACIONAL: JUNIOR REYES BRILL\u00d3 EN LA CONSAGRACI\u00d3N DE SALTA EN EL TORNEO JUVENIL DE SELECCIONES - RQ 99.9<\/title>\n<meta name=\"description\" content=\"\u00a1Junior Reyes, orgullo de Campo Quijano!\" \/>\n<meta name=\"robots\" content=\"index, follow, max-snippet:-1, max-image-preview:large, max-video-preview:-1\" \/>\n<link rel=\"canonical\" href=\"https:\/\/nahuelproducciones.com.ar\/radioquijano\/campo-quijano-tiene-su-campeon-nacional-junior-reyes-brillo-en-la-consagracion-de-salta-en-el-torneo-juvenil-de-selecciones\/\" \/>\n<meta property=\"og:locale\" content=\"es_ES\" \/>\n<meta property=\"og:type\" content=\"article\" \/>\n<meta property=\"og:title\" content=\"CAMPO QUIJANO TIENE SU CAMPE\u00d3N NACIONAL: JUNIOR REYES BRILL\u00d3 EN LA CONSAGRACI\u00d3N DE SALTA EN EL TORNEO JUVENIL DE SELECCIONES - RQ 99.9\" \/>\n<meta property=\"og:description\" content=\"\u00a1Junior Reyes, orgullo de Campo Quijano!\" \/>\n<meta property=\"og:url\" content=\"https:\/\/nahuelproducciones.com.ar\/radioquijano\/campo-quijano-tiene-su-campeon-nacional-junior-reyes-brillo-en-la-consagracion-de-salta-en-el-torneo-juvenil-de-selecciones\/\" \/>\n<meta property=\"og:site_name\" content=\"RQ 99.9\" \/>\n<meta property=\"article:publisher\" content=\"https:\/\/www.facebook.com\/nahuelproducciones999\/\" \/>\n<meta property=\"article:published_time\" content=\"2025-12-07T19:32:48+00:00\" \/>\n<meta property=\"article:modified_time\" content=\"2025-12-07T19:38:09+00:00\" \/>\n<meta property=\"og:image\" content=\"https:\/\/nahuelproducciones.com.ar\/radioquijano\/wp-content\/uploads\/2025\/12\/69348753e3a9d_715_365.png\" \/>\n\t<meta property=\"og:image:width\" content=\"715\" \/>\n\t<meta property=\"og:image:height\" content=\"365\" \/>\n\t<meta property=\"og:image:type\" content=\"image\/png\" \/>\n<meta name=\"author\" content=\"Cecilia Pastrana\" \/>\n<meta name=\"twitter:card\" content=\"summary_large_image\" \/>\n<meta name=\"twitter:creator\" content=\"@nahuproduciones\" \/>\n<meta name=\"twitter:site\" content=\"@nahuproduciones\" \/>\n<meta name=\"twitter:label1\" content=\"Escrito por\" \/>\n\t<meta name=\"twitter:data1\" content=\"Cecilia Pastrana\" \/>\n\t<meta name=\"twitter:label2\" content=\"Tiempo de lectura\" \/>\n\t<meta name=\"twitter:data2\" content=\"3 minutos\" \/>\n<script type=\"application\/ld+json\" class=\"yoast-schema-graph\">{\"@context\":\"https:\/\/schema.org\",\"@graph\":[{\"@type\":\"WebPage\",\"@id\":\"https:\/\/nahuelproducciones.com.ar\/radioquijano\/campo-quijano-tiene-su-campeon-nacional-junior-reyes-brillo-en-la-consagracion-de-salta-en-el-torneo-juvenil-de-selecciones\/\",\"url\":\"https:\/\/nahuelproducciones.com.ar\/radioquijano\/campo-quijano-tiene-su-campeon-nacional-junior-reyes-brillo-en-la-consagracion-de-salta-en-el-torneo-juvenil-de-selecciones\/\",\"name\":\"CAMPO QUIJANO TIENE SU CAMPE\u00d3N NACIONAL: JUNIOR REYES BRILL\u00d3 EN LA CONSAGRACI\u00d3N DE SALTA EN EL TORNEO JUVENIL DE SELECCIONES - RQ 99.9\",\"isPartOf\":{\"@id\":\"https:\/\/nahuelproducciones.com.ar\/radioquijano\/#website\"},\"datePublished\":\"2025-12-07T19:32:48+00:00\",\"dateModified\":\"2025-12-07T19:38:09+00:00\",\"author\":{\"@id\":\"https:\/\/nahuelproducciones.com.ar\/radioquijano\/#\/schema\/person\/e8a4f939e2cb487fe6d0c54042c9d32c\"},\"description\":\"\u00a1Junior Reyes, orgullo de Campo Quijano!\",\"breadcrumb\":{\"@id\":\"https:\/\/nahuelproducciones.com.ar\/radioquijano\/campo-quijano-tiene-su-campeon-nacional-junior-reyes-brillo-en-la-consagracion-de-salta-en-el-torneo-juvenil-de-selecciones\/#breadcrumb\"},\"inLanguage\":\"es\",\"potentialAction\":[{\"@type\":\"ReadAction\",\"target\":[\"https:\/\/nahuelproducciones.com.ar\/radioquijano\/campo-quijano-tiene-su-campeon-nacional-junior-reyes-brillo-en-la-consagracion-de-salta-en-el-torneo-juvenil-de-selecciones\/\"]}]},{\"@type\":\"BreadcrumbList\",\"@id\":\"https:\/\/nahuelproducciones.com.ar\/radioquijano\/campo-quijano-tiene-su-campeon-nacional-junior-reyes-brillo-en-la-consagracion-de-salta-en-el-torneo-juvenil-de-selecciones\/#breadcrumb\",\"itemListElement\":[{\"@type\":\"ListItem\",\"position\":1,\"name\":\"Portada\",\"item\":\"https:\/\/nahuelproducciones.com.ar\/radioquijano\/\"},{\"@type\":\"ListItem\",\"position\":2,\"name\":\"CAMPO QUIJANO TIENE SU CAMPE\u00d3N NACIONAL: JUNIOR REYES BRILL\u00d3 EN LA CONSAGRACI\u00d3N DE SALTA EN EL TORNEO JUVENIL DE SELECCIONES\"}]},{\"@type\":\"WebSite\",\"@id\":\"https:\/\/nahuelproducciones.com.ar\/radioquijano\/#website\",\"url\":\"https:\/\/nahuelproducciones.com.ar\/radioquijano\/\",\"name\":\"RQ 99.9\",\"description\":\"Radio Quijano 99.9 MHz\",\"potentialAction\":[{\"@type\":\"SearchAction\",\"target\":{\"@type\":\"EntryPoint\",\"urlTemplate\":\"https:\/\/nahuelproducciones.com.ar\/radioquijano\/?s={search_term_string}\"},\"query-input\":\"required name=search_term_string\"}],\"inLanguage\":\"es\"},{\"@type\":\"Person\",\"@id\":\"https:\/\/nahuelproducciones.com.ar\/radioquijano\/#\/schema\/person\/e8a4f939e2cb487fe6d0c54042c9d32c\",\"name\":\"Cecilia Pastrana\",\"image\":{\"@type\":\"ImageObject\",\"inLanguage\":\"es\",\"@id\":\"https:\/\/nahuelproducciones.com.ar\/radioquijano\/#\/schema\/person\/image\/\",\"url\":\"https:\/\/secure.gravatar.com\/avatar\/661a3ef63a8488d4f2794ed44af8cf71420f7e106f3072c40125114df5157749?s=96&d=mm&r=g\",\"contentUrl\":\"https:\/\/secure.gravatar.com\/avatar\/661a3ef63a8488d4f2794ed44af8cf71420f7e106f3072c40125114df5157749?s=96&d=mm&r=g\",\"caption\":\"Cecilia Pastrana\"},\"sameAs\":[\"cecy\"],\"url\":\"https:\/\/nahuelproducciones.com.ar\/radioquijano\/author\/cecy\/\"}]}<\/script>\n<!-- \/ Yoast SEO plugin. -->","yoast_head_json":{"title":"CAMPO QUIJANO TIENE SU CAMPE\u00d3N NACIONAL: JUNIOR REYES BRILL\u00d3 EN LA CONSAGRACI\u00d3N DE SALTA EN EL TORNEO JUVENIL DE SELECCIONES - RQ 99.9","description":"\u00a1Junior Reyes, orgullo de Campo Quijano!","robots":{"index":"index","follow":"follow","max-snippet":"max-snippet:-1","max-image-preview":"max-image-preview:large","max-video-preview":"max-video-preview:-1"},"canonical":"https:\/\/nahuelproducciones.com.ar\/radioquijano\/campo-quijano-tiene-su-campeon-nacional-junior-reyes-brillo-en-la-consagracion-de-salta-en-el-torneo-juvenil-de-selecciones\/","og_locale":"es_ES","og_type":"article","og_title":"CAMPO QUIJANO TIENE SU CAMPE\u00d3N NACIONAL: JUNIOR REYES BRILL\u00d3 EN LA CONSAGRACI\u00d3N DE SALTA EN EL TORNEO JUVENIL DE SELECCIONES - RQ 99.9","og_description":"\u00a1Junior Reyes, orgullo de Campo Quijano!","og_url":"https:\/\/nahuelproducciones.com.ar\/radioquijano\/campo-quijano-tiene-su-campeon-nacional-junior-reyes-brillo-en-la-consagracion-de-salta-en-el-torneo-juvenil-de-selecciones\/","og_site_name":"RQ 99.9","article_publisher":"https:\/\/www.facebook.com\/nahuelproducciones999\/","article_published_time":"2025-12-07T19:32:48+00:00","article_modified_time":"2025-12-07T19:38:09+00:00","og_image":[{"width":715,"height":365,"url":"https:\/\/nahuelproducciones.com.ar\/radioquijano\/wp-content\/uploads\/2025\/12\/69348753e3a9d_715_365.png","type":"image\/png"}],"author":"Cecilia Pastrana","twitter_card":"summary_large_image","twitter_creator":"@nahuproduciones","twitter_site":"@nahuproduciones","twitter_misc":{"Escrito por":"Cecilia Pastrana","Tiempo de lectura":"3 minutos"},"schema":{"@context":"https:\/\/schema.org","@graph":[{"@type":"WebPage","@id":"https:\/\/nahuelproducciones.com.ar\/radioquijano\/campo-quijano-tiene-su-campeon-nacional-junior-reyes-brillo-en-la-consagracion-de-salta-en-el-torneo-juvenil-de-selecciones\/","url":"https:\/\/nahuelproducciones.com.ar\/radioquijano\/campo-quijano-tiene-su-campeon-nacional-junior-reyes-brillo-en-la-consagracion-de-salta-en-el-torneo-juvenil-de-selecciones\/","name":"CAMPO QUIJANO TIENE SU CAMPE\u00d3N NACIONAL: JUNIOR REYES BRILL\u00d3 EN LA CONSAGRACI\u00d3N DE SALTA EN EL TORNEO JUVENIL DE SELECCIONES - RQ 99.9","isPartOf":{"@id":"https:\/\/nahuelproducciones.com.ar\/radioquijano\/#website"},"datePublished":"2025-12-07T19:32:48+00:00","dateModified":"2025-12-07T19:38:09+00:00","author":{"@id":"https:\/\/nahuelproducciones.com.ar\/radioquijano\/#\/schema\/person\/e8a4f939e2cb487fe6d0c54042c9d32c"},"description":"\u00a1Junior Reyes, orgullo de Campo Quijano!","breadcrumb":{"@id":"https:\/\/nahuelproducciones.com.ar\/radioquijano\/campo-quijano-tiene-su-campeon-nacional-junior-reyes-brillo-en-la-consagracion-de-salta-en-el-torneo-juvenil-de-selecciones\/#breadcrumb"},"inLanguage":"es","potentialAction":[{"@type":"ReadAction","target":["https:\/\/nahuelproducciones.com.ar\/radioquijano\/campo-quijano-tiene-su-campeon-nacional-junior-reyes-brillo-en-la-consagracion-de-salta-en-el-torneo-juvenil-de-selecciones\/"]}]},{"@type":"BreadcrumbList","@id":"https:\/\/nahuelproducciones.com.ar\/radioquijano\/campo-quijano-tiene-su-campeon-nacional-junior-reyes-brillo-en-la-consagracion-de-salta-en-el-torneo-juvenil-de-selecciones\/#breadcrumb","itemListElement":[{"@type":"ListItem","position":1,"name":"Portada","item":"https:\/\/nahuelproducciones.com.ar\/radioquijano\/"},{"@type":"ListItem","position":2,"name":"CAMPO QUIJANO TIENE SU CAMPE\u00d3N NACIONAL: JUNIOR REYES BRILL\u00d3 EN LA CONSAGRACI\u00d3N DE SALTA EN EL TORNEO JUVENIL DE SELECCIONES"}]},{"@type":"WebSite","@id":"https:\/\/nahuelproducciones.com.ar\/radioquijano\/#website","url":"https:\/\/nahuelproducciones.com.ar\/radioquijano\/","name":"RQ 99.9","description":"Radio Quijano 99.9 MHz","potentialAction":[{"@type":"SearchAction","target":{"@type":"EntryPoint","urlTemplate":"https:\/\/nahuelproducciones.com.ar\/radioquijano\/?s={search_term_string}"},"query-input":"required name=search_term_string"}],"inLanguage":"es"},{"@type":"Person","@id":"https:\/\/nahuelproducciones.com.ar\/radioquijano\/#\/schema\/person\/e8a4f939e2cb487fe6d0c54042c9d32c","name":"Cecilia Pastrana","image":{"@type":"ImageObject","inLanguage":"es","@id":"https:\/\/nahuelproducciones.com.ar\/radioquijano\/#\/schema\/person\/image\/","url":"https:\/\/secure.gravatar.com\/avatar\/661a3ef63a8488d4f2794ed44af8cf71420f7e106f3072c40125114df5157749?s=96&d=mm&r=g","contentUrl":"https:\/\/secure.gravatar.com\/avatar\/661a3ef63a8488d4f2794ed44af8cf71420f7e106f3072c40125114df5157749?s=96&d=mm&r=g","caption":"Cecilia Pastrana"},"sameAs":["cecy"],"url":"https:\/\/nahuelproducciones.com.ar\/radioquijano\/author\/cecy\/"}]}},"_links":{"self":[{"href":"https:\/\/nahuelproducciones.com.ar\/radioquijano\/wp-json\/wp\/v2\/posts\/11662","targetHints":{"allow":["GET"]}}],"collection":[{"href":"https:\/\/nahuelproducciones.com.ar\/radioquijano\/wp-json\/wp\/v2\/posts"}],"about":[{"href":"https:\/\/nahuelproducciones.com.ar\/radioquijano\/wp-json\/wp\/v2\/types\/post"}],"author":[{"embeddable":true,"href":"https:\/\/nahuelproducciones.com.ar\/radioquijano\/wp-json\/wp\/v2\/users\/8"}],"replies":[{"embeddable":true,"href":"https:\/\/nahuelproducciones.com.ar\/radioquijano\/wp-json\/wp\/v2\/comments?post=11662"}],"version-history":[{"count":3,"href":"https:\/\/nahuelproducciones.com.ar\/radioquijano\/wp-json\/wp\/v2\/posts\/11662\/revisions"}],"predecessor-version":[{"id":11671,"href":"https:\/\/nahuelproducciones.com.ar\/radioquijano\/wp-json\/wp\/v2\/posts\/11662\/revisions\/11671"}],"wp:featuredmedia":[{"embeddable":true,"href":"https:\/\/nahuelproducciones.com.ar\/radioquijano\/wp-json\/wp\/v2\/media\/11663"}],"wp:attachment":[{"href":"https:\/\/nahuelproducciones.com.ar\/radioquijano\/wp-json\/wp\/v2\/media?parent=11662"}],"wp:term":[{"taxonomy":"category","embeddable":true,"href":"https:\/\/nahuelproducciones.com.ar\/radioquijano\/wp-json\/wp\/v2\/categories?post=11662"},{"taxonomy":"post_tag","embeddable":true,"href":"https:\/\/nahuelproducciones.com.ar\/radioquijano\/wp-json\/wp\/v2\/tags?post=11662"}],"curies":[{"name":"wp","href":"https:\/\/api.w.org\/{rel}","templated":true}]}}