{"id":11672,"date":"2025-12-10T01:01:49","date_gmt":"2025-12-10T04:01:49","guid":{"rendered":"https:\/\/nahuelproducciones.com.ar\/radioquijano\/?p=11672"},"modified":"2025-12-12T01:34:38","modified_gmt":"2025-12-12T04:34:38","slug":"cuando-el-agua-no-llega-la-carlota-el-paraje-olvidado-de-campo-quijano","status":"publish","type":"post","link":"https:\/\/nahuelproducciones.com.ar\/radioquijano\/cuando-el-agua-no-llega-la-carlota-el-paraje-olvidado-de-campo-quijano\/","title":{"rendered":"\u201cCuando el agua no llega: La Carlota, el paraje olvidado de Campo Quijano\u201d"},"content":{"rendered":"\n<p>En pleno siglo XXI, mientras hablamos de turismo, de corredores productivos, de grandes anuncios y de \u201cEl Portal de los Andes\u201d como marca registrada, hay una verdad inc\u00f3moda que hoy tenemos la obligaci\u00f3n de poner sobre la mesa: en <strong>Barrio La Carlota, Ruta Provincial 24 km 12, Paraje Col\u00f3n<\/strong>, hay familias que <strong>no tienen red de agua potable<\/strong>. No es que el agua llega poca, no es que el servicio es deficiente: <strong>no existe la red<\/strong>.<\/p>\n\n\n\n<p><\/p>\n\n\n\n<p>Desde hace a\u00f1os esos vecinos viven dependiendo de un cami\u00f3n cisterna, como si estuvi\u00e9ramos en medio del desierto o en una zona de cat\u00e1strofe permanente. Y lo m\u00e1s grave: en las \u00faltimas <strong>dos semanas<\/strong>, ni siquiera ese cami\u00f3n cisterna ha pasado. Nada. Silencio. Bidones vac\u00edos, tachos secos y una sola certeza: <strong>el Estado no est\u00e1 donde tiene que estar<\/strong>.<\/p>\n\n\n\n<p>Hablemos claro: el <strong>agua no es un favor<\/strong>, no es un regalo que se agradece en campa\u00f1a ni una d\u00e1diva que se paga con votos. El acceso al agua potable es un <strong>derecho humano reconocido a nivel internacional<\/strong>, y en Argentina est\u00e1 protegido por la Constituci\u00f3n Nacional a trav\u00e9s del derecho a la vida, a la salud y a un ambiente sano. No lo dice Radio Quijano, lo dicen los tratados de derechos humanos que nuestro pa\u00eds firm\u00f3 y elev\u00f3 a rango constitucional.<\/p>\n\n\n\n<p>Entonces la pregunta es simple y brutal:<br><strong>\u00bfC\u00f3mo se explica que en el Municipio de Campo Quijano todav\u00eda haya barrios enteros sin una red de agua potable en sus casas?<\/strong><\/p>\n\n\n\n<p>En <strong>La Carlota<\/strong> los vecinos no solo no tienen red; tampoco ven la obra proyectada en los <strong>presupuestos municipales<\/strong>. A\u00f1o tras a\u00f1o, plan tras plan, discurso tras discurso\u2026 y en los papeles del municipio <strong>la red de agua para esa zona no aparece<\/strong>. Es como si ese barrio no existiera, como si esas familias fueran de segunda categor\u00eda, como si su necesidad de abrir una canilla y que salga agua potable fuera un capricho y no una urgencia b\u00e1sica.<\/p>\n\n\n\n<p>Mientras tanto, las notas de reclamo se presentan, se sellan, se archivan. Una vecina, cansada pero firme, viene elevando quejas formales al intendente por la falta de provisi\u00f3n de agua en la zona. No pide una pileta climatizada, no pide lujos: <strong>pide agua<\/strong>. Agua para cocinar, para higienizarse, para que los chicos vayan a la escuela limpios, para que los adultos mayores no dependan de la caridad o de la buena voluntad de un vecino con veh\u00edculo.<\/p>\n\n\n\n<p>Y ahora se suma otro dato que indigna:<br>El famoso <strong>cami\u00f3n cisterna<\/strong>, el parche, el \u201cmientras tanto\u201d, el recurso de emergencia\u2026 hace <strong>m\u00e1s de dos semanas que no recorre el sector<\/strong>. Ni siquiera el paliativo. Ni siquiera la soluci\u00f3n de emergencia.<br>\u00bfQu\u00e9 le dicen a los vecinos?<br>\u00bfQue esperen?<br>\u00bfQue tengan paciencia?<br>\u00bfQue \u201cse est\u00e1 gestionando\u201d?<br>La paciencia no se toma en vaso, no sirve para lavar los platos ni para preparar la mamadera de un beb\u00e9.<\/p>\n\n\n\n<blockquote class=\"wp-block-quote alignwide has-text-align-center is-layout-flow wp-block-quote-is-layout-flow\">\n<p><strong>Cuando el cami\u00f3n no llega, lo que se corta no es solo el agua: se corta la dignidad.<\/strong><\/p>\n<\/blockquote>\n\n\n\n<p>Y ac\u00e1 es donde hay que ser claros con las responsabilidades. El <strong>intendente de Campo Quijano<\/strong> y su equipo de gobierno tienen una obligaci\u00f3n concreta: <strong>planificar, presupuestar y gestionar<\/strong> para que todos los barrios tengan acceso a los servicios b\u00e1sicos. No alcanza con sacarse fotos inaugurando obras en otros lugares mientras en La Carlota la gente sigue esperando que aparezca el cami\u00f3n cisterna como si fuera un milagro.<\/p>\n\n\n\n<p>No es serio hablar de desarrollo, de futuro y de grandes proyectos, si todav\u00eda hay vecinos que no pueden abrir una canilla en su casa porque <strong>simplemente no existe<\/strong>. Y no es solo una cuesti\u00f3n de gesti\u00f3n: es una cuesti\u00f3n <strong>\u00e9tica y pol\u00edtica<\/strong>. \u00bfQu\u00e9 dice de una gesti\u00f3n municipal que mantiene a un barrio entero dependiendo de un cami\u00f3n? \u00bfQu\u00e9 dice de una conducci\u00f3n pol\u00edtica que no incluye una obra de agua potable en el presupuesto, sabiendo que hay familias que viven as\u00ed hace a\u00f1os?<\/p>\n\n\n\n<p>Desde <strong>Radio Quijano 99.9<\/strong> queremos decirlo con todas las letras:<br><strong>El agua es un derecho humano y el Municipio de Campo Quijano no puede seguir mirando para otro lado.<\/strong><\/p>\n\n\n\n<p>Los vecinos de Barrio La Carlota no est\u00e1n pidiendo un lujo: est\u00e1n reclamando algo que cualquier ciudadano deber\u00eda tener garantizado por el solo hecho de vivir en este suelo. Y si encima el cami\u00f3n cisterna desaparece por dos semanas, sin explicaci\u00f3n p\u00fablica, sin cronograma, sin responsabilidad asumida, lo que se est\u00e1 vulnerando no es solo un derecho, sino tambi\u00e9n el respeto m\u00ednimo que el Estado le debe a la gente.<\/p>\n\n\n\n<p>Por eso, hoy ponemos este tema en la agenda p\u00fablica:<\/p>\n\n\n\n<ul class=\"wp-block-list\">\n<li>Porque es inadmisible que en 2025 en Campo Quijano todav\u00eda haya barrios sin red de agua.<\/li>\n\n\n\n<li>Porque es inaceptable que la \u00fanica v\u00eda de provisi\u00f3n, el cami\u00f3n cisterna, deje de pasar sin que nadie d\u00e9 la cara.<\/li>\n\n\n\n<li>Porque es vergonzoso que los reclamos formales de una vecina y de todo un barrio no se transformen en <strong>proyectos, obras y fechas concretas<\/strong>, sino en silencio administrativo.<\/li>\n<\/ul>\n\n\n\n<p>Desde este micr\u00f3fono, exigimos <strong>respuestas claras<\/strong>:<\/p>\n\n\n\n<ol class=\"wp-block-list\">\n<li>\u00bfPor qu\u00e9 hace m\u00e1s de dos semanas el cami\u00f3n cisterna no recorre Barrio La Carlota \u2013 Paraje Col\u00f3n?<\/li>\n\n\n\n<li>\u00bfCu\u00e1l es el plan concreto del municipio para garantizar el acceso al agua potable en esa zona?<\/li>\n\n\n\n<li>\u00bfEn qu\u00e9 presupuesto, en qu\u00e9 plan de obra, en qu\u00e9 proyecto formal figura la red de agua para estos vecinos?<\/li>\n<\/ol>\n\n\n\n<p>Los discursos se agotan. Las fotos pasan. Lo que queda es la realidad cotidiana: vecinos con baldes, con bidones, con tachos vac\u00edos, mirando la ruta esperando un cami\u00f3n que no llega.<\/p>\n\n\n\n<p>Desde Radio Quijano 99.9 vamos a seguir insistiendo, d\u00e1ndole voz a la vecina que reclama, al vecino que se cansa, al que se enoja, al que ya no cree. Porque donde el Estado se ausenta, <strong>la comunidad tiene el derecho y el deber de hacerse o\u00edr<\/strong>.<\/p>\n\n\n\n<figure class=\"wp-block-pullquote\"><blockquote><p><strong>Que quede claro:<br>En La Carlota, en el km 12, en Paraje Col\u00f3n, no est\u00e1n pidiendo un favor. Est\u00e1n exigiendo un derecho.<br>Y este reclamo, desde hoy, ya no es solo de una vecina: es un tema instalado en la agenda p\u00fablica de Campo Quijano.<\/strong><\/p><\/blockquote><\/figure>\n\n\n\n<figure class=\"wp-block-image size-large\"><img loading=\"lazy\" decoding=\"async\" width=\"1024\" height=\"771\" src=\"https:\/\/nahuelproducciones.com.ar\/radioquijano\/wp-content\/uploads\/2025\/12\/imagen-1-1024x771.png\" alt=\"\" class=\"wp-image-11680\" srcset=\"https:\/\/nahuelproducciones.com.ar\/radioquijano\/wp-content\/uploads\/2025\/12\/imagen-1-1024x771.png 1024w, https:\/\/nahuelproducciones.com.ar\/radioquijano\/wp-content\/uploads\/2025\/12\/imagen-1-300x226.png 300w, https:\/\/nahuelproducciones.com.ar\/radioquijano\/wp-content\/uploads\/2025\/12\/imagen-1-768x578.png 768w, https:\/\/nahuelproducciones.com.ar\/radioquijano\/wp-content\/uploads\/2025\/12\/imagen-1-1536x1157.png 1536w, https:\/\/nahuelproducciones.com.ar\/radioquijano\/wp-content\/uploads\/2025\/12\/imagen-1-150x113.png 150w, https:\/\/nahuelproducciones.com.ar\/radioquijano\/wp-content\/uploads\/2025\/12\/imagen-1.png 2048w\" sizes=\"auto, (max-width: 1024px) 100vw, 1024px\" \/><\/figure>\n\n\n\n<figure class=\"wp-block-image size-full is-resized\"><img loading=\"lazy\" decoding=\"async\" width=\"720\" height=\"786\" src=\"https:\/\/nahuelproducciones.com.ar\/radioquijano\/wp-content\/uploads\/2025\/12\/nota-de-panico.jpg\" alt=\"\" class=\"wp-image-11681\" style=\"width:840px;height:auto\" srcset=\"https:\/\/nahuelproducciones.com.ar\/radioquijano\/wp-content\/uploads\/2025\/12\/nota-de-panico.jpg 720w, https:\/\/nahuelproducciones.com.ar\/radioquijano\/wp-content\/uploads\/2025\/12\/nota-de-panico-275x300.jpg 275w, https:\/\/nahuelproducciones.com.ar\/radioquijano\/wp-content\/uploads\/2025\/12\/nota-de-panico-150x164.jpg 150w\" sizes=\"auto, (max-width: 720px) 100vw, 720px\" \/><\/figure>\n\n\n\n<figure class=\"wp-block-image size-large\"><img loading=\"lazy\" decoding=\"async\" width=\"771\" height=\"1024\" src=\"https:\/\/nahuelproducciones.com.ar\/radioquijano\/wp-content\/uploads\/2025\/12\/imagen-2-771x1024.png\" alt=\"\" class=\"wp-image-11682\" srcset=\"https:\/\/nahuelproducciones.com.ar\/radioquijano\/wp-content\/uploads\/2025\/12\/imagen-2-771x1024.png 771w, https:\/\/nahuelproducciones.com.ar\/radioquijano\/wp-content\/uploads\/2025\/12\/imagen-2-226x300.png 226w, https:\/\/nahuelproducciones.com.ar\/radioquijano\/wp-content\/uploads\/2025\/12\/imagen-2-768x1020.png 768w, https:\/\/nahuelproducciones.com.ar\/radioquijano\/wp-content\/uploads\/2025\/12\/imagen-2-1157x1536.png 1157w, https:\/\/nahuelproducciones.com.ar\/radioquijano\/wp-content\/uploads\/2025\/12\/imagen-2-150x199.png 150w, https:\/\/nahuelproducciones.com.ar\/radioquijano\/wp-content\/uploads\/2025\/12\/imagen-2.png 1542w\" sizes=\"auto, (max-width: 771px) 100vw, 771px\" \/><\/figure>\n","protected":false},"excerpt":{"rendered":"<p>En pleno siglo XXI, mientras hablamos de turismo, de corredores productivos, de grandes anuncios y de \u201cEl Portal de los Andes\u201d como marca registrada, hay una verdad inc\u00f3moda que hoy tenemos la obligaci\u00f3n de poner sobre la mesa: en Barrio La Carlota, Ruta Provincial 24 km 12, Paraje Col\u00f3n, hay familias que no tienen red [&hellip;]<\/p>\n","protected":false},"author":6,"featured_media":11685,"comment_status":"open","ping_status":"open","sticky":false,"template":"","format":"standard","meta":{"_monsterinsights_skip_tracking":false,"_monsterinsights_sitenote_active":false,"_monsterinsights_sitenote_note":"","_monsterinsights_sitenote_category":0,"footnotes":""},"categories":[6,16],"tags":[],"class_list":["post-11672","post","type-post","status-publish","format-standard","has-post-thumbnail","hentry","category-editorial","category-noticias"],"yoast_head":"<!-- This site is optimized with the Yoast SEO plugin v20.8 - https:\/\/yoast.com\/wordpress\/plugins\/seo\/ -->\n<title>\u201cCuando el agua no llega: La Carlota, el paraje olvidado de Campo Quijano\u201d - RQ 99.9<\/title>\n<meta name=\"robots\" content=\"index, follow, max-snippet:-1, max-image-preview:large, max-video-preview:-1\" \/>\n<link rel=\"canonical\" href=\"https:\/\/nahuelproducciones.com.ar\/radioquijano\/cuando-el-agua-no-llega-la-carlota-el-paraje-olvidado-de-campo-quijano\/\" \/>\n<meta property=\"og:locale\" content=\"es_ES\" \/>\n<meta property=\"og:type\" content=\"article\" \/>\n<meta property=\"og:title\" content=\"\u201cCuando el agua no llega: La Carlota, el paraje olvidado de Campo Quijano\u201d - RQ 99.9\" \/>\n<meta property=\"og:description\" content=\"En pleno siglo XXI, mientras hablamos de turismo, de corredores productivos, de grandes anuncios y de \u201cEl Portal de los Andes\u201d como marca registrada, hay una verdad inc\u00f3moda que hoy tenemos la obligaci\u00f3n de poner sobre la mesa: en Barrio La Carlota, Ruta Provincial 24 km 12, Paraje Col\u00f3n, hay familias que no tienen red [&hellip;]\" \/>\n<meta property=\"og:url\" content=\"https:\/\/nahuelproducciones.com.ar\/radioquijano\/cuando-el-agua-no-llega-la-carlota-el-paraje-olvidado-de-campo-quijano\/\" \/>\n<meta property=\"og:site_name\" content=\"RQ 99.9\" \/>\n<meta property=\"article:publisher\" content=\"https:\/\/www.facebook.com\/nahuelproducciones999\/\" \/>\n<meta property=\"article:published_time\" content=\"2025-12-10T04:01:49+00:00\" \/>\n<meta property=\"article:modified_time\" content=\"2025-12-12T04:34:38+00:00\" \/>\n<meta property=\"og:image\" content=\"https:\/\/nahuelproducciones.com.ar\/radioquijano\/wp-content\/uploads\/2025\/12\/nota-de-panico-1-1024x644.jpg\" \/>\n\t<meta property=\"og:image:width\" content=\"1024\" \/>\n\t<meta property=\"og:image:height\" content=\"644\" \/>\n\t<meta property=\"og:image:type\" content=\"image\/jpeg\" \/>\n<meta name=\"author\" content=\"Ricardo Guzman\" \/>\n<meta name=\"twitter:card\" content=\"summary_large_image\" \/>\n<meta name=\"twitter:creator\" content=\"@nahuproduciones\" \/>\n<meta name=\"twitter:site\" content=\"@nahuproduciones\" \/>\n<meta name=\"twitter:label1\" content=\"Escrito por\" \/>\n\t<meta name=\"twitter:data1\" content=\"Ricardo Guzman\" \/>\n\t<meta name=\"twitter:label2\" content=\"Tiempo de lectura\" \/>\n\t<meta name=\"twitter:data2\" content=\"6 minutos\" \/>\n<script type=\"application\/ld+json\" class=\"yoast-schema-graph\">{\"@context\":\"https:\/\/schema.org\",\"@graph\":[{\"@type\":\"WebPage\",\"@id\":\"https:\/\/nahuelproducciones.com.ar\/radioquijano\/cuando-el-agua-no-llega-la-carlota-el-paraje-olvidado-de-campo-quijano\/\",\"url\":\"https:\/\/nahuelproducciones.com.ar\/radioquijano\/cuando-el-agua-no-llega-la-carlota-el-paraje-olvidado-de-campo-quijano\/\",\"name\":\"\u201cCuando el agua no llega: La Carlota, el paraje olvidado de Campo Quijano\u201d - RQ 99.9\",\"isPartOf\":{\"@id\":\"https:\/\/nahuelproducciones.com.ar\/radioquijano\/#website\"},\"datePublished\":\"2025-12-10T04:01:49+00:00\",\"dateModified\":\"2025-12-12T04:34:38+00:00\",\"author\":{\"@id\":\"https:\/\/nahuelproducciones.com.ar\/radioquijano\/#\/schema\/person\/b9b81a110cbdf07949e2cd02d478ab9d\"},\"breadcrumb\":{\"@id\":\"https:\/\/nahuelproducciones.com.ar\/radioquijano\/cuando-el-agua-no-llega-la-carlota-el-paraje-olvidado-de-campo-quijano\/#breadcrumb\"},\"inLanguage\":\"es\",\"potentialAction\":[{\"@type\":\"ReadAction\",\"target\":[\"https:\/\/nahuelproducciones.com.ar\/radioquijano\/cuando-el-agua-no-llega-la-carlota-el-paraje-olvidado-de-campo-quijano\/\"]}]},{\"@type\":\"BreadcrumbList\",\"@id\":\"https:\/\/nahuelproducciones.com.ar\/radioquijano\/cuando-el-agua-no-llega-la-carlota-el-paraje-olvidado-de-campo-quijano\/#breadcrumb\",\"itemListElement\":[{\"@type\":\"ListItem\",\"position\":1,\"name\":\"Portada\",\"item\":\"https:\/\/nahuelproducciones.com.ar\/radioquijano\/\"},{\"@type\":\"ListItem\",\"position\":2,\"name\":\"\u201cCuando el agua no llega: La Carlota, el paraje olvidado de Campo Quijano\u201d\"}]},{\"@type\":\"WebSite\",\"@id\":\"https:\/\/nahuelproducciones.com.ar\/radioquijano\/#website\",\"url\":\"https:\/\/nahuelproducciones.com.ar\/radioquijano\/\",\"name\":\"RQ 99.9\",\"description\":\"Radio Quijano 99.9 MHz\",\"potentialAction\":[{\"@type\":\"SearchAction\",\"target\":{\"@type\":\"EntryPoint\",\"urlTemplate\":\"https:\/\/nahuelproducciones.com.ar\/radioquijano\/?s={search_term_string}\"},\"query-input\":\"required name=search_term_string\"}],\"inLanguage\":\"es\"},{\"@type\":\"Person\",\"@id\":\"https:\/\/nahuelproducciones.com.ar\/radioquijano\/#\/schema\/person\/b9b81a110cbdf07949e2cd02d478ab9d\",\"name\":\"Ricardo Guzman\",\"image\":{\"@type\":\"ImageObject\",\"inLanguage\":\"es\",\"@id\":\"https:\/\/nahuelproducciones.com.ar\/radioquijano\/#\/schema\/person\/image\/\",\"url\":\"https:\/\/secure.gravatar.com\/avatar\/a5d582deda251f95dc882b72fc6e7b4854f88bb25c3154519210afffa7d706e8?s=96&d=mm&r=g\",\"contentUrl\":\"https:\/\/secure.gravatar.com\/avatar\/a5d582deda251f95dc882b72fc6e7b4854f88bb25c3154519210afffa7d706e8?s=96&d=mm&r=g\",\"caption\":\"Ricardo Guzman\"},\"url\":\"https:\/\/nahuelproducciones.com.ar\/radioquijano\/author\/cady\/\"}]}<\/script>\n<!-- \/ Yoast SEO plugin. -->","yoast_head_json":{"title":"\u201cCuando el agua no llega: La Carlota, el paraje olvidado de Campo Quijano\u201d - RQ 99.9","robots":{"index":"index","follow":"follow","max-snippet":"max-snippet:-1","max-image-preview":"max-image-preview:large","max-video-preview":"max-video-preview:-1"},"canonical":"https:\/\/nahuelproducciones.com.ar\/radioquijano\/cuando-el-agua-no-llega-la-carlota-el-paraje-olvidado-de-campo-quijano\/","og_locale":"es_ES","og_type":"article","og_title":"\u201cCuando el agua no llega: La Carlota, el paraje olvidado de Campo Quijano\u201d - RQ 99.9","og_description":"En pleno siglo XXI, mientras hablamos de turismo, de corredores productivos, de grandes anuncios y de \u201cEl Portal de los Andes\u201d como marca registrada, hay una verdad inc\u00f3moda que hoy tenemos la obligaci\u00f3n de poner sobre la mesa: en Barrio La Carlota, Ruta Provincial 24 km 12, Paraje Col\u00f3n, hay familias que no tienen red [&hellip;]","og_url":"https:\/\/nahuelproducciones.com.ar\/radioquijano\/cuando-el-agua-no-llega-la-carlota-el-paraje-olvidado-de-campo-quijano\/","og_site_name":"RQ 99.9","article_publisher":"https:\/\/www.facebook.com\/nahuelproducciones999\/","article_published_time":"2025-12-10T04:01:49+00:00","article_modified_time":"2025-12-12T04:34:38+00:00","og_image":[{"width":1024,"height":644,"url":"https:\/\/nahuelproducciones.com.ar\/radioquijano\/wp-content\/uploads\/2025\/12\/nota-de-panico-1-1024x644.jpg","type":"image\/jpeg"}],"author":"Ricardo Guzman","twitter_card":"summary_large_image","twitter_creator":"@nahuproduciones","twitter_site":"@nahuproduciones","twitter_misc":{"Escrito por":"Ricardo Guzman","Tiempo de lectura":"6 minutos"},"schema":{"@context":"https:\/\/schema.org","@graph":[{"@type":"WebPage","@id":"https:\/\/nahuelproducciones.com.ar\/radioquijano\/cuando-el-agua-no-llega-la-carlota-el-paraje-olvidado-de-campo-quijano\/","url":"https:\/\/nahuelproducciones.com.ar\/radioquijano\/cuando-el-agua-no-llega-la-carlota-el-paraje-olvidado-de-campo-quijano\/","name":"\u201cCuando el agua no llega: La Carlota, el paraje olvidado de Campo Quijano\u201d - RQ 99.9","isPartOf":{"@id":"https:\/\/nahuelproducciones.com.ar\/radioquijano\/#website"},"datePublished":"2025-12-10T04:01:49+00:00","dateModified":"2025-12-12T04:34:38+00:00","author":{"@id":"https:\/\/nahuelproducciones.com.ar\/radioquijano\/#\/schema\/person\/b9b81a110cbdf07949e2cd02d478ab9d"},"breadcrumb":{"@id":"https:\/\/nahuelproducciones.com.ar\/radioquijano\/cuando-el-agua-no-llega-la-carlota-el-paraje-olvidado-de-campo-quijano\/#breadcrumb"},"inLanguage":"es","potentialAction":[{"@type":"ReadAction","target":["https:\/\/nahuelproducciones.com.ar\/radioquijano\/cuando-el-agua-no-llega-la-carlota-el-paraje-olvidado-de-campo-quijano\/"]}]},{"@type":"BreadcrumbList","@id":"https:\/\/nahuelproducciones.com.ar\/radioquijano\/cuando-el-agua-no-llega-la-carlota-el-paraje-olvidado-de-campo-quijano\/#breadcrumb","itemListElement":[{"@type":"ListItem","position":1,"name":"Portada","item":"https:\/\/nahuelproducciones.com.ar\/radioquijano\/"},{"@type":"ListItem","position":2,"name":"\u201cCuando el agua no llega: La Carlota, el paraje olvidado de Campo Quijano\u201d"}]},{"@type":"WebSite","@id":"https:\/\/nahuelproducciones.com.ar\/radioquijano\/#website","url":"https:\/\/nahuelproducciones.com.ar\/radioquijano\/","name":"RQ 99.9","description":"Radio Quijano 99.9 MHz","potentialAction":[{"@type":"SearchAction","target":{"@type":"EntryPoint","urlTemplate":"https:\/\/nahuelproducciones.com.ar\/radioquijano\/?s={search_term_string}"},"query-input":"required name=search_term_string"}],"inLanguage":"es"},{"@type":"Person","@id":"https:\/\/nahuelproducciones.com.ar\/radioquijano\/#\/schema\/person\/b9b81a110cbdf07949e2cd02d478ab9d","name":"Ricardo Guzman","image":{"@type":"ImageObject","inLanguage":"es","@id":"https:\/\/nahuelproducciones.com.ar\/radioquijano\/#\/schema\/person\/image\/","url":"https:\/\/secure.gravatar.com\/avatar\/a5d582deda251f95dc882b72fc6e7b4854f88bb25c3154519210afffa7d706e8?s=96&d=mm&r=g","contentUrl":"https:\/\/secure.gravatar.com\/avatar\/a5d582deda251f95dc882b72fc6e7b4854f88bb25c3154519210afffa7d706e8?s=96&d=mm&r=g","caption":"Ricardo Guzman"},"url":"https:\/\/nahuelproducciones.com.ar\/radioquijano\/author\/cady\/"}]}},"_links":{"self":[{"href":"https:\/\/nahuelproducciones.com.ar\/radioquijano\/wp-json\/wp\/v2\/posts\/11672","targetHints":{"allow":["GET"]}}],"collection":[{"href":"https:\/\/nahuelproducciones.com.ar\/radioquijano\/wp-json\/wp\/v2\/posts"}],"about":[{"href":"https:\/\/nahuelproducciones.com.ar\/radioquijano\/wp-json\/wp\/v2\/types\/post"}],"author":[{"embeddable":true,"href":"https:\/\/nahuelproducciones.com.ar\/radioquijano\/wp-json\/wp\/v2\/users\/6"}],"replies":[{"embeddable":true,"href":"https:\/\/nahuelproducciones.com.ar\/radioquijano\/wp-json\/wp\/v2\/comments?post=11672"}],"version-history":[{"count":4,"href":"https:\/\/nahuelproducciones.com.ar\/radioquijano\/wp-json\/wp\/v2\/posts\/11672\/revisions"}],"predecessor-version":[{"id":11683,"href":"https:\/\/nahuelproducciones.com.ar\/radioquijano\/wp-json\/wp\/v2\/posts\/11672\/revisions\/11683"}],"wp:featuredmedia":[{"embeddable":true,"href":"https:\/\/nahuelproducciones.com.ar\/radioquijano\/wp-json\/wp\/v2\/media\/11685"}],"wp:attachment":[{"href":"https:\/\/nahuelproducciones.com.ar\/radioquijano\/wp-json\/wp\/v2\/media?parent=11672"}],"wp:term":[{"taxonomy":"category","embeddable":true,"href":"https:\/\/nahuelproducciones.com.ar\/radioquijano\/wp-json\/wp\/v2\/categories?post=11672"},{"taxonomy":"post_tag","embeddable":true,"href":"https:\/\/nahuelproducciones.com.ar\/radioquijano\/wp-json\/wp\/v2\/tags?post=11672"}],"curies":[{"name":"wp","href":"https:\/\/api.w.org\/{rel}","templated":true}]}}