{"id":11686,"date":"2025-12-10T10:39:23","date_gmt":"2025-12-10T13:39:23","guid":{"rendered":"https:\/\/nahuelproducciones.com.ar\/radioquijano\/?p=11686"},"modified":"2025-12-10T10:39:23","modified_gmt":"2025-12-10T13:39:23","slug":"dia-de-la-restauracion-de-la-democracia","status":"publish","type":"post","link":"https:\/\/nahuelproducciones.com.ar\/radioquijano\/dia-de-la-restauracion-de-la-democracia\/","title":{"rendered":"D\u00eda de la Restauraci\u00f3n de la Democracia"},"content":{"rendered":"\n<p>Hoy, 10 de diciembre, recordamos uno de los d\u00edas m\u00e1s importantes de nuestra historia: el regreso de la democracia. Un d\u00eda que no naci\u00f3 de un acuerdo pol\u00edtico, sino del dolor, la lucha y el sacrificio de miles de argentinos que so\u00f1aron con un pa\u00eds libre, justo y humano.<\/p>\n\n\n\n<p>Por eso duele \u2014y mucho\u2014 ver c\u00f3mo, cuarenta a\u00f1os despu\u00e9s, algunos dirigentes parecen haber olvidado esa memoria. Duele ver decisiones tomadas a espaldas de la gente, prioridades que no son las del pueblo, intereses personales disfrazados de causas p\u00fablicas. Duele sentir que quienes deber\u00edan honrar la democracia la vac\u00edan de contenido con su indiferencia.<\/p>\n\n\n\n<p>Pero es importante decirlo con claridad: <strong>la democracia no es propiedad de los pol\u00edticos. La democracia somos nosotros<\/strong>. Cada vecino que reclama agua, seguridad o trabajo digno; cada madre que cuida a sus hijos; cada docente que ense\u00f1a; cada medio comunitario que informa; cada ciudadano que participa, pregunta y exige transparencia.<\/p>\n\n\n\n<p>Si algo nos ense\u00f1\u00f3 la historia es que los derechos se defienden todos los d\u00edas. Y aunque hoy nos atraviese la angustia, la bronca o la decepci\u00f3n, tambi\u00e9n sabemos que renunciar no es una opci\u00f3n. Porque si algo hizo grande a este pa\u00eds es la convicci\u00f3n de que el pueblo siempre vuelve a ponerse de pie.<\/p>\n\n\n\n<p>Hoy reafirmamos que la democracia se construye desde abajo, desde la verdad, desde la participaci\u00f3n y desde la memoria. Que no vamos a resignarnos. Que no vamos a callarnos. Que lo que hicieron aquellos que lucharon para recuperar la democracia <strong>no fue en vano<\/strong>.<\/p>\n\n\n\n<p>Que este 10 de diciembre nos recuerde que, aun cuando algunos la traicionen, seguimos de pie para defenderla.<\/p>\n","protected":false},"excerpt":{"rendered":"<p>Hoy, 10 de diciembre, recordamos uno de los d\u00edas m\u00e1s importantes de nuestra historia: el regreso de la democracia. Un d\u00eda que no naci\u00f3 de un acuerdo pol\u00edtico, sino del dolor, la lucha y el sacrificio de miles de argentinos que so\u00f1aron con un pa\u00eds libre, justo y humano. Por eso duele \u2014y mucho\u2014 ver [&hellip;]<\/p>\n","protected":false},"author":8,"featured_media":11687,"comment_status":"open","ping_status":"open","sticky":false,"template":"","format":"standard","meta":{"_monsterinsights_skip_tracking":false,"_monsterinsights_sitenote_active":false,"_monsterinsights_sitenote_note":"","_monsterinsights_sitenote_category":0,"footnotes":""},"categories":[16],"tags":[2017,100],"class_list":["post-11686","post","type-post","status-publish","format-standard","has-post-thumbnail","hentry","category-noticias","tag-dia-de-la-restauracion-de-la-democracia","tag-municipio-de-campo-quijano"],"yoast_head":"<!-- This site is optimized with the Yoast SEO plugin v20.8 - https:\/\/yoast.com\/wordpress\/plugins\/seo\/ -->\n<title>D\u00eda de la Restauraci\u00f3n de la Democracia - RQ 99.9<\/title>\n<meta name=\"description\" content=\"Que este 10 de diciembre nos recuerde que, aun cuando algunos la traicionen, seguimos de pie para defenderla.\" \/>\n<meta name=\"robots\" content=\"index, follow, max-snippet:-1, max-image-preview:large, max-video-preview:-1\" \/>\n<link rel=\"canonical\" href=\"https:\/\/nahuelproducciones.com.ar\/radioquijano\/dia-de-la-restauracion-de-la-democracia\/\" \/>\n<meta property=\"og:locale\" content=\"es_ES\" \/>\n<meta property=\"og:type\" content=\"article\" \/>\n<meta property=\"og:title\" content=\"D\u00eda de la Restauraci\u00f3n de la Democracia - RQ 99.9\" \/>\n<meta property=\"og:description\" content=\"Que este 10 de diciembre nos recuerde que, aun cuando algunos la traicionen, seguimos de pie para defenderla.\" \/>\n<meta property=\"og:url\" content=\"https:\/\/nahuelproducciones.com.ar\/radioquijano\/dia-de-la-restauracion-de-la-democracia\/\" \/>\n<meta property=\"og:site_name\" content=\"RQ 99.9\" \/>\n<meta property=\"article:publisher\" content=\"https:\/\/www.facebook.com\/nahuelproducciones999\/\" \/>\n<meta property=\"article:published_time\" content=\"2025-12-10T13:39:23+00:00\" \/>\n<meta property=\"og:image\" content=\"https:\/\/nahuelproducciones.com.ar\/radioquijano\/wp-content\/uploads\/2025\/12\/20-de-febrero-e1765373920121.png\" \/>\n\t<meta property=\"og:image:width\" content=\"700\" \/>\n\t<meta property=\"og:image:height\" content=\"700\" \/>\n\t<meta property=\"og:image:type\" content=\"image\/png\" \/>\n<meta name=\"author\" content=\"Cecilia Pastrana\" \/>\n<meta name=\"twitter:card\" content=\"summary_large_image\" \/>\n<meta name=\"twitter:creator\" content=\"@nahuproduciones\" \/>\n<meta name=\"twitter:site\" content=\"@nahuproduciones\" \/>\n<meta name=\"twitter:label1\" content=\"Escrito por\" \/>\n\t<meta name=\"twitter:data1\" content=\"Cecilia Pastrana\" \/>\n\t<meta name=\"twitter:label2\" content=\"Tiempo de lectura\" \/>\n\t<meta name=\"twitter:data2\" content=\"2 minutos\" \/>\n<script type=\"application\/ld+json\" class=\"yoast-schema-graph\">{\"@context\":\"https:\/\/schema.org\",\"@graph\":[{\"@type\":\"WebPage\",\"@id\":\"https:\/\/nahuelproducciones.com.ar\/radioquijano\/dia-de-la-restauracion-de-la-democracia\/\",\"url\":\"https:\/\/nahuelproducciones.com.ar\/radioquijano\/dia-de-la-restauracion-de-la-democracia\/\",\"name\":\"D\u00eda de la Restauraci\u00f3n de la Democracia - RQ 99.9\",\"isPartOf\":{\"@id\":\"https:\/\/nahuelproducciones.com.ar\/radioquijano\/#website\"},\"datePublished\":\"2025-12-10T13:39:23+00:00\",\"dateModified\":\"2025-12-10T13:39:23+00:00\",\"author\":{\"@id\":\"https:\/\/nahuelproducciones.com.ar\/radioquijano\/#\/schema\/person\/e8a4f939e2cb487fe6d0c54042c9d32c\"},\"description\":\"Que este 10 de diciembre nos recuerde que, aun cuando algunos la traicionen, seguimos de pie para defenderla.\",\"breadcrumb\":{\"@id\":\"https:\/\/nahuelproducciones.com.ar\/radioquijano\/dia-de-la-restauracion-de-la-democracia\/#breadcrumb\"},\"inLanguage\":\"es\",\"potentialAction\":[{\"@type\":\"ReadAction\",\"target\":[\"https:\/\/nahuelproducciones.com.ar\/radioquijano\/dia-de-la-restauracion-de-la-democracia\/\"]}]},{\"@type\":\"BreadcrumbList\",\"@id\":\"https:\/\/nahuelproducciones.com.ar\/radioquijano\/dia-de-la-restauracion-de-la-democracia\/#breadcrumb\",\"itemListElement\":[{\"@type\":\"ListItem\",\"position\":1,\"name\":\"Portada\",\"item\":\"https:\/\/nahuelproducciones.com.ar\/radioquijano\/\"},{\"@type\":\"ListItem\",\"position\":2,\"name\":\"D\u00eda de la Restauraci\u00f3n de la Democracia\"}]},{\"@type\":\"WebSite\",\"@id\":\"https:\/\/nahuelproducciones.com.ar\/radioquijano\/#website\",\"url\":\"https:\/\/nahuelproducciones.com.ar\/radioquijano\/\",\"name\":\"RQ 99.9\",\"description\":\"Radio Quijano 99.9 MHz\",\"potentialAction\":[{\"@type\":\"SearchAction\",\"target\":{\"@type\":\"EntryPoint\",\"urlTemplate\":\"https:\/\/nahuelproducciones.com.ar\/radioquijano\/?s={search_term_string}\"},\"query-input\":\"required name=search_term_string\"}],\"inLanguage\":\"es\"},{\"@type\":\"Person\",\"@id\":\"https:\/\/nahuelproducciones.com.ar\/radioquijano\/#\/schema\/person\/e8a4f939e2cb487fe6d0c54042c9d32c\",\"name\":\"Cecilia Pastrana\",\"image\":{\"@type\":\"ImageObject\",\"inLanguage\":\"es\",\"@id\":\"https:\/\/nahuelproducciones.com.ar\/radioquijano\/#\/schema\/person\/image\/\",\"url\":\"https:\/\/secure.gravatar.com\/avatar\/661a3ef63a8488d4f2794ed44af8cf71420f7e106f3072c40125114df5157749?s=96&d=mm&r=g\",\"contentUrl\":\"https:\/\/secure.gravatar.com\/avatar\/661a3ef63a8488d4f2794ed44af8cf71420f7e106f3072c40125114df5157749?s=96&d=mm&r=g\",\"caption\":\"Cecilia Pastrana\"},\"sameAs\":[\"cecy\"],\"url\":\"https:\/\/nahuelproducciones.com.ar\/radioquijano\/author\/cecy\/\"}]}<\/script>\n<!-- \/ Yoast SEO plugin. -->","yoast_head_json":{"title":"D\u00eda de la Restauraci\u00f3n de la Democracia - RQ 99.9","description":"Que este 10 de diciembre nos recuerde que, aun cuando algunos la traicionen, seguimos de pie para defenderla.","robots":{"index":"index","follow":"follow","max-snippet":"max-snippet:-1","max-image-preview":"max-image-preview:large","max-video-preview":"max-video-preview:-1"},"canonical":"https:\/\/nahuelproducciones.com.ar\/radioquijano\/dia-de-la-restauracion-de-la-democracia\/","og_locale":"es_ES","og_type":"article","og_title":"D\u00eda de la Restauraci\u00f3n de la Democracia - RQ 99.9","og_description":"Que este 10 de diciembre nos recuerde que, aun cuando algunos la traicionen, seguimos de pie para defenderla.","og_url":"https:\/\/nahuelproducciones.com.ar\/radioquijano\/dia-de-la-restauracion-de-la-democracia\/","og_site_name":"RQ 99.9","article_publisher":"https:\/\/www.facebook.com\/nahuelproducciones999\/","article_published_time":"2025-12-10T13:39:23+00:00","og_image":[{"width":700,"height":700,"url":"https:\/\/nahuelproducciones.com.ar\/radioquijano\/wp-content\/uploads\/2025\/12\/20-de-febrero-e1765373920121.png","type":"image\/png"}],"author":"Cecilia Pastrana","twitter_card":"summary_large_image","twitter_creator":"@nahuproduciones","twitter_site":"@nahuproduciones","twitter_misc":{"Escrito por":"Cecilia Pastrana","Tiempo de lectura":"2 minutos"},"schema":{"@context":"https:\/\/schema.org","@graph":[{"@type":"WebPage","@id":"https:\/\/nahuelproducciones.com.ar\/radioquijano\/dia-de-la-restauracion-de-la-democracia\/","url":"https:\/\/nahuelproducciones.com.ar\/radioquijano\/dia-de-la-restauracion-de-la-democracia\/","name":"D\u00eda de la Restauraci\u00f3n de la Democracia - RQ 99.9","isPartOf":{"@id":"https:\/\/nahuelproducciones.com.ar\/radioquijano\/#website"},"datePublished":"2025-12-10T13:39:23+00:00","dateModified":"2025-12-10T13:39:23+00:00","author":{"@id":"https:\/\/nahuelproducciones.com.ar\/radioquijano\/#\/schema\/person\/e8a4f939e2cb487fe6d0c54042c9d32c"},"description":"Que este 10 de diciembre nos recuerde que, aun cuando algunos la traicionen, seguimos de pie para defenderla.","breadcrumb":{"@id":"https:\/\/nahuelproducciones.com.ar\/radioquijano\/dia-de-la-restauracion-de-la-democracia\/#breadcrumb"},"inLanguage":"es","potentialAction":[{"@type":"ReadAction","target":["https:\/\/nahuelproducciones.com.ar\/radioquijano\/dia-de-la-restauracion-de-la-democracia\/"]}]},{"@type":"BreadcrumbList","@id":"https:\/\/nahuelproducciones.com.ar\/radioquijano\/dia-de-la-restauracion-de-la-democracia\/#breadcrumb","itemListElement":[{"@type":"ListItem","position":1,"name":"Portada","item":"https:\/\/nahuelproducciones.com.ar\/radioquijano\/"},{"@type":"ListItem","position":2,"name":"D\u00eda de la Restauraci\u00f3n de la Democracia"}]},{"@type":"WebSite","@id":"https:\/\/nahuelproducciones.com.ar\/radioquijano\/#website","url":"https:\/\/nahuelproducciones.com.ar\/radioquijano\/","name":"RQ 99.9","description":"Radio Quijano 99.9 MHz","potentialAction":[{"@type":"SearchAction","target":{"@type":"EntryPoint","urlTemplate":"https:\/\/nahuelproducciones.com.ar\/radioquijano\/?s={search_term_string}"},"query-input":"required name=search_term_string"}],"inLanguage":"es"},{"@type":"Person","@id":"https:\/\/nahuelproducciones.com.ar\/radioquijano\/#\/schema\/person\/e8a4f939e2cb487fe6d0c54042c9d32c","name":"Cecilia Pastrana","image":{"@type":"ImageObject","inLanguage":"es","@id":"https:\/\/nahuelproducciones.com.ar\/radioquijano\/#\/schema\/person\/image\/","url":"https:\/\/secure.gravatar.com\/avatar\/661a3ef63a8488d4f2794ed44af8cf71420f7e106f3072c40125114df5157749?s=96&d=mm&r=g","contentUrl":"https:\/\/secure.gravatar.com\/avatar\/661a3ef63a8488d4f2794ed44af8cf71420f7e106f3072c40125114df5157749?s=96&d=mm&r=g","caption":"Cecilia Pastrana"},"sameAs":["cecy"],"url":"https:\/\/nahuelproducciones.com.ar\/radioquijano\/author\/cecy\/"}]}},"_links":{"self":[{"href":"https:\/\/nahuelproducciones.com.ar\/radioquijano\/wp-json\/wp\/v2\/posts\/11686","targetHints":{"allow":["GET"]}}],"collection":[{"href":"https:\/\/nahuelproducciones.com.ar\/radioquijano\/wp-json\/wp\/v2\/posts"}],"about":[{"href":"https:\/\/nahuelproducciones.com.ar\/radioquijano\/wp-json\/wp\/v2\/types\/post"}],"author":[{"embeddable":true,"href":"https:\/\/nahuelproducciones.com.ar\/radioquijano\/wp-json\/wp\/v2\/users\/8"}],"replies":[{"embeddable":true,"href":"https:\/\/nahuelproducciones.com.ar\/radioquijano\/wp-json\/wp\/v2\/comments?post=11686"}],"version-history":[{"count":1,"href":"https:\/\/nahuelproducciones.com.ar\/radioquijano\/wp-json\/wp\/v2\/posts\/11686\/revisions"}],"predecessor-version":[{"id":11688,"href":"https:\/\/nahuelproducciones.com.ar\/radioquijano\/wp-json\/wp\/v2\/posts\/11686\/revisions\/11688"}],"wp:featuredmedia":[{"embeddable":true,"href":"https:\/\/nahuelproducciones.com.ar\/radioquijano\/wp-json\/wp\/v2\/media\/11687"}],"wp:attachment":[{"href":"https:\/\/nahuelproducciones.com.ar\/radioquijano\/wp-json\/wp\/v2\/media?parent=11686"}],"wp:term":[{"taxonomy":"category","embeddable":true,"href":"https:\/\/nahuelproducciones.com.ar\/radioquijano\/wp-json\/wp\/v2\/categories?post=11686"},{"taxonomy":"post_tag","embeddable":true,"href":"https:\/\/nahuelproducciones.com.ar\/radioquijano\/wp-json\/wp\/v2\/tags?post=11686"}],"curies":[{"name":"wp","href":"https:\/\/api.w.org\/{rel}","templated":true}]}}