{"id":11689,"date":"2025-12-11T12:43:18","date_gmt":"2025-12-11T15:43:18","guid":{"rendered":"https:\/\/nahuelproducciones.com.ar\/radioquijano\/?p=11689"},"modified":"2025-12-12T00:54:26","modified_gmt":"2025-12-12T03:54:26","slug":"campo-quijano-el-concejo-deliberante-definio-sus-nuevas-autoridades-en-la-sesion-preparatoria","status":"publish","type":"post","link":"https:\/\/nahuelproducciones.com.ar\/radioquijano\/campo-quijano-el-concejo-deliberante-definio-sus-nuevas-autoridades-en-la-sesion-preparatoria\/","title":{"rendered":"Campo Quijano: el Concejo Deliberante defini\u00f3 sus nuevas autoridades en la sesi\u00f3n preparatoria"},"content":{"rendered":"\n<p>En la Sesi\u00f3n Preparatoria realizada este <strong>10 de diciembre de 2025<\/strong>, el Concejo Deliberante de <strong>Campo Quijano<\/strong> design\u00f3 a las nuevas autoridades que estar\u00e1n al frente del cuerpo legislativo durante el pr\u00f3ximo periodo .<\/p>\n\n\n\n<p>La jornada se desarroll\u00f3 con normalidad y cont\u00f3 con la presencia de los concejales electos, quienes procedieron a votar los cargos correspondientes a la mesa de conducci\u00f3n y \u00e1reas administrativas del Concejo.<\/p>\n\n\n\n<p>Las nuevas autoridades quedaron conformadas de la siguiente manera:<\/p>\n\n\n\n<ul class=\"wp-block-list\">\n<li><strong>Presidente:<\/strong> Falcone Santiago Tom\u00e1s<\/li>\n\n\n\n<li><strong>Vicepresidente 1\u00b0:<\/strong> Torres Gloria Lorena<\/li>\n\n\n\n<li><strong>Vicepresidente 2\u00ba:<\/strong> Montero Pablo Nicola<\/li>\n\n\n\n<li><strong>Secretario Parlamentario:<\/strong> Reyes Luis Fernando<\/li>\n\n\n\n<li><strong>Secretaria Administrativa:<\/strong> Liendro F\u00e1tima<\/li>\n\n\n\n<li><strong>Prosecretario:<\/strong> Alanjay Gabriel<\/li>\n\n\n\n<li><strong>Auxiliar Administrativo:<\/strong> Salva Jos\u00e9<\/li>\n<\/ul>\n\n\n\n<p>Con esta designaci\u00f3n, el Concejo Deliberante inicia formalmente su funcionamiento para el per\u00edodo legislativo 2025\u20132026, marcando el comienzo de una nueva etapa .<\/p>\n\n\n\n<p><\/p>\n","protected":false},"excerpt":{"rendered":"<p>En la Sesi\u00f3n Preparatoria realizada este 10 de diciembre de 2025, el Concejo Deliberante de Campo Quijano design\u00f3 a las nuevas autoridades que estar\u00e1n al frente del cuerpo legislativo durante el pr\u00f3ximo periodo . La jornada se desarroll\u00f3 con normalidad y cont\u00f3 con la presencia de los concejales electos, quienes procedieron a votar los cargos [&hellip;]<\/p>\n","protected":false},"author":8,"featured_media":11690,"comment_status":"open","ping_status":"open","sticky":false,"template":"","format":"standard","meta":{"_monsterinsights_skip_tracking":false,"_monsterinsights_sitenote_active":false,"_monsterinsights_sitenote_note":"","_monsterinsights_sitenote_category":0,"footnotes":""},"categories":[16],"tags":[75,2018,100],"class_list":["post-11689","post","type-post","status-publish","format-standard","has-post-thumbnail","hentry","category-noticias","tag-concejo-deliberante-de-campo-quijano","tag-falcone-santiago-tomas","tag-municipio-de-campo-quijano"],"yoast_head":"<!-- This site is optimized with the Yoast SEO plugin v20.8 - https:\/\/yoast.com\/wordpress\/plugins\/seo\/ -->\n<title>Campo Quijano: el Concejo Deliberante defini\u00f3 sus nuevas autoridades en la sesi\u00f3n preparatoria - RQ 99.9<\/title>\n<meta name=\"description\" content=\"Con esta designaci\u00f3n, el Concejo Deliberante inicia formalmente su funcionamiento para el per\u00edodo legislativo 2025\u20132026, marcando el comienzo de una nueva etapa.\" \/>\n<meta name=\"robots\" content=\"index, follow, max-snippet:-1, max-image-preview:large, max-video-preview:-1\" \/>\n<link rel=\"canonical\" href=\"https:\/\/nahuelproducciones.com.ar\/radioquijano\/campo-quijano-el-concejo-deliberante-definio-sus-nuevas-autoridades-en-la-sesion-preparatoria\/\" \/>\n<meta property=\"og:locale\" content=\"es_ES\" \/>\n<meta property=\"og:type\" content=\"article\" \/>\n<meta property=\"og:title\" content=\"Campo Quijano: el Concejo Deliberante defini\u00f3 sus nuevas autoridades en la sesi\u00f3n preparatoria - RQ 99.9\" \/>\n<meta property=\"og:description\" content=\"Con esta designaci\u00f3n, el Concejo Deliberante inicia formalmente su funcionamiento para el per\u00edodo legislativo 2025\u20132026, marcando el comienzo de una nueva etapa.\" \/>\n<meta property=\"og:url\" content=\"https:\/\/nahuelproducciones.com.ar\/radioquijano\/campo-quijano-el-concejo-deliberante-definio-sus-nuevas-autoridades-en-la-sesion-preparatoria\/\" \/>\n<meta property=\"og:site_name\" content=\"RQ 99.9\" \/>\n<meta property=\"article:publisher\" content=\"https:\/\/www.facebook.com\/nahuelproducciones999\/\" \/>\n<meta property=\"article:published_time\" content=\"2025-12-11T15:43:18+00:00\" \/>\n<meta property=\"article:modified_time\" content=\"2025-12-12T03:54:26+00:00\" \/>\n<meta property=\"og:image\" content=\"https:\/\/nahuelproducciones.com.ar\/radioquijano\/wp-content\/uploads\/2025\/12\/WhatsApp-Image-2025-12-11-at-12.27.36-PM-e1765467749517.jpeg\" \/>\n\t<meta property=\"og:image:width\" content=\"700\" \/>\n\t<meta property=\"og:image:height\" content=\"527\" \/>\n\t<meta property=\"og:image:type\" content=\"image\/jpeg\" \/>\n<meta name=\"author\" content=\"Cecilia Pastrana\" \/>\n<meta name=\"twitter:card\" content=\"summary_large_image\" \/>\n<meta name=\"twitter:creator\" content=\"@nahuproduciones\" \/>\n<meta name=\"twitter:site\" content=\"@nahuproduciones\" \/>\n<meta name=\"twitter:label1\" content=\"Escrito por\" \/>\n\t<meta name=\"twitter:data1\" content=\"Cecilia Pastrana\" \/>\n\t<meta name=\"twitter:label2\" content=\"Tiempo de lectura\" \/>\n\t<meta name=\"twitter:data2\" content=\"1 minuto\" \/>\n<script type=\"application\/ld+json\" class=\"yoast-schema-graph\">{\"@context\":\"https:\/\/schema.org\",\"@graph\":[{\"@type\":\"WebPage\",\"@id\":\"https:\/\/nahuelproducciones.com.ar\/radioquijano\/campo-quijano-el-concejo-deliberante-definio-sus-nuevas-autoridades-en-la-sesion-preparatoria\/\",\"url\":\"https:\/\/nahuelproducciones.com.ar\/radioquijano\/campo-quijano-el-concejo-deliberante-definio-sus-nuevas-autoridades-en-la-sesion-preparatoria\/\",\"name\":\"Campo Quijano: el Concejo Deliberante defini\u00f3 sus nuevas autoridades en la sesi\u00f3n preparatoria - RQ 99.9\",\"isPartOf\":{\"@id\":\"https:\/\/nahuelproducciones.com.ar\/radioquijano\/#website\"},\"datePublished\":\"2025-12-11T15:43:18+00:00\",\"dateModified\":\"2025-12-12T03:54:26+00:00\",\"author\":{\"@id\":\"https:\/\/nahuelproducciones.com.ar\/radioquijano\/#\/schema\/person\/e8a4f939e2cb487fe6d0c54042c9d32c\"},\"description\":\"Con esta designaci\u00f3n, el Concejo Deliberante inicia formalmente su funcionamiento para el per\u00edodo legislativo 2025\u20132026, marcando el comienzo de una nueva etapa.\",\"breadcrumb\":{\"@id\":\"https:\/\/nahuelproducciones.com.ar\/radioquijano\/campo-quijano-el-concejo-deliberante-definio-sus-nuevas-autoridades-en-la-sesion-preparatoria\/#breadcrumb\"},\"inLanguage\":\"es\",\"potentialAction\":[{\"@type\":\"ReadAction\",\"target\":[\"https:\/\/nahuelproducciones.com.ar\/radioquijano\/campo-quijano-el-concejo-deliberante-definio-sus-nuevas-autoridades-en-la-sesion-preparatoria\/\"]}]},{\"@type\":\"BreadcrumbList\",\"@id\":\"https:\/\/nahuelproducciones.com.ar\/radioquijano\/campo-quijano-el-concejo-deliberante-definio-sus-nuevas-autoridades-en-la-sesion-preparatoria\/#breadcrumb\",\"itemListElement\":[{\"@type\":\"ListItem\",\"position\":1,\"name\":\"Portada\",\"item\":\"https:\/\/nahuelproducciones.com.ar\/radioquijano\/\"},{\"@type\":\"ListItem\",\"position\":2,\"name\":\"Campo Quijano: el Concejo Deliberante defini\u00f3 sus nuevas autoridades en la sesi\u00f3n preparatoria\"}]},{\"@type\":\"WebSite\",\"@id\":\"https:\/\/nahuelproducciones.com.ar\/radioquijano\/#website\",\"url\":\"https:\/\/nahuelproducciones.com.ar\/radioquijano\/\",\"name\":\"RQ 99.9\",\"description\":\"Radio Quijano 99.9 MHz\",\"potentialAction\":[{\"@type\":\"SearchAction\",\"target\":{\"@type\":\"EntryPoint\",\"urlTemplate\":\"https:\/\/nahuelproducciones.com.ar\/radioquijano\/?s={search_term_string}\"},\"query-input\":\"required name=search_term_string\"}],\"inLanguage\":\"es\"},{\"@type\":\"Person\",\"@id\":\"https:\/\/nahuelproducciones.com.ar\/radioquijano\/#\/schema\/person\/e8a4f939e2cb487fe6d0c54042c9d32c\",\"name\":\"Cecilia Pastrana\",\"image\":{\"@type\":\"ImageObject\",\"inLanguage\":\"es\",\"@id\":\"https:\/\/nahuelproducciones.com.ar\/radioquijano\/#\/schema\/person\/image\/\",\"url\":\"https:\/\/secure.gravatar.com\/avatar\/661a3ef63a8488d4f2794ed44af8cf71420f7e106f3072c40125114df5157749?s=96&d=mm&r=g\",\"contentUrl\":\"https:\/\/secure.gravatar.com\/avatar\/661a3ef63a8488d4f2794ed44af8cf71420f7e106f3072c40125114df5157749?s=96&d=mm&r=g\",\"caption\":\"Cecilia Pastrana\"},\"sameAs\":[\"cecy\"],\"url\":\"https:\/\/nahuelproducciones.com.ar\/radioquijano\/author\/cecy\/\"}]}<\/script>\n<!-- \/ Yoast SEO plugin. -->","yoast_head_json":{"title":"Campo Quijano: el Concejo Deliberante defini\u00f3 sus nuevas autoridades en la sesi\u00f3n preparatoria - RQ 99.9","description":"Con esta designaci\u00f3n, el Concejo Deliberante inicia formalmente su funcionamiento para el per\u00edodo legislativo 2025\u20132026, marcando el comienzo de una nueva etapa.","robots":{"index":"index","follow":"follow","max-snippet":"max-snippet:-1","max-image-preview":"max-image-preview:large","max-video-preview":"max-video-preview:-1"},"canonical":"https:\/\/nahuelproducciones.com.ar\/radioquijano\/campo-quijano-el-concejo-deliberante-definio-sus-nuevas-autoridades-en-la-sesion-preparatoria\/","og_locale":"es_ES","og_type":"article","og_title":"Campo Quijano: el Concejo Deliberante defini\u00f3 sus nuevas autoridades en la sesi\u00f3n preparatoria - RQ 99.9","og_description":"Con esta designaci\u00f3n, el Concejo Deliberante inicia formalmente su funcionamiento para el per\u00edodo legislativo 2025\u20132026, marcando el comienzo de una nueva etapa.","og_url":"https:\/\/nahuelproducciones.com.ar\/radioquijano\/campo-quijano-el-concejo-deliberante-definio-sus-nuevas-autoridades-en-la-sesion-preparatoria\/","og_site_name":"RQ 99.9","article_publisher":"https:\/\/www.facebook.com\/nahuelproducciones999\/","article_published_time":"2025-12-11T15:43:18+00:00","article_modified_time":"2025-12-12T03:54:26+00:00","og_image":[{"width":700,"height":527,"url":"https:\/\/nahuelproducciones.com.ar\/radioquijano\/wp-content\/uploads\/2025\/12\/WhatsApp-Image-2025-12-11-at-12.27.36-PM-e1765467749517.jpeg","type":"image\/jpeg"}],"author":"Cecilia Pastrana","twitter_card":"summary_large_image","twitter_creator":"@nahuproduciones","twitter_site":"@nahuproduciones","twitter_misc":{"Escrito por":"Cecilia Pastrana","Tiempo de lectura":"1 minuto"},"schema":{"@context":"https:\/\/schema.org","@graph":[{"@type":"WebPage","@id":"https:\/\/nahuelproducciones.com.ar\/radioquijano\/campo-quijano-el-concejo-deliberante-definio-sus-nuevas-autoridades-en-la-sesion-preparatoria\/","url":"https:\/\/nahuelproducciones.com.ar\/radioquijano\/campo-quijano-el-concejo-deliberante-definio-sus-nuevas-autoridades-en-la-sesion-preparatoria\/","name":"Campo Quijano: el Concejo Deliberante defini\u00f3 sus nuevas autoridades en la sesi\u00f3n preparatoria - RQ 99.9","isPartOf":{"@id":"https:\/\/nahuelproducciones.com.ar\/radioquijano\/#website"},"datePublished":"2025-12-11T15:43:18+00:00","dateModified":"2025-12-12T03:54:26+00:00","author":{"@id":"https:\/\/nahuelproducciones.com.ar\/radioquijano\/#\/schema\/person\/e8a4f939e2cb487fe6d0c54042c9d32c"},"description":"Con esta designaci\u00f3n, el Concejo Deliberante inicia formalmente su funcionamiento para el per\u00edodo legislativo 2025\u20132026, marcando el comienzo de una nueva etapa.","breadcrumb":{"@id":"https:\/\/nahuelproducciones.com.ar\/radioquijano\/campo-quijano-el-concejo-deliberante-definio-sus-nuevas-autoridades-en-la-sesion-preparatoria\/#breadcrumb"},"inLanguage":"es","potentialAction":[{"@type":"ReadAction","target":["https:\/\/nahuelproducciones.com.ar\/radioquijano\/campo-quijano-el-concejo-deliberante-definio-sus-nuevas-autoridades-en-la-sesion-preparatoria\/"]}]},{"@type":"BreadcrumbList","@id":"https:\/\/nahuelproducciones.com.ar\/radioquijano\/campo-quijano-el-concejo-deliberante-definio-sus-nuevas-autoridades-en-la-sesion-preparatoria\/#breadcrumb","itemListElement":[{"@type":"ListItem","position":1,"name":"Portada","item":"https:\/\/nahuelproducciones.com.ar\/radioquijano\/"},{"@type":"ListItem","position":2,"name":"Campo Quijano: el Concejo Deliberante defini\u00f3 sus nuevas autoridades en la sesi\u00f3n preparatoria"}]},{"@type":"WebSite","@id":"https:\/\/nahuelproducciones.com.ar\/radioquijano\/#website","url":"https:\/\/nahuelproducciones.com.ar\/radioquijano\/","name":"RQ 99.9","description":"Radio Quijano 99.9 MHz","potentialAction":[{"@type":"SearchAction","target":{"@type":"EntryPoint","urlTemplate":"https:\/\/nahuelproducciones.com.ar\/radioquijano\/?s={search_term_string}"},"query-input":"required name=search_term_string"}],"inLanguage":"es"},{"@type":"Person","@id":"https:\/\/nahuelproducciones.com.ar\/radioquijano\/#\/schema\/person\/e8a4f939e2cb487fe6d0c54042c9d32c","name":"Cecilia Pastrana","image":{"@type":"ImageObject","inLanguage":"es","@id":"https:\/\/nahuelproducciones.com.ar\/radioquijano\/#\/schema\/person\/image\/","url":"https:\/\/secure.gravatar.com\/avatar\/661a3ef63a8488d4f2794ed44af8cf71420f7e106f3072c40125114df5157749?s=96&d=mm&r=g","contentUrl":"https:\/\/secure.gravatar.com\/avatar\/661a3ef63a8488d4f2794ed44af8cf71420f7e106f3072c40125114df5157749?s=96&d=mm&r=g","caption":"Cecilia Pastrana"},"sameAs":["cecy"],"url":"https:\/\/nahuelproducciones.com.ar\/radioquijano\/author\/cecy\/"}]}},"_links":{"self":[{"href":"https:\/\/nahuelproducciones.com.ar\/radioquijano\/wp-json\/wp\/v2\/posts\/11689","targetHints":{"allow":["GET"]}}],"collection":[{"href":"https:\/\/nahuelproducciones.com.ar\/radioquijano\/wp-json\/wp\/v2\/posts"}],"about":[{"href":"https:\/\/nahuelproducciones.com.ar\/radioquijano\/wp-json\/wp\/v2\/types\/post"}],"author":[{"embeddable":true,"href":"https:\/\/nahuelproducciones.com.ar\/radioquijano\/wp-json\/wp\/v2\/users\/8"}],"replies":[{"embeddable":true,"href":"https:\/\/nahuelproducciones.com.ar\/radioquijano\/wp-json\/wp\/v2\/comments?post=11689"}],"version-history":[{"count":2,"href":"https:\/\/nahuelproducciones.com.ar\/radioquijano\/wp-json\/wp\/v2\/posts\/11689\/revisions"}],"predecessor-version":[{"id":11698,"href":"https:\/\/nahuelproducciones.com.ar\/radioquijano\/wp-json\/wp\/v2\/posts\/11689\/revisions\/11698"}],"wp:featuredmedia":[{"embeddable":true,"href":"https:\/\/nahuelproducciones.com.ar\/radioquijano\/wp-json\/wp\/v2\/media\/11690"}],"wp:attachment":[{"href":"https:\/\/nahuelproducciones.com.ar\/radioquijano\/wp-json\/wp\/v2\/media?parent=11689"}],"wp:term":[{"taxonomy":"category","embeddable":true,"href":"https:\/\/nahuelproducciones.com.ar\/radioquijano\/wp-json\/wp\/v2\/categories?post=11689"},{"taxonomy":"post_tag","embeddable":true,"href":"https:\/\/nahuelproducciones.com.ar\/radioquijano\/wp-json\/wp\/v2\/tags?post=11689"}],"curies":[{"name":"wp","href":"https:\/\/api.w.org\/{rel}","templated":true}]}}