{"id":11712,"date":"2025-12-12T01:25:58","date_gmt":"2025-12-12T04:25:58","guid":{"rendered":"https:\/\/nahuelproducciones.com.ar\/radioquijano\/?p=11712"},"modified":"2025-12-12T01:54:09","modified_gmt":"2025-12-12T04:54:09","slug":"polemica-en-la-jura-de-concejales-y-quien-es-jorge-pastrana-el-ciudadano-que-tomo-juramento","status":"publish","type":"post","link":"https:\/\/nahuelproducciones.com.ar\/radioquijano\/polemica-en-la-jura-de-concejales-y-quien-es-jorge-pastrana-el-ciudadano-que-tomo-juramento\/","title":{"rendered":"Pol\u00e9mica en la Jura de Concejales y qui\u00e9n es Jorge Pastrana, el ciudadano que tom\u00f3 juramento"},"content":{"rendered":"\n<p> La sesi\u00f3n preparatoria del Concejo Deliberante de Campo Quijano,  vivi\u00f3 un momento at\u00edpico cuando la presidenta del cuerpo saliente anunci\u00f3 que <strong>no tomar\u00eda juramento<\/strong> a los concejales entrantes, manifestando que no lo har\u00eda debido a que no ser\u00eda elegida como presidenta en la nueva conformaci\u00f3n del Concejo.<\/p>\n\n\n\n<p>Ante esta situaci\u00f3n, y tras una breve consulta con la Secretar\u00eda Parlamentaria, se record\u00f3 que en otras oportunidades se hab\u00eda permitido que <strong>familiares de los concejales<\/strong> tomaran juramento. Con ese antecedente, se decidi\u00f3 proceder de igual manera.<\/p>\n\n\n\n<p>Fue as\u00ed como la concejal electa <strong>Sra.Adriana Tolaba<\/strong> solicit\u00f3 que su esposo, <strong>Jorge Pastrana<\/strong>, fuese la persona encargada de tomarle juramento. La decisi\u00f3n gener\u00f3 un intercambio en el recinto: desde el fondo del sal\u00f3n, el exconcejal Carlos Cruz manifest\u00f3 en voz alta que el juramento \u201cno se ajustaba a las normas\u201d, aunque <strong>no mencion\u00f3 la normativa<\/strong> a la que se refer\u00eda. Y un vecino pregunt\u00f3: <em>\u201c\u00bfY qui\u00e9n es Jorge Pastrana?\u201d<\/em><\/p>\n\n\n\n<p>Durante la sesi\u00f3n no se ofreci\u00f3 ninguna respuesta ni explicaci\u00f3n sobre su identidad. El acto continu\u00f3 y se complet\u00f3 la toma de juramentos.<\/p>\n\n\n\n<p>Por ese motivo, y ante la consulta de la comunidad, este medio considera importante <strong>aclarar qui\u00e9n es la persona que tom\u00f3 juramento<\/strong>, m\u00e1s all\u00e1 de ser el esposo de la concejal Tolaba.<\/p>\n\n\n\n<h2 class=\"wp-block-heading\"><strong>\u00bfQui\u00e9n es Jorge Pastrana?<\/strong><\/h2>\n\n\n\n<blockquote class=\"wp-block-quote is-layout-flow wp-block-quote-is-layout-flow\">\n<p>Jorge Pastrana es <strong>Veterano de la Guerra de Malvinas<\/strong> y ex tripulante del Crucero ARA General Belgrano.<\/p>\n\n\n\n<p>Ingres\u00f3 a la Armada Argentina a los 17 a\u00f1os, cursando dos a\u00f1os en la Escuela de Mec\u00e1nica de la Armada (ESMA). En diciembre de 1981 egres\u00f3 como <strong>Cabo Segundo Radiotelegrafista<\/strong>, siendo destinado directamente al Crucero ARA General Belgrano.<\/p>\n\n\n\n<p>Durante el conflicto de Malvinas, el 16 de abril de 1982, el crucero zarp\u00f3 hacia el Teatro de Operaciones Malvinas (TOM) y el Atl\u00e1ntico Sur (TOAS). El 2 de mayo, a las 16:00, el ARA Belgrano recibi\u00f3 dos torpedos del submarino brit\u00e1nico HMS Conqueror, hundi\u00e9ndose una hora despu\u00e9s y dejando 323 marinos fallecidos.<\/p>\n\n\n\n<p>Pastrana sobrevivi\u00f3 al hundimiento: permaneci\u00f3 <strong>42 horas en una balsa<\/strong>, junto a otros seis tripulantes, hasta ser rescatado por el destructor ARA Piedra Buena. Al d\u00eda siguiente arribaron a Ushuaia y posteriormente fueron trasladados a Bah\u00eda Blanca y a la Base Naval Puerto Belgrano.<\/p>\n\n\n\n<p>Tras la guerra, continu\u00f3 prestando servicio en la Armada hasta completar <strong>35 a\u00f1os de carrera<\/strong>, retir\u00e1ndose el 1 de febrero de 2015.<\/p>\n\n\n\n<p><strong>Distinciones recibidas:<\/strong><\/p>\n\n\n\n<ul class=\"wp-block-list\">\n<li>Condecoraci\u00f3n del <strong>Congreso de la Naci\u00f3n Argentina<\/strong>.<\/li>\n\n\n\n<li>Reconocimientos de la <strong>Armada Argentina<\/strong> por participaci\u00f3n en el TOM y TOAS y como ex tripulante del Belgrano.<\/li>\n\n\n\n<li>Distinci\u00f3n del <strong>Gobierno de Santa Cruz<\/strong> a los H\u00e9roes de la Patria.<\/li>\n<\/ul>\n<\/blockquote>\n\n\n\n<p>Con esta informaci\u00f3n, buscamos <strong>brindar claridad a la comunidad<\/strong> sobre qui\u00e9n es la persona que tom\u00f3 juramento en la sesi\u00f3n, dado que su identidad gener\u00f3 consultas y comentarios posteriores al acto legislativo.<\/p>\n\n\n\n<p><strong>Cabe destacar que la presencia de un H\u00e9roe de Malvinas en el recinto representa un verdadero honor para la comunidad: su sola figura convoca al respeto y nos invita a reflexionar sobre el valor, la entrega y el amor a la Patria, principios que deber\u00edan inspirar y guiar siempre el ejercicio de la funci\u00f3n p\u00fablica.<\/strong><\/p>\n\n\n\n<p><strong><em>TOMA DE JURAMENTO A CONCEJALES ELECTOS 2025 &#8211; 2029<\/em><\/strong><\/p>\n\n\n\n<figure class=\"wp-block-video\"><video controls src=\"https:\/\/nahuelproducciones.com.ar\/radioquijano\/wp-content\/uploads\/2025\/12\/1.1K-views-\uff5c-Ricardo-Edgardo-Guzman-on-Reels.mp4\"><\/video><\/figure>\n\n\n\n<p><strong><em>La concejal Adriana Tolaba preside provisionalmente la Sesi\u00f3n Preparatoria y, en los primeros minutos del video, explica la situaci\u00f3n por la cual su esposo le tom\u00f3 juramento.<\/em><\/strong><\/p>\n\n\n\n<figure class=\"wp-block-video\"><video controls src=\"https:\/\/nahuelproducciones.com.ar\/radioquijano\/wp-content\/uploads\/2025\/12\/SESION-PREPARATORIA-La-concejal-Adriana-Tolaba-preside-provisionalmente-la-sesion.-\uff5c-Ricardo-Edgardo-Guzman.mp4\"><\/video><\/figure>\n","protected":false},"excerpt":{"rendered":"<p>La sesi\u00f3n preparatoria del Concejo Deliberante de Campo Quijano, vivi\u00f3 un momento at\u00edpico cuando la presidenta del cuerpo saliente anunci\u00f3 que no tomar\u00eda juramento a los concejales entrantes, manifestando que no lo har\u00eda debido a que no ser\u00eda elegida como presidenta en la nueva conformaci\u00f3n del Concejo. Ante esta situaci\u00f3n, y tras una breve consulta [&hellip;]<\/p>\n","protected":false},"author":8,"featured_media":11713,"comment_status":"open","ping_status":"open","sticky":false,"template":"","format":"standard","meta":{"_monsterinsights_skip_tracking":false,"_monsterinsights_sitenote_active":false,"_monsterinsights_sitenote_note":"","_monsterinsights_sitenote_category":0,"footnotes":""},"categories":[16],"tags":[75,2026,100,2025],"class_list":["post-11712","post","type-post","status-publish","format-standard","has-post-thumbnail","hentry","category-noticias","tag-concejo-deliberante-de-campo-quijano","tag-jorge-pastrana","tag-municipio-de-campo-quijano","tag-toma-de-juramento"],"yoast_head":"<!-- This site is optimized with the Yoast SEO plugin v20.8 - https:\/\/yoast.com\/wordpress\/plugins\/seo\/ -->\n<title>Pol\u00e9mica en la Jura de Concejales y qui\u00e9n es Jorge Pastrana, el ciudadano que tom\u00f3 juramento - RQ 99.9<\/title>\n<meta name=\"description\" content=\"La presencia de un H\u00e9roe de Malvinas en el recinto representa un verdadero honor para la comunidad: su sola figura convoca al respeto y nos invita a reflexionar sobre el valor, la entrega y el amor a la Patria, principios que deber\u00edan inspirar y guiar siempre el ejercicio de la funci\u00f3n p\u00fablica.\" \/>\n<meta name=\"robots\" content=\"index, follow, max-snippet:-1, max-image-preview:large, max-video-preview:-1\" \/>\n<link rel=\"canonical\" href=\"https:\/\/nahuelproducciones.com.ar\/radioquijano\/polemica-en-la-jura-de-concejales-y-quien-es-jorge-pastrana-el-ciudadano-que-tomo-juramento\/\" \/>\n<meta property=\"og:locale\" content=\"es_ES\" \/>\n<meta property=\"og:type\" content=\"article\" \/>\n<meta property=\"og:title\" content=\"Pol\u00e9mica en la Jura de Concejales y qui\u00e9n es Jorge Pastrana, el ciudadano que tom\u00f3 juramento - RQ 99.9\" \/>\n<meta property=\"og:description\" content=\"La presencia de un H\u00e9roe de Malvinas en el recinto representa un verdadero honor para la comunidad: su sola figura convoca al respeto y nos invita a reflexionar sobre el valor, la entrega y el amor a la Patria, principios que deber\u00edan inspirar y guiar siempre el ejercicio de la funci\u00f3n p\u00fablica.\" \/>\n<meta property=\"og:url\" content=\"https:\/\/nahuelproducciones.com.ar\/radioquijano\/polemica-en-la-jura-de-concejales-y-quien-es-jorge-pastrana-el-ciudadano-que-tomo-juramento\/\" \/>\n<meta property=\"og:site_name\" content=\"RQ 99.9\" \/>\n<meta property=\"article:publisher\" content=\"https:\/\/www.facebook.com\/nahuelproducciones999\/\" \/>\n<meta property=\"article:published_time\" content=\"2025-12-12T04:25:58+00:00\" \/>\n<meta property=\"article:modified_time\" content=\"2025-12-12T04:54:09+00:00\" \/>\n<meta property=\"og:image\" content=\"https:\/\/nahuelproducciones.com.ar\/radioquijano\/wp-content\/uploads\/2025\/12\/WhatsApp-Image-2025-12-12-at-1.01.43-AM-e1765512987967.jpeg\" \/>\n\t<meta property=\"og:image:width\" content=\"700\" \/>\n\t<meta property=\"og:image:height\" content=\"1000\" \/>\n\t<meta property=\"og:image:type\" content=\"image\/jpeg\" \/>\n<meta name=\"author\" content=\"Cecilia Pastrana\" \/>\n<meta name=\"twitter:card\" content=\"summary_large_image\" \/>\n<meta name=\"twitter:creator\" content=\"@nahuproduciones\" \/>\n<meta name=\"twitter:site\" content=\"@nahuproduciones\" \/>\n<meta name=\"twitter:label1\" content=\"Escrito por\" \/>\n\t<meta name=\"twitter:data1\" content=\"Cecilia Pastrana\" \/>\n\t<meta name=\"twitter:label2\" content=\"Tiempo de lectura\" \/>\n\t<meta name=\"twitter:data2\" content=\"3 minutos\" \/>\n<script type=\"application\/ld+json\" class=\"yoast-schema-graph\">{\"@context\":\"https:\/\/schema.org\",\"@graph\":[{\"@type\":\"WebPage\",\"@id\":\"https:\/\/nahuelproducciones.com.ar\/radioquijano\/polemica-en-la-jura-de-concejales-y-quien-es-jorge-pastrana-el-ciudadano-que-tomo-juramento\/\",\"url\":\"https:\/\/nahuelproducciones.com.ar\/radioquijano\/polemica-en-la-jura-de-concejales-y-quien-es-jorge-pastrana-el-ciudadano-que-tomo-juramento\/\",\"name\":\"Pol\u00e9mica en la Jura de Concejales y qui\u00e9n es Jorge Pastrana, el ciudadano que tom\u00f3 juramento - RQ 99.9\",\"isPartOf\":{\"@id\":\"https:\/\/nahuelproducciones.com.ar\/radioquijano\/#website\"},\"datePublished\":\"2025-12-12T04:25:58+00:00\",\"dateModified\":\"2025-12-12T04:54:09+00:00\",\"author\":{\"@id\":\"https:\/\/nahuelproducciones.com.ar\/radioquijano\/#\/schema\/person\/e8a4f939e2cb487fe6d0c54042c9d32c\"},\"description\":\"La presencia de un H\u00e9roe de Malvinas en el recinto representa un verdadero honor para la comunidad: su sola figura convoca al respeto y nos invita a reflexionar sobre el valor, la entrega y el amor a la Patria, principios que deber\u00edan inspirar y guiar siempre el ejercicio de la funci\u00f3n p\u00fablica.\",\"breadcrumb\":{\"@id\":\"https:\/\/nahuelproducciones.com.ar\/radioquijano\/polemica-en-la-jura-de-concejales-y-quien-es-jorge-pastrana-el-ciudadano-que-tomo-juramento\/#breadcrumb\"},\"inLanguage\":\"es\",\"potentialAction\":[{\"@type\":\"ReadAction\",\"target\":[\"https:\/\/nahuelproducciones.com.ar\/radioquijano\/polemica-en-la-jura-de-concejales-y-quien-es-jorge-pastrana-el-ciudadano-que-tomo-juramento\/\"]}]},{\"@type\":\"BreadcrumbList\",\"@id\":\"https:\/\/nahuelproducciones.com.ar\/radioquijano\/polemica-en-la-jura-de-concejales-y-quien-es-jorge-pastrana-el-ciudadano-que-tomo-juramento\/#breadcrumb\",\"itemListElement\":[{\"@type\":\"ListItem\",\"position\":1,\"name\":\"Portada\",\"item\":\"https:\/\/nahuelproducciones.com.ar\/radioquijano\/\"},{\"@type\":\"ListItem\",\"position\":2,\"name\":\"Pol\u00e9mica en la Jura de Concejales y qui\u00e9n es Jorge Pastrana, el ciudadano que tom\u00f3 juramento\"}]},{\"@type\":\"WebSite\",\"@id\":\"https:\/\/nahuelproducciones.com.ar\/radioquijano\/#website\",\"url\":\"https:\/\/nahuelproducciones.com.ar\/radioquijano\/\",\"name\":\"RQ 99.9\",\"description\":\"Radio Quijano 99.9 MHz\",\"potentialAction\":[{\"@type\":\"SearchAction\",\"target\":{\"@type\":\"EntryPoint\",\"urlTemplate\":\"https:\/\/nahuelproducciones.com.ar\/radioquijano\/?s={search_term_string}\"},\"query-input\":\"required name=search_term_string\"}],\"inLanguage\":\"es\"},{\"@type\":\"Person\",\"@id\":\"https:\/\/nahuelproducciones.com.ar\/radioquijano\/#\/schema\/person\/e8a4f939e2cb487fe6d0c54042c9d32c\",\"name\":\"Cecilia Pastrana\",\"image\":{\"@type\":\"ImageObject\",\"inLanguage\":\"es\",\"@id\":\"https:\/\/nahuelproducciones.com.ar\/radioquijano\/#\/schema\/person\/image\/\",\"url\":\"https:\/\/secure.gravatar.com\/avatar\/661a3ef63a8488d4f2794ed44af8cf71420f7e106f3072c40125114df5157749?s=96&d=mm&r=g\",\"contentUrl\":\"https:\/\/secure.gravatar.com\/avatar\/661a3ef63a8488d4f2794ed44af8cf71420f7e106f3072c40125114df5157749?s=96&d=mm&r=g\",\"caption\":\"Cecilia Pastrana\"},\"sameAs\":[\"cecy\"],\"url\":\"https:\/\/nahuelproducciones.com.ar\/radioquijano\/author\/cecy\/\"}]}<\/script>\n<!-- \/ Yoast SEO plugin. -->","yoast_head_json":{"title":"Pol\u00e9mica en la Jura de Concejales y qui\u00e9n es Jorge Pastrana, el ciudadano que tom\u00f3 juramento - RQ 99.9","description":"La presencia de un H\u00e9roe de Malvinas en el recinto representa un verdadero honor para la comunidad: su sola figura convoca al respeto y nos invita a reflexionar sobre el valor, la entrega y el amor a la Patria, principios que deber\u00edan inspirar y guiar siempre el ejercicio de la funci\u00f3n p\u00fablica.","robots":{"index":"index","follow":"follow","max-snippet":"max-snippet:-1","max-image-preview":"max-image-preview:large","max-video-preview":"max-video-preview:-1"},"canonical":"https:\/\/nahuelproducciones.com.ar\/radioquijano\/polemica-en-la-jura-de-concejales-y-quien-es-jorge-pastrana-el-ciudadano-que-tomo-juramento\/","og_locale":"es_ES","og_type":"article","og_title":"Pol\u00e9mica en la Jura de Concejales y qui\u00e9n es Jorge Pastrana, el ciudadano que tom\u00f3 juramento - RQ 99.9","og_description":"La presencia de un H\u00e9roe de Malvinas en el recinto representa un verdadero honor para la comunidad: su sola figura convoca al respeto y nos invita a reflexionar sobre el valor, la entrega y el amor a la Patria, principios que deber\u00edan inspirar y guiar siempre el ejercicio de la funci\u00f3n p\u00fablica.","og_url":"https:\/\/nahuelproducciones.com.ar\/radioquijano\/polemica-en-la-jura-de-concejales-y-quien-es-jorge-pastrana-el-ciudadano-que-tomo-juramento\/","og_site_name":"RQ 99.9","article_publisher":"https:\/\/www.facebook.com\/nahuelproducciones999\/","article_published_time":"2025-12-12T04:25:58+00:00","article_modified_time":"2025-12-12T04:54:09+00:00","og_image":[{"width":700,"height":1000,"url":"https:\/\/nahuelproducciones.com.ar\/radioquijano\/wp-content\/uploads\/2025\/12\/WhatsApp-Image-2025-12-12-at-1.01.43-AM-e1765512987967.jpeg","type":"image\/jpeg"}],"author":"Cecilia Pastrana","twitter_card":"summary_large_image","twitter_creator":"@nahuproduciones","twitter_site":"@nahuproduciones","twitter_misc":{"Escrito por":"Cecilia Pastrana","Tiempo de lectura":"3 minutos"},"schema":{"@context":"https:\/\/schema.org","@graph":[{"@type":"WebPage","@id":"https:\/\/nahuelproducciones.com.ar\/radioquijano\/polemica-en-la-jura-de-concejales-y-quien-es-jorge-pastrana-el-ciudadano-que-tomo-juramento\/","url":"https:\/\/nahuelproducciones.com.ar\/radioquijano\/polemica-en-la-jura-de-concejales-y-quien-es-jorge-pastrana-el-ciudadano-que-tomo-juramento\/","name":"Pol\u00e9mica en la Jura de Concejales y qui\u00e9n es Jorge Pastrana, el ciudadano que tom\u00f3 juramento - RQ 99.9","isPartOf":{"@id":"https:\/\/nahuelproducciones.com.ar\/radioquijano\/#website"},"datePublished":"2025-12-12T04:25:58+00:00","dateModified":"2025-12-12T04:54:09+00:00","author":{"@id":"https:\/\/nahuelproducciones.com.ar\/radioquijano\/#\/schema\/person\/e8a4f939e2cb487fe6d0c54042c9d32c"},"description":"La presencia de un H\u00e9roe de Malvinas en el recinto representa un verdadero honor para la comunidad: su sola figura convoca al respeto y nos invita a reflexionar sobre el valor, la entrega y el amor a la Patria, principios que deber\u00edan inspirar y guiar siempre el ejercicio de la funci\u00f3n p\u00fablica.","breadcrumb":{"@id":"https:\/\/nahuelproducciones.com.ar\/radioquijano\/polemica-en-la-jura-de-concejales-y-quien-es-jorge-pastrana-el-ciudadano-que-tomo-juramento\/#breadcrumb"},"inLanguage":"es","potentialAction":[{"@type":"ReadAction","target":["https:\/\/nahuelproducciones.com.ar\/radioquijano\/polemica-en-la-jura-de-concejales-y-quien-es-jorge-pastrana-el-ciudadano-que-tomo-juramento\/"]}]},{"@type":"BreadcrumbList","@id":"https:\/\/nahuelproducciones.com.ar\/radioquijano\/polemica-en-la-jura-de-concejales-y-quien-es-jorge-pastrana-el-ciudadano-que-tomo-juramento\/#breadcrumb","itemListElement":[{"@type":"ListItem","position":1,"name":"Portada","item":"https:\/\/nahuelproducciones.com.ar\/radioquijano\/"},{"@type":"ListItem","position":2,"name":"Pol\u00e9mica en la Jura de Concejales y qui\u00e9n es Jorge Pastrana, el ciudadano que tom\u00f3 juramento"}]},{"@type":"WebSite","@id":"https:\/\/nahuelproducciones.com.ar\/radioquijano\/#website","url":"https:\/\/nahuelproducciones.com.ar\/radioquijano\/","name":"RQ 99.9","description":"Radio Quijano 99.9 MHz","potentialAction":[{"@type":"SearchAction","target":{"@type":"EntryPoint","urlTemplate":"https:\/\/nahuelproducciones.com.ar\/radioquijano\/?s={search_term_string}"},"query-input":"required name=search_term_string"}],"inLanguage":"es"},{"@type":"Person","@id":"https:\/\/nahuelproducciones.com.ar\/radioquijano\/#\/schema\/person\/e8a4f939e2cb487fe6d0c54042c9d32c","name":"Cecilia Pastrana","image":{"@type":"ImageObject","inLanguage":"es","@id":"https:\/\/nahuelproducciones.com.ar\/radioquijano\/#\/schema\/person\/image\/","url":"https:\/\/secure.gravatar.com\/avatar\/661a3ef63a8488d4f2794ed44af8cf71420f7e106f3072c40125114df5157749?s=96&d=mm&r=g","contentUrl":"https:\/\/secure.gravatar.com\/avatar\/661a3ef63a8488d4f2794ed44af8cf71420f7e106f3072c40125114df5157749?s=96&d=mm&r=g","caption":"Cecilia Pastrana"},"sameAs":["cecy"],"url":"https:\/\/nahuelproducciones.com.ar\/radioquijano\/author\/cecy\/"}]}},"_links":{"self":[{"href":"https:\/\/nahuelproducciones.com.ar\/radioquijano\/wp-json\/wp\/v2\/posts\/11712","targetHints":{"allow":["GET"]}}],"collection":[{"href":"https:\/\/nahuelproducciones.com.ar\/radioquijano\/wp-json\/wp\/v2\/posts"}],"about":[{"href":"https:\/\/nahuelproducciones.com.ar\/radioquijano\/wp-json\/wp\/v2\/types\/post"}],"author":[{"embeddable":true,"href":"https:\/\/nahuelproducciones.com.ar\/radioquijano\/wp-json\/wp\/v2\/users\/8"}],"replies":[{"embeddable":true,"href":"https:\/\/nahuelproducciones.com.ar\/radioquijano\/wp-json\/wp\/v2\/comments?post=11712"}],"version-history":[{"count":4,"href":"https:\/\/nahuelproducciones.com.ar\/radioquijano\/wp-json\/wp\/v2\/posts\/11712\/revisions"}],"predecessor-version":[{"id":11720,"href":"https:\/\/nahuelproducciones.com.ar\/radioquijano\/wp-json\/wp\/v2\/posts\/11712\/revisions\/11720"}],"wp:featuredmedia":[{"embeddable":true,"href":"https:\/\/nahuelproducciones.com.ar\/radioquijano\/wp-json\/wp\/v2\/media\/11713"}],"wp:attachment":[{"href":"https:\/\/nahuelproducciones.com.ar\/radioquijano\/wp-json\/wp\/v2\/media?parent=11712"}],"wp:term":[{"taxonomy":"category","embeddable":true,"href":"https:\/\/nahuelproducciones.com.ar\/radioquijano\/wp-json\/wp\/v2\/categories?post=11712"},{"taxonomy":"post_tag","embeddable":true,"href":"https:\/\/nahuelproducciones.com.ar\/radioquijano\/wp-json\/wp\/v2\/tags?post=11712"}],"curies":[{"name":"wp","href":"https:\/\/api.w.org\/{rel}","templated":true}]}}