{"id":11725,"date":"2025-12-12T17:23:53","date_gmt":"2025-12-12T20:23:53","guid":{"rendered":"https:\/\/nahuelproducciones.com.ar\/radioquijano\/?p=11725"},"modified":"2025-12-12T17:25:06","modified_gmt":"2025-12-12T20:25:06","slug":"tomas-falcone-asumio-la-presidencia-del-concejo-deliberante-promete-transparencia-y-dialogo","status":"publish","type":"post","link":"https:\/\/nahuelproducciones.com.ar\/radioquijano\/tomas-falcone-asumio-la-presidencia-del-concejo-deliberante-promete-transparencia-y-dialogo\/","title":{"rendered":"Tom\u00e1s Falcone asumi\u00f3 la presidencia del Concejo Deliberante: promete transparencia y di\u00e1logo"},"content":{"rendered":"\n<p>En la sesi\u00f3n preparatoria del Concejo Deliberante de Campo Quijano, <strong>Tom\u00e1s Falcone<\/strong>, de 25 a\u00f1os, asumi\u00f3 la presidencia del cuerpo con el respaldo un\u00e1nime de todos los concejales. El joven edil fue electo bajo la bandera de <strong>La Libertad Avanza<\/strong>.<\/p>\n\n\n\n<p>El acto de jura cont\u00f3 con la presencia del presidente municipal, quien acompa\u00f1\u00f3 ese momento institucional, aunque <strong>no permaneci\u00f3 para la sesi\u00f3n preparatoria<\/strong>, un detalle que no pas\u00f3 desapercibido entre los presentes. M\u00e1s tarde, Falcone confirm\u00f3 que el jefe comunal lo <strong>invit\u00f3 al municipio para conocerse y dialogar<\/strong>.<\/p>\n\n\n\n<p>Durante la entrevista en <strong>RQ 99.9<\/strong>, Falcone respondi\u00f3 a las consultas de los vecinos y dej\u00f3 claros cu\u00e1les ser\u00e1n los ejes de su gesti\u00f3n.<\/p>\n\n\n\n<p>\u201c<strong>Me voy a sacar la camiseta del partido, pero voy a llevar conmigo los valores que me trajeron hasta ac\u00e1<\/strong>\u201d, afirm\u00f3, marcando una postura de apertura m\u00e1s all\u00e1 de la identidad partidaria. Se\u00f1al\u00f3 que los principios de <strong>transparencia<\/strong> ser\u00e1n la base de su presidencia.<\/p>\n\n\n\n<p>Falcone tambi\u00e9n destac\u00f3 su compromiso con la comunidad:<br>\u201c<strong>Voy a escuchar a cada vecino. La gente necesita saber que el Concejo no est\u00e1 lejos, que estamos para responder<\/strong>\u201d, sostuvo.<\/p>\n\n\n\n<p>El joven presidente, pr\u00f3ximo a recibirse de radi\u00f3logo, explic\u00f3 que su formaci\u00f3n le otorga una mirada anal\u00edtica y profunda sobre los problemas locales:<br>\u201c<strong>En radiolog\u00eda aprend\u00e9s a ver lo que no est\u00e1 a simple vista. Esa misma l\u00f3gica sirve para detectar lo que pasa en un municipio<\/strong>\u201d, describi\u00f3.<\/p>\n\n\n\n<p>Entre sus prioridades mencion\u00f3 <strong>fortalecer los mecanismos de control, ordenar los procesos del Concejo, garantizar sesiones p\u00fablicas y accesibles, y reforzar la transparencia administrativa<\/strong>.<\/p>\n\n\n\n<p>Falcone inicia as\u00ed un periodo de gesti\u00f3n con respaldo pol\u00edtico interno y una fuerte expectativa social. Su desaf\u00edo ser\u00e1 traducir esa combinaci\u00f3n en <strong>soluciones concretas<\/strong> para los vecinos de Campo Quijano.<\/p>\n\n\n\n<figure class=\"wp-block-audio\"><audio controls src=\"https:\/\/nahuelproducciones.com.ar\/radioquijano\/wp-content\/uploads\/2025\/12\/12-12-2025-tomas-falcone-presidente-concejo-deliberante-cq.mp3\"><\/audio><\/figure>\n\n\n\n<figure class=\"wp-block-gallery has-nested-images columns-default is-cropped wp-block-gallery-1 is-layout-flex wp-block-gallery-is-layout-flex\">\n<figure class=\"wp-block-image size-large\"><img decoding=\"async\" data-id=\"11728\" src=\"https:\/\/nahuelproducciones.com.ar\/radioquijano\/wp-content\/uploads\/2025\/12\/WhatsApp-Image-2025-12-12-at-5.03.05-PM.jpeg\" alt=\"\" class=\"wp-image-11728\"\/><\/figure>\n<\/figure>\n","protected":false},"excerpt":{"rendered":"<p>En la sesi\u00f3n preparatoria del Concejo Deliberante de Campo Quijano, Tom\u00e1s Falcone, de 25 a\u00f1os, asumi\u00f3 la presidencia del cuerpo con el respaldo un\u00e1nime de todos los concejales. El joven edil fue electo bajo la bandera de La Libertad Avanza. El acto de jura cont\u00f3 con la presencia del presidente municipal, quien acompa\u00f1\u00f3 ese momento [&hellip;]<\/p>\n","protected":false},"author":8,"featured_media":11727,"comment_status":"open","ping_status":"open","sticky":false,"template":"","format":"standard","meta":{"_monsterinsights_skip_tracking":false,"_monsterinsights_sitenote_active":false,"_monsterinsights_sitenote_note":"","_monsterinsights_sitenote_category":0,"footnotes":""},"categories":[16],"tags":[75,1780,63,100,2027],"class_list":["post-11725","post","type-post","status-publish","format-standard","has-post-thumbnail","hentry","category-noticias","tag-concejo-deliberante-de-campo-quijano","tag-la-libertad-avanza","tag-lino-yonar","tag-municipio-de-campo-quijano","tag-tomas-falcone"],"yoast_head":"<!-- This site is optimized with the Yoast SEO plugin v20.8 - https:\/\/yoast.com\/wordpress\/plugins\/seo\/ -->\n<title>Tom\u00e1s Falcone asumi\u00f3 la presidencia del Concejo Deliberante: promete transparencia y di\u00e1logo - RQ 99.9<\/title>\n<meta name=\"description\" content=\"Falcone inicia as\u00ed un periodo de gesti\u00f3n con respaldo pol\u00edtico interno y una fuerte expectativa social. %\" \/>\n<meta name=\"robots\" content=\"index, follow, max-snippet:-1, max-image-preview:large, max-video-preview:-1\" \/>\n<link rel=\"canonical\" href=\"https:\/\/nahuelproducciones.com.ar\/radioquijano\/tomas-falcone-asumio-la-presidencia-del-concejo-deliberante-promete-transparencia-y-dialogo\/\" \/>\n<meta property=\"og:locale\" content=\"es_ES\" \/>\n<meta property=\"og:type\" content=\"article\" \/>\n<meta property=\"og:title\" content=\"Tom\u00e1s Falcone asumi\u00f3 la presidencia del Concejo Deliberante: promete transparencia y di\u00e1logo - RQ 99.9\" \/>\n<meta property=\"og:description\" content=\"Falcone inicia as\u00ed un periodo de gesti\u00f3n con respaldo pol\u00edtico interno y una fuerte expectativa social. %\" \/>\n<meta property=\"og:url\" content=\"https:\/\/nahuelproducciones.com.ar\/radioquijano\/tomas-falcone-asumio-la-presidencia-del-concejo-deliberante-promete-transparencia-y-dialogo\/\" \/>\n<meta property=\"og:site_name\" content=\"RQ 99.9\" \/>\n<meta property=\"article:publisher\" content=\"https:\/\/www.facebook.com\/nahuelproducciones999\/\" \/>\n<meta property=\"article:published_time\" content=\"2025-12-12T20:23:53+00:00\" \/>\n<meta property=\"article:modified_time\" content=\"2025-12-12T20:25:06+00:00\" \/>\n<meta property=\"og:image\" content=\"https:\/\/nahuelproducciones.com.ar\/radioquijano\/wp-content\/uploads\/2025\/12\/WhatsApp-Image-2025-12-12-at-5.00.54-PM.jpeg\" \/>\n\t<meta property=\"og:image:width\" content=\"746\" \/>\n\t<meta property=\"og:image:height\" content=\"450\" \/>\n\t<meta property=\"og:image:type\" content=\"image\/jpeg\" \/>\n<meta name=\"author\" content=\"Cecilia Pastrana\" \/>\n<meta name=\"twitter:card\" content=\"summary_large_image\" \/>\n<meta name=\"twitter:creator\" content=\"@nahuproduciones\" \/>\n<meta name=\"twitter:site\" content=\"@nahuproduciones\" \/>\n<meta name=\"twitter:label1\" content=\"Escrito por\" \/>\n\t<meta name=\"twitter:data1\" content=\"Cecilia Pastrana\" \/>\n\t<meta name=\"twitter:label2\" content=\"Tiempo de lectura\" \/>\n\t<meta name=\"twitter:data2\" content=\"2 minutos\" \/>\n<script type=\"application\/ld+json\" class=\"yoast-schema-graph\">{\"@context\":\"https:\/\/schema.org\",\"@graph\":[{\"@type\":\"WebPage\",\"@id\":\"https:\/\/nahuelproducciones.com.ar\/radioquijano\/tomas-falcone-asumio-la-presidencia-del-concejo-deliberante-promete-transparencia-y-dialogo\/\",\"url\":\"https:\/\/nahuelproducciones.com.ar\/radioquijano\/tomas-falcone-asumio-la-presidencia-del-concejo-deliberante-promete-transparencia-y-dialogo\/\",\"name\":\"Tom\u00e1s Falcone asumi\u00f3 la presidencia del Concejo Deliberante: promete transparencia y di\u00e1logo - RQ 99.9\",\"isPartOf\":{\"@id\":\"https:\/\/nahuelproducciones.com.ar\/radioquijano\/#website\"},\"datePublished\":\"2025-12-12T20:23:53+00:00\",\"dateModified\":\"2025-12-12T20:25:06+00:00\",\"author\":{\"@id\":\"https:\/\/nahuelproducciones.com.ar\/radioquijano\/#\/schema\/person\/e8a4f939e2cb487fe6d0c54042c9d32c\"},\"description\":\"Falcone inicia as\u00ed un periodo de gesti\u00f3n con respaldo pol\u00edtico interno y una fuerte expectativa social. %\",\"breadcrumb\":{\"@id\":\"https:\/\/nahuelproducciones.com.ar\/radioquijano\/tomas-falcone-asumio-la-presidencia-del-concejo-deliberante-promete-transparencia-y-dialogo\/#breadcrumb\"},\"inLanguage\":\"es\",\"potentialAction\":[{\"@type\":\"ReadAction\",\"target\":[\"https:\/\/nahuelproducciones.com.ar\/radioquijano\/tomas-falcone-asumio-la-presidencia-del-concejo-deliberante-promete-transparencia-y-dialogo\/\"]}]},{\"@type\":\"BreadcrumbList\",\"@id\":\"https:\/\/nahuelproducciones.com.ar\/radioquijano\/tomas-falcone-asumio-la-presidencia-del-concejo-deliberante-promete-transparencia-y-dialogo\/#breadcrumb\",\"itemListElement\":[{\"@type\":\"ListItem\",\"position\":1,\"name\":\"Portada\",\"item\":\"https:\/\/nahuelproducciones.com.ar\/radioquijano\/\"},{\"@type\":\"ListItem\",\"position\":2,\"name\":\"Tom\u00e1s Falcone asumi\u00f3 la presidencia del Concejo Deliberante: promete transparencia y di\u00e1logo\"}]},{\"@type\":\"WebSite\",\"@id\":\"https:\/\/nahuelproducciones.com.ar\/radioquijano\/#website\",\"url\":\"https:\/\/nahuelproducciones.com.ar\/radioquijano\/\",\"name\":\"RQ 99.9\",\"description\":\"Radio Quijano 99.9 MHz\",\"potentialAction\":[{\"@type\":\"SearchAction\",\"target\":{\"@type\":\"EntryPoint\",\"urlTemplate\":\"https:\/\/nahuelproducciones.com.ar\/radioquijano\/?s={search_term_string}\"},\"query-input\":\"required name=search_term_string\"}],\"inLanguage\":\"es\"},{\"@type\":\"Person\",\"@id\":\"https:\/\/nahuelproducciones.com.ar\/radioquijano\/#\/schema\/person\/e8a4f939e2cb487fe6d0c54042c9d32c\",\"name\":\"Cecilia Pastrana\",\"image\":{\"@type\":\"ImageObject\",\"inLanguage\":\"es\",\"@id\":\"https:\/\/nahuelproducciones.com.ar\/radioquijano\/#\/schema\/person\/image\/\",\"url\":\"https:\/\/secure.gravatar.com\/avatar\/661a3ef63a8488d4f2794ed44af8cf71420f7e106f3072c40125114df5157749?s=96&d=mm&r=g\",\"contentUrl\":\"https:\/\/secure.gravatar.com\/avatar\/661a3ef63a8488d4f2794ed44af8cf71420f7e106f3072c40125114df5157749?s=96&d=mm&r=g\",\"caption\":\"Cecilia Pastrana\"},\"sameAs\":[\"cecy\"],\"url\":\"https:\/\/nahuelproducciones.com.ar\/radioquijano\/author\/cecy\/\"}]}<\/script>\n<!-- \/ Yoast SEO plugin. -->","yoast_head_json":{"title":"Tom\u00e1s Falcone asumi\u00f3 la presidencia del Concejo Deliberante: promete transparencia y di\u00e1logo - RQ 99.9","description":"Falcone inicia as\u00ed un periodo de gesti\u00f3n con respaldo pol\u00edtico interno y una fuerte expectativa social. %","robots":{"index":"index","follow":"follow","max-snippet":"max-snippet:-1","max-image-preview":"max-image-preview:large","max-video-preview":"max-video-preview:-1"},"canonical":"https:\/\/nahuelproducciones.com.ar\/radioquijano\/tomas-falcone-asumio-la-presidencia-del-concejo-deliberante-promete-transparencia-y-dialogo\/","og_locale":"es_ES","og_type":"article","og_title":"Tom\u00e1s Falcone asumi\u00f3 la presidencia del Concejo Deliberante: promete transparencia y di\u00e1logo - RQ 99.9","og_description":"Falcone inicia as\u00ed un periodo de gesti\u00f3n con respaldo pol\u00edtico interno y una fuerte expectativa social. %","og_url":"https:\/\/nahuelproducciones.com.ar\/radioquijano\/tomas-falcone-asumio-la-presidencia-del-concejo-deliberante-promete-transparencia-y-dialogo\/","og_site_name":"RQ 99.9","article_publisher":"https:\/\/www.facebook.com\/nahuelproducciones999\/","article_published_time":"2025-12-12T20:23:53+00:00","article_modified_time":"2025-12-12T20:25:06+00:00","og_image":[{"width":746,"height":450,"url":"https:\/\/nahuelproducciones.com.ar\/radioquijano\/wp-content\/uploads\/2025\/12\/WhatsApp-Image-2025-12-12-at-5.00.54-PM.jpeg","type":"image\/jpeg"}],"author":"Cecilia Pastrana","twitter_card":"summary_large_image","twitter_creator":"@nahuproduciones","twitter_site":"@nahuproduciones","twitter_misc":{"Escrito por":"Cecilia Pastrana","Tiempo de lectura":"2 minutos"},"schema":{"@context":"https:\/\/schema.org","@graph":[{"@type":"WebPage","@id":"https:\/\/nahuelproducciones.com.ar\/radioquijano\/tomas-falcone-asumio-la-presidencia-del-concejo-deliberante-promete-transparencia-y-dialogo\/","url":"https:\/\/nahuelproducciones.com.ar\/radioquijano\/tomas-falcone-asumio-la-presidencia-del-concejo-deliberante-promete-transparencia-y-dialogo\/","name":"Tom\u00e1s Falcone asumi\u00f3 la presidencia del Concejo Deliberante: promete transparencia y di\u00e1logo - RQ 99.9","isPartOf":{"@id":"https:\/\/nahuelproducciones.com.ar\/radioquijano\/#website"},"datePublished":"2025-12-12T20:23:53+00:00","dateModified":"2025-12-12T20:25:06+00:00","author":{"@id":"https:\/\/nahuelproducciones.com.ar\/radioquijano\/#\/schema\/person\/e8a4f939e2cb487fe6d0c54042c9d32c"},"description":"Falcone inicia as\u00ed un periodo de gesti\u00f3n con respaldo pol\u00edtico interno y una fuerte expectativa social. %","breadcrumb":{"@id":"https:\/\/nahuelproducciones.com.ar\/radioquijano\/tomas-falcone-asumio-la-presidencia-del-concejo-deliberante-promete-transparencia-y-dialogo\/#breadcrumb"},"inLanguage":"es","potentialAction":[{"@type":"ReadAction","target":["https:\/\/nahuelproducciones.com.ar\/radioquijano\/tomas-falcone-asumio-la-presidencia-del-concejo-deliberante-promete-transparencia-y-dialogo\/"]}]},{"@type":"BreadcrumbList","@id":"https:\/\/nahuelproducciones.com.ar\/radioquijano\/tomas-falcone-asumio-la-presidencia-del-concejo-deliberante-promete-transparencia-y-dialogo\/#breadcrumb","itemListElement":[{"@type":"ListItem","position":1,"name":"Portada","item":"https:\/\/nahuelproducciones.com.ar\/radioquijano\/"},{"@type":"ListItem","position":2,"name":"Tom\u00e1s Falcone asumi\u00f3 la presidencia del Concejo Deliberante: promete transparencia y di\u00e1logo"}]},{"@type":"WebSite","@id":"https:\/\/nahuelproducciones.com.ar\/radioquijano\/#website","url":"https:\/\/nahuelproducciones.com.ar\/radioquijano\/","name":"RQ 99.9","description":"Radio Quijano 99.9 MHz","potentialAction":[{"@type":"SearchAction","target":{"@type":"EntryPoint","urlTemplate":"https:\/\/nahuelproducciones.com.ar\/radioquijano\/?s={search_term_string}"},"query-input":"required name=search_term_string"}],"inLanguage":"es"},{"@type":"Person","@id":"https:\/\/nahuelproducciones.com.ar\/radioquijano\/#\/schema\/person\/e8a4f939e2cb487fe6d0c54042c9d32c","name":"Cecilia Pastrana","image":{"@type":"ImageObject","inLanguage":"es","@id":"https:\/\/nahuelproducciones.com.ar\/radioquijano\/#\/schema\/person\/image\/","url":"https:\/\/secure.gravatar.com\/avatar\/661a3ef63a8488d4f2794ed44af8cf71420f7e106f3072c40125114df5157749?s=96&d=mm&r=g","contentUrl":"https:\/\/secure.gravatar.com\/avatar\/661a3ef63a8488d4f2794ed44af8cf71420f7e106f3072c40125114df5157749?s=96&d=mm&r=g","caption":"Cecilia Pastrana"},"sameAs":["cecy"],"url":"https:\/\/nahuelproducciones.com.ar\/radioquijano\/author\/cecy\/"}]}},"_links":{"self":[{"href":"https:\/\/nahuelproducciones.com.ar\/radioquijano\/wp-json\/wp\/v2\/posts\/11725","targetHints":{"allow":["GET"]}}],"collection":[{"href":"https:\/\/nahuelproducciones.com.ar\/radioquijano\/wp-json\/wp\/v2\/posts"}],"about":[{"href":"https:\/\/nahuelproducciones.com.ar\/radioquijano\/wp-json\/wp\/v2\/types\/post"}],"author":[{"embeddable":true,"href":"https:\/\/nahuelproducciones.com.ar\/radioquijano\/wp-json\/wp\/v2\/users\/8"}],"replies":[{"embeddable":true,"href":"https:\/\/nahuelproducciones.com.ar\/radioquijano\/wp-json\/wp\/v2\/comments?post=11725"}],"version-history":[{"count":2,"href":"https:\/\/nahuelproducciones.com.ar\/radioquijano\/wp-json\/wp\/v2\/posts\/11725\/revisions"}],"predecessor-version":[{"id":11730,"href":"https:\/\/nahuelproducciones.com.ar\/radioquijano\/wp-json\/wp\/v2\/posts\/11725\/revisions\/11730"}],"wp:featuredmedia":[{"embeddable":true,"href":"https:\/\/nahuelproducciones.com.ar\/radioquijano\/wp-json\/wp\/v2\/media\/11727"}],"wp:attachment":[{"href":"https:\/\/nahuelproducciones.com.ar\/radioquijano\/wp-json\/wp\/v2\/media?parent=11725"}],"wp:term":[{"taxonomy":"category","embeddable":true,"href":"https:\/\/nahuelproducciones.com.ar\/radioquijano\/wp-json\/wp\/v2\/categories?post=11725"},{"taxonomy":"post_tag","embeddable":true,"href":"https:\/\/nahuelproducciones.com.ar\/radioquijano\/wp-json\/wp\/v2\/tags?post=11725"}],"curies":[{"name":"wp","href":"https:\/\/api.w.org\/{rel}","templated":true}]}}