{"id":11734,"date":"2025-12-15T13:24:38","date_gmt":"2025-12-15T16:24:38","guid":{"rendered":"https:\/\/nahuelproducciones.com.ar\/radioquijano\/?p=11734"},"modified":"2025-12-15T13:35:19","modified_gmt":"2025-12-15T16:35:19","slug":"entre-luces-y-emocion-el-arbol-de-navidad-ya-brilla-en-la-plaza-martin-fierro","status":"publish","type":"post","link":"https:\/\/nahuelproducciones.com.ar\/radioquijano\/entre-luces-y-emocion-el-arbol-de-navidad-ya-brilla-en-la-plaza-martin-fierro\/","title":{"rendered":"Entre luces y emoci\u00f3n, el \u00e1rbol de Navidad ya brilla en la Plaza Mart\u00edn Fierro"},"content":{"rendered":"\n<p>Despu\u00e9s de la espera \u2014y de alg\u00fan que otro \u00e1rbol \u201cvirtual\u201d\u2014 el arbolito que todos esper\u00e1bamos <strong>ya est\u00e1 en pie y encendido<\/strong>. Aunque la tradici\u00f3n marca el <strong>8 de diciembre<\/strong>, el esp\u00edritu navide\u00f1o se hizo sentir <strong>el domingo 14 pasada las  21 hs<\/strong>, cuando se ilumin\u00f3 el imponente \u00e1rbol en la <strong>plaza principal Mart\u00edn Fierro<\/strong>.<\/p>\n\n\n\n<p>Vecinos y familias se acercaron para compartir el momento, sacar fotos y celebrar la llegada de la Navidad con un marco que invita a encontrarnos. El resultado es <strong>hermoso<\/strong>: luces, colores y un dise\u00f1o que realza el coraz\u00f3n del pueblo.<\/p>\n\n\n\n<p>El trabajo fue realizado por <strong>los empleados municipales de Campo Quijano<\/strong>, a quienes corresponde el reconocimiento por el esfuerzo y la dedicaci\u00f3n. Ahora, la tarea es de todos: <strong>cuidarlo<\/strong>, respetar el espacio y disfrutarlo en comunidad.<\/p>\n\n\n\n<p>Porque a veces llega un poco m\u00e1s tarde\u2026 pero cuando llega, <strong>la Navidad se enciende igual<\/strong>. &#x1f384;&#x1f4ab;<\/p>\n","protected":false},"excerpt":{"rendered":"<p>Despu\u00e9s de la espera \u2014y de alg\u00fan que otro \u00e1rbol \u201cvirtual\u201d\u2014 el arbolito que todos esper\u00e1bamos ya est\u00e1 en pie y encendido. Aunque la tradici\u00f3n marca el 8 de diciembre, el esp\u00edritu navide\u00f1o se hizo sentir el domingo 14 pasada las 21 hs, cuando se ilumin\u00f3 el imponente \u00e1rbol en la plaza principal Mart\u00edn Fierro. [&hellip;]<\/p>\n","protected":false},"author":8,"featured_media":11735,"comment_status":"open","ping_status":"open","sticky":false,"template":"","format":"standard","meta":{"_monsterinsights_skip_tracking":false,"_monsterinsights_sitenote_active":false,"_monsterinsights_sitenote_note":"","_monsterinsights_sitenote_category":0,"footnotes":""},"categories":[16],"tags":[2028,100],"class_list":["post-11734","post","type-post","status-publish","format-standard","has-post-thumbnail","hentry","category-noticias","tag-arbolde-navidad","tag-municipio-de-campo-quijano"],"yoast_head":"<!-- This site is optimized with the Yoast SEO plugin v20.8 - https:\/\/yoast.com\/wordpress\/plugins\/seo\/ -->\n<title>Entre luces y emoci\u00f3n, el \u00e1rbol de Navidad ya brilla en la Plaza Mart\u00edn Fierro - RQ 99.9<\/title>\n<meta name=\"robots\" content=\"index, follow, max-snippet:-1, max-image-preview:large, max-video-preview:-1\" \/>\n<link rel=\"canonical\" href=\"https:\/\/nahuelproducciones.com.ar\/radioquijano\/entre-luces-y-emocion-el-arbol-de-navidad-ya-brilla-en-la-plaza-martin-fierro\/\" \/>\n<meta property=\"og:locale\" content=\"es_ES\" \/>\n<meta property=\"og:type\" content=\"article\" \/>\n<meta property=\"og:title\" content=\"Entre luces y emoci\u00f3n, el \u00e1rbol de Navidad ya brilla en la Plaza Mart\u00edn Fierro - RQ 99.9\" \/>\n<meta property=\"og:description\" content=\"Despu\u00e9s de la espera \u2014y de alg\u00fan que otro \u00e1rbol \u201cvirtual\u201d\u2014 el arbolito que todos esper\u00e1bamos ya est\u00e1 en pie y encendido. Aunque la tradici\u00f3n marca el 8 de diciembre, el esp\u00edritu navide\u00f1o se hizo sentir el domingo 14 pasada las 21 hs, cuando se ilumin\u00f3 el imponente \u00e1rbol en la plaza principal Mart\u00edn Fierro. [&hellip;]\" \/>\n<meta property=\"og:url\" content=\"https:\/\/nahuelproducciones.com.ar\/radioquijano\/entre-luces-y-emocion-el-arbol-de-navidad-ya-brilla-en-la-plaza-martin-fierro\/\" \/>\n<meta property=\"og:site_name\" content=\"RQ 99.9\" \/>\n<meta property=\"article:publisher\" content=\"https:\/\/www.facebook.com\/nahuelproducciones999\/\" \/>\n<meta property=\"article:published_time\" content=\"2025-12-15T16:24:38+00:00\" \/>\n<meta property=\"article:modified_time\" content=\"2025-12-15T16:35:19+00:00\" \/>\n<meta property=\"og:image\" content=\"https:\/\/nahuelproducciones.com.ar\/radioquijano\/wp-content\/uploads\/2025\/12\/WhatsApp-Image-2025-12-15-at-12.55.57-PM.jpeg\" \/>\n\t<meta property=\"og:image:width\" content=\"312\" \/>\n\t<meta property=\"og:image:height\" content=\"570\" \/>\n\t<meta property=\"og:image:type\" content=\"image\/jpeg\" \/>\n<meta name=\"author\" content=\"Cecilia Pastrana\" \/>\n<meta name=\"twitter:card\" content=\"summary_large_image\" \/>\n<meta name=\"twitter:creator\" content=\"@nahuproduciones\" \/>\n<meta name=\"twitter:site\" content=\"@nahuproduciones\" \/>\n<meta name=\"twitter:label1\" content=\"Escrito por\" \/>\n\t<meta name=\"twitter:data1\" content=\"Cecilia Pastrana\" \/>\n\t<meta name=\"twitter:label2\" content=\"Tiempo de lectura\" \/>\n\t<meta name=\"twitter:data2\" content=\"1 minuto\" \/>\n<script type=\"application\/ld+json\" class=\"yoast-schema-graph\">{\"@context\":\"https:\/\/schema.org\",\"@graph\":[{\"@type\":\"WebPage\",\"@id\":\"https:\/\/nahuelproducciones.com.ar\/radioquijano\/entre-luces-y-emocion-el-arbol-de-navidad-ya-brilla-en-la-plaza-martin-fierro\/\",\"url\":\"https:\/\/nahuelproducciones.com.ar\/radioquijano\/entre-luces-y-emocion-el-arbol-de-navidad-ya-brilla-en-la-plaza-martin-fierro\/\",\"name\":\"Entre luces y emoci\u00f3n, el \u00e1rbol de Navidad ya brilla en la Plaza Mart\u00edn Fierro - RQ 99.9\",\"isPartOf\":{\"@id\":\"https:\/\/nahuelproducciones.com.ar\/radioquijano\/#website\"},\"datePublished\":\"2025-12-15T16:24:38+00:00\",\"dateModified\":\"2025-12-15T16:35:19+00:00\",\"author\":{\"@id\":\"https:\/\/nahuelproducciones.com.ar\/radioquijano\/#\/schema\/person\/e8a4f939e2cb487fe6d0c54042c9d32c\"},\"breadcrumb\":{\"@id\":\"https:\/\/nahuelproducciones.com.ar\/radioquijano\/entre-luces-y-emocion-el-arbol-de-navidad-ya-brilla-en-la-plaza-martin-fierro\/#breadcrumb\"},\"inLanguage\":\"es\",\"potentialAction\":[{\"@type\":\"ReadAction\",\"target\":[\"https:\/\/nahuelproducciones.com.ar\/radioquijano\/entre-luces-y-emocion-el-arbol-de-navidad-ya-brilla-en-la-plaza-martin-fierro\/\"]}]},{\"@type\":\"BreadcrumbList\",\"@id\":\"https:\/\/nahuelproducciones.com.ar\/radioquijano\/entre-luces-y-emocion-el-arbol-de-navidad-ya-brilla-en-la-plaza-martin-fierro\/#breadcrumb\",\"itemListElement\":[{\"@type\":\"ListItem\",\"position\":1,\"name\":\"Portada\",\"item\":\"https:\/\/nahuelproducciones.com.ar\/radioquijano\/\"},{\"@type\":\"ListItem\",\"position\":2,\"name\":\"Entre luces y emoci\u00f3n, el \u00e1rbol de Navidad ya brilla en la Plaza Mart\u00edn Fierro\"}]},{\"@type\":\"WebSite\",\"@id\":\"https:\/\/nahuelproducciones.com.ar\/radioquijano\/#website\",\"url\":\"https:\/\/nahuelproducciones.com.ar\/radioquijano\/\",\"name\":\"RQ 99.9\",\"description\":\"Radio Quijano 99.9 MHz\",\"potentialAction\":[{\"@type\":\"SearchAction\",\"target\":{\"@type\":\"EntryPoint\",\"urlTemplate\":\"https:\/\/nahuelproducciones.com.ar\/radioquijano\/?s={search_term_string}\"},\"query-input\":\"required name=search_term_string\"}],\"inLanguage\":\"es\"},{\"@type\":\"Person\",\"@id\":\"https:\/\/nahuelproducciones.com.ar\/radioquijano\/#\/schema\/person\/e8a4f939e2cb487fe6d0c54042c9d32c\",\"name\":\"Cecilia Pastrana\",\"image\":{\"@type\":\"ImageObject\",\"inLanguage\":\"es\",\"@id\":\"https:\/\/nahuelproducciones.com.ar\/radioquijano\/#\/schema\/person\/image\/\",\"url\":\"https:\/\/secure.gravatar.com\/avatar\/661a3ef63a8488d4f2794ed44af8cf71420f7e106f3072c40125114df5157749?s=96&d=mm&r=g\",\"contentUrl\":\"https:\/\/secure.gravatar.com\/avatar\/661a3ef63a8488d4f2794ed44af8cf71420f7e106f3072c40125114df5157749?s=96&d=mm&r=g\",\"caption\":\"Cecilia Pastrana\"},\"sameAs\":[\"cecy\"],\"url\":\"https:\/\/nahuelproducciones.com.ar\/radioquijano\/author\/cecy\/\"}]}<\/script>\n<!-- \/ Yoast SEO plugin. -->","yoast_head_json":{"title":"Entre luces y emoci\u00f3n, el \u00e1rbol de Navidad ya brilla en la Plaza Mart\u00edn Fierro - RQ 99.9","robots":{"index":"index","follow":"follow","max-snippet":"max-snippet:-1","max-image-preview":"max-image-preview:large","max-video-preview":"max-video-preview:-1"},"canonical":"https:\/\/nahuelproducciones.com.ar\/radioquijano\/entre-luces-y-emocion-el-arbol-de-navidad-ya-brilla-en-la-plaza-martin-fierro\/","og_locale":"es_ES","og_type":"article","og_title":"Entre luces y emoci\u00f3n, el \u00e1rbol de Navidad ya brilla en la Plaza Mart\u00edn Fierro - RQ 99.9","og_description":"Despu\u00e9s de la espera \u2014y de alg\u00fan que otro \u00e1rbol \u201cvirtual\u201d\u2014 el arbolito que todos esper\u00e1bamos ya est\u00e1 en pie y encendido. Aunque la tradici\u00f3n marca el 8 de diciembre, el esp\u00edritu navide\u00f1o se hizo sentir el domingo 14 pasada las 21 hs, cuando se ilumin\u00f3 el imponente \u00e1rbol en la plaza principal Mart\u00edn Fierro. [&hellip;]","og_url":"https:\/\/nahuelproducciones.com.ar\/radioquijano\/entre-luces-y-emocion-el-arbol-de-navidad-ya-brilla-en-la-plaza-martin-fierro\/","og_site_name":"RQ 99.9","article_publisher":"https:\/\/www.facebook.com\/nahuelproducciones999\/","article_published_time":"2025-12-15T16:24:38+00:00","article_modified_time":"2025-12-15T16:35:19+00:00","og_image":[{"width":312,"height":570,"url":"https:\/\/nahuelproducciones.com.ar\/radioquijano\/wp-content\/uploads\/2025\/12\/WhatsApp-Image-2025-12-15-at-12.55.57-PM.jpeg","type":"image\/jpeg"}],"author":"Cecilia Pastrana","twitter_card":"summary_large_image","twitter_creator":"@nahuproduciones","twitter_site":"@nahuproduciones","twitter_misc":{"Escrito por":"Cecilia Pastrana","Tiempo de lectura":"1 minuto"},"schema":{"@context":"https:\/\/schema.org","@graph":[{"@type":"WebPage","@id":"https:\/\/nahuelproducciones.com.ar\/radioquijano\/entre-luces-y-emocion-el-arbol-de-navidad-ya-brilla-en-la-plaza-martin-fierro\/","url":"https:\/\/nahuelproducciones.com.ar\/radioquijano\/entre-luces-y-emocion-el-arbol-de-navidad-ya-brilla-en-la-plaza-martin-fierro\/","name":"Entre luces y emoci\u00f3n, el \u00e1rbol de Navidad ya brilla en la Plaza Mart\u00edn Fierro - RQ 99.9","isPartOf":{"@id":"https:\/\/nahuelproducciones.com.ar\/radioquijano\/#website"},"datePublished":"2025-12-15T16:24:38+00:00","dateModified":"2025-12-15T16:35:19+00:00","author":{"@id":"https:\/\/nahuelproducciones.com.ar\/radioquijano\/#\/schema\/person\/e8a4f939e2cb487fe6d0c54042c9d32c"},"breadcrumb":{"@id":"https:\/\/nahuelproducciones.com.ar\/radioquijano\/entre-luces-y-emocion-el-arbol-de-navidad-ya-brilla-en-la-plaza-martin-fierro\/#breadcrumb"},"inLanguage":"es","potentialAction":[{"@type":"ReadAction","target":["https:\/\/nahuelproducciones.com.ar\/radioquijano\/entre-luces-y-emocion-el-arbol-de-navidad-ya-brilla-en-la-plaza-martin-fierro\/"]}]},{"@type":"BreadcrumbList","@id":"https:\/\/nahuelproducciones.com.ar\/radioquijano\/entre-luces-y-emocion-el-arbol-de-navidad-ya-brilla-en-la-plaza-martin-fierro\/#breadcrumb","itemListElement":[{"@type":"ListItem","position":1,"name":"Portada","item":"https:\/\/nahuelproducciones.com.ar\/radioquijano\/"},{"@type":"ListItem","position":2,"name":"Entre luces y emoci\u00f3n, el \u00e1rbol de Navidad ya brilla en la Plaza Mart\u00edn Fierro"}]},{"@type":"WebSite","@id":"https:\/\/nahuelproducciones.com.ar\/radioquijano\/#website","url":"https:\/\/nahuelproducciones.com.ar\/radioquijano\/","name":"RQ 99.9","description":"Radio Quijano 99.9 MHz","potentialAction":[{"@type":"SearchAction","target":{"@type":"EntryPoint","urlTemplate":"https:\/\/nahuelproducciones.com.ar\/radioquijano\/?s={search_term_string}"},"query-input":"required name=search_term_string"}],"inLanguage":"es"},{"@type":"Person","@id":"https:\/\/nahuelproducciones.com.ar\/radioquijano\/#\/schema\/person\/e8a4f939e2cb487fe6d0c54042c9d32c","name":"Cecilia Pastrana","image":{"@type":"ImageObject","inLanguage":"es","@id":"https:\/\/nahuelproducciones.com.ar\/radioquijano\/#\/schema\/person\/image\/","url":"https:\/\/secure.gravatar.com\/avatar\/661a3ef63a8488d4f2794ed44af8cf71420f7e106f3072c40125114df5157749?s=96&d=mm&r=g","contentUrl":"https:\/\/secure.gravatar.com\/avatar\/661a3ef63a8488d4f2794ed44af8cf71420f7e106f3072c40125114df5157749?s=96&d=mm&r=g","caption":"Cecilia Pastrana"},"sameAs":["cecy"],"url":"https:\/\/nahuelproducciones.com.ar\/radioquijano\/author\/cecy\/"}]}},"_links":{"self":[{"href":"https:\/\/nahuelproducciones.com.ar\/radioquijano\/wp-json\/wp\/v2\/posts\/11734","targetHints":{"allow":["GET"]}}],"collection":[{"href":"https:\/\/nahuelproducciones.com.ar\/radioquijano\/wp-json\/wp\/v2\/posts"}],"about":[{"href":"https:\/\/nahuelproducciones.com.ar\/radioquijano\/wp-json\/wp\/v2\/types\/post"}],"author":[{"embeddable":true,"href":"https:\/\/nahuelproducciones.com.ar\/radioquijano\/wp-json\/wp\/v2\/users\/8"}],"replies":[{"embeddable":true,"href":"https:\/\/nahuelproducciones.com.ar\/radioquijano\/wp-json\/wp\/v2\/comments?post=11734"}],"version-history":[{"count":2,"href":"https:\/\/nahuelproducciones.com.ar\/radioquijano\/wp-json\/wp\/v2\/posts\/11734\/revisions"}],"predecessor-version":[{"id":11737,"href":"https:\/\/nahuelproducciones.com.ar\/radioquijano\/wp-json\/wp\/v2\/posts\/11734\/revisions\/11737"}],"wp:featuredmedia":[{"embeddable":true,"href":"https:\/\/nahuelproducciones.com.ar\/radioquijano\/wp-json\/wp\/v2\/media\/11735"}],"wp:attachment":[{"href":"https:\/\/nahuelproducciones.com.ar\/radioquijano\/wp-json\/wp\/v2\/media?parent=11734"}],"wp:term":[{"taxonomy":"category","embeddable":true,"href":"https:\/\/nahuelproducciones.com.ar\/radioquijano\/wp-json\/wp\/v2\/categories?post=11734"},{"taxonomy":"post_tag","embeddable":true,"href":"https:\/\/nahuelproducciones.com.ar\/radioquijano\/wp-json\/wp\/v2\/tags?post=11734"}],"curies":[{"name":"wp","href":"https:\/\/api.w.org\/{rel}","templated":true}]}}