{"id":11741,"date":"2025-12-19T12:19:57","date_gmt":"2025-12-19T15:19:57","guid":{"rendered":"https:\/\/nahuelproducciones.com.ar\/radioquijano\/?p=11741"},"modified":"2025-12-19T12:25:00","modified_gmt":"2025-12-19T15:25:00","slug":"tarifaria-2026-cuestionamientos-por-fuertes-aumentos-y-cambios-de-zonas-en-campo-quijano","status":"publish","type":"post","link":"https:\/\/nahuelproducciones.com.ar\/radioquijano\/tarifaria-2026-cuestionamientos-por-fuertes-aumentos-y-cambios-de-zonas-en-campo-quijano\/","title":{"rendered":"Tarifaria 2026: cuestionamientos por fuertes aumentos y cambios de zonas en Campo Quijano"},"content":{"rendered":"\n<p>En una entrevista brindada a <strong>Radio Quijano RQ 99.9 MHz<\/strong>, el ex concejal <strong>Ariel Gallardo<\/strong> se refiri\u00f3 a la <strong>Ordenanza N\u00b0 198\/2025<\/strong>, correspondiente a la <strong>Tarifaria Municipal A\u00f1o 2026<\/strong>, elevada al Concejo Deliberante por el intendente municipal <strong>Ing. Lino Fernando Yonar<\/strong>, y expres\u00f3 fuertes cuestionamientos sobre el impacto que tendr\u00e1 en los vecinos.<\/p>\n\n\n\n<p>Gallardo se\u00f1al\u00f3 que la nueva tarifaria contempla <strong>incrementos cercanos al 100% en tasas, servicios e impuestos municipales<\/strong>, muy por encima de la inflaci\u00f3n prevista para 2026. Seg\u00fan indic\u00f3, en algunos casos los aumentos podr\u00edan significar <strong>entre tres y cuatro veces m\u00e1s que la inflaci\u00f3n proyectada<\/strong>, lo que genera preocupaci\u00f3n en distintos sectores de la comunidad.<\/p>\n\n\n\n<p>Uno de los puntos m\u00e1s sensibles mencionados en la entrevista es el <strong>cambio de categorizaci\u00f3n de zonas del municipio<\/strong>, lo que implica un <strong>aumento adicional autom\u00e1tico<\/strong> en los montos que deber\u00e1n abonar los contribuyentes. Entre las modificaciones previstas se destacan:<\/p>\n\n\n\n<ul class=\"wp-block-list\">\n<li> <strong>Las Lomitas<\/strong> (desde el inicio del canal del dique hasta el cruce con Col\u00f3n):<br>pasa de <strong>Zona 2 a Zona 1B<\/strong>.<\/li>\n\n\n\n<li> <strong>La Silleta<\/strong>:<br>pasa de <strong>Zona 2 a Zona 1<\/strong>.<\/li>\n\n\n\n<li><strong>Barrios de la Usina y Balc\u00f3n Andino<\/strong>:<br>pasan de <strong>Zona 2 a Zona 1<\/strong>.<\/li>\n\n\n\n<li> <strong>Enc\u00f3n Chico y Enc\u00f3n Grande<\/strong>:<br>pasan de <strong>Zona 3 a Zona 1B<\/strong>.<\/li>\n<\/ul>\n\n\n\n<p>Durante la entrevista, Gallardo plante\u00f3 que el intendente deber\u00eda <strong>explicar p\u00fablicamente a los vecinos<\/strong> qu\u00e9 destino tendr\u00e1n los recursos municipales, especialmente teniendo en cuenta que para 2026 se prev\u00e9 una <strong>coparticipaci\u00f3n cercana a los $4.195 millones<\/strong>, adem\u00e1s del incremento en tasas e impuestos.<\/p>\n\n\n\n<p>Asimismo, record\u00f3 que en los \u00faltimos a\u00f1os los aumentos ya fueron significativos:<\/p>\n\n\n\n<ul class=\"wp-block-list\">\n<li>en <strong>2024<\/strong>, el presupuesto tuvo un crecimiento cercano al <strong>200%<\/strong>,<\/li>\n\n\n\n<li>y en <strong>2025<\/strong>, los incrementos rondaron el <strong>100%<\/strong>.<\/li>\n<\/ul>\n\n\n\n<p>En ese contexto, dej\u00f3 abierta una pregunta central:<br><strong>\u00bfEstos nuevos aumentos se ver\u00e1n reflejados en m\u00e1s obras, mejores servicios o beneficios concretos para la comunidad?<\/strong><\/p>\n\n\n\n<p>Finalmente, durante la entrevista tambi\u00e9n se abord\u00f3 el tema de la <strong>Carta Org\u00e1nica Municipal<\/strong>, quedando pendiente profundizar su an\u00e1lisis en un pr\u00f3ximo encuentro radial.<\/p>\n\n\n\n<p>Escucha la entrevista:<\/p>\n\n\n\n<figure class=\"wp-block-audio\"><audio controls src=\"https:\/\/nahuelproducciones.com.ar\/radioquijano\/wp-content\/uploads\/2025\/12\/18-12-2025-ARIEL-GALLARDO-ANALISIS-DE-LA-TRIBUTARIA-2026-N-Y-BREVE-DATOS-DE-LA-cARTA-oRGANICA.mp3\"><\/audio><\/figure>\n\n\n\n<p><\/p>\n","protected":false},"excerpt":{"rendered":"<p>En una entrevista brindada a Radio Quijano RQ 99.9 MHz, el ex concejal Ariel Gallardo se refiri\u00f3 a la Ordenanza N\u00b0 198\/2025, correspondiente a la Tarifaria Municipal A\u00f1o 2026, elevada al Concejo Deliberante por el intendente municipal Ing. Lino Fernando Yonar, y expres\u00f3 fuertes cuestionamientos sobre el impacto que tendr\u00e1 en los vecinos. Gallardo se\u00f1al\u00f3 [&hellip;]<\/p>\n","protected":false},"author":8,"featured_media":11747,"comment_status":"open","ping_status":"open","sticky":false,"template":"","format":"standard","meta":{"_monsterinsights_skip_tracking":false,"_monsterinsights_sitenote_active":false,"_monsterinsights_sitenote_note":"","_monsterinsights_sitenote_category":0,"footnotes":""},"categories":[16],"tags":[73,100,2031],"class_list":["post-11741","post","type-post","status-publish","format-standard","has-post-thumbnail","hentry","category-noticias","tag-ariel-gallardo","tag-municipio-de-campo-quijano","tag-tarifaria-2026"],"yoast_head":"<!-- This site is optimized with the Yoast SEO plugin v20.8 - https:\/\/yoast.com\/wordpress\/plugins\/seo\/ -->\n<title>Tarifaria 2026: cuestionamientos por fuertes aumentos y cambios de zonas en Campo Quijano - RQ 99.9<\/title>\n<meta name=\"description\" content=\"Durante la entrevista tambi\u00e9n se abord\u00f3 el tema de la Carta Org\u00e1nica Municipal, quedando pendiente profundizar su an\u00e1lisis en un pr\u00f3ximo encuentro radial.\" \/>\n<meta name=\"robots\" content=\"index, follow, max-snippet:-1, max-image-preview:large, max-video-preview:-1\" \/>\n<link rel=\"canonical\" href=\"https:\/\/nahuelproducciones.com.ar\/radioquijano\/tarifaria-2026-cuestionamientos-por-fuertes-aumentos-y-cambios-de-zonas-en-campo-quijano\/\" \/>\n<meta property=\"og:locale\" content=\"es_ES\" \/>\n<meta property=\"og:type\" content=\"article\" \/>\n<meta property=\"og:title\" content=\"Tarifaria 2026: cuestionamientos por fuertes aumentos y cambios de zonas en Campo Quijano - RQ 99.9\" \/>\n<meta property=\"og:description\" content=\"Durante la entrevista tambi\u00e9n se abord\u00f3 el tema de la Carta Org\u00e1nica Municipal, quedando pendiente profundizar su an\u00e1lisis en un pr\u00f3ximo encuentro radial.\" \/>\n<meta property=\"og:url\" content=\"https:\/\/nahuelproducciones.com.ar\/radioquijano\/tarifaria-2026-cuestionamientos-por-fuertes-aumentos-y-cambios-de-zonas-en-campo-quijano\/\" \/>\n<meta property=\"og:site_name\" content=\"RQ 99.9\" \/>\n<meta property=\"article:publisher\" content=\"https:\/\/www.facebook.com\/nahuelproducciones999\/\" \/>\n<meta property=\"article:published_time\" content=\"2025-12-19T15:19:57+00:00\" \/>\n<meta property=\"article:modified_time\" content=\"2025-12-19T15:25:00+00:00\" \/>\n<meta property=\"og:image\" content=\"https:\/\/nahuelproducciones.com.ar\/radioquijano\/wp-content\/uploads\/2025\/12\/Post-Instagram-Frase-Primavera-Collage-Aesthetic-Minimalista-1-2-e1766157858464.png\" \/>\n\t<meta property=\"og:image:width\" content=\"700\" \/>\n\t<meta property=\"og:image:height\" content=\"623\" \/>\n\t<meta property=\"og:image:type\" content=\"image\/png\" \/>\n<meta name=\"author\" content=\"Cecilia Pastrana\" \/>\n<meta name=\"twitter:card\" content=\"summary_large_image\" \/>\n<meta name=\"twitter:creator\" content=\"@nahuproduciones\" \/>\n<meta name=\"twitter:site\" content=\"@nahuproduciones\" \/>\n<meta name=\"twitter:label1\" content=\"Escrito por\" \/>\n\t<meta name=\"twitter:data1\" content=\"Cecilia Pastrana\" \/>\n\t<meta name=\"twitter:label2\" content=\"Tiempo de lectura\" \/>\n\t<meta name=\"twitter:data2\" content=\"2 minutos\" \/>\n<script type=\"application\/ld+json\" class=\"yoast-schema-graph\">{\"@context\":\"https:\/\/schema.org\",\"@graph\":[{\"@type\":\"WebPage\",\"@id\":\"https:\/\/nahuelproducciones.com.ar\/radioquijano\/tarifaria-2026-cuestionamientos-por-fuertes-aumentos-y-cambios-de-zonas-en-campo-quijano\/\",\"url\":\"https:\/\/nahuelproducciones.com.ar\/radioquijano\/tarifaria-2026-cuestionamientos-por-fuertes-aumentos-y-cambios-de-zonas-en-campo-quijano\/\",\"name\":\"Tarifaria 2026: cuestionamientos por fuertes aumentos y cambios de zonas en Campo Quijano - RQ 99.9\",\"isPartOf\":{\"@id\":\"https:\/\/nahuelproducciones.com.ar\/radioquijano\/#website\"},\"datePublished\":\"2025-12-19T15:19:57+00:00\",\"dateModified\":\"2025-12-19T15:25:00+00:00\",\"author\":{\"@id\":\"https:\/\/nahuelproducciones.com.ar\/radioquijano\/#\/schema\/person\/e8a4f939e2cb487fe6d0c54042c9d32c\"},\"description\":\"Durante la entrevista tambi\u00e9n se abord\u00f3 el tema de la Carta Org\u00e1nica Municipal, quedando pendiente profundizar su an\u00e1lisis en un pr\u00f3ximo encuentro radial.\",\"breadcrumb\":{\"@id\":\"https:\/\/nahuelproducciones.com.ar\/radioquijano\/tarifaria-2026-cuestionamientos-por-fuertes-aumentos-y-cambios-de-zonas-en-campo-quijano\/#breadcrumb\"},\"inLanguage\":\"es\",\"potentialAction\":[{\"@type\":\"ReadAction\",\"target\":[\"https:\/\/nahuelproducciones.com.ar\/radioquijano\/tarifaria-2026-cuestionamientos-por-fuertes-aumentos-y-cambios-de-zonas-en-campo-quijano\/\"]}]},{\"@type\":\"BreadcrumbList\",\"@id\":\"https:\/\/nahuelproducciones.com.ar\/radioquijano\/tarifaria-2026-cuestionamientos-por-fuertes-aumentos-y-cambios-de-zonas-en-campo-quijano\/#breadcrumb\",\"itemListElement\":[{\"@type\":\"ListItem\",\"position\":1,\"name\":\"Portada\",\"item\":\"https:\/\/nahuelproducciones.com.ar\/radioquijano\/\"},{\"@type\":\"ListItem\",\"position\":2,\"name\":\"Tarifaria 2026: cuestionamientos por fuertes aumentos y cambios de zonas en Campo Quijano\"}]},{\"@type\":\"WebSite\",\"@id\":\"https:\/\/nahuelproducciones.com.ar\/radioquijano\/#website\",\"url\":\"https:\/\/nahuelproducciones.com.ar\/radioquijano\/\",\"name\":\"RQ 99.9\",\"description\":\"Radio Quijano 99.9 MHz\",\"potentialAction\":[{\"@type\":\"SearchAction\",\"target\":{\"@type\":\"EntryPoint\",\"urlTemplate\":\"https:\/\/nahuelproducciones.com.ar\/radioquijano\/?s={search_term_string}\"},\"query-input\":\"required name=search_term_string\"}],\"inLanguage\":\"es\"},{\"@type\":\"Person\",\"@id\":\"https:\/\/nahuelproducciones.com.ar\/radioquijano\/#\/schema\/person\/e8a4f939e2cb487fe6d0c54042c9d32c\",\"name\":\"Cecilia Pastrana\",\"image\":{\"@type\":\"ImageObject\",\"inLanguage\":\"es\",\"@id\":\"https:\/\/nahuelproducciones.com.ar\/radioquijano\/#\/schema\/person\/image\/\",\"url\":\"https:\/\/secure.gravatar.com\/avatar\/661a3ef63a8488d4f2794ed44af8cf71420f7e106f3072c40125114df5157749?s=96&d=mm&r=g\",\"contentUrl\":\"https:\/\/secure.gravatar.com\/avatar\/661a3ef63a8488d4f2794ed44af8cf71420f7e106f3072c40125114df5157749?s=96&d=mm&r=g\",\"caption\":\"Cecilia Pastrana\"},\"sameAs\":[\"cecy\"],\"url\":\"https:\/\/nahuelproducciones.com.ar\/radioquijano\/author\/cecy\/\"}]}<\/script>\n<!-- \/ Yoast SEO plugin. -->","yoast_head_json":{"title":"Tarifaria 2026: cuestionamientos por fuertes aumentos y cambios de zonas en Campo Quijano - RQ 99.9","description":"Durante la entrevista tambi\u00e9n se abord\u00f3 el tema de la Carta Org\u00e1nica Municipal, quedando pendiente profundizar su an\u00e1lisis en un pr\u00f3ximo encuentro radial.","robots":{"index":"index","follow":"follow","max-snippet":"max-snippet:-1","max-image-preview":"max-image-preview:large","max-video-preview":"max-video-preview:-1"},"canonical":"https:\/\/nahuelproducciones.com.ar\/radioquijano\/tarifaria-2026-cuestionamientos-por-fuertes-aumentos-y-cambios-de-zonas-en-campo-quijano\/","og_locale":"es_ES","og_type":"article","og_title":"Tarifaria 2026: cuestionamientos por fuertes aumentos y cambios de zonas en Campo Quijano - RQ 99.9","og_description":"Durante la entrevista tambi\u00e9n se abord\u00f3 el tema de la Carta Org\u00e1nica Municipal, quedando pendiente profundizar su an\u00e1lisis en un pr\u00f3ximo encuentro radial.","og_url":"https:\/\/nahuelproducciones.com.ar\/radioquijano\/tarifaria-2026-cuestionamientos-por-fuertes-aumentos-y-cambios-de-zonas-en-campo-quijano\/","og_site_name":"RQ 99.9","article_publisher":"https:\/\/www.facebook.com\/nahuelproducciones999\/","article_published_time":"2025-12-19T15:19:57+00:00","article_modified_time":"2025-12-19T15:25:00+00:00","og_image":[{"width":700,"height":623,"url":"https:\/\/nahuelproducciones.com.ar\/radioquijano\/wp-content\/uploads\/2025\/12\/Post-Instagram-Frase-Primavera-Collage-Aesthetic-Minimalista-1-2-e1766157858464.png","type":"image\/png"}],"author":"Cecilia Pastrana","twitter_card":"summary_large_image","twitter_creator":"@nahuproduciones","twitter_site":"@nahuproduciones","twitter_misc":{"Escrito por":"Cecilia Pastrana","Tiempo de lectura":"2 minutos"},"schema":{"@context":"https:\/\/schema.org","@graph":[{"@type":"WebPage","@id":"https:\/\/nahuelproducciones.com.ar\/radioquijano\/tarifaria-2026-cuestionamientos-por-fuertes-aumentos-y-cambios-de-zonas-en-campo-quijano\/","url":"https:\/\/nahuelproducciones.com.ar\/radioquijano\/tarifaria-2026-cuestionamientos-por-fuertes-aumentos-y-cambios-de-zonas-en-campo-quijano\/","name":"Tarifaria 2026: cuestionamientos por fuertes aumentos y cambios de zonas en Campo Quijano - RQ 99.9","isPartOf":{"@id":"https:\/\/nahuelproducciones.com.ar\/radioquijano\/#website"},"datePublished":"2025-12-19T15:19:57+00:00","dateModified":"2025-12-19T15:25:00+00:00","author":{"@id":"https:\/\/nahuelproducciones.com.ar\/radioquijano\/#\/schema\/person\/e8a4f939e2cb487fe6d0c54042c9d32c"},"description":"Durante la entrevista tambi\u00e9n se abord\u00f3 el tema de la Carta Org\u00e1nica Municipal, quedando pendiente profundizar su an\u00e1lisis en un pr\u00f3ximo encuentro radial.","breadcrumb":{"@id":"https:\/\/nahuelproducciones.com.ar\/radioquijano\/tarifaria-2026-cuestionamientos-por-fuertes-aumentos-y-cambios-de-zonas-en-campo-quijano\/#breadcrumb"},"inLanguage":"es","potentialAction":[{"@type":"ReadAction","target":["https:\/\/nahuelproducciones.com.ar\/radioquijano\/tarifaria-2026-cuestionamientos-por-fuertes-aumentos-y-cambios-de-zonas-en-campo-quijano\/"]}]},{"@type":"BreadcrumbList","@id":"https:\/\/nahuelproducciones.com.ar\/radioquijano\/tarifaria-2026-cuestionamientos-por-fuertes-aumentos-y-cambios-de-zonas-en-campo-quijano\/#breadcrumb","itemListElement":[{"@type":"ListItem","position":1,"name":"Portada","item":"https:\/\/nahuelproducciones.com.ar\/radioquijano\/"},{"@type":"ListItem","position":2,"name":"Tarifaria 2026: cuestionamientos por fuertes aumentos y cambios de zonas en Campo Quijano"}]},{"@type":"WebSite","@id":"https:\/\/nahuelproducciones.com.ar\/radioquijano\/#website","url":"https:\/\/nahuelproducciones.com.ar\/radioquijano\/","name":"RQ 99.9","description":"Radio Quijano 99.9 MHz","potentialAction":[{"@type":"SearchAction","target":{"@type":"EntryPoint","urlTemplate":"https:\/\/nahuelproducciones.com.ar\/radioquijano\/?s={search_term_string}"},"query-input":"required name=search_term_string"}],"inLanguage":"es"},{"@type":"Person","@id":"https:\/\/nahuelproducciones.com.ar\/radioquijano\/#\/schema\/person\/e8a4f939e2cb487fe6d0c54042c9d32c","name":"Cecilia Pastrana","image":{"@type":"ImageObject","inLanguage":"es","@id":"https:\/\/nahuelproducciones.com.ar\/radioquijano\/#\/schema\/person\/image\/","url":"https:\/\/secure.gravatar.com\/avatar\/661a3ef63a8488d4f2794ed44af8cf71420f7e106f3072c40125114df5157749?s=96&d=mm&r=g","contentUrl":"https:\/\/secure.gravatar.com\/avatar\/661a3ef63a8488d4f2794ed44af8cf71420f7e106f3072c40125114df5157749?s=96&d=mm&r=g","caption":"Cecilia Pastrana"},"sameAs":["cecy"],"url":"https:\/\/nahuelproducciones.com.ar\/radioquijano\/author\/cecy\/"}]}},"_links":{"self":[{"href":"https:\/\/nahuelproducciones.com.ar\/radioquijano\/wp-json\/wp\/v2\/posts\/11741","targetHints":{"allow":["GET"]}}],"collection":[{"href":"https:\/\/nahuelproducciones.com.ar\/radioquijano\/wp-json\/wp\/v2\/posts"}],"about":[{"href":"https:\/\/nahuelproducciones.com.ar\/radioquijano\/wp-json\/wp\/v2\/types\/post"}],"author":[{"embeddable":true,"href":"https:\/\/nahuelproducciones.com.ar\/radioquijano\/wp-json\/wp\/v2\/users\/8"}],"replies":[{"embeddable":true,"href":"https:\/\/nahuelproducciones.com.ar\/radioquijano\/wp-json\/wp\/v2\/comments?post=11741"}],"version-history":[{"count":1,"href":"https:\/\/nahuelproducciones.com.ar\/radioquijano\/wp-json\/wp\/v2\/posts\/11741\/revisions"}],"predecessor-version":[{"id":11744,"href":"https:\/\/nahuelproducciones.com.ar\/radioquijano\/wp-json\/wp\/v2\/posts\/11741\/revisions\/11744"}],"wp:featuredmedia":[{"embeddable":true,"href":"https:\/\/nahuelproducciones.com.ar\/radioquijano\/wp-json\/wp\/v2\/media\/11747"}],"wp:attachment":[{"href":"https:\/\/nahuelproducciones.com.ar\/radioquijano\/wp-json\/wp\/v2\/media?parent=11741"}],"wp:term":[{"taxonomy":"category","embeddable":true,"href":"https:\/\/nahuelproducciones.com.ar\/radioquijano\/wp-json\/wp\/v2\/categories?post=11741"},{"taxonomy":"post_tag","embeddable":true,"href":"https:\/\/nahuelproducciones.com.ar\/radioquijano\/wp-json\/wp\/v2\/tags?post=11741"}],"curies":[{"name":"wp","href":"https:\/\/api.w.org\/{rel}","templated":true}]}}