{"id":11748,"date":"2025-12-19T13:23:54","date_gmt":"2025-12-19T16:23:54","guid":{"rendered":"https:\/\/nahuelproducciones.com.ar\/radioquijano\/?p=11748"},"modified":"2025-12-19T13:23:55","modified_gmt":"2025-12-19T16:23:55","slug":"campo-quijano-se-moviliza-por-cebolla-jornada-solidaria-de-donacion-de-sangre","status":"publish","type":"post","link":"https:\/\/nahuelproducciones.com.ar\/radioquijano\/campo-quijano-se-moviliza-por-cebolla-jornada-solidaria-de-donacion-de-sangre\/","title":{"rendered":"Campo Quijano se moviliza por \u201cCebolla\u201d: jornada solidaria de donaci\u00f3n de sangre"},"content":{"rendered":"\n<p>Este <strong>martes 23 de diciembre<\/strong>, desde las <strong>9 hasta las 13 horas<\/strong>, el <strong>cami\u00f3n de Hemoterapia del Hospital San Bernardo<\/strong> estar\u00e1 apostado <strong>frente a la Escuela Mitre<\/strong>, en una jornada solidaria que ya empieza a movilizar a todo Campo Quijano.<\/p>\n\n\n\n<p>La convocatoria nace desde el coraz\u00f3n del pueblo: <strong>Carlos Manuel G\u00f3mez, \u201cCebolla\u201d<\/strong>, amigo entra\u00f1able de todos, vecino querido, deportista incansable. Jug\u00f3 al <strong>f\u00fatbol<\/strong>, al <strong>b\u00e1squet<\/strong>, a la <strong>bolilla<\/strong>, y sobre todo jug\u00f3 siempre en el equipo de la amistad, del compa\u00f1erismo y de la calle compartida.<\/p>\n\n\n\n<p>Si bien se atraviesa un momento delicado de salud \u2014y por respeto no se brindan detalles\u2014, lo cierto es que hoy <strong>Cebolla necesita de su gente<\/strong>, y el pueblo ya respondi\u00f3.<br>Un oyente lo resumi\u00f3 con emoci\u00f3n: <em>\u201cSeguro va a ir mucha gente a donar, va a tener que venir un cami\u00f3n bien grande\u201d<\/em>.<\/p>\n\n\n\n<p>La invitaci\u00f3n es abierta y sin distinciones:<br> <strong>a los vecinos de Campo Quijano<\/strong>,<br> <strong>a los de Huaytiquina<\/strong>,<br> <strong>a los del Sportivo<\/strong>,<br> a todos los que alguna vez compartieron una cancha, una charla o una amistad con Cebolla.<\/p>\n\n\n\n<p>La organizaci\u00f3n de esta movida solidaria est\u00e1 siendo acompa\u00f1ada por <strong>Paku Velarde<\/strong>, amigo y vecino de Campo Quijano, junto a otros amigos de Cebolla, con un objetivo claro: <strong>donar hoy por \u00e9l y por todos los que alg\u00fan d\u00eda puedan necesitarlo<\/strong>.<\/p>\n\n\n\n<p>Porque donar sangre es un acto silencioso pero poderoso.<br>Porque hoy es por Cebolla, y ma\u00f1ana puede ser por cualquiera de nosotros.<\/p>\n\n\n\n<p><strong>Ayudemos a ayudar. El pueblo unido tambi\u00e9n salva vidas.<\/strong><\/p>\n\n\n\n<p>Escucha la entrevista:<\/p>\n\n\n\n<figure class=\"wp-block-audio\"><audio controls src=\"https:\/\/nahuelproducciones.com.ar\/radioquijano\/wp-content\/uploads\/2025\/12\/19-12-2025-PAKU-VELARDE-CAMPANA-DONACION-DE-SANGRE-A-CEBOLLA.mp3\"><\/audio><\/figure>\n","protected":false},"excerpt":{"rendered":"<p>Este martes 23 de diciembre, desde las 9 hasta las 13 horas, el cami\u00f3n de Hemoterapia del Hospital San Bernardo estar\u00e1 apostado frente a la Escuela Mitre, en una jornada solidaria que ya empieza a movilizar a todo Campo Quijano. La convocatoria nace desde el coraz\u00f3n del pueblo: Carlos Manuel G\u00f3mez, \u201cCebolla\u201d, amigo entra\u00f1able de [&hellip;]<\/p>\n","protected":false},"author":8,"featured_media":11749,"comment_status":"open","ping_status":"open","sticky":false,"template":"","format":"standard","meta":{"_monsterinsights_skip_tracking":false,"_monsterinsights_sitenote_active":false,"_monsterinsights_sitenote_note":"","_monsterinsights_sitenote_category":0,"footnotes":""},"categories":[16],"tags":[2033,100,2032,2034],"class_list":["post-11748","post","type-post","status-publish","format-standard","has-post-thumbnail","hentry","category-noticias","tag-carlos-manuel-gomez","tag-municipio-de-campo-quijano","tag-paku-velarde","tag-cebolla"],"yoast_head":"<!-- This site is optimized with the Yoast SEO plugin v20.8 - https:\/\/yoast.com\/wordpress\/plugins\/seo\/ -->\n<title>Campo Quijano se moviliza por \u201cCebolla\u201d: jornada solidaria de donaci\u00f3n de sangre - RQ 99.9<\/title>\n<meta name=\"description\" content=\"Ayudemos a ayudar. El pueblo unido tambi\u00e9n salva vidas.\" \/>\n<meta name=\"robots\" content=\"index, follow, max-snippet:-1, max-image-preview:large, max-video-preview:-1\" \/>\n<link rel=\"canonical\" href=\"https:\/\/nahuelproducciones.com.ar\/radioquijano\/campo-quijano-se-moviliza-por-cebolla-jornada-solidaria-de-donacion-de-sangre\/\" \/>\n<meta property=\"og:locale\" content=\"es_ES\" \/>\n<meta property=\"og:type\" content=\"article\" \/>\n<meta property=\"og:title\" content=\"Campo Quijano se moviliza por \u201cCebolla\u201d: jornada solidaria de donaci\u00f3n de sangre - RQ 99.9\" \/>\n<meta property=\"og:description\" content=\"Ayudemos a ayudar. El pueblo unido tambi\u00e9n salva vidas.\" \/>\n<meta property=\"og:url\" content=\"https:\/\/nahuelproducciones.com.ar\/radioquijano\/campo-quijano-se-moviliza-por-cebolla-jornada-solidaria-de-donacion-de-sangre\/\" \/>\n<meta property=\"og:site_name\" content=\"RQ 99.9\" \/>\n<meta property=\"article:publisher\" content=\"https:\/\/www.facebook.com\/nahuelproducciones999\/\" \/>\n<meta property=\"article:published_time\" content=\"2025-12-19T16:23:54+00:00\" \/>\n<meta property=\"article:modified_time\" content=\"2025-12-19T16:23:55+00:00\" \/>\n<meta property=\"og:image\" content=\"https:\/\/nahuelproducciones.com.ar\/radioquijano\/wp-content\/uploads\/2025\/12\/WhatsApp-Image-2025-12-19-at-10.49.47-AM.jpeg\" \/>\n\t<meta property=\"og:image:width\" content=\"719\" \/>\n\t<meta property=\"og:image:height\" content=\"1013\" \/>\n\t<meta property=\"og:image:type\" content=\"image\/jpeg\" \/>\n<meta name=\"author\" content=\"Cecilia Pastrana\" \/>\n<meta name=\"twitter:card\" content=\"summary_large_image\" \/>\n<meta name=\"twitter:creator\" content=\"@nahuproduciones\" \/>\n<meta name=\"twitter:site\" content=\"@nahuproduciones\" \/>\n<meta name=\"twitter:label1\" content=\"Escrito por\" \/>\n\t<meta name=\"twitter:data1\" content=\"Cecilia Pastrana\" \/>\n\t<meta name=\"twitter:label2\" content=\"Tiempo de lectura\" \/>\n\t<meta name=\"twitter:data2\" content=\"2 minutos\" \/>\n<script type=\"application\/ld+json\" class=\"yoast-schema-graph\">{\"@context\":\"https:\/\/schema.org\",\"@graph\":[{\"@type\":\"WebPage\",\"@id\":\"https:\/\/nahuelproducciones.com.ar\/radioquijano\/campo-quijano-se-moviliza-por-cebolla-jornada-solidaria-de-donacion-de-sangre\/\",\"url\":\"https:\/\/nahuelproducciones.com.ar\/radioquijano\/campo-quijano-se-moviliza-por-cebolla-jornada-solidaria-de-donacion-de-sangre\/\",\"name\":\"Campo Quijano se moviliza por \u201cCebolla\u201d: jornada solidaria de donaci\u00f3n de sangre - RQ 99.9\",\"isPartOf\":{\"@id\":\"https:\/\/nahuelproducciones.com.ar\/radioquijano\/#website\"},\"datePublished\":\"2025-12-19T16:23:54+00:00\",\"dateModified\":\"2025-12-19T16:23:55+00:00\",\"author\":{\"@id\":\"https:\/\/nahuelproducciones.com.ar\/radioquijano\/#\/schema\/person\/e8a4f939e2cb487fe6d0c54042c9d32c\"},\"description\":\"Ayudemos a ayudar. El pueblo unido tambi\u00e9n salva vidas.\",\"breadcrumb\":{\"@id\":\"https:\/\/nahuelproducciones.com.ar\/radioquijano\/campo-quijano-se-moviliza-por-cebolla-jornada-solidaria-de-donacion-de-sangre\/#breadcrumb\"},\"inLanguage\":\"es\",\"potentialAction\":[{\"@type\":\"ReadAction\",\"target\":[\"https:\/\/nahuelproducciones.com.ar\/radioquijano\/campo-quijano-se-moviliza-por-cebolla-jornada-solidaria-de-donacion-de-sangre\/\"]}]},{\"@type\":\"BreadcrumbList\",\"@id\":\"https:\/\/nahuelproducciones.com.ar\/radioquijano\/campo-quijano-se-moviliza-por-cebolla-jornada-solidaria-de-donacion-de-sangre\/#breadcrumb\",\"itemListElement\":[{\"@type\":\"ListItem\",\"position\":1,\"name\":\"Portada\",\"item\":\"https:\/\/nahuelproducciones.com.ar\/radioquijano\/\"},{\"@type\":\"ListItem\",\"position\":2,\"name\":\"Campo Quijano se moviliza por \u201cCebolla\u201d: jornada solidaria de donaci\u00f3n de sangre\"}]},{\"@type\":\"WebSite\",\"@id\":\"https:\/\/nahuelproducciones.com.ar\/radioquijano\/#website\",\"url\":\"https:\/\/nahuelproducciones.com.ar\/radioquijano\/\",\"name\":\"RQ 99.9\",\"description\":\"Radio Quijano 99.9 MHz\",\"potentialAction\":[{\"@type\":\"SearchAction\",\"target\":{\"@type\":\"EntryPoint\",\"urlTemplate\":\"https:\/\/nahuelproducciones.com.ar\/radioquijano\/?s={search_term_string}\"},\"query-input\":\"required name=search_term_string\"}],\"inLanguage\":\"es\"},{\"@type\":\"Person\",\"@id\":\"https:\/\/nahuelproducciones.com.ar\/radioquijano\/#\/schema\/person\/e8a4f939e2cb487fe6d0c54042c9d32c\",\"name\":\"Cecilia Pastrana\",\"image\":{\"@type\":\"ImageObject\",\"inLanguage\":\"es\",\"@id\":\"https:\/\/nahuelproducciones.com.ar\/radioquijano\/#\/schema\/person\/image\/\",\"url\":\"https:\/\/secure.gravatar.com\/avatar\/661a3ef63a8488d4f2794ed44af8cf71420f7e106f3072c40125114df5157749?s=96&d=mm&r=g\",\"contentUrl\":\"https:\/\/secure.gravatar.com\/avatar\/661a3ef63a8488d4f2794ed44af8cf71420f7e106f3072c40125114df5157749?s=96&d=mm&r=g\",\"caption\":\"Cecilia Pastrana\"},\"sameAs\":[\"cecy\"],\"url\":\"https:\/\/nahuelproducciones.com.ar\/radioquijano\/author\/cecy\/\"}]}<\/script>\n<!-- \/ Yoast SEO plugin. -->","yoast_head_json":{"title":"Campo Quijano se moviliza por \u201cCebolla\u201d: jornada solidaria de donaci\u00f3n de sangre - RQ 99.9","description":"Ayudemos a ayudar. El pueblo unido tambi\u00e9n salva vidas.","robots":{"index":"index","follow":"follow","max-snippet":"max-snippet:-1","max-image-preview":"max-image-preview:large","max-video-preview":"max-video-preview:-1"},"canonical":"https:\/\/nahuelproducciones.com.ar\/radioquijano\/campo-quijano-se-moviliza-por-cebolla-jornada-solidaria-de-donacion-de-sangre\/","og_locale":"es_ES","og_type":"article","og_title":"Campo Quijano se moviliza por \u201cCebolla\u201d: jornada solidaria de donaci\u00f3n de sangre - RQ 99.9","og_description":"Ayudemos a ayudar. El pueblo unido tambi\u00e9n salva vidas.","og_url":"https:\/\/nahuelproducciones.com.ar\/radioquijano\/campo-quijano-se-moviliza-por-cebolla-jornada-solidaria-de-donacion-de-sangre\/","og_site_name":"RQ 99.9","article_publisher":"https:\/\/www.facebook.com\/nahuelproducciones999\/","article_published_time":"2025-12-19T16:23:54+00:00","article_modified_time":"2025-12-19T16:23:55+00:00","og_image":[{"width":719,"height":1013,"url":"https:\/\/nahuelproducciones.com.ar\/radioquijano\/wp-content\/uploads\/2025\/12\/WhatsApp-Image-2025-12-19-at-10.49.47-AM.jpeg","type":"image\/jpeg"}],"author":"Cecilia Pastrana","twitter_card":"summary_large_image","twitter_creator":"@nahuproduciones","twitter_site":"@nahuproduciones","twitter_misc":{"Escrito por":"Cecilia Pastrana","Tiempo de lectura":"2 minutos"},"schema":{"@context":"https:\/\/schema.org","@graph":[{"@type":"WebPage","@id":"https:\/\/nahuelproducciones.com.ar\/radioquijano\/campo-quijano-se-moviliza-por-cebolla-jornada-solidaria-de-donacion-de-sangre\/","url":"https:\/\/nahuelproducciones.com.ar\/radioquijano\/campo-quijano-se-moviliza-por-cebolla-jornada-solidaria-de-donacion-de-sangre\/","name":"Campo Quijano se moviliza por \u201cCebolla\u201d: jornada solidaria de donaci\u00f3n de sangre - RQ 99.9","isPartOf":{"@id":"https:\/\/nahuelproducciones.com.ar\/radioquijano\/#website"},"datePublished":"2025-12-19T16:23:54+00:00","dateModified":"2025-12-19T16:23:55+00:00","author":{"@id":"https:\/\/nahuelproducciones.com.ar\/radioquijano\/#\/schema\/person\/e8a4f939e2cb487fe6d0c54042c9d32c"},"description":"Ayudemos a ayudar. El pueblo unido tambi\u00e9n salva vidas.","breadcrumb":{"@id":"https:\/\/nahuelproducciones.com.ar\/radioquijano\/campo-quijano-se-moviliza-por-cebolla-jornada-solidaria-de-donacion-de-sangre\/#breadcrumb"},"inLanguage":"es","potentialAction":[{"@type":"ReadAction","target":["https:\/\/nahuelproducciones.com.ar\/radioquijano\/campo-quijano-se-moviliza-por-cebolla-jornada-solidaria-de-donacion-de-sangre\/"]}]},{"@type":"BreadcrumbList","@id":"https:\/\/nahuelproducciones.com.ar\/radioquijano\/campo-quijano-se-moviliza-por-cebolla-jornada-solidaria-de-donacion-de-sangre\/#breadcrumb","itemListElement":[{"@type":"ListItem","position":1,"name":"Portada","item":"https:\/\/nahuelproducciones.com.ar\/radioquijano\/"},{"@type":"ListItem","position":2,"name":"Campo Quijano se moviliza por \u201cCebolla\u201d: jornada solidaria de donaci\u00f3n de sangre"}]},{"@type":"WebSite","@id":"https:\/\/nahuelproducciones.com.ar\/radioquijano\/#website","url":"https:\/\/nahuelproducciones.com.ar\/radioquijano\/","name":"RQ 99.9","description":"Radio Quijano 99.9 MHz","potentialAction":[{"@type":"SearchAction","target":{"@type":"EntryPoint","urlTemplate":"https:\/\/nahuelproducciones.com.ar\/radioquijano\/?s={search_term_string}"},"query-input":"required name=search_term_string"}],"inLanguage":"es"},{"@type":"Person","@id":"https:\/\/nahuelproducciones.com.ar\/radioquijano\/#\/schema\/person\/e8a4f939e2cb487fe6d0c54042c9d32c","name":"Cecilia Pastrana","image":{"@type":"ImageObject","inLanguage":"es","@id":"https:\/\/nahuelproducciones.com.ar\/radioquijano\/#\/schema\/person\/image\/","url":"https:\/\/secure.gravatar.com\/avatar\/661a3ef63a8488d4f2794ed44af8cf71420f7e106f3072c40125114df5157749?s=96&d=mm&r=g","contentUrl":"https:\/\/secure.gravatar.com\/avatar\/661a3ef63a8488d4f2794ed44af8cf71420f7e106f3072c40125114df5157749?s=96&d=mm&r=g","caption":"Cecilia Pastrana"},"sameAs":["cecy"],"url":"https:\/\/nahuelproducciones.com.ar\/radioquijano\/author\/cecy\/"}]}},"_links":{"self":[{"href":"https:\/\/nahuelproducciones.com.ar\/radioquijano\/wp-json\/wp\/v2\/posts\/11748","targetHints":{"allow":["GET"]}}],"collection":[{"href":"https:\/\/nahuelproducciones.com.ar\/radioquijano\/wp-json\/wp\/v2\/posts"}],"about":[{"href":"https:\/\/nahuelproducciones.com.ar\/radioquijano\/wp-json\/wp\/v2\/types\/post"}],"author":[{"embeddable":true,"href":"https:\/\/nahuelproducciones.com.ar\/radioquijano\/wp-json\/wp\/v2\/users\/8"}],"replies":[{"embeddable":true,"href":"https:\/\/nahuelproducciones.com.ar\/radioquijano\/wp-json\/wp\/v2\/comments?post=11748"}],"version-history":[{"count":1,"href":"https:\/\/nahuelproducciones.com.ar\/radioquijano\/wp-json\/wp\/v2\/posts\/11748\/revisions"}],"predecessor-version":[{"id":11751,"href":"https:\/\/nahuelproducciones.com.ar\/radioquijano\/wp-json\/wp\/v2\/posts\/11748\/revisions\/11751"}],"wp:featuredmedia":[{"embeddable":true,"href":"https:\/\/nahuelproducciones.com.ar\/radioquijano\/wp-json\/wp\/v2\/media\/11749"}],"wp:attachment":[{"href":"https:\/\/nahuelproducciones.com.ar\/radioquijano\/wp-json\/wp\/v2\/media?parent=11748"}],"wp:term":[{"taxonomy":"category","embeddable":true,"href":"https:\/\/nahuelproducciones.com.ar\/radioquijano\/wp-json\/wp\/v2\/categories?post=11748"},{"taxonomy":"post_tag","embeddable":true,"href":"https:\/\/nahuelproducciones.com.ar\/radioquijano\/wp-json\/wp\/v2\/tags?post=11748"}],"curies":[{"name":"wp","href":"https:\/\/api.w.org\/{rel}","templated":true}]}}