{"id":11752,"date":"2025-12-19T14:00:54","date_gmt":"2025-12-19T17:00:54","guid":{"rendered":"https:\/\/nahuelproducciones.com.ar\/radioquijano\/?p=11752"},"modified":"2025-12-19T14:00:55","modified_gmt":"2025-12-19T17:00:55","slug":"el-grupo-el-portal-de-belen-invita-al-tradicional-pesebre-viviente-y-pone-a-la-venta-un-bono-navideno-solidario","status":"publish","type":"post","link":"https:\/\/nahuelproducciones.com.ar\/radioquijano\/el-grupo-el-portal-de-belen-invita-al-tradicional-pesebre-viviente-y-pone-a-la-venta-un-bono-navideno-solidario\/","title":{"rendered":"El Grupo \u201cEl Portal de Bel\u00e9n\u201d invita al tradicional Pesebre Viviente y pone a la venta un bono navide\u00f1o solidario"},"content":{"rendered":"\n<p>En el marco de las celebraciones de Navidad, el <strong>Grupo El Portal de Bel\u00e9n<\/strong> invita a toda la comunidad a participar del <strong>Pesebre Viviente \u201cEl Nacimiento en el Portal\u201d<\/strong>, que se llevar\u00e1 a cabo los d\u00edas <strong>viernes 26 y s\u00e1bado 27 de diciembre<\/strong>, a partir de las <strong>21 horas<\/strong>.<\/p>\n\n\n\n<p>En entrevista con este medio, <strong>Gabriel Bautista<\/strong>, en representaci\u00f3n del grupo organizador, destac\u00f3 el valor cultural, religioso y comunitario de esta propuesta que cumple <strong>28 a\u00f1os de historia<\/strong>, atravesando generaciones y consolid\u00e1ndose como una de las expresiones m\u00e1s significativas de la Navidad en la comunidad.<\/p>\n\n\n\n<blockquote class=\"wp-block-quote is-layout-flow wp-block-quote-is-layout-flow\">\n<p>\u201cSon muchos a\u00f1os de trabajo, de fe y de compromiso. Hoy participan m\u00e1s de <strong>150 personas en escena<\/strong>, entre ni\u00f1os, j\u00f3venes y adultos, lo que demuestra que el pesebre es una construcci\u00f3n colectiva que se transmite de generaci\u00f3n en generaci\u00f3n\u201d, expres\u00f3 Bautista.<\/p>\n<\/blockquote>\n\n\n\n<p>La puesta en escena combina <strong>arte, danza y naturaleza<\/strong>, recreando el nacimiento de Jes\u00fas en un entorno especialmente preparado, y convoca a\u00f1o tras a\u00f1o a familias enteras y visitantes.<\/p>\n\n\n\n<p>Desde la organizaci\u00f3n informaron que, para <strong>solventar los gastos<\/strong> que demanda la realizaci\u00f3n del Pesebre Viviente, se encuentra a la venta un <strong>Bono Navide\u00f1o<\/strong>, cuyo valor es de <strong>$2.000<\/strong>. El mismo incluye importantes premios y el <strong>sorteo se realizar\u00e1 el 20 de diciembre a las 19 horas<\/strong>, a trav\u00e9s de la p\u00e1gina de Facebook <strong>\u201cEl Portal de Bel\u00e9n\u201d<\/strong>.<\/p>\n\n\n\n<p>Adem\u00e1s, se aclar\u00f3 que durante las funciones se solicitar\u00e1 un <strong>aporte m\u00ednimo y voluntario<\/strong> a quienes deseen utilizar las sillas, destinado exclusivamente a cubrir costos de la puesta en escena.<\/p>\n\n\n\n<p>Por \u00faltimo, Gabriel Bautista se\u00f1al\u00f3 que <strong>en caso de lluvia<\/strong>, la funci\u00f3n ser\u00e1 <strong>reprogramada para el d\u00eda siguiente<\/strong>, garantizando as\u00ed que la comunidad pueda disfrutar del evento.<\/p>\n\n\n\n<p>Desde el <strong>Grupo El Portal de Bel\u00e9n<\/strong> renuevan la invitaci\u00f3n a todos los vecinos a acompa\u00f1ar esta propuesta que celebra la fe, la tradici\u00f3n y el encuentro comunitario, manteniendo viva una expresi\u00f3n cultural que forma parte de la identidad local.<\/p>\n\n\n\n<p>Escucha la entrevista:<\/p>\n\n\n\n<figure class=\"wp-block-audio\"><audio controls src=\"https:\/\/nahuelproducciones.com.ar\/radioquijano\/wp-content\/uploads\/2025\/12\/19-12-2025-gabriel-bautista-PESEBRE-EL-PORTAL-DE-BELEN-26-Y-27-DE-DICIEMBRE-21-HS.mp3\"><\/audio><\/figure>\n","protected":false},"excerpt":{"rendered":"<p>En el marco de las celebraciones de Navidad, el Grupo El Portal de Bel\u00e9n invita a toda la comunidad a participar del Pesebre Viviente \u201cEl Nacimiento en el Portal\u201d, que se llevar\u00e1 a cabo los d\u00edas viernes 26 y s\u00e1bado 27 de diciembre, a partir de las 21 horas. En entrevista con este medio, Gabriel [&hellip;]<\/p>\n","protected":false},"author":8,"featured_media":11754,"comment_status":"open","ping_status":"open","sticky":false,"template":"","format":"standard","meta":{"_monsterinsights_skip_tracking":false,"_monsterinsights_sitenote_active":false,"_monsterinsights_sitenote_note":"","_monsterinsights_sitenote_category":0,"footnotes":""},"categories":[16],"tags":[90,803,100],"class_list":["post-11752","post","type-post","status-publish","format-standard","has-post-thumbnail","hentry","category-noticias","tag-gabriel-bautista","tag-grupo-el-portal-de-belen-2","tag-municipio-de-campo-quijano"],"yoast_head":"<!-- This site is optimized with the Yoast SEO plugin v20.8 - https:\/\/yoast.com\/wordpress\/plugins\/seo\/ -->\n<title>El Grupo \u201cEl Portal de Bel\u00e9n\u201d invita al tradicional Pesebre Viviente y pone a la venta un bono navide\u00f1o solidario - RQ 99.9<\/title>\n<meta name=\"description\" content=\"En caso de lluvia, la funci\u00f3n ser\u00e1 reprogramada para el d\u00eda siguiente, garantizando as\u00ed que la comunidad pueda disfrutar del evento.\" \/>\n<meta name=\"robots\" content=\"index, follow, max-snippet:-1, max-image-preview:large, max-video-preview:-1\" \/>\n<link rel=\"canonical\" href=\"https:\/\/nahuelproducciones.com.ar\/radioquijano\/el-grupo-el-portal-de-belen-invita-al-tradicional-pesebre-viviente-y-pone-a-la-venta-un-bono-navideno-solidario\/\" \/>\n<meta property=\"og:locale\" content=\"es_ES\" \/>\n<meta property=\"og:type\" content=\"article\" \/>\n<meta property=\"og:title\" content=\"El Grupo \u201cEl Portal de Bel\u00e9n\u201d invita al tradicional Pesebre Viviente y pone a la venta un bono navide\u00f1o solidario - RQ 99.9\" \/>\n<meta property=\"og:description\" content=\"En caso de lluvia, la funci\u00f3n ser\u00e1 reprogramada para el d\u00eda siguiente, garantizando as\u00ed que la comunidad pueda disfrutar del evento.\" \/>\n<meta property=\"og:url\" content=\"https:\/\/nahuelproducciones.com.ar\/radioquijano\/el-grupo-el-portal-de-belen-invita-al-tradicional-pesebre-viviente-y-pone-a-la-venta-un-bono-navideno-solidario\/\" \/>\n<meta property=\"og:site_name\" content=\"RQ 99.9\" \/>\n<meta property=\"article:publisher\" content=\"https:\/\/www.facebook.com\/nahuelproducciones999\/\" \/>\n<meta property=\"article:published_time\" content=\"2025-12-19T17:00:54+00:00\" \/>\n<meta property=\"article:modified_time\" content=\"2025-12-19T17:00:55+00:00\" \/>\n<meta property=\"og:image\" content=\"https:\/\/nahuelproducciones.com.ar\/radioquijano\/wp-content\/uploads\/2025\/12\/597651973_1278246067669866_4041627763685631217_n-e1766163323914.jpg\" \/>\n\t<meta property=\"og:image:width\" content=\"700\" \/>\n\t<meta property=\"og:image:height\" content=\"497\" \/>\n\t<meta property=\"og:image:type\" content=\"image\/jpeg\" \/>\n<meta name=\"author\" content=\"Cecilia Pastrana\" \/>\n<meta name=\"twitter:card\" content=\"summary_large_image\" \/>\n<meta name=\"twitter:creator\" content=\"@nahuproduciones\" \/>\n<meta name=\"twitter:site\" content=\"@nahuproduciones\" \/>\n<meta name=\"twitter:label1\" content=\"Escrito por\" \/>\n\t<meta name=\"twitter:data1\" content=\"Cecilia Pastrana\" \/>\n\t<meta name=\"twitter:label2\" content=\"Tiempo de lectura\" \/>\n\t<meta name=\"twitter:data2\" content=\"2 minutos\" \/>\n<script type=\"application\/ld+json\" class=\"yoast-schema-graph\">{\"@context\":\"https:\/\/schema.org\",\"@graph\":[{\"@type\":\"WebPage\",\"@id\":\"https:\/\/nahuelproducciones.com.ar\/radioquijano\/el-grupo-el-portal-de-belen-invita-al-tradicional-pesebre-viviente-y-pone-a-la-venta-un-bono-navideno-solidario\/\",\"url\":\"https:\/\/nahuelproducciones.com.ar\/radioquijano\/el-grupo-el-portal-de-belen-invita-al-tradicional-pesebre-viviente-y-pone-a-la-venta-un-bono-navideno-solidario\/\",\"name\":\"El Grupo \u201cEl Portal de Bel\u00e9n\u201d invita al tradicional Pesebre Viviente y pone a la venta un bono navide\u00f1o solidario - RQ 99.9\",\"isPartOf\":{\"@id\":\"https:\/\/nahuelproducciones.com.ar\/radioquijano\/#website\"},\"datePublished\":\"2025-12-19T17:00:54+00:00\",\"dateModified\":\"2025-12-19T17:00:55+00:00\",\"author\":{\"@id\":\"https:\/\/nahuelproducciones.com.ar\/radioquijano\/#\/schema\/person\/e8a4f939e2cb487fe6d0c54042c9d32c\"},\"description\":\"En caso de lluvia, la funci\u00f3n ser\u00e1 reprogramada para el d\u00eda siguiente, garantizando as\u00ed que la comunidad pueda disfrutar del evento.\",\"breadcrumb\":{\"@id\":\"https:\/\/nahuelproducciones.com.ar\/radioquijano\/el-grupo-el-portal-de-belen-invita-al-tradicional-pesebre-viviente-y-pone-a-la-venta-un-bono-navideno-solidario\/#breadcrumb\"},\"inLanguage\":\"es\",\"potentialAction\":[{\"@type\":\"ReadAction\",\"target\":[\"https:\/\/nahuelproducciones.com.ar\/radioquijano\/el-grupo-el-portal-de-belen-invita-al-tradicional-pesebre-viviente-y-pone-a-la-venta-un-bono-navideno-solidario\/\"]}]},{\"@type\":\"BreadcrumbList\",\"@id\":\"https:\/\/nahuelproducciones.com.ar\/radioquijano\/el-grupo-el-portal-de-belen-invita-al-tradicional-pesebre-viviente-y-pone-a-la-venta-un-bono-navideno-solidario\/#breadcrumb\",\"itemListElement\":[{\"@type\":\"ListItem\",\"position\":1,\"name\":\"Portada\",\"item\":\"https:\/\/nahuelproducciones.com.ar\/radioquijano\/\"},{\"@type\":\"ListItem\",\"position\":2,\"name\":\"El Grupo \u201cEl Portal de Bel\u00e9n\u201d invita al tradicional Pesebre Viviente y pone a la venta un bono navide\u00f1o solidario\"}]},{\"@type\":\"WebSite\",\"@id\":\"https:\/\/nahuelproducciones.com.ar\/radioquijano\/#website\",\"url\":\"https:\/\/nahuelproducciones.com.ar\/radioquijano\/\",\"name\":\"RQ 99.9\",\"description\":\"Radio Quijano 99.9 MHz\",\"potentialAction\":[{\"@type\":\"SearchAction\",\"target\":{\"@type\":\"EntryPoint\",\"urlTemplate\":\"https:\/\/nahuelproducciones.com.ar\/radioquijano\/?s={search_term_string}\"},\"query-input\":\"required name=search_term_string\"}],\"inLanguage\":\"es\"},{\"@type\":\"Person\",\"@id\":\"https:\/\/nahuelproducciones.com.ar\/radioquijano\/#\/schema\/person\/e8a4f939e2cb487fe6d0c54042c9d32c\",\"name\":\"Cecilia Pastrana\",\"image\":{\"@type\":\"ImageObject\",\"inLanguage\":\"es\",\"@id\":\"https:\/\/nahuelproducciones.com.ar\/radioquijano\/#\/schema\/person\/image\/\",\"url\":\"https:\/\/secure.gravatar.com\/avatar\/661a3ef63a8488d4f2794ed44af8cf71420f7e106f3072c40125114df5157749?s=96&d=mm&r=g\",\"contentUrl\":\"https:\/\/secure.gravatar.com\/avatar\/661a3ef63a8488d4f2794ed44af8cf71420f7e106f3072c40125114df5157749?s=96&d=mm&r=g\",\"caption\":\"Cecilia Pastrana\"},\"sameAs\":[\"cecy\"],\"url\":\"https:\/\/nahuelproducciones.com.ar\/radioquijano\/author\/cecy\/\"}]}<\/script>\n<!-- \/ Yoast SEO plugin. -->","yoast_head_json":{"title":"El Grupo \u201cEl Portal de Bel\u00e9n\u201d invita al tradicional Pesebre Viviente y pone a la venta un bono navide\u00f1o solidario - RQ 99.9","description":"En caso de lluvia, la funci\u00f3n ser\u00e1 reprogramada para el d\u00eda siguiente, garantizando as\u00ed que la comunidad pueda disfrutar del evento.","robots":{"index":"index","follow":"follow","max-snippet":"max-snippet:-1","max-image-preview":"max-image-preview:large","max-video-preview":"max-video-preview:-1"},"canonical":"https:\/\/nahuelproducciones.com.ar\/radioquijano\/el-grupo-el-portal-de-belen-invita-al-tradicional-pesebre-viviente-y-pone-a-la-venta-un-bono-navideno-solidario\/","og_locale":"es_ES","og_type":"article","og_title":"El Grupo \u201cEl Portal de Bel\u00e9n\u201d invita al tradicional Pesebre Viviente y pone a la venta un bono navide\u00f1o solidario - RQ 99.9","og_description":"En caso de lluvia, la funci\u00f3n ser\u00e1 reprogramada para el d\u00eda siguiente, garantizando as\u00ed que la comunidad pueda disfrutar del evento.","og_url":"https:\/\/nahuelproducciones.com.ar\/radioquijano\/el-grupo-el-portal-de-belen-invita-al-tradicional-pesebre-viviente-y-pone-a-la-venta-un-bono-navideno-solidario\/","og_site_name":"RQ 99.9","article_publisher":"https:\/\/www.facebook.com\/nahuelproducciones999\/","article_published_time":"2025-12-19T17:00:54+00:00","article_modified_time":"2025-12-19T17:00:55+00:00","og_image":[{"width":700,"height":497,"url":"https:\/\/nahuelproducciones.com.ar\/radioquijano\/wp-content\/uploads\/2025\/12\/597651973_1278246067669866_4041627763685631217_n-e1766163323914.jpg","type":"image\/jpeg"}],"author":"Cecilia Pastrana","twitter_card":"summary_large_image","twitter_creator":"@nahuproduciones","twitter_site":"@nahuproduciones","twitter_misc":{"Escrito por":"Cecilia Pastrana","Tiempo de lectura":"2 minutos"},"schema":{"@context":"https:\/\/schema.org","@graph":[{"@type":"WebPage","@id":"https:\/\/nahuelproducciones.com.ar\/radioquijano\/el-grupo-el-portal-de-belen-invita-al-tradicional-pesebre-viviente-y-pone-a-la-venta-un-bono-navideno-solidario\/","url":"https:\/\/nahuelproducciones.com.ar\/radioquijano\/el-grupo-el-portal-de-belen-invita-al-tradicional-pesebre-viviente-y-pone-a-la-venta-un-bono-navideno-solidario\/","name":"El Grupo \u201cEl Portal de Bel\u00e9n\u201d invita al tradicional Pesebre Viviente y pone a la venta un bono navide\u00f1o solidario - RQ 99.9","isPartOf":{"@id":"https:\/\/nahuelproducciones.com.ar\/radioquijano\/#website"},"datePublished":"2025-12-19T17:00:54+00:00","dateModified":"2025-12-19T17:00:55+00:00","author":{"@id":"https:\/\/nahuelproducciones.com.ar\/radioquijano\/#\/schema\/person\/e8a4f939e2cb487fe6d0c54042c9d32c"},"description":"En caso de lluvia, la funci\u00f3n ser\u00e1 reprogramada para el d\u00eda siguiente, garantizando as\u00ed que la comunidad pueda disfrutar del evento.","breadcrumb":{"@id":"https:\/\/nahuelproducciones.com.ar\/radioquijano\/el-grupo-el-portal-de-belen-invita-al-tradicional-pesebre-viviente-y-pone-a-la-venta-un-bono-navideno-solidario\/#breadcrumb"},"inLanguage":"es","potentialAction":[{"@type":"ReadAction","target":["https:\/\/nahuelproducciones.com.ar\/radioquijano\/el-grupo-el-portal-de-belen-invita-al-tradicional-pesebre-viviente-y-pone-a-la-venta-un-bono-navideno-solidario\/"]}]},{"@type":"BreadcrumbList","@id":"https:\/\/nahuelproducciones.com.ar\/radioquijano\/el-grupo-el-portal-de-belen-invita-al-tradicional-pesebre-viviente-y-pone-a-la-venta-un-bono-navideno-solidario\/#breadcrumb","itemListElement":[{"@type":"ListItem","position":1,"name":"Portada","item":"https:\/\/nahuelproducciones.com.ar\/radioquijano\/"},{"@type":"ListItem","position":2,"name":"El Grupo \u201cEl Portal de Bel\u00e9n\u201d invita al tradicional Pesebre Viviente y pone a la venta un bono navide\u00f1o solidario"}]},{"@type":"WebSite","@id":"https:\/\/nahuelproducciones.com.ar\/radioquijano\/#website","url":"https:\/\/nahuelproducciones.com.ar\/radioquijano\/","name":"RQ 99.9","description":"Radio Quijano 99.9 MHz","potentialAction":[{"@type":"SearchAction","target":{"@type":"EntryPoint","urlTemplate":"https:\/\/nahuelproducciones.com.ar\/radioquijano\/?s={search_term_string}"},"query-input":"required name=search_term_string"}],"inLanguage":"es"},{"@type":"Person","@id":"https:\/\/nahuelproducciones.com.ar\/radioquijano\/#\/schema\/person\/e8a4f939e2cb487fe6d0c54042c9d32c","name":"Cecilia Pastrana","image":{"@type":"ImageObject","inLanguage":"es","@id":"https:\/\/nahuelproducciones.com.ar\/radioquijano\/#\/schema\/person\/image\/","url":"https:\/\/secure.gravatar.com\/avatar\/661a3ef63a8488d4f2794ed44af8cf71420f7e106f3072c40125114df5157749?s=96&d=mm&r=g","contentUrl":"https:\/\/secure.gravatar.com\/avatar\/661a3ef63a8488d4f2794ed44af8cf71420f7e106f3072c40125114df5157749?s=96&d=mm&r=g","caption":"Cecilia Pastrana"},"sameAs":["cecy"],"url":"https:\/\/nahuelproducciones.com.ar\/radioquijano\/author\/cecy\/"}]}},"_links":{"self":[{"href":"https:\/\/nahuelproducciones.com.ar\/radioquijano\/wp-json\/wp\/v2\/posts\/11752","targetHints":{"allow":["GET"]}}],"collection":[{"href":"https:\/\/nahuelproducciones.com.ar\/radioquijano\/wp-json\/wp\/v2\/posts"}],"about":[{"href":"https:\/\/nahuelproducciones.com.ar\/radioquijano\/wp-json\/wp\/v2\/types\/post"}],"author":[{"embeddable":true,"href":"https:\/\/nahuelproducciones.com.ar\/radioquijano\/wp-json\/wp\/v2\/users\/8"}],"replies":[{"embeddable":true,"href":"https:\/\/nahuelproducciones.com.ar\/radioquijano\/wp-json\/wp\/v2\/comments?post=11752"}],"version-history":[{"count":1,"href":"https:\/\/nahuelproducciones.com.ar\/radioquijano\/wp-json\/wp\/v2\/posts\/11752\/revisions"}],"predecessor-version":[{"id":11756,"href":"https:\/\/nahuelproducciones.com.ar\/radioquijano\/wp-json\/wp\/v2\/posts\/11752\/revisions\/11756"}],"wp:featuredmedia":[{"embeddable":true,"href":"https:\/\/nahuelproducciones.com.ar\/radioquijano\/wp-json\/wp\/v2\/media\/11754"}],"wp:attachment":[{"href":"https:\/\/nahuelproducciones.com.ar\/radioquijano\/wp-json\/wp\/v2\/media?parent=11752"}],"wp:term":[{"taxonomy":"category","embeddable":true,"href":"https:\/\/nahuelproducciones.com.ar\/radioquijano\/wp-json\/wp\/v2\/categories?post=11752"},{"taxonomy":"post_tag","embeddable":true,"href":"https:\/\/nahuelproducciones.com.ar\/radioquijano\/wp-json\/wp\/v2\/tags?post=11752"}],"curies":[{"name":"wp","href":"https:\/\/api.w.org\/{rel}","templated":true}]}}