{"id":11757,"date":"2025-12-19T22:39:27","date_gmt":"2025-12-20T01:39:27","guid":{"rendered":"https:\/\/nahuelproducciones.com.ar\/radioquijano\/?p=11757"},"modified":"2025-12-19T23:09:45","modified_gmt":"2025-12-20T02:09:45","slug":"editorial-el-silencio-ensordecedor-de-lino-yonar-y-el-negocio-del-ruido-en-campo-quijano","status":"publish","type":"post","link":"https:\/\/nahuelproducciones.com.ar\/radioquijano\/editorial-el-silencio-ensordecedor-de-lino-yonar-y-el-negocio-del-ruido-en-campo-quijano\/","title":{"rendered":"EDITORIAL: El silencio ensordecedor de Lino Yonar y el negocio del ruido en Campo Quijano &#8211; Parte I"},"content":{"rendered":"\n<h3 class=\"wp-block-heading\">\u00bfDe qu\u00e9 sirve vivir en el \u00abPortal de los Andes\u00bb si el descanso es un lujo prohibido? Lo que est\u00e1 sucediendo en el Barrio La Merced Chica Village, en La Silleta, no es solo un conflicto entre vecinos y un sal\u00f3n de fiestas; es el retrato fiel de un municipio que parece haber decidido ignorar sus propias leyes para favorecer intereses particulares por encima de la salud de su gente.<br><\/h3>\n\n\n\n<h3 class=\"wp-block-heading\"><strong>El desprecio por la paz residencial<\/strong><\/h3>\n\n\n\n<p>Bajo la gesti\u00f3n del Intendente Lino Yonar, la Municipalidad de Campo Quijano habilit\u00f3 un sal\u00f3n de eventos con capacidad para m\u00e1s de 160 personas en el coraz\u00f3n de una zona estrictamente residencial. Lo hizo sabiendo que el predio est\u00e1 rodeado de familias que eligieron la zona por su tranquilidad, y lo que es peor, desoyendo las advertencias que los vecinos presentaron formalmente desde mayo de 2025, antes de que se terminara de construir.<\/p>\n\n\n\n<p><strong>La lista de irregularidades es, sencillamente, escandalosa:<\/strong><\/p>\n\n\n\n<ul class=\"wp-block-list\">\n<li><strong>Violaci\u00f3n del C\u00f3digo de Edificaci\u00f3n:<\/strong> Se ignora el poder de polic\u00eda y la zonificaci\u00f3n b\u00e1sica.<\/li>\n\n\n\n<li><strong>Contaminaci\u00f3n ac\u00fastica desatada:<\/strong> Se pisotean las ordenanzas municipales (N\u00ba 24\/13 y 46\/13) y las normas IRAM sobre ruidos molestos.<\/li>\n\n\n\n<li><strong>Ilegalidad provincial y nacional:<\/strong> El municipio est\u00e1 incumpliendo la Ley Provincial 7070 de Protecci\u00f3n del Medio Ambiente y la Ley Nacional 25.675, que obliga al Estado a actuar preventivamente antes de que el da\u00f1o sea irreversible.<\/li>\n<\/ul>\n\n\n\n<h3 class=\"wp-block-heading\"><strong>Entre la fiesta y la tragedia<\/strong><\/h3>\n\n\n\n<p>Pero hay un agravante que raya la negligencia criminal: el bloqueo total de las calles por los veh\u00edculos de los asistentes. Los vecinos han denunciado, con pruebas audiovisuales, que ante una emergencia m\u00e9dica o un incendio, ni una ambulancia ni un cami\u00f3n de bomberos podr\u00edan ingresar a la zona.<\/p>\n\n\n\n<p>\u00bfEst\u00e1 esperando el ejecutivo municipal una tragedia para reaccionar?. La inacci\u00f3n del Estado genera responsabilidad, y en este caso, el silencio oficial ante las m\u00e1s de 30 denuncias contravencionales es c\u00f3mplice del caos.<\/p>\n\n\n\n<h3 class=\"wp-block-heading\"><strong>El \u00faltimo refugio: La Justicia<\/strong><\/h3>\n\n\n\n<p>Frente a un municipio sordo y un ejecutivo que no adopta medidas eficaces, los Vecinos Autoconvocados de La Merced Chica se vieron obligados a judicializar el conflicto. El pasado 28 de noviembre presentaron un <strong>Recurso de Amparo<\/strong> ante la Justicia Provincial para exigir lo que la Intendencia les niega: el derecho constitucional a la salud, al descanso y a una calidad de vida digna.<\/p>\n\n\n\n<p>Dado que este conflicto involucra una falta de respuesta oficial ante las denuncias presentadas al Intendente Lino Yonar y la reciente presentaci\u00f3n de un Recurso de Amparo el 28 de noviembre, es un tema con mucha tela para cortar en el \u00e1mbito period\u00edstico<\/p>\n\n\n\n<p>La pregunta queda en el aire para las autoridades de Campo Quijano:<\/p>\n\n\n\n<blockquote class=\"wp-block-quote alignwide has-text-align-center is-layout-flow wp-block-quote-is-layout-flow\">\n<p> <strong>\u00bfGobiernan para los ciudadanos que pagan sus impuestos y buscan vivir en paz, o para el lucro de un sal\u00f3n de eventos que atropella el derecho ajeno?<\/strong>.<\/p>\n<\/blockquote>\n\n\n\n<p>El tiempo de las notas de compromiso ya pas\u00f3. Ahora, es el tiempo de que la ley se cumpla.<\/p>\n\n\n\n<p class=\"has-large-font-size\"><\/p>\n","protected":false},"excerpt":{"rendered":"<p>\u00bfDe qu\u00e9 sirve vivir en el \u00abPortal de los Andes\u00bb si el descanso es un lujo prohibido? Lo que est\u00e1 sucediendo en el Barrio La Merced Chica Village, en La Silleta, no es solo un conflicto entre vecinos y un sal\u00f3n de fiestas; es el retrato fiel de un municipio que parece haber decidido ignorar [&hellip;]<\/p>\n","protected":false},"author":6,"featured_media":11766,"comment_status":"open","ping_status":"open","sticky":false,"template":"","format":"standard","meta":{"_monsterinsights_skip_tracking":false,"_monsterinsights_sitenote_active":false,"_monsterinsights_sitenote_note":"","_monsterinsights_sitenote_category":0,"footnotes":""},"categories":[6],"tags":[36,58,75,353,2035,77,63,71,100],"class_list":["post-11757","post","type-post","status-publish","format-standard","has-post-thumbnail","hentry","category-editorial","tag-campo-quijano","tag-carlos-folloni","tag-concejo-deliberante-de-campo-quijano","tag-el-encon","tag-la-merced-chica-village","tag-la-silleta","tag-lino-yonar","tag-municipalidad-de-campo-quijano","tag-municipio-de-campo-quijano"],"yoast_head":"<!-- This site is optimized with the Yoast SEO plugin v20.8 - https:\/\/yoast.com\/wordpress\/plugins\/seo\/ -->\n<title>EDITORIAL: El silencio ensordecedor de Lino Yonar y el negocio del ruido en Campo Quijano - Parte I - RQ 99.9<\/title>\n<meta name=\"robots\" content=\"index, follow, max-snippet:-1, max-image-preview:large, max-video-preview:-1\" \/>\n<link rel=\"canonical\" href=\"https:\/\/nahuelproducciones.com.ar\/radioquijano\/editorial-el-silencio-ensordecedor-de-lino-yonar-y-el-negocio-del-ruido-en-campo-quijano\/\" \/>\n<meta property=\"og:locale\" content=\"es_ES\" \/>\n<meta property=\"og:type\" content=\"article\" \/>\n<meta property=\"og:title\" content=\"EDITORIAL: El silencio ensordecedor de Lino Yonar y el negocio del ruido en Campo Quijano - Parte I - RQ 99.9\" \/>\n<meta property=\"og:description\" content=\"\u00bfDe qu\u00e9 sirve vivir en el \u00abPortal de los Andes\u00bb si el descanso es un lujo prohibido? Lo que est\u00e1 sucediendo en el Barrio La Merced Chica Village, en La Silleta, no es solo un conflicto entre vecinos y un sal\u00f3n de fiestas; es el retrato fiel de un municipio que parece haber decidido ignorar [&hellip;]\" \/>\n<meta property=\"og:url\" content=\"https:\/\/nahuelproducciones.com.ar\/radioquijano\/editorial-el-silencio-ensordecedor-de-lino-yonar-y-el-negocio-del-ruido-en-campo-quijano\/\" \/>\n<meta property=\"og:site_name\" content=\"RQ 99.9\" \/>\n<meta property=\"article:publisher\" content=\"https:\/\/www.facebook.com\/nahuelproducciones999\/\" \/>\n<meta property=\"article:published_time\" content=\"2025-12-20T01:39:27+00:00\" \/>\n<meta property=\"article:modified_time\" content=\"2025-12-20T02:09:45+00:00\" \/>\n<meta property=\"og:image\" content=\"https:\/\/nahuelproducciones.com.ar\/radioquijano\/wp-content\/uploads\/2025\/12\/placa-la-merced-chica-village.png\" \/>\n\t<meta property=\"og:image:width\" content=\"1408\" \/>\n\t<meta property=\"og:image:height\" content=\"768\" \/>\n\t<meta property=\"og:image:type\" content=\"image\/png\" \/>\n<meta name=\"author\" content=\"Ricardo Guzman\" \/>\n<meta name=\"twitter:card\" content=\"summary_large_image\" \/>\n<meta name=\"twitter:creator\" content=\"@nahuproduciones\" \/>\n<meta name=\"twitter:site\" content=\"@nahuproduciones\" \/>\n<meta name=\"twitter:label1\" content=\"Escrito por\" \/>\n\t<meta name=\"twitter:data1\" content=\"Ricardo Guzman\" \/>\n\t<meta name=\"twitter:label2\" content=\"Tiempo de lectura\" \/>\n\t<meta name=\"twitter:data2\" content=\"3 minutos\" \/>\n<script type=\"application\/ld+json\" class=\"yoast-schema-graph\">{\"@context\":\"https:\/\/schema.org\",\"@graph\":[{\"@type\":\"WebPage\",\"@id\":\"https:\/\/nahuelproducciones.com.ar\/radioquijano\/editorial-el-silencio-ensordecedor-de-lino-yonar-y-el-negocio-del-ruido-en-campo-quijano\/\",\"url\":\"https:\/\/nahuelproducciones.com.ar\/radioquijano\/editorial-el-silencio-ensordecedor-de-lino-yonar-y-el-negocio-del-ruido-en-campo-quijano\/\",\"name\":\"EDITORIAL: El silencio ensordecedor de Lino Yonar y el negocio del ruido en Campo Quijano - Parte I - RQ 99.9\",\"isPartOf\":{\"@id\":\"https:\/\/nahuelproducciones.com.ar\/radioquijano\/#website\"},\"datePublished\":\"2025-12-20T01:39:27+00:00\",\"dateModified\":\"2025-12-20T02:09:45+00:00\",\"author\":{\"@id\":\"https:\/\/nahuelproducciones.com.ar\/radioquijano\/#\/schema\/person\/b9b81a110cbdf07949e2cd02d478ab9d\"},\"breadcrumb\":{\"@id\":\"https:\/\/nahuelproducciones.com.ar\/radioquijano\/editorial-el-silencio-ensordecedor-de-lino-yonar-y-el-negocio-del-ruido-en-campo-quijano\/#breadcrumb\"},\"inLanguage\":\"es\",\"potentialAction\":[{\"@type\":\"ReadAction\",\"target\":[\"https:\/\/nahuelproducciones.com.ar\/radioquijano\/editorial-el-silencio-ensordecedor-de-lino-yonar-y-el-negocio-del-ruido-en-campo-quijano\/\"]}]},{\"@type\":\"BreadcrumbList\",\"@id\":\"https:\/\/nahuelproducciones.com.ar\/radioquijano\/editorial-el-silencio-ensordecedor-de-lino-yonar-y-el-negocio-del-ruido-en-campo-quijano\/#breadcrumb\",\"itemListElement\":[{\"@type\":\"ListItem\",\"position\":1,\"name\":\"Portada\",\"item\":\"https:\/\/nahuelproducciones.com.ar\/radioquijano\/\"},{\"@type\":\"ListItem\",\"position\":2,\"name\":\"EDITORIAL: El silencio ensordecedor de Lino Yonar y el negocio del ruido en Campo Quijano &#8211; Parte I\"}]},{\"@type\":\"WebSite\",\"@id\":\"https:\/\/nahuelproducciones.com.ar\/radioquijano\/#website\",\"url\":\"https:\/\/nahuelproducciones.com.ar\/radioquijano\/\",\"name\":\"RQ 99.9\",\"description\":\"Radio Quijano 99.9 MHz\",\"potentialAction\":[{\"@type\":\"SearchAction\",\"target\":{\"@type\":\"EntryPoint\",\"urlTemplate\":\"https:\/\/nahuelproducciones.com.ar\/radioquijano\/?s={search_term_string}\"},\"query-input\":\"required name=search_term_string\"}],\"inLanguage\":\"es\"},{\"@type\":\"Person\",\"@id\":\"https:\/\/nahuelproducciones.com.ar\/radioquijano\/#\/schema\/person\/b9b81a110cbdf07949e2cd02d478ab9d\",\"name\":\"Ricardo Guzman\",\"image\":{\"@type\":\"ImageObject\",\"inLanguage\":\"es\",\"@id\":\"https:\/\/nahuelproducciones.com.ar\/radioquijano\/#\/schema\/person\/image\/\",\"url\":\"https:\/\/secure.gravatar.com\/avatar\/a5d582deda251f95dc882b72fc6e7b4854f88bb25c3154519210afffa7d706e8?s=96&d=mm&r=g\",\"contentUrl\":\"https:\/\/secure.gravatar.com\/avatar\/a5d582deda251f95dc882b72fc6e7b4854f88bb25c3154519210afffa7d706e8?s=96&d=mm&r=g\",\"caption\":\"Ricardo Guzman\"},\"url\":\"https:\/\/nahuelproducciones.com.ar\/radioquijano\/author\/cady\/\"}]}<\/script>\n<!-- \/ Yoast SEO plugin. -->","yoast_head_json":{"title":"EDITORIAL: El silencio ensordecedor de Lino Yonar y el negocio del ruido en Campo Quijano - Parte I - RQ 99.9","robots":{"index":"index","follow":"follow","max-snippet":"max-snippet:-1","max-image-preview":"max-image-preview:large","max-video-preview":"max-video-preview:-1"},"canonical":"https:\/\/nahuelproducciones.com.ar\/radioquijano\/editorial-el-silencio-ensordecedor-de-lino-yonar-y-el-negocio-del-ruido-en-campo-quijano\/","og_locale":"es_ES","og_type":"article","og_title":"EDITORIAL: El silencio ensordecedor de Lino Yonar y el negocio del ruido en Campo Quijano - Parte I - RQ 99.9","og_description":"\u00bfDe qu\u00e9 sirve vivir en el \u00abPortal de los Andes\u00bb si el descanso es un lujo prohibido? Lo que est\u00e1 sucediendo en el Barrio La Merced Chica Village, en La Silleta, no es solo un conflicto entre vecinos y un sal\u00f3n de fiestas; es el retrato fiel de un municipio que parece haber decidido ignorar [&hellip;]","og_url":"https:\/\/nahuelproducciones.com.ar\/radioquijano\/editorial-el-silencio-ensordecedor-de-lino-yonar-y-el-negocio-del-ruido-en-campo-quijano\/","og_site_name":"RQ 99.9","article_publisher":"https:\/\/www.facebook.com\/nahuelproducciones999\/","article_published_time":"2025-12-20T01:39:27+00:00","article_modified_time":"2025-12-20T02:09:45+00:00","og_image":[{"width":1408,"height":768,"url":"https:\/\/nahuelproducciones.com.ar\/radioquijano\/wp-content\/uploads\/2025\/12\/placa-la-merced-chica-village.png","type":"image\/png"}],"author":"Ricardo Guzman","twitter_card":"summary_large_image","twitter_creator":"@nahuproduciones","twitter_site":"@nahuproduciones","twitter_misc":{"Escrito por":"Ricardo Guzman","Tiempo de lectura":"3 minutos"},"schema":{"@context":"https:\/\/schema.org","@graph":[{"@type":"WebPage","@id":"https:\/\/nahuelproducciones.com.ar\/radioquijano\/editorial-el-silencio-ensordecedor-de-lino-yonar-y-el-negocio-del-ruido-en-campo-quijano\/","url":"https:\/\/nahuelproducciones.com.ar\/radioquijano\/editorial-el-silencio-ensordecedor-de-lino-yonar-y-el-negocio-del-ruido-en-campo-quijano\/","name":"EDITORIAL: El silencio ensordecedor de Lino Yonar y el negocio del ruido en Campo Quijano - Parte I - RQ 99.9","isPartOf":{"@id":"https:\/\/nahuelproducciones.com.ar\/radioquijano\/#website"},"datePublished":"2025-12-20T01:39:27+00:00","dateModified":"2025-12-20T02:09:45+00:00","author":{"@id":"https:\/\/nahuelproducciones.com.ar\/radioquijano\/#\/schema\/person\/b9b81a110cbdf07949e2cd02d478ab9d"},"breadcrumb":{"@id":"https:\/\/nahuelproducciones.com.ar\/radioquijano\/editorial-el-silencio-ensordecedor-de-lino-yonar-y-el-negocio-del-ruido-en-campo-quijano\/#breadcrumb"},"inLanguage":"es","potentialAction":[{"@type":"ReadAction","target":["https:\/\/nahuelproducciones.com.ar\/radioquijano\/editorial-el-silencio-ensordecedor-de-lino-yonar-y-el-negocio-del-ruido-en-campo-quijano\/"]}]},{"@type":"BreadcrumbList","@id":"https:\/\/nahuelproducciones.com.ar\/radioquijano\/editorial-el-silencio-ensordecedor-de-lino-yonar-y-el-negocio-del-ruido-en-campo-quijano\/#breadcrumb","itemListElement":[{"@type":"ListItem","position":1,"name":"Portada","item":"https:\/\/nahuelproducciones.com.ar\/radioquijano\/"},{"@type":"ListItem","position":2,"name":"EDITORIAL: El silencio ensordecedor de Lino Yonar y el negocio del ruido en Campo Quijano &#8211; Parte I"}]},{"@type":"WebSite","@id":"https:\/\/nahuelproducciones.com.ar\/radioquijano\/#website","url":"https:\/\/nahuelproducciones.com.ar\/radioquijano\/","name":"RQ 99.9","description":"Radio Quijano 99.9 MHz","potentialAction":[{"@type":"SearchAction","target":{"@type":"EntryPoint","urlTemplate":"https:\/\/nahuelproducciones.com.ar\/radioquijano\/?s={search_term_string}"},"query-input":"required name=search_term_string"}],"inLanguage":"es"},{"@type":"Person","@id":"https:\/\/nahuelproducciones.com.ar\/radioquijano\/#\/schema\/person\/b9b81a110cbdf07949e2cd02d478ab9d","name":"Ricardo Guzman","image":{"@type":"ImageObject","inLanguage":"es","@id":"https:\/\/nahuelproducciones.com.ar\/radioquijano\/#\/schema\/person\/image\/","url":"https:\/\/secure.gravatar.com\/avatar\/a5d582deda251f95dc882b72fc6e7b4854f88bb25c3154519210afffa7d706e8?s=96&d=mm&r=g","contentUrl":"https:\/\/secure.gravatar.com\/avatar\/a5d582deda251f95dc882b72fc6e7b4854f88bb25c3154519210afffa7d706e8?s=96&d=mm&r=g","caption":"Ricardo Guzman"},"url":"https:\/\/nahuelproducciones.com.ar\/radioquijano\/author\/cady\/"}]}},"_links":{"self":[{"href":"https:\/\/nahuelproducciones.com.ar\/radioquijano\/wp-json\/wp\/v2\/posts\/11757","targetHints":{"allow":["GET"]}}],"collection":[{"href":"https:\/\/nahuelproducciones.com.ar\/radioquijano\/wp-json\/wp\/v2\/posts"}],"about":[{"href":"https:\/\/nahuelproducciones.com.ar\/radioquijano\/wp-json\/wp\/v2\/types\/post"}],"author":[{"embeddable":true,"href":"https:\/\/nahuelproducciones.com.ar\/radioquijano\/wp-json\/wp\/v2\/users\/6"}],"replies":[{"embeddable":true,"href":"https:\/\/nahuelproducciones.com.ar\/radioquijano\/wp-json\/wp\/v2\/comments?post=11757"}],"version-history":[{"count":12,"href":"https:\/\/nahuelproducciones.com.ar\/radioquijano\/wp-json\/wp\/v2\/posts\/11757\/revisions"}],"predecessor-version":[{"id":11774,"href":"https:\/\/nahuelproducciones.com.ar\/radioquijano\/wp-json\/wp\/v2\/posts\/11757\/revisions\/11774"}],"wp:featuredmedia":[{"embeddable":true,"href":"https:\/\/nahuelproducciones.com.ar\/radioquijano\/wp-json\/wp\/v2\/media\/11766"}],"wp:attachment":[{"href":"https:\/\/nahuelproducciones.com.ar\/radioquijano\/wp-json\/wp\/v2\/media?parent=11757"}],"wp:term":[{"taxonomy":"category","embeddable":true,"href":"https:\/\/nahuelproducciones.com.ar\/radioquijano\/wp-json\/wp\/v2\/categories?post=11757"},{"taxonomy":"post_tag","embeddable":true,"href":"https:\/\/nahuelproducciones.com.ar\/radioquijano\/wp-json\/wp\/v2\/tags?post=11757"}],"curies":[{"name":"wp","href":"https:\/\/api.w.org\/{rel}","templated":true}]}}