{"id":11775,"date":"2025-12-24T10:15:29","date_gmt":"2025-12-24T13:15:29","guid":{"rendered":"https:\/\/nahuelproducciones.com.ar\/radioquijano\/?p=11775"},"modified":"2025-12-24T10:15:30","modified_gmt":"2025-12-24T13:15:30","slug":"cuestionamientos-por-la-forma-de-entrega-de-las-cajas-navidenas-a-empleados-municipales","status":"publish","type":"post","link":"https:\/\/nahuelproducciones.com.ar\/radioquijano\/cuestionamientos-por-la-forma-de-entrega-de-las-cajas-navidenas-a-empleados-municipales\/","title":{"rendered":"Cuestionamientos por la forma de entrega de las cajas navide\u00f1as a empleados municipales"},"content":{"rendered":"\n<p>Empleados municipales de Campo Quijano manifestaron malestar tras recibir, el pasado 23 de diciembre, un mensaje de WhatsApp enviado desde la Direcci\u00f3n de Personal, por directiva del intendente, informando sobre la entrega de la caja navide\u00f1a con un plazo inmediato para su retiro.<\/p>\n\n\n\n<p>Seg\u00fan indicaron trabajadores consultados, el mensaje establec\u00eda que la caja deb\u00eda retirarse \u201cma\u00f1ana\u201d, es decir el 24 de diciembre, sin mayor explicaci\u00f3n, sin respaldo de una notificaci\u00f3n formal y sin aclarar qu\u00e9 ocurrir\u00e1 con aquellas cajas que no sean retiradas en ese plazo.<\/p>\n\n\n\n<p>La situaci\u00f3n gener\u00f3 preocupaci\u00f3n e incertidumbre, especialmente por tratarse de una comunicaci\u00f3n realizada a trav\u00e9s de un canal informal, fuera del horario administrativo habitual y en la v\u00edspera de Navidad, una fecha sensible para las familias.<\/p>\n\n\n\n<p>Otro de los puntos que genera interrogantes es el destino de las cajas no retiradas. Hasta el momento, no hubo informaci\u00f3n oficial que explique por que no ser\u00e1n resguardadas para una entrega posterior . Al tratarse de bienes adquiridos con fondos p\u00fablicos y destinados a un grupo espec\u00edfico \u2014los empleados municipales\u2014, su administraci\u00f3n deber\u00eda ser clara y transparente.<\/p>\n\n\n\n<p>Desde distintos sectores se se\u00f1ala que este tipo de pr\u00e1cticas no contribuyen a un buen clima laboral ni a fortalecer la confianza institucional, y se reclama mayor previsibilidad, respeto y comunicaci\u00f3n formal en las decisiones que afectan a los trabajadores.<\/p>\n\n\n\n<p>Gobernar no es apurar, ni presionar, ni comunicar por WhatsApp lo que deber\u00eda hacerse por v\u00edas formales.<\/p>\n\n\n\n<p>Cuando se trata de recursos p\u00fablicos, la transparencia no es una opci\u00f3n, es una obligaci\u00f3n. Los trabajadores merecen respeto, claridad y trato digno. Y la comunidad, explicaciones.<\/p>\n\n\n\n<figure class=\"wp-block-audio\"><audio controls src=\"https:\/\/nahuelproducciones.com.ar\/radioquijano\/wp-content\/uploads\/2025\/12\/WhatsApp-Audio-2025-12-23-at-6.26.35-PM.ogg\"><\/audio><\/figure>\n\n\n<div class=\"wp-block-image\">\n<figure class=\"aligncenter size-full is-resized\"><img loading=\"lazy\" decoding=\"async\" width=\"600\" height=\"600\" src=\"https:\/\/nahuelproducciones.com.ar\/radioquijano\/wp-content\/uploads\/2025\/12\/image-3.png\" alt=\"\" class=\"wp-image-11777\" style=\"width:437px;height:auto\" srcset=\"https:\/\/nahuelproducciones.com.ar\/radioquijano\/wp-content\/uploads\/2025\/12\/image-3.png 600w, https:\/\/nahuelproducciones.com.ar\/radioquijano\/wp-content\/uploads\/2025\/12\/image-3-300x300.png 300w, https:\/\/nahuelproducciones.com.ar\/radioquijano\/wp-content\/uploads\/2025\/12\/image-3-96x96.png 96w, https:\/\/nahuelproducciones.com.ar\/radioquijano\/wp-content\/uploads\/2025\/12\/image-3-150x150.png 150w\" sizes=\"auto, (max-width: 600px) 100vw, 600px\" \/><figcaption class=\"wp-element-caption\">FOTO A MODO ILUSTRATIVO<\/figcaption><\/figure><\/div>","protected":false},"excerpt":{"rendered":"<p>Empleados municipales de Campo Quijano manifestaron malestar tras recibir, el pasado 23 de diciembre, un mensaje de WhatsApp enviado desde la Direcci\u00f3n de Personal, por directiva del intendente, informando sobre la entrega de la caja navide\u00f1a con un plazo inmediato para su retiro. Seg\u00fan indicaron trabajadores consultados, el mensaje establec\u00eda que la caja deb\u00eda retirarse [&hellip;]<\/p>\n","protected":false},"author":8,"featured_media":11777,"comment_status":"open","ping_status":"open","sticky":false,"template":"","format":"standard","meta":{"_monsterinsights_skip_tracking":false,"_monsterinsights_sitenote_active":false,"_monsterinsights_sitenote_note":"","_monsterinsights_sitenote_category":0,"footnotes":""},"categories":[16],"tags":[2037,2036,100],"class_list":["post-11775","post","type-post","status-publish","format-standard","has-post-thumbnail","hentry","category-noticias","tag-cajas-navidenas","tag-directora-de-personal","tag-municipio-de-campo-quijano"],"yoast_head":"<!-- This site is optimized with the Yoast SEO plugin v20.8 - https:\/\/yoast.com\/wordpress\/plugins\/seo\/ -->\n<title>Cuestionamientos por la forma de entrega de las cajas navide\u00f1as a empleados municipales - RQ 99.9<\/title>\n<meta name=\"description\" content=\"Cuando se trata de recursos p\u00fablicos, la transparencia no es una opci\u00f3n, es una obligaci\u00f3n. Los trabajadores merecen respeto, claridad y trato digno. Y la comunidad, explicaciones.\" \/>\n<meta name=\"robots\" content=\"index, follow, max-snippet:-1, max-image-preview:large, max-video-preview:-1\" \/>\n<link rel=\"canonical\" href=\"https:\/\/nahuelproducciones.com.ar\/radioquijano\/cuestionamientos-por-la-forma-de-entrega-de-las-cajas-navidenas-a-empleados-municipales\/\" \/>\n<meta property=\"og:locale\" content=\"es_ES\" \/>\n<meta property=\"og:type\" content=\"article\" \/>\n<meta property=\"og:title\" content=\"Cuestionamientos por la forma de entrega de las cajas navide\u00f1as a empleados municipales - RQ 99.9\" \/>\n<meta property=\"og:description\" content=\"Cuando se trata de recursos p\u00fablicos, la transparencia no es una opci\u00f3n, es una obligaci\u00f3n. Los trabajadores merecen respeto, claridad y trato digno. Y la comunidad, explicaciones.\" \/>\n<meta property=\"og:url\" content=\"https:\/\/nahuelproducciones.com.ar\/radioquijano\/cuestionamientos-por-la-forma-de-entrega-de-las-cajas-navidenas-a-empleados-municipales\/\" \/>\n<meta property=\"og:site_name\" content=\"RQ 99.9\" \/>\n<meta property=\"article:publisher\" content=\"https:\/\/www.facebook.com\/nahuelproducciones999\/\" \/>\n<meta property=\"article:published_time\" content=\"2025-12-24T13:15:29+00:00\" \/>\n<meta property=\"article:modified_time\" content=\"2025-12-24T13:15:30+00:00\" \/>\n<meta property=\"og:image\" content=\"https:\/\/nahuelproducciones.com.ar\/radioquijano\/wp-content\/uploads\/2025\/12\/image-3.png\" \/>\n\t<meta property=\"og:image:width\" content=\"600\" \/>\n\t<meta property=\"og:image:height\" content=\"600\" \/>\n\t<meta property=\"og:image:type\" content=\"image\/png\" \/>\n<meta name=\"author\" content=\"Cecilia Pastrana\" \/>\n<meta name=\"twitter:card\" content=\"summary_large_image\" \/>\n<meta name=\"twitter:creator\" content=\"@nahuproduciones\" \/>\n<meta name=\"twitter:site\" content=\"@nahuproduciones\" \/>\n<meta name=\"twitter:label1\" content=\"Escrito por\" \/>\n\t<meta name=\"twitter:data1\" content=\"Cecilia Pastrana\" \/>\n\t<meta name=\"twitter:label2\" content=\"Tiempo de lectura\" \/>\n\t<meta name=\"twitter:data2\" content=\"2 minutos\" \/>\n<script type=\"application\/ld+json\" class=\"yoast-schema-graph\">{\"@context\":\"https:\/\/schema.org\",\"@graph\":[{\"@type\":\"WebPage\",\"@id\":\"https:\/\/nahuelproducciones.com.ar\/radioquijano\/cuestionamientos-por-la-forma-de-entrega-de-las-cajas-navidenas-a-empleados-municipales\/\",\"url\":\"https:\/\/nahuelproducciones.com.ar\/radioquijano\/cuestionamientos-por-la-forma-de-entrega-de-las-cajas-navidenas-a-empleados-municipales\/\",\"name\":\"Cuestionamientos por la forma de entrega de las cajas navide\u00f1as a empleados municipales - RQ 99.9\",\"isPartOf\":{\"@id\":\"https:\/\/nahuelproducciones.com.ar\/radioquijano\/#website\"},\"datePublished\":\"2025-12-24T13:15:29+00:00\",\"dateModified\":\"2025-12-24T13:15:30+00:00\",\"author\":{\"@id\":\"https:\/\/nahuelproducciones.com.ar\/radioquijano\/#\/schema\/person\/e8a4f939e2cb487fe6d0c54042c9d32c\"},\"description\":\"Cuando se trata de recursos p\u00fablicos, la transparencia no es una opci\u00f3n, es una obligaci\u00f3n. Los trabajadores merecen respeto, claridad y trato digno. Y la comunidad, explicaciones.\",\"breadcrumb\":{\"@id\":\"https:\/\/nahuelproducciones.com.ar\/radioquijano\/cuestionamientos-por-la-forma-de-entrega-de-las-cajas-navidenas-a-empleados-municipales\/#breadcrumb\"},\"inLanguage\":\"es\",\"potentialAction\":[{\"@type\":\"ReadAction\",\"target\":[\"https:\/\/nahuelproducciones.com.ar\/radioquijano\/cuestionamientos-por-la-forma-de-entrega-de-las-cajas-navidenas-a-empleados-municipales\/\"]}]},{\"@type\":\"BreadcrumbList\",\"@id\":\"https:\/\/nahuelproducciones.com.ar\/radioquijano\/cuestionamientos-por-la-forma-de-entrega-de-las-cajas-navidenas-a-empleados-municipales\/#breadcrumb\",\"itemListElement\":[{\"@type\":\"ListItem\",\"position\":1,\"name\":\"Portada\",\"item\":\"https:\/\/nahuelproducciones.com.ar\/radioquijano\/\"},{\"@type\":\"ListItem\",\"position\":2,\"name\":\"Cuestionamientos por la forma de entrega de las cajas navide\u00f1as a empleados municipales\"}]},{\"@type\":\"WebSite\",\"@id\":\"https:\/\/nahuelproducciones.com.ar\/radioquijano\/#website\",\"url\":\"https:\/\/nahuelproducciones.com.ar\/radioquijano\/\",\"name\":\"RQ 99.9\",\"description\":\"Radio Quijano 99.9 MHz\",\"potentialAction\":[{\"@type\":\"SearchAction\",\"target\":{\"@type\":\"EntryPoint\",\"urlTemplate\":\"https:\/\/nahuelproducciones.com.ar\/radioquijano\/?s={search_term_string}\"},\"query-input\":\"required name=search_term_string\"}],\"inLanguage\":\"es\"},{\"@type\":\"Person\",\"@id\":\"https:\/\/nahuelproducciones.com.ar\/radioquijano\/#\/schema\/person\/e8a4f939e2cb487fe6d0c54042c9d32c\",\"name\":\"Cecilia Pastrana\",\"image\":{\"@type\":\"ImageObject\",\"inLanguage\":\"es\",\"@id\":\"https:\/\/nahuelproducciones.com.ar\/radioquijano\/#\/schema\/person\/image\/\",\"url\":\"https:\/\/secure.gravatar.com\/avatar\/661a3ef63a8488d4f2794ed44af8cf71420f7e106f3072c40125114df5157749?s=96&d=mm&r=g\",\"contentUrl\":\"https:\/\/secure.gravatar.com\/avatar\/661a3ef63a8488d4f2794ed44af8cf71420f7e106f3072c40125114df5157749?s=96&d=mm&r=g\",\"caption\":\"Cecilia Pastrana\"},\"sameAs\":[\"cecy\"],\"url\":\"https:\/\/nahuelproducciones.com.ar\/radioquijano\/author\/cecy\/\"}]}<\/script>\n<!-- \/ Yoast SEO plugin. -->","yoast_head_json":{"title":"Cuestionamientos por la forma de entrega de las cajas navide\u00f1as a empleados municipales - RQ 99.9","description":"Cuando se trata de recursos p\u00fablicos, la transparencia no es una opci\u00f3n, es una obligaci\u00f3n. Los trabajadores merecen respeto, claridad y trato digno. Y la comunidad, explicaciones.","robots":{"index":"index","follow":"follow","max-snippet":"max-snippet:-1","max-image-preview":"max-image-preview:large","max-video-preview":"max-video-preview:-1"},"canonical":"https:\/\/nahuelproducciones.com.ar\/radioquijano\/cuestionamientos-por-la-forma-de-entrega-de-las-cajas-navidenas-a-empleados-municipales\/","og_locale":"es_ES","og_type":"article","og_title":"Cuestionamientos por la forma de entrega de las cajas navide\u00f1as a empleados municipales - RQ 99.9","og_description":"Cuando se trata de recursos p\u00fablicos, la transparencia no es una opci\u00f3n, es una obligaci\u00f3n. Los trabajadores merecen respeto, claridad y trato digno. Y la comunidad, explicaciones.","og_url":"https:\/\/nahuelproducciones.com.ar\/radioquijano\/cuestionamientos-por-la-forma-de-entrega-de-las-cajas-navidenas-a-empleados-municipales\/","og_site_name":"RQ 99.9","article_publisher":"https:\/\/www.facebook.com\/nahuelproducciones999\/","article_published_time":"2025-12-24T13:15:29+00:00","article_modified_time":"2025-12-24T13:15:30+00:00","og_image":[{"width":600,"height":600,"url":"https:\/\/nahuelproducciones.com.ar\/radioquijano\/wp-content\/uploads\/2025\/12\/image-3.png","type":"image\/png"}],"author":"Cecilia Pastrana","twitter_card":"summary_large_image","twitter_creator":"@nahuproduciones","twitter_site":"@nahuproduciones","twitter_misc":{"Escrito por":"Cecilia Pastrana","Tiempo de lectura":"2 minutos"},"schema":{"@context":"https:\/\/schema.org","@graph":[{"@type":"WebPage","@id":"https:\/\/nahuelproducciones.com.ar\/radioquijano\/cuestionamientos-por-la-forma-de-entrega-de-las-cajas-navidenas-a-empleados-municipales\/","url":"https:\/\/nahuelproducciones.com.ar\/radioquijano\/cuestionamientos-por-la-forma-de-entrega-de-las-cajas-navidenas-a-empleados-municipales\/","name":"Cuestionamientos por la forma de entrega de las cajas navide\u00f1as a empleados municipales - RQ 99.9","isPartOf":{"@id":"https:\/\/nahuelproducciones.com.ar\/radioquijano\/#website"},"datePublished":"2025-12-24T13:15:29+00:00","dateModified":"2025-12-24T13:15:30+00:00","author":{"@id":"https:\/\/nahuelproducciones.com.ar\/radioquijano\/#\/schema\/person\/e8a4f939e2cb487fe6d0c54042c9d32c"},"description":"Cuando se trata de recursos p\u00fablicos, la transparencia no es una opci\u00f3n, es una obligaci\u00f3n. Los trabajadores merecen respeto, claridad y trato digno. Y la comunidad, explicaciones.","breadcrumb":{"@id":"https:\/\/nahuelproducciones.com.ar\/radioquijano\/cuestionamientos-por-la-forma-de-entrega-de-las-cajas-navidenas-a-empleados-municipales\/#breadcrumb"},"inLanguage":"es","potentialAction":[{"@type":"ReadAction","target":["https:\/\/nahuelproducciones.com.ar\/radioquijano\/cuestionamientos-por-la-forma-de-entrega-de-las-cajas-navidenas-a-empleados-municipales\/"]}]},{"@type":"BreadcrumbList","@id":"https:\/\/nahuelproducciones.com.ar\/radioquijano\/cuestionamientos-por-la-forma-de-entrega-de-las-cajas-navidenas-a-empleados-municipales\/#breadcrumb","itemListElement":[{"@type":"ListItem","position":1,"name":"Portada","item":"https:\/\/nahuelproducciones.com.ar\/radioquijano\/"},{"@type":"ListItem","position":2,"name":"Cuestionamientos por la forma de entrega de las cajas navide\u00f1as a empleados municipales"}]},{"@type":"WebSite","@id":"https:\/\/nahuelproducciones.com.ar\/radioquijano\/#website","url":"https:\/\/nahuelproducciones.com.ar\/radioquijano\/","name":"RQ 99.9","description":"Radio Quijano 99.9 MHz","potentialAction":[{"@type":"SearchAction","target":{"@type":"EntryPoint","urlTemplate":"https:\/\/nahuelproducciones.com.ar\/radioquijano\/?s={search_term_string}"},"query-input":"required name=search_term_string"}],"inLanguage":"es"},{"@type":"Person","@id":"https:\/\/nahuelproducciones.com.ar\/radioquijano\/#\/schema\/person\/e8a4f939e2cb487fe6d0c54042c9d32c","name":"Cecilia Pastrana","image":{"@type":"ImageObject","inLanguage":"es","@id":"https:\/\/nahuelproducciones.com.ar\/radioquijano\/#\/schema\/person\/image\/","url":"https:\/\/secure.gravatar.com\/avatar\/661a3ef63a8488d4f2794ed44af8cf71420f7e106f3072c40125114df5157749?s=96&d=mm&r=g","contentUrl":"https:\/\/secure.gravatar.com\/avatar\/661a3ef63a8488d4f2794ed44af8cf71420f7e106f3072c40125114df5157749?s=96&d=mm&r=g","caption":"Cecilia Pastrana"},"sameAs":["cecy"],"url":"https:\/\/nahuelproducciones.com.ar\/radioquijano\/author\/cecy\/"}]}},"_links":{"self":[{"href":"https:\/\/nahuelproducciones.com.ar\/radioquijano\/wp-json\/wp\/v2\/posts\/11775","targetHints":{"allow":["GET"]}}],"collection":[{"href":"https:\/\/nahuelproducciones.com.ar\/radioquijano\/wp-json\/wp\/v2\/posts"}],"about":[{"href":"https:\/\/nahuelproducciones.com.ar\/radioquijano\/wp-json\/wp\/v2\/types\/post"}],"author":[{"embeddable":true,"href":"https:\/\/nahuelproducciones.com.ar\/radioquijano\/wp-json\/wp\/v2\/users\/8"}],"replies":[{"embeddable":true,"href":"https:\/\/nahuelproducciones.com.ar\/radioquijano\/wp-json\/wp\/v2\/comments?post=11775"}],"version-history":[{"count":1,"href":"https:\/\/nahuelproducciones.com.ar\/radioquijano\/wp-json\/wp\/v2\/posts\/11775\/revisions"}],"predecessor-version":[{"id":11778,"href":"https:\/\/nahuelproducciones.com.ar\/radioquijano\/wp-json\/wp\/v2\/posts\/11775\/revisions\/11778"}],"wp:featuredmedia":[{"embeddable":true,"href":"https:\/\/nahuelproducciones.com.ar\/radioquijano\/wp-json\/wp\/v2\/media\/11777"}],"wp:attachment":[{"href":"https:\/\/nahuelproducciones.com.ar\/radioquijano\/wp-json\/wp\/v2\/media?parent=11775"}],"wp:term":[{"taxonomy":"category","embeddable":true,"href":"https:\/\/nahuelproducciones.com.ar\/radioquijano\/wp-json\/wp\/v2\/categories?post=11775"},{"taxonomy":"post_tag","embeddable":true,"href":"https:\/\/nahuelproducciones.com.ar\/radioquijano\/wp-json\/wp\/v2\/tags?post=11775"}],"curies":[{"name":"wp","href":"https:\/\/api.w.org\/{rel}","templated":true}]}}