{"id":11780,"date":"2025-12-31T10:52:44","date_gmt":"2025-12-31T13:52:44","guid":{"rendered":"https:\/\/nahuelproducciones.com.ar\/radioquijano\/?p=11780"},"modified":"2025-12-31T10:57:16","modified_gmt":"2025-12-31T13:57:16","slug":"el-presidente-del-concejo-deliberante-advirtio-graves-irregularidades-en-la-documentacion-institucional","status":"publish","type":"post","link":"https:\/\/nahuelproducciones.com.ar\/radioquijano\/el-presidente-del-concejo-deliberante-advirtio-graves-irregularidades-en-la-documentacion-institucional\/","title":{"rendered":"El presidente del Concejo Deliberante advirti\u00f3 graves irregularidades en la documentaci\u00f3n institucional"},"content":{"rendered":"\n<p>El presidente del Concejo Deliberante de Campo Quijano, <strong>Tom\u00e1s Falcone<\/strong>, inform\u00f3 que al asumir su cargo se encontraron <strong>importantes irregularidades administrativas<\/strong> heredadas de la gesti\u00f3n anterior, principalmente la <strong>falta de actas de sesiones y de comisiones<\/strong>.<\/p>\n\n\n\n<p>Seg\u00fan explic\u00f3, al revisar la documentaci\u00f3n dejada por la ex presidenta del Concejo, se constat\u00f3 que <strong>no estaban confeccionadas las actas correspondientes<\/strong>, una situaci\u00f3n que compromete la institucionalidad del cuerpo deliberativo. Ante este escenario, los <strong>nuevos secretarios comenzaron a reconstruir y completar los libros de actas<\/strong>, logrando hasta el momento <strong>regularizar la documentaci\u00f3n correspondiente al a\u00f1o 2025<\/strong>.<\/p>\n\n\n\n<p>Falcone se\u00f1al\u00f3 que el proceso est\u00e1 llevando tiempo, ya que <strong>no toda la documentaci\u00f3n entregada en la transici\u00f3n estaba en regla<\/strong>, por lo que se encuentran realizando un an\u00e1lisis minucioso de los papeles recibidos, muchos de ellos de car\u00e1cter sensible.<\/p>\n\n\n\n<h3 class=\"wp-block-heading\">Presencia de concejales y funcionamiento del Concejo<\/h3>\n\n\n\n<p>El presidente del Concejo tambi\u00e9n se refiri\u00f3 a la <strong>asistencia de los concejales<\/strong>, recordando que <strong>no existe receso ni vacaciones<\/strong>, ya que las sesiones solo se suspenden hasta el mes de marzo, pero los ediles <strong>deben concurrir a trabajar diariamente<\/strong>, dado que perciben un salario por esa funci\u00f3n.<\/p>\n\n\n\n<p>En ese sentido, detall\u00f3 que los concejales que asisten regularmente son <strong>\u00e9l mismo, Adriana Tolaba y Lorena Torres<\/strong>. Indic\u00f3 adem\u00e1s que <strong>Monteros concurre antes de dirigirse a su otro trabajo<\/strong>, mientras que <strong>Orosco asisti\u00f3 solo un d\u00eda desde el 10 de diciembre<\/strong> y que <strong>Mirta Copa no regres\u00f3 al Concejo desde la fecha de asunci\u00f3n<\/strong>.<\/p>\n\n\n\n<h3 class=\"wp-block-heading\">Reuni\u00f3n informal con el intendente<\/h3>\n\n\n\n<p>Consultado sobre la invitaci\u00f3n del intendente <strong>Yon\u00e1r<\/strong>, Falcone aclar\u00f3 que mantuvieron un <strong>encuentro informal<\/strong>, en el que el jefe comunal le habl\u00f3 de n\u00fameros relacionados con ingresos y egresos municipales, <strong>aunque sin presentar documentaci\u00f3n respaldatoria<\/strong>. Seg\u00fan explic\u00f3, el intendente manifest\u00f3 que su intenci\u00f3n era simplemente <strong>conocerlo personalmente<\/strong>.<\/p>\n\n\n\n<h3 class=\"wp-block-heading\">Apertura institucional y comunicaci\u00f3n<\/h3>\n\n\n\n<p>El actual presidente del Concejo Deliberante asegur\u00f3 que el organismo <strong>tendr\u00e1 las puertas abiertas para los vecinos<\/strong>, y que incluso se coloc\u00f3 un cartel informativo para facilitar el ingreso, aunque aclar\u00f3 que <strong>en algunos sectores ser\u00e1 necesario pedir permiso<\/strong>, debido a la existencia de documentaci\u00f3n sensible cuya custodia es su responsabilidad.<\/p>\n\n\n\n<p>Asimismo, destac\u00f3 que se <strong>fortalecer\u00e1 la comunicaci\u00f3n institucional<\/strong>, llevando informaci\u00f3n de todo lo que se realice tanto a los medios de comunicaci\u00f3n como al <strong>perfil oficial de Facebook del Concejo<\/strong>, el cual ser\u00e1 actualizado, incluyendo el cambio de nombre que a\u00fan figura con la denominaci\u00f3n \u201c2024\u201d.<\/p>\n\n\n\n<p>Por el momento, <strong>no est\u00e1n definidos los d\u00edas ni horarios de las sesiones ni de las comisiones<\/strong>, decisi\u00f3n que ser\u00e1 consensuada con la totalidad de los concejales.<\/p>\n\n\n\n<h3 class=\"wp-block-heading\">Un Concejo sin banderas partidarias<\/h3>\n\n\n\n<p>Finalmente, Falcone remarc\u00f3 que ejercer\u00e1 su funci\u00f3n <strong>sin banderas partidarias<\/strong>, se\u00f1alando que \u201cse sacar\u00e1 la camiseta del partido\u201d para cumplir con el rol que le corresponde como presidente del cuerpo: <strong>controlar al Ejecutivo municipal y trabajar para mejorar la gesti\u00f3n en beneficio de la gente<\/strong>.<\/p>\n\n\n\n<figure class=\"wp-block-audio\"><audio controls src=\"https:\/\/nahuelproducciones.com.ar\/radioquijano\/wp-content\/uploads\/2025\/12\/30-12-2025-PRESIDENTE-TOMAS-FALCONE-SALUDO-DE-FIN-DE-ANO-Y-ANALISIS-DE-LA-GESTION-ANTERIOR.mp3\"><\/audio><\/figure>\n","protected":false},"excerpt":{"rendered":"<p>El presidente del Concejo Deliberante de Campo Quijano, Tom\u00e1s Falcone, inform\u00f3 que al asumir su cargo se encontraron importantes irregularidades administrativas heredadas de la gesti\u00f3n anterior, principalmente la falta de actas de sesiones y de comisiones. Seg\u00fan explic\u00f3, al revisar la documentaci\u00f3n dejada por la ex presidenta del Concejo, se constat\u00f3 que no estaban confeccionadas [&hellip;]<\/p>\n","protected":false},"author":8,"featured_media":11728,"comment_status":"open","ping_status":"open","sticky":false,"template":"","format":"standard","meta":{"_monsterinsights_skip_tracking":false,"_monsterinsights_sitenote_active":false,"_monsterinsights_sitenote_note":"","_monsterinsights_sitenote_category":0,"footnotes":""},"categories":[16],"tags":[75,100,2027],"class_list":["post-11780","post","type-post","status-publish","format-standard","has-post-thumbnail","hentry","category-noticias","tag-concejo-deliberante-de-campo-quijano","tag-municipio-de-campo-quijano","tag-tomas-falcone"],"yoast_head":"<!-- This site is optimized with the Yoast SEO plugin v20.8 - https:\/\/yoast.com\/wordpress\/plugins\/seo\/ -->\n<title>El presidente del Concejo Deliberante advirti\u00f3 graves irregularidades en la documentaci\u00f3n institucional - RQ 99.9<\/title>\n<meta name=\"description\" content=\"Falcone remarc\u00f3 que ejercer\u00e1 su funci\u00f3n sin banderas partidarias, se\u00f1alando que \u201cse sacar\u00e1 la camiseta del partido\u201d para cumplir con el rol que le corresponde como presidente del cuerpo\" \/>\n<meta name=\"robots\" content=\"index, follow, max-snippet:-1, max-image-preview:large, max-video-preview:-1\" \/>\n<link rel=\"canonical\" href=\"https:\/\/nahuelproducciones.com.ar\/radioquijano\/el-presidente-del-concejo-deliberante-advirtio-graves-irregularidades-en-la-documentacion-institucional\/\" \/>\n<meta property=\"og:locale\" content=\"es_ES\" \/>\n<meta property=\"og:type\" content=\"article\" \/>\n<meta property=\"og:title\" content=\"El presidente del Concejo Deliberante advirti\u00f3 graves irregularidades en la documentaci\u00f3n institucional - RQ 99.9\" \/>\n<meta property=\"og:description\" content=\"Falcone remarc\u00f3 que ejercer\u00e1 su funci\u00f3n sin banderas partidarias, se\u00f1alando que \u201cse sacar\u00e1 la camiseta del partido\u201d para cumplir con el rol que le corresponde como presidente del cuerpo\" \/>\n<meta property=\"og:url\" content=\"https:\/\/nahuelproducciones.com.ar\/radioquijano\/el-presidente-del-concejo-deliberante-advirtio-graves-irregularidades-en-la-documentacion-institucional\/\" \/>\n<meta property=\"og:site_name\" content=\"RQ 99.9\" \/>\n<meta property=\"article:publisher\" content=\"https:\/\/www.facebook.com\/nahuelproducciones999\/\" \/>\n<meta property=\"article:published_time\" content=\"2025-12-31T13:52:44+00:00\" \/>\n<meta property=\"article:modified_time\" content=\"2025-12-31T13:57:16+00:00\" \/>\n<meta property=\"og:image\" content=\"https:\/\/nahuelproducciones.com.ar\/radioquijano\/wp-content\/uploads\/2025\/12\/WhatsApp-Image-2025-12-12-at-5.03.05-PM-e1767189428322.jpeg\" \/>\n\t<meta property=\"og:image:width\" content=\"700\" \/>\n\t<meta property=\"og:image:height\" content=\"360\" \/>\n\t<meta property=\"og:image:type\" content=\"image\/jpeg\" \/>\n<meta name=\"author\" content=\"Cecilia Pastrana\" \/>\n<meta name=\"twitter:card\" content=\"summary_large_image\" \/>\n<meta name=\"twitter:creator\" content=\"@nahuproduciones\" \/>\n<meta name=\"twitter:site\" content=\"@nahuproduciones\" \/>\n<meta name=\"twitter:label1\" content=\"Escrito por\" \/>\n\t<meta name=\"twitter:data1\" content=\"Cecilia Pastrana\" \/>\n\t<meta name=\"twitter:label2\" content=\"Tiempo de lectura\" \/>\n\t<meta name=\"twitter:data2\" content=\"3 minutos\" \/>\n<script type=\"application\/ld+json\" class=\"yoast-schema-graph\">{\"@context\":\"https:\/\/schema.org\",\"@graph\":[{\"@type\":\"WebPage\",\"@id\":\"https:\/\/nahuelproducciones.com.ar\/radioquijano\/el-presidente-del-concejo-deliberante-advirtio-graves-irregularidades-en-la-documentacion-institucional\/\",\"url\":\"https:\/\/nahuelproducciones.com.ar\/radioquijano\/el-presidente-del-concejo-deliberante-advirtio-graves-irregularidades-en-la-documentacion-institucional\/\",\"name\":\"El presidente del Concejo Deliberante advirti\u00f3 graves irregularidades en la documentaci\u00f3n institucional - RQ 99.9\",\"isPartOf\":{\"@id\":\"https:\/\/nahuelproducciones.com.ar\/radioquijano\/#website\"},\"datePublished\":\"2025-12-31T13:52:44+00:00\",\"dateModified\":\"2025-12-31T13:57:16+00:00\",\"author\":{\"@id\":\"https:\/\/nahuelproducciones.com.ar\/radioquijano\/#\/schema\/person\/e8a4f939e2cb487fe6d0c54042c9d32c\"},\"description\":\"Falcone remarc\u00f3 que ejercer\u00e1 su funci\u00f3n sin banderas partidarias, se\u00f1alando que \u201cse sacar\u00e1 la camiseta del partido\u201d para cumplir con el rol que le corresponde como presidente del cuerpo\",\"breadcrumb\":{\"@id\":\"https:\/\/nahuelproducciones.com.ar\/radioquijano\/el-presidente-del-concejo-deliberante-advirtio-graves-irregularidades-en-la-documentacion-institucional\/#breadcrumb\"},\"inLanguage\":\"es\",\"potentialAction\":[{\"@type\":\"ReadAction\",\"target\":[\"https:\/\/nahuelproducciones.com.ar\/radioquijano\/el-presidente-del-concejo-deliberante-advirtio-graves-irregularidades-en-la-documentacion-institucional\/\"]}]},{\"@type\":\"BreadcrumbList\",\"@id\":\"https:\/\/nahuelproducciones.com.ar\/radioquijano\/el-presidente-del-concejo-deliberante-advirtio-graves-irregularidades-en-la-documentacion-institucional\/#breadcrumb\",\"itemListElement\":[{\"@type\":\"ListItem\",\"position\":1,\"name\":\"Portada\",\"item\":\"https:\/\/nahuelproducciones.com.ar\/radioquijano\/\"},{\"@type\":\"ListItem\",\"position\":2,\"name\":\"El presidente del Concejo Deliberante advirti\u00f3 graves irregularidades en la documentaci\u00f3n institucional\"}]},{\"@type\":\"WebSite\",\"@id\":\"https:\/\/nahuelproducciones.com.ar\/radioquijano\/#website\",\"url\":\"https:\/\/nahuelproducciones.com.ar\/radioquijano\/\",\"name\":\"RQ 99.9\",\"description\":\"Radio Quijano 99.9 MHz\",\"potentialAction\":[{\"@type\":\"SearchAction\",\"target\":{\"@type\":\"EntryPoint\",\"urlTemplate\":\"https:\/\/nahuelproducciones.com.ar\/radioquijano\/?s={search_term_string}\"},\"query-input\":\"required name=search_term_string\"}],\"inLanguage\":\"es\"},{\"@type\":\"Person\",\"@id\":\"https:\/\/nahuelproducciones.com.ar\/radioquijano\/#\/schema\/person\/e8a4f939e2cb487fe6d0c54042c9d32c\",\"name\":\"Cecilia Pastrana\",\"image\":{\"@type\":\"ImageObject\",\"inLanguage\":\"es\",\"@id\":\"https:\/\/nahuelproducciones.com.ar\/radioquijano\/#\/schema\/person\/image\/\",\"url\":\"https:\/\/secure.gravatar.com\/avatar\/661a3ef63a8488d4f2794ed44af8cf71420f7e106f3072c40125114df5157749?s=96&d=mm&r=g\",\"contentUrl\":\"https:\/\/secure.gravatar.com\/avatar\/661a3ef63a8488d4f2794ed44af8cf71420f7e106f3072c40125114df5157749?s=96&d=mm&r=g\",\"caption\":\"Cecilia Pastrana\"},\"sameAs\":[\"cecy\"],\"url\":\"https:\/\/nahuelproducciones.com.ar\/radioquijano\/author\/cecy\/\"}]}<\/script>\n<!-- \/ Yoast SEO plugin. -->","yoast_head_json":{"title":"El presidente del Concejo Deliberante advirti\u00f3 graves irregularidades en la documentaci\u00f3n institucional - RQ 99.9","description":"Falcone remarc\u00f3 que ejercer\u00e1 su funci\u00f3n sin banderas partidarias, se\u00f1alando que \u201cse sacar\u00e1 la camiseta del partido\u201d para cumplir con el rol que le corresponde como presidente del cuerpo","robots":{"index":"index","follow":"follow","max-snippet":"max-snippet:-1","max-image-preview":"max-image-preview:large","max-video-preview":"max-video-preview:-1"},"canonical":"https:\/\/nahuelproducciones.com.ar\/radioquijano\/el-presidente-del-concejo-deliberante-advirtio-graves-irregularidades-en-la-documentacion-institucional\/","og_locale":"es_ES","og_type":"article","og_title":"El presidente del Concejo Deliberante advirti\u00f3 graves irregularidades en la documentaci\u00f3n institucional - RQ 99.9","og_description":"Falcone remarc\u00f3 que ejercer\u00e1 su funci\u00f3n sin banderas partidarias, se\u00f1alando que \u201cse sacar\u00e1 la camiseta del partido\u201d para cumplir con el rol que le corresponde como presidente del cuerpo","og_url":"https:\/\/nahuelproducciones.com.ar\/radioquijano\/el-presidente-del-concejo-deliberante-advirtio-graves-irregularidades-en-la-documentacion-institucional\/","og_site_name":"RQ 99.9","article_publisher":"https:\/\/www.facebook.com\/nahuelproducciones999\/","article_published_time":"2025-12-31T13:52:44+00:00","article_modified_time":"2025-12-31T13:57:16+00:00","og_image":[{"width":700,"height":360,"url":"https:\/\/nahuelproducciones.com.ar\/radioquijano\/wp-content\/uploads\/2025\/12\/WhatsApp-Image-2025-12-12-at-5.03.05-PM-e1767189428322.jpeg","type":"image\/jpeg"}],"author":"Cecilia Pastrana","twitter_card":"summary_large_image","twitter_creator":"@nahuproduciones","twitter_site":"@nahuproduciones","twitter_misc":{"Escrito por":"Cecilia Pastrana","Tiempo de lectura":"3 minutos"},"schema":{"@context":"https:\/\/schema.org","@graph":[{"@type":"WebPage","@id":"https:\/\/nahuelproducciones.com.ar\/radioquijano\/el-presidente-del-concejo-deliberante-advirtio-graves-irregularidades-en-la-documentacion-institucional\/","url":"https:\/\/nahuelproducciones.com.ar\/radioquijano\/el-presidente-del-concejo-deliberante-advirtio-graves-irregularidades-en-la-documentacion-institucional\/","name":"El presidente del Concejo Deliberante advirti\u00f3 graves irregularidades en la documentaci\u00f3n institucional - RQ 99.9","isPartOf":{"@id":"https:\/\/nahuelproducciones.com.ar\/radioquijano\/#website"},"datePublished":"2025-12-31T13:52:44+00:00","dateModified":"2025-12-31T13:57:16+00:00","author":{"@id":"https:\/\/nahuelproducciones.com.ar\/radioquijano\/#\/schema\/person\/e8a4f939e2cb487fe6d0c54042c9d32c"},"description":"Falcone remarc\u00f3 que ejercer\u00e1 su funci\u00f3n sin banderas partidarias, se\u00f1alando que \u201cse sacar\u00e1 la camiseta del partido\u201d para cumplir con el rol que le corresponde como presidente del cuerpo","breadcrumb":{"@id":"https:\/\/nahuelproducciones.com.ar\/radioquijano\/el-presidente-del-concejo-deliberante-advirtio-graves-irregularidades-en-la-documentacion-institucional\/#breadcrumb"},"inLanguage":"es","potentialAction":[{"@type":"ReadAction","target":["https:\/\/nahuelproducciones.com.ar\/radioquijano\/el-presidente-del-concejo-deliberante-advirtio-graves-irregularidades-en-la-documentacion-institucional\/"]}]},{"@type":"BreadcrumbList","@id":"https:\/\/nahuelproducciones.com.ar\/radioquijano\/el-presidente-del-concejo-deliberante-advirtio-graves-irregularidades-en-la-documentacion-institucional\/#breadcrumb","itemListElement":[{"@type":"ListItem","position":1,"name":"Portada","item":"https:\/\/nahuelproducciones.com.ar\/radioquijano\/"},{"@type":"ListItem","position":2,"name":"El presidente del Concejo Deliberante advirti\u00f3 graves irregularidades en la documentaci\u00f3n institucional"}]},{"@type":"WebSite","@id":"https:\/\/nahuelproducciones.com.ar\/radioquijano\/#website","url":"https:\/\/nahuelproducciones.com.ar\/radioquijano\/","name":"RQ 99.9","description":"Radio Quijano 99.9 MHz","potentialAction":[{"@type":"SearchAction","target":{"@type":"EntryPoint","urlTemplate":"https:\/\/nahuelproducciones.com.ar\/radioquijano\/?s={search_term_string}"},"query-input":"required name=search_term_string"}],"inLanguage":"es"},{"@type":"Person","@id":"https:\/\/nahuelproducciones.com.ar\/radioquijano\/#\/schema\/person\/e8a4f939e2cb487fe6d0c54042c9d32c","name":"Cecilia Pastrana","image":{"@type":"ImageObject","inLanguage":"es","@id":"https:\/\/nahuelproducciones.com.ar\/radioquijano\/#\/schema\/person\/image\/","url":"https:\/\/secure.gravatar.com\/avatar\/661a3ef63a8488d4f2794ed44af8cf71420f7e106f3072c40125114df5157749?s=96&d=mm&r=g","contentUrl":"https:\/\/secure.gravatar.com\/avatar\/661a3ef63a8488d4f2794ed44af8cf71420f7e106f3072c40125114df5157749?s=96&d=mm&r=g","caption":"Cecilia Pastrana"},"sameAs":["cecy"],"url":"https:\/\/nahuelproducciones.com.ar\/radioquijano\/author\/cecy\/"}]}},"_links":{"self":[{"href":"https:\/\/nahuelproducciones.com.ar\/radioquijano\/wp-json\/wp\/v2\/posts\/11780","targetHints":{"allow":["GET"]}}],"collection":[{"href":"https:\/\/nahuelproducciones.com.ar\/radioquijano\/wp-json\/wp\/v2\/posts"}],"about":[{"href":"https:\/\/nahuelproducciones.com.ar\/radioquijano\/wp-json\/wp\/v2\/types\/post"}],"author":[{"embeddable":true,"href":"https:\/\/nahuelproducciones.com.ar\/radioquijano\/wp-json\/wp\/v2\/users\/8"}],"replies":[{"embeddable":true,"href":"https:\/\/nahuelproducciones.com.ar\/radioquijano\/wp-json\/wp\/v2\/comments?post=11780"}],"version-history":[{"count":1,"href":"https:\/\/nahuelproducciones.com.ar\/radioquijano\/wp-json\/wp\/v2\/posts\/11780\/revisions"}],"predecessor-version":[{"id":11783,"href":"https:\/\/nahuelproducciones.com.ar\/radioquijano\/wp-json\/wp\/v2\/posts\/11780\/revisions\/11783"}],"wp:featuredmedia":[{"embeddable":true,"href":"https:\/\/nahuelproducciones.com.ar\/radioquijano\/wp-json\/wp\/v2\/media\/11728"}],"wp:attachment":[{"href":"https:\/\/nahuelproducciones.com.ar\/radioquijano\/wp-json\/wp\/v2\/media?parent=11780"}],"wp:term":[{"taxonomy":"category","embeddable":true,"href":"https:\/\/nahuelproducciones.com.ar\/radioquijano\/wp-json\/wp\/v2\/categories?post=11780"},{"taxonomy":"post_tag","embeddable":true,"href":"https:\/\/nahuelproducciones.com.ar\/radioquijano\/wp-json\/wp\/v2\/tags?post=11780"}],"curies":[{"name":"wp","href":"https:\/\/api.w.org\/{rel}","templated":true}]}}