{"id":11787,"date":"2026-01-03T00:03:28","date_gmt":"2026-01-03T03:03:28","guid":{"rendered":"https:\/\/nahuelproducciones.com.ar\/radioquijano\/?p=11787"},"modified":"2026-01-03T00:03:30","modified_gmt":"2026-01-03T03:03:30","slug":"quejas-de-vecinos-por-el-estado-de-los-banos-en-el-camping-municipal","status":"publish","type":"post","link":"https:\/\/nahuelproducciones.com.ar\/radioquijano\/quejas-de-vecinos-por-el-estado-de-los-banos-en-el-camping-municipal\/","title":{"rendered":"Quejas de vecinos por el estado de los ba\u00f1os en el camping municipal"},"content":{"rendered":"\n<p>Vecinos y visitantes que concurrieron ayer al camping municipal manifestaron su malestar por las <strong>deficientes condiciones sanitarias<\/strong> en una jornada de concurrencia masiva.<\/p>\n\n\n\n<p>Seg\u00fan relataron oyentes de Radio Quijano, el predio se encontraba <strong>colmado despu\u00e9s del mediod\u00eda<\/strong>, sin lugares disponibles, pero solo hab\u00eda <strong>dos ba\u00f1os habilitados para mujeres<\/strong>, los ubicados detr\u00e1s de la cancha de b\u00e1squet. El resto de los sanitarios, tanto de damas como de caballeros, permanec\u00edan con carteles de <strong>\u201cClausurado\u201d<\/strong>.<\/p>\n\n\n\n<p>La situaci\u00f3n se volvi\u00f3 cr\u00edtica con el correr de las horas: <strong>largas filas<\/strong>, esperas prolongadas y, alrededor de las <strong>15:30<\/strong>, los \u00fanicos ba\u00f1os habilitados para mujeres tambi\u00e9n fueron clausurados debido a <strong>p\u00e9rdidas provenientes de la c\u00e1mara s\u00e9ptica<\/strong>, visibles en el exterior del sector.<\/p>\n\n\n\n<p>Ante este escenario, se procedi\u00f3 a <strong>reabrir uno de los ba\u00f1os que se encontraba clausurado<\/strong>, lo que gener\u00f3 nuevamente extensas filas. A esto se sum\u00f3 el malestar por la actitud del personal a cargo, ya que \u2014seg\u00fan el testimonio recibido\u2014 la persona encargada de la limpieza instaba a las usuarias a \u201capurar\u201d el uso de los sanitarios, en un contexto claramente inc\u00f3modo y poco digno.<\/p>\n\n\n\n<p>Los reclamos tambi\u00e9n apuntan al <strong>responsable del camping<\/strong>, a quien los vecinos califican como inoperante para el cargo, remarcando que <strong>no es el primer a\u00f1o que se repiten este tipo de problemas<\/strong>, a pesar de que el predio permanece gran parte del a\u00f1o sin uso intensivo, tiempo suficiente \u2014afirman\u2014 para realizar las reparaciones necesarias.<\/p>\n\n\n\n<p>Mientras los ba\u00f1os no daban abasto, algunos visitantes observaron al encargado <strong>sac\u00e1ndose selfies<\/strong>, presuntamente para mostrar en redes sociales la gran concurrencia, lo que fue interpretado como una falta de sensibilidad frente a los problemas reales del lugar.<\/p>\n\n\n\n<p>\u201cTenemos un espacio natural muy lindo, que podr\u00eda estar mucho mejor\u201d, expres\u00f3 un oyente, quien adem\u00e1s aport\u00f3 <strong>fotos y videos<\/strong> que dan cuenta de la situaci\u00f3n vivida.<\/p>\n\n\n\n<p>Los vecinos solicitan a las autoridades municipales <strong>mayor planificaci\u00f3n, mantenimiento e inversi\u00f3n<\/strong>, especialmente en servicios b\u00e1sicos como los sanitarios, indispensables para garantizar condiciones m\u00ednimas de higiene y respeto para quienes eligen disfrutar del camping municipal.<\/p>\n\n\n\n<figure class=\"wp-block-gallery has-nested-images columns-default is-cropped wp-block-gallery-1 is-layout-flex wp-block-gallery-is-layout-flex\">\n<figure class=\"wp-block-image size-large\"><img loading=\"lazy\" decoding=\"async\" width=\"768\" height=\"1024\" data-id=\"11789\" src=\"https:\/\/nahuelproducciones.com.ar\/radioquijano\/wp-content\/uploads\/2026\/01\/WhatsApp-Image-2026-01-02-at-11.13.21-AM-768x1024.jpeg\" alt=\"\" class=\"wp-image-11789\" srcset=\"https:\/\/nahuelproducciones.com.ar\/radioquijano\/wp-content\/uploads\/2026\/01\/WhatsApp-Image-2026-01-02-at-11.13.21-AM-768x1024.jpeg 768w, https:\/\/nahuelproducciones.com.ar\/radioquijano\/wp-content\/uploads\/2026\/01\/WhatsApp-Image-2026-01-02-at-11.13.21-AM-225x300.jpeg 225w, https:\/\/nahuelproducciones.com.ar\/radioquijano\/wp-content\/uploads\/2026\/01\/WhatsApp-Image-2026-01-02-at-11.13.21-AM-640x853.jpeg 640w, https:\/\/nahuelproducciones.com.ar\/radioquijano\/wp-content\/uploads\/2026\/01\/WhatsApp-Image-2026-01-02-at-11.13.21-AM-150x200.jpeg 150w, https:\/\/nahuelproducciones.com.ar\/radioquijano\/wp-content\/uploads\/2026\/01\/WhatsApp-Image-2026-01-02-at-11.13.21-AM.jpeg 780w\" sizes=\"auto, (max-width: 768px) 100vw, 768px\" \/><\/figure>\n\n\n\n<figure class=\"wp-block-image size-large\"><img loading=\"lazy\" decoding=\"async\" width=\"629\" height=\"679\" data-id=\"11790\" src=\"https:\/\/nahuelproducciones.com.ar\/radioquijano\/wp-content\/uploads\/2026\/01\/WhatsApp-Image-2026-01-02-at-11.11.48-AM.jpeg\" alt=\"\" class=\"wp-image-11790\" srcset=\"https:\/\/nahuelproducciones.com.ar\/radioquijano\/wp-content\/uploads\/2026\/01\/WhatsApp-Image-2026-01-02-at-11.11.48-AM.jpeg 629w, https:\/\/nahuelproducciones.com.ar\/radioquijano\/wp-content\/uploads\/2026\/01\/WhatsApp-Image-2026-01-02-at-11.11.48-AM-278x300.jpeg 278w, https:\/\/nahuelproducciones.com.ar\/radioquijano\/wp-content\/uploads\/2026\/01\/WhatsApp-Image-2026-01-02-at-11.11.48-AM-150x162.jpeg 150w\" sizes=\"auto, (max-width: 629px) 100vw, 629px\" \/><\/figure>\n\n\n\n<figure class=\"wp-block-image size-large\"><img loading=\"lazy\" decoding=\"async\" width=\"768\" height=\"1024\" data-id=\"11791\" src=\"https:\/\/nahuelproducciones.com.ar\/radioquijano\/wp-content\/uploads\/2026\/01\/WhatsApp-Image-2026-01-02-at-11.13.20-AM-1-768x1024.jpeg\" alt=\"\" class=\"wp-image-11791\" srcset=\"https:\/\/nahuelproducciones.com.ar\/radioquijano\/wp-content\/uploads\/2026\/01\/WhatsApp-Image-2026-01-02-at-11.13.20-AM-1-768x1024.jpeg 768w, https:\/\/nahuelproducciones.com.ar\/radioquijano\/wp-content\/uploads\/2026\/01\/WhatsApp-Image-2026-01-02-at-11.13.20-AM-1-225x300.jpeg 225w, https:\/\/nahuelproducciones.com.ar\/radioquijano\/wp-content\/uploads\/2026\/01\/WhatsApp-Image-2026-01-02-at-11.13.20-AM-1-640x853.jpeg 640w, https:\/\/nahuelproducciones.com.ar\/radioquijano\/wp-content\/uploads\/2026\/01\/WhatsApp-Image-2026-01-02-at-11.13.20-AM-1-150x200.jpeg 150w, https:\/\/nahuelproducciones.com.ar\/radioquijano\/wp-content\/uploads\/2026\/01\/WhatsApp-Image-2026-01-02-at-11.13.20-AM-1.jpeg 780w\" sizes=\"auto, (max-width: 768px) 100vw, 768px\" \/><\/figure>\n<\/figure>\n\n\n\n<figure class=\"wp-block-video\"><video controls src=\"https:\/\/nahuelproducciones.com.ar\/radioquijano\/wp-content\/uploads\/2026\/01\/WhatsApp-Video-2026-01-02-at-11.10.35-AM.mp4\"><\/video><\/figure>\n\n\n\n<figure class=\"wp-block-video\"><video controls src=\"https:\/\/nahuelproducciones.com.ar\/radioquijano\/wp-content\/uploads\/2026\/01\/WhatsApp-Video-2026-01-02-at-11.10.36-AM.mp4\"><\/video><\/figure>\n\n\n\n<figure class=\"wp-block-video\"><video controls src=\"https:\/\/nahuelproducciones.com.ar\/radioquijano\/wp-content\/uploads\/2026\/01\/WhatsApp-Video-2026-01-02-at-11.13.20-AM.mp4\"><\/video><\/figure>\n\n\n\n<p><\/p>\n","protected":false},"excerpt":{"rendered":"<p>Vecinos y visitantes que concurrieron ayer al camping municipal manifestaron su malestar por las deficientes condiciones sanitarias en una jornada de concurrencia masiva. Seg\u00fan relataron oyentes de Radio Quijano, el predio se encontraba colmado despu\u00e9s del mediod\u00eda, sin lugares disponibles, pero solo hab\u00eda dos ba\u00f1os habilitados para mujeres, los ubicados detr\u00e1s de la cancha de [&hellip;]<\/p>\n","protected":false},"author":8,"featured_media":11788,"comment_status":"open","ping_status":"open","sticky":false,"template":"","format":"standard","meta":{"_monsterinsights_skip_tracking":false,"_monsterinsights_sitenote_active":false,"_monsterinsights_sitenote_note":"","_monsterinsights_sitenote_category":0,"footnotes":""},"categories":[16],"tags":[2038,296,100],"class_list":["post-11787","post","type-post","status-publish","format-standard","has-post-thumbnail","hentry","category-noticias","tag-banos","tag-camping-municipal-de-campo-quijano","tag-municipio-de-campo-quijano"],"yoast_head":"<!-- This site is optimized with the Yoast SEO plugin v20.8 - https:\/\/yoast.com\/wordpress\/plugins\/seo\/ -->\n<title>Quejas de vecinos por el estado de los ba\u00f1os en el camping municipal - RQ 99.9<\/title>\n<meta name=\"description\" content=\"El camping puede estar lleno, pero sin ba\u00f1os en condiciones , hay abandono.\" \/>\n<meta name=\"robots\" content=\"index, follow, max-snippet:-1, max-image-preview:large, max-video-preview:-1\" \/>\n<link rel=\"canonical\" href=\"https:\/\/nahuelproducciones.com.ar\/radioquijano\/quejas-de-vecinos-por-el-estado-de-los-banos-en-el-camping-municipal\/\" \/>\n<meta property=\"og:locale\" content=\"es_ES\" \/>\n<meta property=\"og:type\" content=\"article\" \/>\n<meta property=\"og:title\" content=\"Quejas de vecinos por el estado de los ba\u00f1os en el camping municipal - RQ 99.9\" \/>\n<meta property=\"og:description\" content=\"El camping puede estar lleno, pero sin ba\u00f1os en condiciones , hay abandono.\" \/>\n<meta property=\"og:url\" content=\"https:\/\/nahuelproducciones.com.ar\/radioquijano\/quejas-de-vecinos-por-el-estado-de-los-banos-en-el-camping-municipal\/\" \/>\n<meta property=\"og:site_name\" content=\"RQ 99.9\" \/>\n<meta property=\"article:publisher\" content=\"https:\/\/www.facebook.com\/nahuelproducciones999\/\" \/>\n<meta property=\"article:published_time\" content=\"2026-01-03T03:03:28+00:00\" \/>\n<meta property=\"article:modified_time\" content=\"2026-01-03T03:03:30+00:00\" \/>\n<meta property=\"og:image\" content=\"https:\/\/nahuelproducciones.com.ar\/radioquijano\/wp-content\/uploads\/2026\/01\/WhatsApp-Image-2026-01-02-at-11.13.20-AM-e1767409118277.jpeg\" \/>\n\t<meta property=\"og:image:width\" content=\"700\" \/>\n\t<meta property=\"og:image:height\" content=\"933\" \/>\n\t<meta property=\"og:image:type\" content=\"image\/jpeg\" \/>\n<meta name=\"author\" content=\"Cecilia Pastrana\" \/>\n<meta name=\"twitter:card\" content=\"summary_large_image\" \/>\n<meta name=\"twitter:creator\" content=\"@nahuproduciones\" \/>\n<meta name=\"twitter:site\" content=\"@nahuproduciones\" \/>\n<meta name=\"twitter:label1\" content=\"Escrito por\" \/>\n\t<meta name=\"twitter:data1\" content=\"Cecilia Pastrana\" \/>\n\t<meta name=\"twitter:label2\" content=\"Tiempo de lectura\" \/>\n\t<meta name=\"twitter:data2\" content=\"3 minutos\" \/>\n<script type=\"application\/ld+json\" class=\"yoast-schema-graph\">{\"@context\":\"https:\/\/schema.org\",\"@graph\":[{\"@type\":\"WebPage\",\"@id\":\"https:\/\/nahuelproducciones.com.ar\/radioquijano\/quejas-de-vecinos-por-el-estado-de-los-banos-en-el-camping-municipal\/\",\"url\":\"https:\/\/nahuelproducciones.com.ar\/radioquijano\/quejas-de-vecinos-por-el-estado-de-los-banos-en-el-camping-municipal\/\",\"name\":\"Quejas de vecinos por el estado de los ba\u00f1os en el camping municipal - RQ 99.9\",\"isPartOf\":{\"@id\":\"https:\/\/nahuelproducciones.com.ar\/radioquijano\/#website\"},\"datePublished\":\"2026-01-03T03:03:28+00:00\",\"dateModified\":\"2026-01-03T03:03:30+00:00\",\"author\":{\"@id\":\"https:\/\/nahuelproducciones.com.ar\/radioquijano\/#\/schema\/person\/e8a4f939e2cb487fe6d0c54042c9d32c\"},\"description\":\"El camping puede estar lleno, pero sin ba\u00f1os en condiciones , hay abandono.\",\"breadcrumb\":{\"@id\":\"https:\/\/nahuelproducciones.com.ar\/radioquijano\/quejas-de-vecinos-por-el-estado-de-los-banos-en-el-camping-municipal\/#breadcrumb\"},\"inLanguage\":\"es\",\"potentialAction\":[{\"@type\":\"ReadAction\",\"target\":[\"https:\/\/nahuelproducciones.com.ar\/radioquijano\/quejas-de-vecinos-por-el-estado-de-los-banos-en-el-camping-municipal\/\"]}]},{\"@type\":\"BreadcrumbList\",\"@id\":\"https:\/\/nahuelproducciones.com.ar\/radioquijano\/quejas-de-vecinos-por-el-estado-de-los-banos-en-el-camping-municipal\/#breadcrumb\",\"itemListElement\":[{\"@type\":\"ListItem\",\"position\":1,\"name\":\"Portada\",\"item\":\"https:\/\/nahuelproducciones.com.ar\/radioquijano\/\"},{\"@type\":\"ListItem\",\"position\":2,\"name\":\"Quejas de vecinos por el estado de los ba\u00f1os en el camping municipal\"}]},{\"@type\":\"WebSite\",\"@id\":\"https:\/\/nahuelproducciones.com.ar\/radioquijano\/#website\",\"url\":\"https:\/\/nahuelproducciones.com.ar\/radioquijano\/\",\"name\":\"RQ 99.9\",\"description\":\"Radio Quijano 99.9 MHz\",\"potentialAction\":[{\"@type\":\"SearchAction\",\"target\":{\"@type\":\"EntryPoint\",\"urlTemplate\":\"https:\/\/nahuelproducciones.com.ar\/radioquijano\/?s={search_term_string}\"},\"query-input\":\"required name=search_term_string\"}],\"inLanguage\":\"es\"},{\"@type\":\"Person\",\"@id\":\"https:\/\/nahuelproducciones.com.ar\/radioquijano\/#\/schema\/person\/e8a4f939e2cb487fe6d0c54042c9d32c\",\"name\":\"Cecilia Pastrana\",\"image\":{\"@type\":\"ImageObject\",\"inLanguage\":\"es\",\"@id\":\"https:\/\/nahuelproducciones.com.ar\/radioquijano\/#\/schema\/person\/image\/\",\"url\":\"https:\/\/secure.gravatar.com\/avatar\/661a3ef63a8488d4f2794ed44af8cf71420f7e106f3072c40125114df5157749?s=96&d=mm&r=g\",\"contentUrl\":\"https:\/\/secure.gravatar.com\/avatar\/661a3ef63a8488d4f2794ed44af8cf71420f7e106f3072c40125114df5157749?s=96&d=mm&r=g\",\"caption\":\"Cecilia Pastrana\"},\"sameAs\":[\"cecy\"],\"url\":\"https:\/\/nahuelproducciones.com.ar\/radioquijano\/author\/cecy\/\"}]}<\/script>\n<!-- \/ Yoast SEO plugin. -->","yoast_head_json":{"title":"Quejas de vecinos por el estado de los ba\u00f1os en el camping municipal - RQ 99.9","description":"El camping puede estar lleno, pero sin ba\u00f1os en condiciones , hay abandono.","robots":{"index":"index","follow":"follow","max-snippet":"max-snippet:-1","max-image-preview":"max-image-preview:large","max-video-preview":"max-video-preview:-1"},"canonical":"https:\/\/nahuelproducciones.com.ar\/radioquijano\/quejas-de-vecinos-por-el-estado-de-los-banos-en-el-camping-municipal\/","og_locale":"es_ES","og_type":"article","og_title":"Quejas de vecinos por el estado de los ba\u00f1os en el camping municipal - RQ 99.9","og_description":"El camping puede estar lleno, pero sin ba\u00f1os en condiciones , hay abandono.","og_url":"https:\/\/nahuelproducciones.com.ar\/radioquijano\/quejas-de-vecinos-por-el-estado-de-los-banos-en-el-camping-municipal\/","og_site_name":"RQ 99.9","article_publisher":"https:\/\/www.facebook.com\/nahuelproducciones999\/","article_published_time":"2026-01-03T03:03:28+00:00","article_modified_time":"2026-01-03T03:03:30+00:00","og_image":[{"width":700,"height":933,"url":"https:\/\/nahuelproducciones.com.ar\/radioquijano\/wp-content\/uploads\/2026\/01\/WhatsApp-Image-2026-01-02-at-11.13.20-AM-e1767409118277.jpeg","type":"image\/jpeg"}],"author":"Cecilia Pastrana","twitter_card":"summary_large_image","twitter_creator":"@nahuproduciones","twitter_site":"@nahuproduciones","twitter_misc":{"Escrito por":"Cecilia Pastrana","Tiempo de lectura":"3 minutos"},"schema":{"@context":"https:\/\/schema.org","@graph":[{"@type":"WebPage","@id":"https:\/\/nahuelproducciones.com.ar\/radioquijano\/quejas-de-vecinos-por-el-estado-de-los-banos-en-el-camping-municipal\/","url":"https:\/\/nahuelproducciones.com.ar\/radioquijano\/quejas-de-vecinos-por-el-estado-de-los-banos-en-el-camping-municipal\/","name":"Quejas de vecinos por el estado de los ba\u00f1os en el camping municipal - RQ 99.9","isPartOf":{"@id":"https:\/\/nahuelproducciones.com.ar\/radioquijano\/#website"},"datePublished":"2026-01-03T03:03:28+00:00","dateModified":"2026-01-03T03:03:30+00:00","author":{"@id":"https:\/\/nahuelproducciones.com.ar\/radioquijano\/#\/schema\/person\/e8a4f939e2cb487fe6d0c54042c9d32c"},"description":"El camping puede estar lleno, pero sin ba\u00f1os en condiciones , hay abandono.","breadcrumb":{"@id":"https:\/\/nahuelproducciones.com.ar\/radioquijano\/quejas-de-vecinos-por-el-estado-de-los-banos-en-el-camping-municipal\/#breadcrumb"},"inLanguage":"es","potentialAction":[{"@type":"ReadAction","target":["https:\/\/nahuelproducciones.com.ar\/radioquijano\/quejas-de-vecinos-por-el-estado-de-los-banos-en-el-camping-municipal\/"]}]},{"@type":"BreadcrumbList","@id":"https:\/\/nahuelproducciones.com.ar\/radioquijano\/quejas-de-vecinos-por-el-estado-de-los-banos-en-el-camping-municipal\/#breadcrumb","itemListElement":[{"@type":"ListItem","position":1,"name":"Portada","item":"https:\/\/nahuelproducciones.com.ar\/radioquijano\/"},{"@type":"ListItem","position":2,"name":"Quejas de vecinos por el estado de los ba\u00f1os en el camping municipal"}]},{"@type":"WebSite","@id":"https:\/\/nahuelproducciones.com.ar\/radioquijano\/#website","url":"https:\/\/nahuelproducciones.com.ar\/radioquijano\/","name":"RQ 99.9","description":"Radio Quijano 99.9 MHz","potentialAction":[{"@type":"SearchAction","target":{"@type":"EntryPoint","urlTemplate":"https:\/\/nahuelproducciones.com.ar\/radioquijano\/?s={search_term_string}"},"query-input":"required name=search_term_string"}],"inLanguage":"es"},{"@type":"Person","@id":"https:\/\/nahuelproducciones.com.ar\/radioquijano\/#\/schema\/person\/e8a4f939e2cb487fe6d0c54042c9d32c","name":"Cecilia Pastrana","image":{"@type":"ImageObject","inLanguage":"es","@id":"https:\/\/nahuelproducciones.com.ar\/radioquijano\/#\/schema\/person\/image\/","url":"https:\/\/secure.gravatar.com\/avatar\/661a3ef63a8488d4f2794ed44af8cf71420f7e106f3072c40125114df5157749?s=96&d=mm&r=g","contentUrl":"https:\/\/secure.gravatar.com\/avatar\/661a3ef63a8488d4f2794ed44af8cf71420f7e106f3072c40125114df5157749?s=96&d=mm&r=g","caption":"Cecilia Pastrana"},"sameAs":["cecy"],"url":"https:\/\/nahuelproducciones.com.ar\/radioquijano\/author\/cecy\/"}]}},"_links":{"self":[{"href":"https:\/\/nahuelproducciones.com.ar\/radioquijano\/wp-json\/wp\/v2\/posts\/11787","targetHints":{"allow":["GET"]}}],"collection":[{"href":"https:\/\/nahuelproducciones.com.ar\/radioquijano\/wp-json\/wp\/v2\/posts"}],"about":[{"href":"https:\/\/nahuelproducciones.com.ar\/radioquijano\/wp-json\/wp\/v2\/types\/post"}],"author":[{"embeddable":true,"href":"https:\/\/nahuelproducciones.com.ar\/radioquijano\/wp-json\/wp\/v2\/users\/8"}],"replies":[{"embeddable":true,"href":"https:\/\/nahuelproducciones.com.ar\/radioquijano\/wp-json\/wp\/v2\/comments?post=11787"}],"version-history":[{"count":1,"href":"https:\/\/nahuelproducciones.com.ar\/radioquijano\/wp-json\/wp\/v2\/posts\/11787\/revisions"}],"predecessor-version":[{"id":11796,"href":"https:\/\/nahuelproducciones.com.ar\/radioquijano\/wp-json\/wp\/v2\/posts\/11787\/revisions\/11796"}],"wp:featuredmedia":[{"embeddable":true,"href":"https:\/\/nahuelproducciones.com.ar\/radioquijano\/wp-json\/wp\/v2\/media\/11788"}],"wp:attachment":[{"href":"https:\/\/nahuelproducciones.com.ar\/radioquijano\/wp-json\/wp\/v2\/media?parent=11787"}],"wp:term":[{"taxonomy":"category","embeddable":true,"href":"https:\/\/nahuelproducciones.com.ar\/radioquijano\/wp-json\/wp\/v2\/categories?post=11787"},{"taxonomy":"post_tag","embeddable":true,"href":"https:\/\/nahuelproducciones.com.ar\/radioquijano\/wp-json\/wp\/v2\/tags?post=11787"}],"curies":[{"name":"wp","href":"https:\/\/api.w.org\/{rel}","templated":true}]}}