{"id":11797,"date":"2026-01-03T11:49:33","date_gmt":"2026-01-03T14:49:33","guid":{"rendered":"https:\/\/nahuelproducciones.com.ar\/radioquijano\/?p=11797"},"modified":"2026-01-03T11:57:52","modified_gmt":"2026-01-03T14:57:52","slug":"atencion-campo-quijano-y-la-silleta-cambios-en-el-recorrido-de-colectivos-desde-el-lunes","status":"publish","type":"post","link":"https:\/\/nahuelproducciones.com.ar\/radioquijano\/atencion-campo-quijano-y-la-silleta-cambios-en-el-recorrido-de-colectivos-desde-el-lunes\/","title":{"rendered":"\u00a1ATENCI\u00d3N CAMPO QUIJANO Y LA SILLETA! CAMBIOS EN EL RECORRIDO DE COLECTIVOS DESDE EL LUNES"},"content":{"rendered":"\n<h2 class=\"wp-block-heading\">Debido al avance de obras sobre la <strong>Ruta Nacional 51<\/strong>, a la altura del acceso a San Luis, Saeta ha confirmado importantes desv\u00edos que afectar\u00e1n a miles de usuarios a partir de este <strong>lunes 5 de enero<\/strong>.<\/h2>\n\n\n\n<p><\/p>\n\n\n\n<p>Si utiliz\u00e1s las l\u00edneas <strong>Quijano, La Silleta, 8A, Enc\u00f3n o el Troncal 5<\/strong>, prest\u00e1 mucha atenci\u00f3n a las nuevas paradas y recorridos provisorios:<\/p>\n\n\n\n<h3 class=\"wp-block-heading\"><strong>&#x1f4cd; L\u00edneas Quijano, La Silleta, 8A y Enc\u00f3n<\/strong><\/h3>\n\n\n\n<ul class=\"wp-block-list\">\n<li><strong>Hacia Salta (Centro):<\/strong> Los coches circular\u00e1n por Av. Banchick, desviando por Cerro San Mart\u00edn, Cerro de Castilla, Cerro Los Tres Zorritos y Cerro Colorado. Luego tomar\u00e1n la Colectora Oeste en Circunvalaci\u00f3n para retomar Banchick hacia el recorrido habitual.<\/li>\n\n\n\n<li><strong>Hacia Quijano \/ La Silleta:<\/strong> Desde Banchick, ingresar\u00e1n por Colectora Oeste, calle Cerro Cuesta del Obispo, Cerro Los Tres Zorritos y regresar\u00e1n a Av. Banchick para continuar su itinerario normal.<\/li>\n<\/ul>\n\n\n\n<h3 class=\"wp-block-heading\"><strong>&#x1f4cd; L\u00ednea 5 Troncal Circunvalaci\u00f3n Oeste<\/strong><\/h3>\n\n\n\n<ul class=\"wp-block-list\">\n<li><strong>Hacia zona Col\u00f3n:<\/strong> El colectivo bajar\u00e1 de la Circunvalaci\u00f3n hacia la colectora, cruzando la RN 51.<\/li>\n\n\n\n<li><strong>&#x26a0;&#xfe0f; Nueva Parada:<\/strong> Se habilitar\u00e1 una parada estrat\u00e9gica <strong>frente a la estaci\u00f3n de servicio Shell<\/strong>.<\/li>\n\n\n\n<li>Desde all\u00ed, continuar\u00e1 por colectora hasta el paso bajo nivel de la <strong>Ruta Provincial 95<\/strong>, donde retomar\u00e1 la Circunvalaci\u00f3n.<\/li>\n<\/ul>\n\n\n\n<hr class=\"wp-block-separator has-alpha-channel-opacity\"\/>\n\n\n\n<p><strong>&#x1f4a1; RECOMENDACI\u00d3N:<\/strong> Se estima que estos desv\u00edos podr\u00edan generar demoras en las frecuencias durante los primeros d\u00edas. Te aconsejamos salir con tiempo y compartir esta informaci\u00f3n con tus vecinos para que nadie se quede a pie.<\/p>\n\n\n\n<p><strong>\u00bfTen\u00e9s fotos o videos del estado de la ruta? Envianos tu reporte al WhatsApp de Nahuel Producciones.<\/strong> <\/p>\n\n\n<div class=\"wp-block-image\">\n<figure class=\"aligncenter size-full\"><img loading=\"lazy\" decoding=\"async\" width=\"595\" height=\"842\" src=\"https:\/\/nahuelproducciones.com.ar\/radioquijano\/wp-content\/uploads\/2026\/01\/desvio-saeta.jpeg\" alt=\"\" class=\"wp-image-11801\" srcset=\"https:\/\/nahuelproducciones.com.ar\/radioquijano\/wp-content\/uploads\/2026\/01\/desvio-saeta.jpeg 595w, https:\/\/nahuelproducciones.com.ar\/radioquijano\/wp-content\/uploads\/2026\/01\/desvio-saeta-212x300.jpeg 212w, https:\/\/nahuelproducciones.com.ar\/radioquijano\/wp-content\/uploads\/2026\/01\/desvio-saeta-150x212.jpeg 150w\" sizes=\"auto, (max-width: 595px) 100vw, 595px\" \/><\/figure><\/div>","protected":false},"excerpt":{"rendered":"<p>Debido al avance de obras sobre la Ruta Nacional 51, a la altura del acceso a San Luis, Saeta ha confirmado importantes desv\u00edos que afectar\u00e1n a miles de usuarios a partir de este lunes 5 de enero. Si utiliz\u00e1s las l\u00edneas Quijano, La Silleta, 8A, Enc\u00f3n o el Troncal 5, prest\u00e1 mucha atenci\u00f3n a las [&hellip;]<\/p>\n","protected":false},"author":6,"featured_media":11799,"comment_status":"open","ping_status":"open","sticky":false,"template":"","format":"standard","meta":{"_monsterinsights_skip_tracking":false,"_monsterinsights_sitenote_active":false,"_monsterinsights_sitenote_note":"","_monsterinsights_sitenote_category":0,"footnotes":""},"categories":[16],"tags":[],"class_list":["post-11797","post","type-post","status-publish","format-standard","has-post-thumbnail","hentry","category-noticias"],"yoast_head":"<!-- This site is optimized with the Yoast SEO plugin v20.8 - https:\/\/yoast.com\/wordpress\/plugins\/seo\/ -->\n<title>\u00a1ATENCI\u00d3N CAMPO QUIJANO Y LA SILLETA! CAMBIOS EN EL RECORRIDO DE COLECTIVOS DESDE EL LUNES - RQ 99.9<\/title>\n<meta name=\"robots\" content=\"index, follow, max-snippet:-1, max-image-preview:large, max-video-preview:-1\" \/>\n<link rel=\"canonical\" href=\"https:\/\/nahuelproducciones.com.ar\/radioquijano\/atencion-campo-quijano-y-la-silleta-cambios-en-el-recorrido-de-colectivos-desde-el-lunes\/\" \/>\n<meta property=\"og:locale\" content=\"es_ES\" \/>\n<meta property=\"og:type\" content=\"article\" \/>\n<meta property=\"og:title\" content=\"\u00a1ATENCI\u00d3N CAMPO QUIJANO Y LA SILLETA! CAMBIOS EN EL RECORRIDO DE COLECTIVOS DESDE EL LUNES - RQ 99.9\" \/>\n<meta property=\"og:description\" content=\"Debido al avance de obras sobre la Ruta Nacional 51, a la altura del acceso a San Luis, Saeta ha confirmado importantes desv\u00edos que afectar\u00e1n a miles de usuarios a partir de este lunes 5 de enero. Si utiliz\u00e1s las l\u00edneas Quijano, La Silleta, 8A, Enc\u00f3n o el Troncal 5, prest\u00e1 mucha atenci\u00f3n a las [&hellip;]\" \/>\n<meta property=\"og:url\" content=\"https:\/\/nahuelproducciones.com.ar\/radioquijano\/atencion-campo-quijano-y-la-silleta-cambios-en-el-recorrido-de-colectivos-desde-el-lunes\/\" \/>\n<meta property=\"og:site_name\" content=\"RQ 99.9\" \/>\n<meta property=\"article:publisher\" content=\"https:\/\/www.facebook.com\/nahuelproducciones999\/\" \/>\n<meta property=\"article:published_time\" content=\"2026-01-03T14:49:33+00:00\" \/>\n<meta property=\"article:modified_time\" content=\"2026-01-03T14:57:52+00:00\" \/>\n<meta property=\"og:image\" content=\"https:\/\/nahuelproducciones.com.ar\/radioquijano\/wp-content\/uploads\/2026\/01\/desvio-saeta-1.jpeg\" \/>\n\t<meta property=\"og:image:width\" content=\"1373\" \/>\n\t<meta property=\"og:image:height\" content=\"858\" \/>\n\t<meta property=\"og:image:type\" content=\"image\/jpeg\" \/>\n<meta name=\"author\" content=\"Ricardo Guzman\" \/>\n<meta name=\"twitter:card\" content=\"summary_large_image\" \/>\n<meta name=\"twitter:creator\" content=\"@nahuproduciones\" \/>\n<meta name=\"twitter:site\" content=\"@nahuproduciones\" \/>\n<meta name=\"twitter:label1\" content=\"Escrito por\" \/>\n\t<meta name=\"twitter:data1\" content=\"Ricardo Guzman\" \/>\n\t<meta name=\"twitter:label2\" content=\"Tiempo de lectura\" \/>\n\t<meta name=\"twitter:data2\" content=\"2 minutos\" \/>\n<script type=\"application\/ld+json\" class=\"yoast-schema-graph\">{\"@context\":\"https:\/\/schema.org\",\"@graph\":[{\"@type\":\"WebPage\",\"@id\":\"https:\/\/nahuelproducciones.com.ar\/radioquijano\/atencion-campo-quijano-y-la-silleta-cambios-en-el-recorrido-de-colectivos-desde-el-lunes\/\",\"url\":\"https:\/\/nahuelproducciones.com.ar\/radioquijano\/atencion-campo-quijano-y-la-silleta-cambios-en-el-recorrido-de-colectivos-desde-el-lunes\/\",\"name\":\"\u00a1ATENCI\u00d3N CAMPO QUIJANO Y LA SILLETA! CAMBIOS EN EL RECORRIDO DE COLECTIVOS DESDE EL LUNES - RQ 99.9\",\"isPartOf\":{\"@id\":\"https:\/\/nahuelproducciones.com.ar\/radioquijano\/#website\"},\"datePublished\":\"2026-01-03T14:49:33+00:00\",\"dateModified\":\"2026-01-03T14:57:52+00:00\",\"author\":{\"@id\":\"https:\/\/nahuelproducciones.com.ar\/radioquijano\/#\/schema\/person\/b9b81a110cbdf07949e2cd02d478ab9d\"},\"breadcrumb\":{\"@id\":\"https:\/\/nahuelproducciones.com.ar\/radioquijano\/atencion-campo-quijano-y-la-silleta-cambios-en-el-recorrido-de-colectivos-desde-el-lunes\/#breadcrumb\"},\"inLanguage\":\"es\",\"potentialAction\":[{\"@type\":\"ReadAction\",\"target\":[\"https:\/\/nahuelproducciones.com.ar\/radioquijano\/atencion-campo-quijano-y-la-silleta-cambios-en-el-recorrido-de-colectivos-desde-el-lunes\/\"]}]},{\"@type\":\"BreadcrumbList\",\"@id\":\"https:\/\/nahuelproducciones.com.ar\/radioquijano\/atencion-campo-quijano-y-la-silleta-cambios-en-el-recorrido-de-colectivos-desde-el-lunes\/#breadcrumb\",\"itemListElement\":[{\"@type\":\"ListItem\",\"position\":1,\"name\":\"Portada\",\"item\":\"https:\/\/nahuelproducciones.com.ar\/radioquijano\/\"},{\"@type\":\"ListItem\",\"position\":2,\"name\":\"\u00a1ATENCI\u00d3N CAMPO QUIJANO Y LA SILLETA! CAMBIOS EN EL RECORRIDO DE COLECTIVOS DESDE EL LUNES\"}]},{\"@type\":\"WebSite\",\"@id\":\"https:\/\/nahuelproducciones.com.ar\/radioquijano\/#website\",\"url\":\"https:\/\/nahuelproducciones.com.ar\/radioquijano\/\",\"name\":\"RQ 99.9\",\"description\":\"Radio Quijano 99.9 MHz\",\"potentialAction\":[{\"@type\":\"SearchAction\",\"target\":{\"@type\":\"EntryPoint\",\"urlTemplate\":\"https:\/\/nahuelproducciones.com.ar\/radioquijano\/?s={search_term_string}\"},\"query-input\":\"required name=search_term_string\"}],\"inLanguage\":\"es\"},{\"@type\":\"Person\",\"@id\":\"https:\/\/nahuelproducciones.com.ar\/radioquijano\/#\/schema\/person\/b9b81a110cbdf07949e2cd02d478ab9d\",\"name\":\"Ricardo Guzman\",\"image\":{\"@type\":\"ImageObject\",\"inLanguage\":\"es\",\"@id\":\"https:\/\/nahuelproducciones.com.ar\/radioquijano\/#\/schema\/person\/image\/\",\"url\":\"https:\/\/secure.gravatar.com\/avatar\/a5d582deda251f95dc882b72fc6e7b4854f88bb25c3154519210afffa7d706e8?s=96&d=mm&r=g\",\"contentUrl\":\"https:\/\/secure.gravatar.com\/avatar\/a5d582deda251f95dc882b72fc6e7b4854f88bb25c3154519210afffa7d706e8?s=96&d=mm&r=g\",\"caption\":\"Ricardo Guzman\"},\"url\":\"https:\/\/nahuelproducciones.com.ar\/radioquijano\/author\/cady\/\"}]}<\/script>\n<!-- \/ Yoast SEO plugin. -->","yoast_head_json":{"title":"\u00a1ATENCI\u00d3N CAMPO QUIJANO Y LA SILLETA! CAMBIOS EN EL RECORRIDO DE COLECTIVOS DESDE EL LUNES - RQ 99.9","robots":{"index":"index","follow":"follow","max-snippet":"max-snippet:-1","max-image-preview":"max-image-preview:large","max-video-preview":"max-video-preview:-1"},"canonical":"https:\/\/nahuelproducciones.com.ar\/radioquijano\/atencion-campo-quijano-y-la-silleta-cambios-en-el-recorrido-de-colectivos-desde-el-lunes\/","og_locale":"es_ES","og_type":"article","og_title":"\u00a1ATENCI\u00d3N CAMPO QUIJANO Y LA SILLETA! CAMBIOS EN EL RECORRIDO DE COLECTIVOS DESDE EL LUNES - RQ 99.9","og_description":"Debido al avance de obras sobre la Ruta Nacional 51, a la altura del acceso a San Luis, Saeta ha confirmado importantes desv\u00edos que afectar\u00e1n a miles de usuarios a partir de este lunes 5 de enero. Si utiliz\u00e1s las l\u00edneas Quijano, La Silleta, 8A, Enc\u00f3n o el Troncal 5, prest\u00e1 mucha atenci\u00f3n a las [&hellip;]","og_url":"https:\/\/nahuelproducciones.com.ar\/radioquijano\/atencion-campo-quijano-y-la-silleta-cambios-en-el-recorrido-de-colectivos-desde-el-lunes\/","og_site_name":"RQ 99.9","article_publisher":"https:\/\/www.facebook.com\/nahuelproducciones999\/","article_published_time":"2026-01-03T14:49:33+00:00","article_modified_time":"2026-01-03T14:57:52+00:00","og_image":[{"width":1373,"height":858,"url":"https:\/\/nahuelproducciones.com.ar\/radioquijano\/wp-content\/uploads\/2026\/01\/desvio-saeta-1.jpeg","type":"image\/jpeg"}],"author":"Ricardo Guzman","twitter_card":"summary_large_image","twitter_creator":"@nahuproduciones","twitter_site":"@nahuproduciones","twitter_misc":{"Escrito por":"Ricardo Guzman","Tiempo de lectura":"2 minutos"},"schema":{"@context":"https:\/\/schema.org","@graph":[{"@type":"WebPage","@id":"https:\/\/nahuelproducciones.com.ar\/radioquijano\/atencion-campo-quijano-y-la-silleta-cambios-en-el-recorrido-de-colectivos-desde-el-lunes\/","url":"https:\/\/nahuelproducciones.com.ar\/radioquijano\/atencion-campo-quijano-y-la-silleta-cambios-en-el-recorrido-de-colectivos-desde-el-lunes\/","name":"\u00a1ATENCI\u00d3N CAMPO QUIJANO Y LA SILLETA! CAMBIOS EN EL RECORRIDO DE COLECTIVOS DESDE EL LUNES - RQ 99.9","isPartOf":{"@id":"https:\/\/nahuelproducciones.com.ar\/radioquijano\/#website"},"datePublished":"2026-01-03T14:49:33+00:00","dateModified":"2026-01-03T14:57:52+00:00","author":{"@id":"https:\/\/nahuelproducciones.com.ar\/radioquijano\/#\/schema\/person\/b9b81a110cbdf07949e2cd02d478ab9d"},"breadcrumb":{"@id":"https:\/\/nahuelproducciones.com.ar\/radioquijano\/atencion-campo-quijano-y-la-silleta-cambios-en-el-recorrido-de-colectivos-desde-el-lunes\/#breadcrumb"},"inLanguage":"es","potentialAction":[{"@type":"ReadAction","target":["https:\/\/nahuelproducciones.com.ar\/radioquijano\/atencion-campo-quijano-y-la-silleta-cambios-en-el-recorrido-de-colectivos-desde-el-lunes\/"]}]},{"@type":"BreadcrumbList","@id":"https:\/\/nahuelproducciones.com.ar\/radioquijano\/atencion-campo-quijano-y-la-silleta-cambios-en-el-recorrido-de-colectivos-desde-el-lunes\/#breadcrumb","itemListElement":[{"@type":"ListItem","position":1,"name":"Portada","item":"https:\/\/nahuelproducciones.com.ar\/radioquijano\/"},{"@type":"ListItem","position":2,"name":"\u00a1ATENCI\u00d3N CAMPO QUIJANO Y LA SILLETA! CAMBIOS EN EL RECORRIDO DE COLECTIVOS DESDE EL LUNES"}]},{"@type":"WebSite","@id":"https:\/\/nahuelproducciones.com.ar\/radioquijano\/#website","url":"https:\/\/nahuelproducciones.com.ar\/radioquijano\/","name":"RQ 99.9","description":"Radio Quijano 99.9 MHz","potentialAction":[{"@type":"SearchAction","target":{"@type":"EntryPoint","urlTemplate":"https:\/\/nahuelproducciones.com.ar\/radioquijano\/?s={search_term_string}"},"query-input":"required name=search_term_string"}],"inLanguage":"es"},{"@type":"Person","@id":"https:\/\/nahuelproducciones.com.ar\/radioquijano\/#\/schema\/person\/b9b81a110cbdf07949e2cd02d478ab9d","name":"Ricardo Guzman","image":{"@type":"ImageObject","inLanguage":"es","@id":"https:\/\/nahuelproducciones.com.ar\/radioquijano\/#\/schema\/person\/image\/","url":"https:\/\/secure.gravatar.com\/avatar\/a5d582deda251f95dc882b72fc6e7b4854f88bb25c3154519210afffa7d706e8?s=96&d=mm&r=g","contentUrl":"https:\/\/secure.gravatar.com\/avatar\/a5d582deda251f95dc882b72fc6e7b4854f88bb25c3154519210afffa7d706e8?s=96&d=mm&r=g","caption":"Ricardo Guzman"},"url":"https:\/\/nahuelproducciones.com.ar\/radioquijano\/author\/cady\/"}]}},"_links":{"self":[{"href":"https:\/\/nahuelproducciones.com.ar\/radioquijano\/wp-json\/wp\/v2\/posts\/11797","targetHints":{"allow":["GET"]}}],"collection":[{"href":"https:\/\/nahuelproducciones.com.ar\/radioquijano\/wp-json\/wp\/v2\/posts"}],"about":[{"href":"https:\/\/nahuelproducciones.com.ar\/radioquijano\/wp-json\/wp\/v2\/types\/post"}],"author":[{"embeddable":true,"href":"https:\/\/nahuelproducciones.com.ar\/radioquijano\/wp-json\/wp\/v2\/users\/6"}],"replies":[{"embeddable":true,"href":"https:\/\/nahuelproducciones.com.ar\/radioquijano\/wp-json\/wp\/v2\/comments?post=11797"}],"version-history":[{"count":2,"href":"https:\/\/nahuelproducciones.com.ar\/radioquijano\/wp-json\/wp\/v2\/posts\/11797\/revisions"}],"predecessor-version":[{"id":11802,"href":"https:\/\/nahuelproducciones.com.ar\/radioquijano\/wp-json\/wp\/v2\/posts\/11797\/revisions\/11802"}],"wp:featuredmedia":[{"embeddable":true,"href":"https:\/\/nahuelproducciones.com.ar\/radioquijano\/wp-json\/wp\/v2\/media\/11799"}],"wp:attachment":[{"href":"https:\/\/nahuelproducciones.com.ar\/radioquijano\/wp-json\/wp\/v2\/media?parent=11797"}],"wp:term":[{"taxonomy":"category","embeddable":true,"href":"https:\/\/nahuelproducciones.com.ar\/radioquijano\/wp-json\/wp\/v2\/categories?post=11797"},{"taxonomy":"post_tag","embeddable":true,"href":"https:\/\/nahuelproducciones.com.ar\/radioquijano\/wp-json\/wp\/v2\/tags?post=11797"}],"curies":[{"name":"wp","href":"https:\/\/api.w.org\/{rel}","templated":true}]}}