{"id":11803,"date":"2026-01-05T03:44:40","date_gmt":"2026-01-05T06:44:40","guid":{"rendered":"https:\/\/nahuelproducciones.com.ar\/radioquijano\/?p=11803"},"modified":"2026-01-05T04:15:49","modified_gmt":"2026-01-05T07:15:49","slug":"campo-quijano-del-microfono-al-expediente-porque-una-entrevista-no-es-rendicion-de-cuentas","status":"publish","type":"post","link":"https:\/\/nahuelproducciones.com.ar\/radioquijano\/campo-quijano-del-microfono-al-expediente-porque-una-entrevista-no-es-rendicion-de-cuentas\/","title":{"rendered":"Campo Quijano: del micr\u00f3fono al expediente, porque una entrevista no es rendici\u00f3n de cuentas"},"content":{"rendered":"\n<h2 class=\"wp-block-heading\"><strong><a href=\"https:\/\/www.google.com\/search?client=firefox-b-lm&amp;q=Sigmund+Freud&amp;mstk=AUtExfBNORS50oD7ZyiN4vA3APbia4lKcvFv-OK6vaekYgaES0_HnLeSva85w4SyZLglsyZi_hqQTlrKo6V3F7JjRYIGdJDdISevXiuY9IycGIDZw25U-Y7SqHNTVVeGS0HxCgR0y3tCcRp3oXAnbvTmKsN8aCwYgoCPyQtAW-U6UhGG5yk&amp;csui=3&amp;ved=2ahUKEwjEuN2y4vORAxU1HbkGHZlAIugQgK4QegQIARAB\">Sigmund Freud<\/a><\/strong> dijo: <mark>\u00abUno es due\u00f1o de lo que calla y esclavo de lo que habla\u00bb<\/mark><\/h2>\n\n\n\n<p>El 4 de enero de 2026, <em>El Tribuno<\/em> public\u00f3 una nota donde el intendente Lino Yonar denunci\u00f3 \u201coperaciones\u201d en redes y defendi\u00f3 su gesti\u00f3n con un mensaje central: recibi\u00f3 un municipio \u201csin herramientas\u201d, \u201crecuper\u00f3 chatarra\u201d y, en dos a\u00f1os, compr\u00f3 \u201cm\u00e1s de quince\u201d rodados\/maquinarias por \u201cm\u00e1s de mil millones\u201d \u201ccon recursos propios\u201d, \u201csin aportes extraordinarios de Naci\u00f3n\u201d. <a href=\"https:\/\/www.eltribuno.com\/municipios\/2026-1-4-0-0-0-yonar-denuncio-operaciones-en-redes-y-defendio-su-gestion\" target=\"_blank\" rel=\"noreferrer noopener\">El Tribuno<\/a><\/p>\n\n\n\n<p>Que un intendente hable con un medio no es objetable. Lo cuestionable es cuando esa entrevista intenta ocupar el lugar de lo que corresponde en una democracia municipal: <strong>expedientes, ejecuci\u00f3n presupuestaria, inventario patrimonial, auditor\u00eda y control del Concejo<\/strong>.<\/p>\n\n\n\n<h3 class=\"wp-block-heading\">Lo que se dijo y lo que debe probarse: matriz breve de afirmaciones<\/h3>\n\n\n\n<p>A continuaci\u00f3n, una matriz m\u00ednima (lo dicho vs. lo exigible). No es \u201cpol\u00edtica\u201d: es <strong>control administrativo<\/strong>.<\/p>\n\n\n\n<ul class=\"wp-block-list\">\n<li><strong>\u201cHay campa\u00f1as de desinformaci\u00f3n y perfiles falsos financiados\u201d<\/strong> <a href=\"https:\/\/www.eltribuno.com\/municipios\/2026-1-4-0-0-0-yonar-denuncio-operaciones-en-redes-y-defendio-su-gestion\" target=\"_blank\" rel=\"noreferrer noopener\">El Tribuno<\/a><br><strong>Prueba exigible:<\/strong> denuncia formal, evidencia t\u00e9cnica y actuaciones.<br><strong>Pregunta de control:<\/strong> \u00bfd\u00f3nde est\u00e1 radicada la denuncia y qu\u00e9 pruebas se aportaron?<\/li>\n\n\n\n<li><strong>\u201cRecibimos un parque automotor destruido; \u2018se recuper\u00f3 chatarra\u2019\u201d<\/strong> <a href=\"https:\/\/www.eltribuno.com\/municipios\/2026-1-4-0-0-0-yonar-denuncio-operaciones-en-redes-y-defendio-su-gestion\" target=\"_blank\" rel=\"noreferrer noopener\">El Tribuno<\/a><br><strong>Prueba exigible:<\/strong> inventario recibido, actas de entrega\/recepci\u00f3n y auditor\u00eda inicial.<br><strong>Pregunta de control:<\/strong> \u00bfcu\u00e1l fue el inventario al asumir, con bajas\/altas patrimoniales verificables?<\/li>\n\n\n\n<li><strong>\u201cCompramos m\u00e1s de 15 equipos; invertimos m\u00e1s de $1.000 millones\u201d<\/strong> <a href=\"https:\/\/www.eltribuno.com\/municipios\/2026-1-4-0-0-0-yonar-denuncio-operaciones-en-redes-y-defendio-su-gestion\" target=\"_blank\" rel=\"noreferrer noopener\">El Tribuno<\/a><br><strong>Prueba exigible:<\/strong> listado completo por expediente (fecha, proveedor, monto, modalidad de contrataci\u00f3n, \u00f3rdenes de pago, alta patrimonial).<br><strong>Pregunta de control:<\/strong> \u00bfcu\u00e1les son, uno por uno, los bienes comprados y sus expedientes?<\/li>\n\n\n\n<li><strong>\u201cFue con recursos propios, sin fondos nacionales extraordinarios\u201d<\/strong> <a href=\"https:\/\/www.eltribuno.com\/municipios\/2026-1-4-0-0-0-yonar-denuncio-operaciones-en-redes-y-defendio-su-gestion\" target=\"_blank\" rel=\"noreferrer noopener\">El Tribuno<\/a><br><strong>Prueba exigible:<\/strong> desglose de fuentes (tasas\/impuestos vs. coparticipaci\u00f3n\/transferencias).<br><strong>Pregunta de control:<\/strong> \u00bfqu\u00e9 porcentaje provino de recaudaci\u00f3n municipal y cu\u00e1l de coparticipaci\u00f3n u otras fuentes?<\/li>\n<\/ul>\n\n\n\n<h2 class=\"wp-block-heading\">\u201cRecursos propios\u201d no puede ser un eslogan: hay que desagregar<\/h2>\n\n\n\n<p>El propio ecosistema de informaci\u00f3n p\u00fablica muestra por qu\u00e9 esta precisi\u00f3n es clave. En marzo de 2024, <em>El Tribuno<\/em> consign\u00f3 que una motoniveladora se financi\u00f3 con <strong>65% de recaudaci\u00f3n por impuestos<\/strong> y <strong>35% con fondos de coparticipaci\u00f3n provincial<\/strong>. <a href=\"https:\/\/www.eltribuno.com\/municipios\/2024-3-18-20-34-0-quijano-adquieren-con-recursos-propios-una-motoniveladora-de-ultima-generacion\" target=\"_blank\" rel=\"noreferrer noopener\">El Tribuno<\/a><br>Esto no invalida la compra; al contrario: la vuelve controlable. Pero tambi\u00e9n deja en evidencia que \u201crecursos propios\u201d debe explicarse con claridad, porque en gesti\u00f3n p\u00fablica no alcanza con una frase: hace falta <strong>origen del peso<\/strong>.<\/p>\n\n\n\n<h2 class=\"wp-block-heading\">Compras de maquinaria: el dato relevante es el resultado medible en servicios<\/h2>\n\n\n\n<p>Aun si aceptamos el argumento de la inversi\u00f3n, el est\u00e1ndar de evaluaci\u00f3n no es \u201ccompr\u00e9\u201d sino <strong>qu\u00e9 mejor\u00f3<\/strong> y <strong>a qu\u00e9 costo total<\/strong>. En la nota, el intendente enumera maquinarias y equipos para bacheo, limpieza y mantenimiento urbano. <a href=\"https:\/\/www.eltribuno.com\/municipios\/2026-1-4-0-0-0-yonar-denuncio-operaciones-en-redes-y-defendio-su-gestion\" target=\"_blank\" rel=\"noreferrer noopener\">El Tribuno<\/a><br>Bien. Ahora corresponde el paso siguiente:<\/p>\n\n\n\n<ul class=\"wp-block-list\">\n<li>horas m\u00e1quina por semana y por barrio,<\/li>\n\n\n\n<li>cronograma de mantenimiento preventivo y correctivo,<\/li>\n\n\n\n<li>costos de combustible, repuestos, seguros y talleres,<\/li>\n\n\n\n<li>indicadores de servicio (enripiado, bacheo, limpieza de canales, tiempos de respuesta ante lluvias).<\/li>\n<\/ul>\n\n\n\n<p>Sin esa trazabilidad, la compra queda en el terreno del relato, no del control.<\/p>\n\n\n\n<h2 class=\"wp-block-heading\">Si existen \u201coperaciones\u201d en redes, la respuesta correcta es institucional, no declamatoria<\/h2>\n\n\n\n<p>Cuando un funcionario afirma que hay operadores \u201cfinanciados\u201d detr\u00e1s de perfiles falsos, no basta con \u201cse sabe qui\u00e9nes son\u201d o \u201cla gente en la calle piensa otra cosa\u201d. En un Estado de Derecho, la secuencia es simple: <strong>expediente \u2192 prueba \u2192 denuncia \u2192 investigaci\u00f3n<\/strong>. <a href=\"https:\/\/www.eltribuno.com\/municipios\/2026-1-4-0-0-0-yonar-denuncio-operaciones-en-redes-y-defendio-su-gestion\" target=\"_blank\" rel=\"noreferrer noopener\">El Tribuno<\/a><br>De lo contrario, el concepto de \u201coperaci\u00f3n\u201d termina siendo un comod\u00edn para desviar la discusi\u00f3n del tema principal: la rendici\u00f3n de cuentas.<\/p>\n\n\n\n<h2 class=\"wp-block-heading\">Transparencia integral: la Cuenta General y tambi\u00e9n la publicidad oficial<\/h2>\n\n\n\n<p>En agosto de 2025, <em>Nuevo Diario de Salta<\/em> inform\u00f3 cifras de ejecuci\u00f3n presupuestaria y bienes incorporados en la Cuenta General 2024 (por ejemplo, el salto del presupuesto ejecutado 2023 a 2024 y un listado de maquinaria adquirida). <a href=\"https:\/\/nuevodiariodesalta.com.ar\/campo-quijano-presento-su-cuenta-general-2024-con-cifras-record-de-inversion\/\" target=\"_blank\" rel=\"noreferrer noopener\">Nuevo Diario Salta<\/a><br>Esa informaci\u00f3n, para ser \u00fatil al vecino, debe poder vincularse con documentaci\u00f3n primaria: <strong>expedientes, pagos y altas patrimoniales<\/strong>.<\/p>\n\n\n\n<p>Y la transparencia no puede ser selectiva. Sobre publicidad oficial, tambi\u00e9n hubo cuestionamientos p\u00fablicos: <em>Nuevo Diario de Salta<\/em> public\u00f3 denuncias respecto de montos en publicidad en el primer semestre de 2024 y cr\u00edticas por supuesta falta de respaldo documental (contratos\/facturas), citando a un exconcejal. <a href=\"https:\/\/nuevodiariodesalta.com.ar\/denuncian-excesivos-gastos-en-publicidad-en-campo-quijano-por-parte-de-lino-yonar\/\" target=\"_blank\" rel=\"noreferrer noopener\">Nuevo Diario Salta<\/a><br>Esto exige un criterio claro: si se pide confianza para las compras, tambi\u00e9n debe presentarse informaci\u00f3n completa sobre pauta oficial, con contratos y criterios de asignaci\u00f3n.<\/p>\n\n\n\n<h2 class=\"wp-block-heading\">Qu\u00e9 deber\u00eda publicarse ya, si la gesti\u00f3n quiere despejar dudas de verdad<\/h2>\n\n\n\n<p>Si el intendente desea que su defensa sea s\u00f3lida y no solo medi\u00e1tica, la salida es inmediata y concreta:<\/p>\n\n\n\n<ol class=\"wp-block-list\">\n<li><strong>Listado completo de compras 2024\u20132025<\/strong> (bien por bien) con expediente, proveedor, monto y fuente de financiamiento. <a href=\"https:\/\/www.eltribuno.com\/municipios\/2026-1-4-0-0-0-yonar-denuncio-operaciones-en-redes-y-defendio-su-gestion\" target=\"_blank\" rel=\"noreferrer noopener\">El Tribuno<\/a><\/li>\n\n\n\n<li><strong>Inventario patrimonial actualizado<\/strong> (altas\/bajas) y ubicaci\u00f3n\/estado de cada bien.<\/li>\n\n\n\n<li><strong>Ejecuci\u00f3n presupuestaria<\/strong> con trazabilidad a \u00f3rdenes de pago. <a href=\"https:\/\/nuevodiariodesalta.com.ar\/campo-quijano-presento-su-cuenta-general-2024-con-cifras-record-de-inversion\/\" target=\"_blank\" rel=\"noreferrer noopener\">Nuevo Diario Salta<\/a><\/li>\n\n\n\n<li><strong>Publicidad oficial<\/strong>: contratos, montos, beneficiarios y criterios. <a href=\"https:\/\/nuevodiariodesalta.com.ar\/denuncian-excesivos-gastos-en-publicidad-en-campo-quijano-por-parte-de-lino-yonar\/\" target=\"_blank\" rel=\"noreferrer noopener\">Nuevo Diario Salta<\/a><\/li>\n\n\n\n<li>Un mecanismo de rendici\u00f3n peri\u00f3dica ante el Concejo y la comunidad, con documentaci\u00f3n accesible.<\/li>\n<\/ol>\n\n\n\n<p>En s\u00edntesis: en Campo Quijano no hace falta m\u00e1s \u00e9pica defensiva. Hace falta lo b\u00e1sico: <strong>menos micr\u00f3fono y m\u00e1s expediente<\/strong>. Si la gesti\u00f3n es tan s\u00f3lida como se afirma, deber\u00eda resistir \u2014sin dramatismos\u2014 el est\u00e1ndar m\u00ednimo de transparencia. <a href=\"https:\/\/www.eltribuno.com\/municipios\/2026-1-4-0-0-0-yonar-denuncio-operaciones-en-redes-y-defendio-su-gestion\" target=\"_blank\" rel=\"noreferrer noopener\">El Tribuno<\/a><\/p>\n","protected":false},"excerpt":{"rendered":"<p>Sigmund Freud dijo: \u00abUno es due\u00f1o de lo que calla y esclavo de lo que habla\u00bb El 4 de enero de 2026, El Tribuno public\u00f3 una nota donde el intendente Lino Yonar denunci\u00f3 \u201coperaciones\u201d en redes y defendi\u00f3 su gesti\u00f3n con un mensaje central: recibi\u00f3 un municipio \u201csin herramientas\u201d, \u201crecuper\u00f3 chatarra\u201d y, en dos a\u00f1os, [&hellip;]<\/p>\n","protected":false},"author":6,"featured_media":11805,"comment_status":"open","ping_status":"open","sticky":false,"template":"","format":"standard","meta":{"_monsterinsights_skip_tracking":false,"_monsterinsights_sitenote_active":false,"_monsterinsights_sitenote_note":"","_monsterinsights_sitenote_category":0,"footnotes":""},"categories":[6,16],"tags":[36,58,75,766,1063,63,71,100,76,28],"class_list":["post-11803","post","type-post","status-publish","format-standard","has-post-thumbnail","hentry","category-editorial","category-noticias","tag-campo-quijano","tag-carlos-folloni","tag-concejo-deliberante-de-campo-quijano","tag-gobierno-de-la-provincia-de-salta","tag-gustavo-saenz-2","tag-lino-yonar","tag-municipalidad-de-campo-quijano","tag-municipio-de-campo-quijano","tag-quebrada-del-toro","tag-salta"],"yoast_head":"<!-- This site is optimized with the Yoast SEO plugin v20.8 - https:\/\/yoast.com\/wordpress\/plugins\/seo\/ -->\n<title>Campo Quijano: del micr\u00f3fono al expediente, porque una entrevista no es rendici\u00f3n de cuentas - RQ 99.9<\/title>\n<meta name=\"robots\" content=\"index, follow, max-snippet:-1, max-image-preview:large, max-video-preview:-1\" \/>\n<link rel=\"canonical\" href=\"https:\/\/nahuelproducciones.com.ar\/radioquijano\/campo-quijano-del-microfono-al-expediente-porque-una-entrevista-no-es-rendicion-de-cuentas\/\" \/>\n<meta property=\"og:locale\" content=\"es_ES\" \/>\n<meta property=\"og:type\" content=\"article\" \/>\n<meta property=\"og:title\" content=\"Campo Quijano: del micr\u00f3fono al expediente, porque una entrevista no es rendici\u00f3n de cuentas - RQ 99.9\" \/>\n<meta property=\"og:description\" content=\"Sigmund Freud dijo: \u00abUno es due\u00f1o de lo que calla y esclavo de lo que habla\u00bb El 4 de enero de 2026, El Tribuno public\u00f3 una nota donde el intendente Lino Yonar denunci\u00f3 \u201coperaciones\u201d en redes y defendi\u00f3 su gesti\u00f3n con un mensaje central: recibi\u00f3 un municipio \u201csin herramientas\u201d, \u201crecuper\u00f3 chatarra\u201d y, en dos a\u00f1os, [&hellip;]\" \/>\n<meta property=\"og:url\" content=\"https:\/\/nahuelproducciones.com.ar\/radioquijano\/campo-quijano-del-microfono-al-expediente-porque-una-entrevista-no-es-rendicion-de-cuentas\/\" \/>\n<meta property=\"og:site_name\" content=\"RQ 99.9\" \/>\n<meta property=\"article:publisher\" content=\"https:\/\/www.facebook.com\/nahuelproducciones999\/\" \/>\n<meta property=\"article:published_time\" content=\"2026-01-05T06:44:40+00:00\" \/>\n<meta property=\"article:modified_time\" content=\"2026-01-05T07:15:49+00:00\" \/>\n<meta property=\"og:image\" content=\"https:\/\/nahuelproducciones.com.ar\/radioquijano\/wp-content\/uploads\/2026\/01\/lino-en-el-tribuno.webp\" \/>\n\t<meta property=\"og:image:width\" content=\"1155\" \/>\n\t<meta property=\"og:image:height\" content=\"650\" \/>\n\t<meta property=\"og:image:type\" content=\"image\/webp\" \/>\n<meta name=\"author\" content=\"Ricardo Guzman\" \/>\n<meta name=\"twitter:card\" content=\"summary_large_image\" \/>\n<meta name=\"twitter:creator\" content=\"@nahuproduciones\" \/>\n<meta name=\"twitter:site\" content=\"@nahuproduciones\" \/>\n<meta name=\"twitter:label1\" content=\"Escrito por\" \/>\n\t<meta name=\"twitter:data1\" content=\"Ricardo Guzman\" \/>\n\t<meta name=\"twitter:label2\" content=\"Tiempo de lectura\" \/>\n\t<meta name=\"twitter:data2\" content=\"4 minutos\" \/>\n<script type=\"application\/ld+json\" class=\"yoast-schema-graph\">{\"@context\":\"https:\/\/schema.org\",\"@graph\":[{\"@type\":\"WebPage\",\"@id\":\"https:\/\/nahuelproducciones.com.ar\/radioquijano\/campo-quijano-del-microfono-al-expediente-porque-una-entrevista-no-es-rendicion-de-cuentas\/\",\"url\":\"https:\/\/nahuelproducciones.com.ar\/radioquijano\/campo-quijano-del-microfono-al-expediente-porque-una-entrevista-no-es-rendicion-de-cuentas\/\",\"name\":\"Campo Quijano: del micr\u00f3fono al expediente, porque una entrevista no es rendici\u00f3n de cuentas - RQ 99.9\",\"isPartOf\":{\"@id\":\"https:\/\/nahuelproducciones.com.ar\/radioquijano\/#website\"},\"datePublished\":\"2026-01-05T06:44:40+00:00\",\"dateModified\":\"2026-01-05T07:15:49+00:00\",\"author\":{\"@id\":\"https:\/\/nahuelproducciones.com.ar\/radioquijano\/#\/schema\/person\/b9b81a110cbdf07949e2cd02d478ab9d\"},\"breadcrumb\":{\"@id\":\"https:\/\/nahuelproducciones.com.ar\/radioquijano\/campo-quijano-del-microfono-al-expediente-porque-una-entrevista-no-es-rendicion-de-cuentas\/#breadcrumb\"},\"inLanguage\":\"es\",\"potentialAction\":[{\"@type\":\"ReadAction\",\"target\":[\"https:\/\/nahuelproducciones.com.ar\/radioquijano\/campo-quijano-del-microfono-al-expediente-porque-una-entrevista-no-es-rendicion-de-cuentas\/\"]}]},{\"@type\":\"BreadcrumbList\",\"@id\":\"https:\/\/nahuelproducciones.com.ar\/radioquijano\/campo-quijano-del-microfono-al-expediente-porque-una-entrevista-no-es-rendicion-de-cuentas\/#breadcrumb\",\"itemListElement\":[{\"@type\":\"ListItem\",\"position\":1,\"name\":\"Portada\",\"item\":\"https:\/\/nahuelproducciones.com.ar\/radioquijano\/\"},{\"@type\":\"ListItem\",\"position\":2,\"name\":\"Campo Quijano: del micr\u00f3fono al expediente, porque una entrevista no es rendici\u00f3n de cuentas\"}]},{\"@type\":\"WebSite\",\"@id\":\"https:\/\/nahuelproducciones.com.ar\/radioquijano\/#website\",\"url\":\"https:\/\/nahuelproducciones.com.ar\/radioquijano\/\",\"name\":\"RQ 99.9\",\"description\":\"Radio Quijano 99.9 MHz\",\"potentialAction\":[{\"@type\":\"SearchAction\",\"target\":{\"@type\":\"EntryPoint\",\"urlTemplate\":\"https:\/\/nahuelproducciones.com.ar\/radioquijano\/?s={search_term_string}\"},\"query-input\":\"required name=search_term_string\"}],\"inLanguage\":\"es\"},{\"@type\":\"Person\",\"@id\":\"https:\/\/nahuelproducciones.com.ar\/radioquijano\/#\/schema\/person\/b9b81a110cbdf07949e2cd02d478ab9d\",\"name\":\"Ricardo Guzman\",\"image\":{\"@type\":\"ImageObject\",\"inLanguage\":\"es\",\"@id\":\"https:\/\/nahuelproducciones.com.ar\/radioquijano\/#\/schema\/person\/image\/\",\"url\":\"https:\/\/secure.gravatar.com\/avatar\/a5d582deda251f95dc882b72fc6e7b4854f88bb25c3154519210afffa7d706e8?s=96&d=mm&r=g\",\"contentUrl\":\"https:\/\/secure.gravatar.com\/avatar\/a5d582deda251f95dc882b72fc6e7b4854f88bb25c3154519210afffa7d706e8?s=96&d=mm&r=g\",\"caption\":\"Ricardo Guzman\"},\"url\":\"https:\/\/nahuelproducciones.com.ar\/radioquijano\/author\/cady\/\"}]}<\/script>\n<!-- \/ Yoast SEO plugin. -->","yoast_head_json":{"title":"Campo Quijano: del micr\u00f3fono al expediente, porque una entrevista no es rendici\u00f3n de cuentas - RQ 99.9","robots":{"index":"index","follow":"follow","max-snippet":"max-snippet:-1","max-image-preview":"max-image-preview:large","max-video-preview":"max-video-preview:-1"},"canonical":"https:\/\/nahuelproducciones.com.ar\/radioquijano\/campo-quijano-del-microfono-al-expediente-porque-una-entrevista-no-es-rendicion-de-cuentas\/","og_locale":"es_ES","og_type":"article","og_title":"Campo Quijano: del micr\u00f3fono al expediente, porque una entrevista no es rendici\u00f3n de cuentas - RQ 99.9","og_description":"Sigmund Freud dijo: \u00abUno es due\u00f1o de lo que calla y esclavo de lo que habla\u00bb El 4 de enero de 2026, El Tribuno public\u00f3 una nota donde el intendente Lino Yonar denunci\u00f3 \u201coperaciones\u201d en redes y defendi\u00f3 su gesti\u00f3n con un mensaje central: recibi\u00f3 un municipio \u201csin herramientas\u201d, \u201crecuper\u00f3 chatarra\u201d y, en dos a\u00f1os, [&hellip;]","og_url":"https:\/\/nahuelproducciones.com.ar\/radioquijano\/campo-quijano-del-microfono-al-expediente-porque-una-entrevista-no-es-rendicion-de-cuentas\/","og_site_name":"RQ 99.9","article_publisher":"https:\/\/www.facebook.com\/nahuelproducciones999\/","article_published_time":"2026-01-05T06:44:40+00:00","article_modified_time":"2026-01-05T07:15:49+00:00","og_image":[{"width":1155,"height":650,"url":"https:\/\/nahuelproducciones.com.ar\/radioquijano\/wp-content\/uploads\/2026\/01\/lino-en-el-tribuno.webp","type":"image\/webp"}],"author":"Ricardo Guzman","twitter_card":"summary_large_image","twitter_creator":"@nahuproduciones","twitter_site":"@nahuproduciones","twitter_misc":{"Escrito por":"Ricardo Guzman","Tiempo de lectura":"4 minutos"},"schema":{"@context":"https:\/\/schema.org","@graph":[{"@type":"WebPage","@id":"https:\/\/nahuelproducciones.com.ar\/radioquijano\/campo-quijano-del-microfono-al-expediente-porque-una-entrevista-no-es-rendicion-de-cuentas\/","url":"https:\/\/nahuelproducciones.com.ar\/radioquijano\/campo-quijano-del-microfono-al-expediente-porque-una-entrevista-no-es-rendicion-de-cuentas\/","name":"Campo Quijano: del micr\u00f3fono al expediente, porque una entrevista no es rendici\u00f3n de cuentas - RQ 99.9","isPartOf":{"@id":"https:\/\/nahuelproducciones.com.ar\/radioquijano\/#website"},"datePublished":"2026-01-05T06:44:40+00:00","dateModified":"2026-01-05T07:15:49+00:00","author":{"@id":"https:\/\/nahuelproducciones.com.ar\/radioquijano\/#\/schema\/person\/b9b81a110cbdf07949e2cd02d478ab9d"},"breadcrumb":{"@id":"https:\/\/nahuelproducciones.com.ar\/radioquijano\/campo-quijano-del-microfono-al-expediente-porque-una-entrevista-no-es-rendicion-de-cuentas\/#breadcrumb"},"inLanguage":"es","potentialAction":[{"@type":"ReadAction","target":["https:\/\/nahuelproducciones.com.ar\/radioquijano\/campo-quijano-del-microfono-al-expediente-porque-una-entrevista-no-es-rendicion-de-cuentas\/"]}]},{"@type":"BreadcrumbList","@id":"https:\/\/nahuelproducciones.com.ar\/radioquijano\/campo-quijano-del-microfono-al-expediente-porque-una-entrevista-no-es-rendicion-de-cuentas\/#breadcrumb","itemListElement":[{"@type":"ListItem","position":1,"name":"Portada","item":"https:\/\/nahuelproducciones.com.ar\/radioquijano\/"},{"@type":"ListItem","position":2,"name":"Campo Quijano: del micr\u00f3fono al expediente, porque una entrevista no es rendici\u00f3n de cuentas"}]},{"@type":"WebSite","@id":"https:\/\/nahuelproducciones.com.ar\/radioquijano\/#website","url":"https:\/\/nahuelproducciones.com.ar\/radioquijano\/","name":"RQ 99.9","description":"Radio Quijano 99.9 MHz","potentialAction":[{"@type":"SearchAction","target":{"@type":"EntryPoint","urlTemplate":"https:\/\/nahuelproducciones.com.ar\/radioquijano\/?s={search_term_string}"},"query-input":"required name=search_term_string"}],"inLanguage":"es"},{"@type":"Person","@id":"https:\/\/nahuelproducciones.com.ar\/radioquijano\/#\/schema\/person\/b9b81a110cbdf07949e2cd02d478ab9d","name":"Ricardo Guzman","image":{"@type":"ImageObject","inLanguage":"es","@id":"https:\/\/nahuelproducciones.com.ar\/radioquijano\/#\/schema\/person\/image\/","url":"https:\/\/secure.gravatar.com\/avatar\/a5d582deda251f95dc882b72fc6e7b4854f88bb25c3154519210afffa7d706e8?s=96&d=mm&r=g","contentUrl":"https:\/\/secure.gravatar.com\/avatar\/a5d582deda251f95dc882b72fc6e7b4854f88bb25c3154519210afffa7d706e8?s=96&d=mm&r=g","caption":"Ricardo Guzman"},"url":"https:\/\/nahuelproducciones.com.ar\/radioquijano\/author\/cady\/"}]}},"_links":{"self":[{"href":"https:\/\/nahuelproducciones.com.ar\/radioquijano\/wp-json\/wp\/v2\/posts\/11803","targetHints":{"allow":["GET"]}}],"collection":[{"href":"https:\/\/nahuelproducciones.com.ar\/radioquijano\/wp-json\/wp\/v2\/posts"}],"about":[{"href":"https:\/\/nahuelproducciones.com.ar\/radioquijano\/wp-json\/wp\/v2\/types\/post"}],"author":[{"embeddable":true,"href":"https:\/\/nahuelproducciones.com.ar\/radioquijano\/wp-json\/wp\/v2\/users\/6"}],"replies":[{"embeddable":true,"href":"https:\/\/nahuelproducciones.com.ar\/radioquijano\/wp-json\/wp\/v2\/comments?post=11803"}],"version-history":[{"count":1,"href":"https:\/\/nahuelproducciones.com.ar\/radioquijano\/wp-json\/wp\/v2\/posts\/11803\/revisions"}],"predecessor-version":[{"id":11804,"href":"https:\/\/nahuelproducciones.com.ar\/radioquijano\/wp-json\/wp\/v2\/posts\/11803\/revisions\/11804"}],"wp:featuredmedia":[{"embeddable":true,"href":"https:\/\/nahuelproducciones.com.ar\/radioquijano\/wp-json\/wp\/v2\/media\/11805"}],"wp:attachment":[{"href":"https:\/\/nahuelproducciones.com.ar\/radioquijano\/wp-json\/wp\/v2\/media?parent=11803"}],"wp:term":[{"taxonomy":"category","embeddable":true,"href":"https:\/\/nahuelproducciones.com.ar\/radioquijano\/wp-json\/wp\/v2\/categories?post=11803"},{"taxonomy":"post_tag","embeddable":true,"href":"https:\/\/nahuelproducciones.com.ar\/radioquijano\/wp-json\/wp\/v2\/tags?post=11803"}],"curies":[{"name":"wp","href":"https:\/\/api.w.org\/{rel}","templated":true}]}}