{"id":1183,"date":"2021-07-08T13:46:50","date_gmt":"2021-07-08T16:46:50","guid":{"rendered":"https:\/\/nahuelproducciones.com.ar\/radioquijano\/?p=1183"},"modified":"2021-07-08T13:46:51","modified_gmt":"2021-07-08T16:46:51","slug":"galleguillos-una-vez-notificado-tiene-10-dias-para-el-derecho-a-defensa-audio","status":"publish","type":"post","link":"https:\/\/nahuelproducciones.com.ar\/radioquijano\/galleguillos-una-vez-notificado-tiene-10-dias-para-el-derecho-a-defensa-audio\/","title":{"rendered":"Galleguillos: \u00abUna vez notificado tiene 10 d\u00edas para el derecho a defensa\u00bb.- (AUDIO)"},"content":{"rendered":"\n<p>Ahora comenzar\u00e1n a correr los plazos, son 48 hs para notificarlo y diez para que responda las acusaciones y otros 30 en los que se ampl\u00edan las pruebas y se adjuntan las respuestas del acusado. Por lo que a finales de Agosto se votar\u00eda la sanci\u00f3n \u201c<em><strong>y naturalmente vamos por la destituci\u00f3n<\/strong><\/em>\u201d. Ya esta programada una nueva sesi\u00f3n especial para el Mi\u00e9rcoles 14 de Julio.<\/p>\n\n\n\n<figure class=\"wp-block-audio\"><audio controls src=\"https:\/\/nahuelproducciones.com.ar\/radioquijano\/wp-content\/uploads\/2021\/07\/Griselda-Galleguillos-Juicio-Politico.mp3\"><\/audio><figcaption>Audio: De Frente Salta<\/figcaption><\/figure>\n\n\n\n<p>Fuente: Rosario de lerma. info<\/p>\n","protected":false},"excerpt":{"rendered":"<p>Ahora comenzar\u00e1n a correr los plazos, son 48 hs para notificarlo y diez para que responda las acusaciones y otros 30 en los que se ampl\u00edan las pruebas y se adjuntan las respuestas del acusado. Por lo que a finales de Agosto se votar\u00eda la sanci\u00f3n \u201cy naturalmente vamos por la destituci\u00f3n\u201d. Ya esta programada [&hellip;]<\/p>\n","protected":false},"author":6,"featured_media":1185,"comment_status":"open","ping_status":"open","sticky":false,"template":"","format":"standard","meta":{"_monsterinsights_skip_tracking":false,"_monsterinsights_sitenote_active":false,"_monsterinsights_sitenote_note":"","_monsterinsights_sitenote_category":0,"footnotes":""},"categories":[16],"tags":[36,61,122,63,47,62],"class_list":["post-1183","post","type-post","status-publish","format-standard","has-post-thumbnail","hentry","category-noticias","tag-campo-quijano","tag-griselda-galleguillos","tag-lerma","tag-lino-yonar","tag-rosario-de-lerma","tag-topo-ramos"],"yoast_head":"<!-- This site is optimized with the Yoast SEO plugin v20.8 - https:\/\/yoast.com\/wordpress\/plugins\/seo\/ -->\n<title>Galleguillos: \u00abUna vez notificado tiene 10 d\u00edas para el derecho a defensa\u00bb.- (AUDIO) - RQ 99.9<\/title>\n<meta name=\"robots\" content=\"index, follow, max-snippet:-1, max-image-preview:large, max-video-preview:-1\" \/>\n<link rel=\"canonical\" href=\"https:\/\/nahuelproducciones.com.ar\/radioquijano\/galleguillos-una-vez-notificado-tiene-10-dias-para-el-derecho-a-defensa-audio\/\" \/>\n<meta property=\"og:locale\" content=\"es_ES\" \/>\n<meta property=\"og:type\" content=\"article\" \/>\n<meta property=\"og:title\" content=\"Galleguillos: \u00abUna vez notificado tiene 10 d\u00edas para el derecho a defensa\u00bb.- (AUDIO) - RQ 99.9\" \/>\n<meta property=\"og:description\" content=\"Ahora comenzar\u00e1n a correr los plazos, son 48 hs para notificarlo y diez para que responda las acusaciones y otros 30 en los que se ampl\u00edan las pruebas y se adjuntan las respuestas del acusado. Por lo que a finales de Agosto se votar\u00eda la sanci\u00f3n \u201cy naturalmente vamos por la destituci\u00f3n\u201d. Ya esta programada [&hellip;]\" \/>\n<meta property=\"og:url\" content=\"https:\/\/nahuelproducciones.com.ar\/radioquijano\/galleguillos-una-vez-notificado-tiene-10-dias-para-el-derecho-a-defensa-audio\/\" \/>\n<meta property=\"og:site_name\" content=\"RQ 99.9\" \/>\n<meta property=\"article:publisher\" content=\"https:\/\/www.facebook.com\/nahuelproducciones999\/\" \/>\n<meta property=\"article:published_time\" content=\"2021-07-08T16:46:50+00:00\" \/>\n<meta property=\"article:modified_time\" content=\"2021-07-08T16:46:51+00:00\" \/>\n<meta property=\"og:image\" content=\"https:\/\/nahuelproducciones.com.ar\/radioquijano\/wp-content\/uploads\/2021\/07\/griselda.png\" \/>\n\t<meta property=\"og:image:width\" content=\"700\" \/>\n\t<meta property=\"og:image:height\" content=\"350\" \/>\n\t<meta property=\"og:image:type\" content=\"image\/png\" \/>\n<meta name=\"author\" content=\"Ricardo Guzman\" \/>\n<meta name=\"twitter:card\" content=\"summary_large_image\" \/>\n<meta name=\"twitter:creator\" content=\"@nahuproduciones\" \/>\n<meta name=\"twitter:site\" content=\"@nahuproduciones\" \/>\n<meta name=\"twitter:label1\" content=\"Escrito por\" \/>\n\t<meta name=\"twitter:data1\" content=\"Ricardo Guzman\" \/>\n\t<meta name=\"twitter:label2\" content=\"Tiempo de lectura\" \/>\n\t<meta name=\"twitter:data2\" content=\"1 minuto\" \/>\n<script type=\"application\/ld+json\" class=\"yoast-schema-graph\">{\"@context\":\"https:\/\/schema.org\",\"@graph\":[{\"@type\":\"WebPage\",\"@id\":\"https:\/\/nahuelproducciones.com.ar\/radioquijano\/galleguillos-una-vez-notificado-tiene-10-dias-para-el-derecho-a-defensa-audio\/\",\"url\":\"https:\/\/nahuelproducciones.com.ar\/radioquijano\/galleguillos-una-vez-notificado-tiene-10-dias-para-el-derecho-a-defensa-audio\/\",\"name\":\"Galleguillos: \u00abUna vez notificado tiene 10 d\u00edas para el derecho a defensa\u00bb.- (AUDIO) - RQ 99.9\",\"isPartOf\":{\"@id\":\"https:\/\/nahuelproducciones.com.ar\/radioquijano\/#website\"},\"datePublished\":\"2021-07-08T16:46:50+00:00\",\"dateModified\":\"2021-07-08T16:46:51+00:00\",\"author\":{\"@id\":\"https:\/\/nahuelproducciones.com.ar\/radioquijano\/#\/schema\/person\/b9b81a110cbdf07949e2cd02d478ab9d\"},\"breadcrumb\":{\"@id\":\"https:\/\/nahuelproducciones.com.ar\/radioquijano\/galleguillos-una-vez-notificado-tiene-10-dias-para-el-derecho-a-defensa-audio\/#breadcrumb\"},\"inLanguage\":\"es\",\"potentialAction\":[{\"@type\":\"ReadAction\",\"target\":[\"https:\/\/nahuelproducciones.com.ar\/radioquijano\/galleguillos-una-vez-notificado-tiene-10-dias-para-el-derecho-a-defensa-audio\/\"]}]},{\"@type\":\"BreadcrumbList\",\"@id\":\"https:\/\/nahuelproducciones.com.ar\/radioquijano\/galleguillos-una-vez-notificado-tiene-10-dias-para-el-derecho-a-defensa-audio\/#breadcrumb\",\"itemListElement\":[{\"@type\":\"ListItem\",\"position\":1,\"name\":\"Portada\",\"item\":\"https:\/\/nahuelproducciones.com.ar\/radioquijano\/\"},{\"@type\":\"ListItem\",\"position\":2,\"name\":\"Galleguillos: \u00abUna vez notificado tiene 10 d\u00edas para el derecho a defensa\u00bb.- (AUDIO)\"}]},{\"@type\":\"WebSite\",\"@id\":\"https:\/\/nahuelproducciones.com.ar\/radioquijano\/#website\",\"url\":\"https:\/\/nahuelproducciones.com.ar\/radioquijano\/\",\"name\":\"RQ 99.9\",\"description\":\"Radio Quijano 99.9 MHz\",\"potentialAction\":[{\"@type\":\"SearchAction\",\"target\":{\"@type\":\"EntryPoint\",\"urlTemplate\":\"https:\/\/nahuelproducciones.com.ar\/radioquijano\/?s={search_term_string}\"},\"query-input\":\"required name=search_term_string\"}],\"inLanguage\":\"es\"},{\"@type\":\"Person\",\"@id\":\"https:\/\/nahuelproducciones.com.ar\/radioquijano\/#\/schema\/person\/b9b81a110cbdf07949e2cd02d478ab9d\",\"name\":\"Ricardo Guzman\",\"image\":{\"@type\":\"ImageObject\",\"inLanguage\":\"es\",\"@id\":\"https:\/\/nahuelproducciones.com.ar\/radioquijano\/#\/schema\/person\/image\/\",\"url\":\"https:\/\/secure.gravatar.com\/avatar\/a5d582deda251f95dc882b72fc6e7b4854f88bb25c3154519210afffa7d706e8?s=96&d=mm&r=g\",\"contentUrl\":\"https:\/\/secure.gravatar.com\/avatar\/a5d582deda251f95dc882b72fc6e7b4854f88bb25c3154519210afffa7d706e8?s=96&d=mm&r=g\",\"caption\":\"Ricardo Guzman\"},\"url\":\"https:\/\/nahuelproducciones.com.ar\/radioquijano\/author\/cady\/\"}]}<\/script>\n<!-- \/ Yoast SEO plugin. -->","yoast_head_json":{"title":"Galleguillos: \u00abUna vez notificado tiene 10 d\u00edas para el derecho a defensa\u00bb.- (AUDIO) - RQ 99.9","robots":{"index":"index","follow":"follow","max-snippet":"max-snippet:-1","max-image-preview":"max-image-preview:large","max-video-preview":"max-video-preview:-1"},"canonical":"https:\/\/nahuelproducciones.com.ar\/radioquijano\/galleguillos-una-vez-notificado-tiene-10-dias-para-el-derecho-a-defensa-audio\/","og_locale":"es_ES","og_type":"article","og_title":"Galleguillos: \u00abUna vez notificado tiene 10 d\u00edas para el derecho a defensa\u00bb.- (AUDIO) - RQ 99.9","og_description":"Ahora comenzar\u00e1n a correr los plazos, son 48 hs para notificarlo y diez para que responda las acusaciones y otros 30 en los que se ampl\u00edan las pruebas y se adjuntan las respuestas del acusado. Por lo que a finales de Agosto se votar\u00eda la sanci\u00f3n \u201cy naturalmente vamos por la destituci\u00f3n\u201d. Ya esta programada [&hellip;]","og_url":"https:\/\/nahuelproducciones.com.ar\/radioquijano\/galleguillos-una-vez-notificado-tiene-10-dias-para-el-derecho-a-defensa-audio\/","og_site_name":"RQ 99.9","article_publisher":"https:\/\/www.facebook.com\/nahuelproducciones999\/","article_published_time":"2021-07-08T16:46:50+00:00","article_modified_time":"2021-07-08T16:46:51+00:00","og_image":[{"width":700,"height":350,"url":"https:\/\/nahuelproducciones.com.ar\/radioquijano\/wp-content\/uploads\/2021\/07\/griselda.png","type":"image\/png"}],"author":"Ricardo Guzman","twitter_card":"summary_large_image","twitter_creator":"@nahuproduciones","twitter_site":"@nahuproduciones","twitter_misc":{"Escrito por":"Ricardo Guzman","Tiempo de lectura":"1 minuto"},"schema":{"@context":"https:\/\/schema.org","@graph":[{"@type":"WebPage","@id":"https:\/\/nahuelproducciones.com.ar\/radioquijano\/galleguillos-una-vez-notificado-tiene-10-dias-para-el-derecho-a-defensa-audio\/","url":"https:\/\/nahuelproducciones.com.ar\/radioquijano\/galleguillos-una-vez-notificado-tiene-10-dias-para-el-derecho-a-defensa-audio\/","name":"Galleguillos: \u00abUna vez notificado tiene 10 d\u00edas para el derecho a defensa\u00bb.- (AUDIO) - RQ 99.9","isPartOf":{"@id":"https:\/\/nahuelproducciones.com.ar\/radioquijano\/#website"},"datePublished":"2021-07-08T16:46:50+00:00","dateModified":"2021-07-08T16:46:51+00:00","author":{"@id":"https:\/\/nahuelproducciones.com.ar\/radioquijano\/#\/schema\/person\/b9b81a110cbdf07949e2cd02d478ab9d"},"breadcrumb":{"@id":"https:\/\/nahuelproducciones.com.ar\/radioquijano\/galleguillos-una-vez-notificado-tiene-10-dias-para-el-derecho-a-defensa-audio\/#breadcrumb"},"inLanguage":"es","potentialAction":[{"@type":"ReadAction","target":["https:\/\/nahuelproducciones.com.ar\/radioquijano\/galleguillos-una-vez-notificado-tiene-10-dias-para-el-derecho-a-defensa-audio\/"]}]},{"@type":"BreadcrumbList","@id":"https:\/\/nahuelproducciones.com.ar\/radioquijano\/galleguillos-una-vez-notificado-tiene-10-dias-para-el-derecho-a-defensa-audio\/#breadcrumb","itemListElement":[{"@type":"ListItem","position":1,"name":"Portada","item":"https:\/\/nahuelproducciones.com.ar\/radioquijano\/"},{"@type":"ListItem","position":2,"name":"Galleguillos: \u00abUna vez notificado tiene 10 d\u00edas para el derecho a defensa\u00bb.- (AUDIO)"}]},{"@type":"WebSite","@id":"https:\/\/nahuelproducciones.com.ar\/radioquijano\/#website","url":"https:\/\/nahuelproducciones.com.ar\/radioquijano\/","name":"RQ 99.9","description":"Radio Quijano 99.9 MHz","potentialAction":[{"@type":"SearchAction","target":{"@type":"EntryPoint","urlTemplate":"https:\/\/nahuelproducciones.com.ar\/radioquijano\/?s={search_term_string}"},"query-input":"required name=search_term_string"}],"inLanguage":"es"},{"@type":"Person","@id":"https:\/\/nahuelproducciones.com.ar\/radioquijano\/#\/schema\/person\/b9b81a110cbdf07949e2cd02d478ab9d","name":"Ricardo Guzman","image":{"@type":"ImageObject","inLanguage":"es","@id":"https:\/\/nahuelproducciones.com.ar\/radioquijano\/#\/schema\/person\/image\/","url":"https:\/\/secure.gravatar.com\/avatar\/a5d582deda251f95dc882b72fc6e7b4854f88bb25c3154519210afffa7d706e8?s=96&d=mm&r=g","contentUrl":"https:\/\/secure.gravatar.com\/avatar\/a5d582deda251f95dc882b72fc6e7b4854f88bb25c3154519210afffa7d706e8?s=96&d=mm&r=g","caption":"Ricardo Guzman"},"url":"https:\/\/nahuelproducciones.com.ar\/radioquijano\/author\/cady\/"}]}},"_links":{"self":[{"href":"https:\/\/nahuelproducciones.com.ar\/radioquijano\/wp-json\/wp\/v2\/posts\/1183","targetHints":{"allow":["GET"]}}],"collection":[{"href":"https:\/\/nahuelproducciones.com.ar\/radioquijano\/wp-json\/wp\/v2\/posts"}],"about":[{"href":"https:\/\/nahuelproducciones.com.ar\/radioquijano\/wp-json\/wp\/v2\/types\/post"}],"author":[{"embeddable":true,"href":"https:\/\/nahuelproducciones.com.ar\/radioquijano\/wp-json\/wp\/v2\/users\/6"}],"replies":[{"embeddable":true,"href":"https:\/\/nahuelproducciones.com.ar\/radioquijano\/wp-json\/wp\/v2\/comments?post=1183"}],"version-history":[{"count":1,"href":"https:\/\/nahuelproducciones.com.ar\/radioquijano\/wp-json\/wp\/v2\/posts\/1183\/revisions"}],"predecessor-version":[{"id":1186,"href":"https:\/\/nahuelproducciones.com.ar\/radioquijano\/wp-json\/wp\/v2\/posts\/1183\/revisions\/1186"}],"wp:featuredmedia":[{"embeddable":true,"href":"https:\/\/nahuelproducciones.com.ar\/radioquijano\/wp-json\/wp\/v2\/media\/1185"}],"wp:attachment":[{"href":"https:\/\/nahuelproducciones.com.ar\/radioquijano\/wp-json\/wp\/v2\/media?parent=1183"}],"wp:term":[{"taxonomy":"category","embeddable":true,"href":"https:\/\/nahuelproducciones.com.ar\/radioquijano\/wp-json\/wp\/v2\/categories?post=1183"},{"taxonomy":"post_tag","embeddable":true,"href":"https:\/\/nahuelproducciones.com.ar\/radioquijano\/wp-json\/wp\/v2\/tags?post=1183"}],"curies":[{"name":"wp","href":"https:\/\/api.w.org\/{rel}","templated":true}]}}