{"id":11833,"date":"2026-01-08T22:06:09","date_gmt":"2026-01-09T01:06:09","guid":{"rendered":"https:\/\/nahuelproducciones.com.ar\/radioquijano\/?p=11833"},"modified":"2026-01-08T22:34:51","modified_gmt":"2026-01-09T01:34:51","slug":"panorama-sanitario-en-campo-quijano-preocupacion-por-salud-mental-sifilis-dengue-y-sobrepeso-infantil","status":"publish","type":"post","link":"https:\/\/nahuelproducciones.com.ar\/radioquijano\/panorama-sanitario-en-campo-quijano-preocupacion-por-salud-mental-sifilis-dengue-y-sobrepeso-infantil\/","title":{"rendered":"Panorama sanitario en Campo Quijano: preocupaci\u00f3n por salud mental, s\u00edfilis, dengue y sobrepeso infantil"},"content":{"rendered":"\n<p>El gerente del Hospital Dr. Francisco Herrera de Campo Quijano, <strong>Juan Pablo Castillo<\/strong>, brind\u00f3 un amplio panorama sobre la situaci\u00f3n sanitaria actual de la localidad, destacando la importancia del <strong>an\u00e1lisis a trav\u00e9s de canales end\u00e9micos<\/strong>, una herramienta que permite observar el comportamiento de las enfermedades a lo largo del a\u00f1o y anticipar acciones de prevenci\u00f3n.<\/p>\n\n\n\n<p>En ese marco, explic\u00f3 que existen <strong>patrones estacionales<\/strong>, como el aumento de <strong>casos de diarreas durante el mes de septiembre<\/strong> y a menudo se asocian con la estacion ,por la proliferaci\u00f3n de bacterias en alimentos y agua contaminada.<\/p>\n\n\n\n<h3 class=\"wp-block-heading\">Gripe, dengue y vacunaci\u00f3n<\/h3>\n\n\n\n<p>En relaci\u00f3n a las <strong>enfermedades respiratorias<\/strong>, el dr.Castillo se\u00f1al\u00f3 que no  hay en Quijano circulaci\u00f3n del virus de la gripe del tipo <strong>Influenza A H3N2<\/strong>, si hay gripe y aclar\u00f3 que llama a la prevenci\u00f3n, no al p\u00e1nico, ya que es parte de la gripe estacional, pero su alta transmisibilidad requiere cuidados extras, recomendando consultar ante s\u00edntomas persistentes.<\/p>\n\n\n\n<p>Respecto al <strong>dengue<\/strong>, confirm\u00f3 que <strong>se detectaron casos en la localidad<\/strong>, a pesar del trabajo de prevenci\u00f3n y la coordinaci\u00f3n con el municipio. Record\u00f3 que el a\u00f1o pasado <strong>no se hab\u00edan confirmado casos<\/strong>, por lo que insisti\u00f3 en reforzar las medidas de descacharrado y cuidado domiciliario.<\/p>\n\n\n\n<p>Adem\u00e1s, advirti\u00f3 sobre la <strong>existencia de casos de sarampi\u00f3n en Bolivia<\/strong>, remarcando la <strong>importancia de la vacunaci\u00f3n preventiva<\/strong>, aun cuando no se registran casos locales, e inst\u00f3 a la poblaci\u00f3n a verificar que los esquemas de vacunaci\u00f3n est\u00e9n completos.<\/p>\n\n\n\n<h3 class=\"wp-block-heading\">S\u00edfilis, accidentes y mordeduras<\/h3>\n\n\n\n<p>En el \u00e1rea de <strong>enfermedades de transmisi\u00f3n sexual<\/strong>, el gerente inform\u00f3 que se registraron <strong>32 casos de s\u00edfilis<\/strong>, destacando que se trata de una enfermedad que <strong>tiene tratamiento<\/strong>, pero que requiere <strong>diagn\u00f3stico temprano, controles y prevenci\u00f3n<\/strong>.<\/p>\n\n\n\n<p>Tambi\u00e9n manifest\u00f3 preocupaci\u00f3n por los <strong>accidentes de tr\u00e1nsito<\/strong>, ya que durante el mes de <strong>julio se registraron 11 siniestros viales<\/strong>, muchos de ellos con lesionados que impactan directamente en la guardia del hospital.<\/p>\n\n\n\n<p>A esto se suman las <strong>mordeduras de perros<\/strong>, con un promedio de <strong>15 casos mensuales<\/strong>, situaci\u00f3n que pone en evidencia la necesidad de reforzar la <strong>tenencia responsable de mascotas<\/strong> y el trabajo conjunto con el municipio.<\/p>\n\n\n\n<h3 class=\"wp-block-heading\">Sobrepeso infantil, diabetes y alimentaci\u00f3n<\/h3>\n\n\n\n<p>Otro punto central del informe fue el <strong>aumento del sobrepeso en ni\u00f1os de entre 2 y 5 a\u00f1os<\/strong>, vinculado directamente a <strong>malos h\u00e1bitos alimentarios<\/strong>, junto con una alta cantidad de <strong>pacientes con diabetes<\/strong>. En este contexto, Castillo destac\u00f3 el trabajo preventivo que se realiza en las escuelas mediante la implementaci\u00f3n del <strong>kiosco saludable<\/strong>, promoviendo una alimentaci\u00f3n m\u00e1s equilibrada desde la infancia.<\/p>\n\n\n\n<h3 class=\"wp-block-heading\">Salud mental y trabajo social<\/h3>\n\n\n\n<p>Uno de los datos m\u00e1s sensibles abordados fue el de la <strong>salud mental<\/strong>. Castillo inform\u00f3 que durante <strong>2025 se registraron 11 eventos vinculados a intentos de suicidio<\/strong>, de los cuales <strong>el 90 % corresponde a mujeres de entre 16 y 30 a\u00f1os<\/strong>, es decir, adolescentes y adultas j\u00f3venes. Remarc\u00f3 que se trata de una problem\u00e1tica compleja que requiere <strong>acompa\u00f1amiento profesional, contenci\u00f3n familiar, escucha activa y trabajo articulado entre salud, educaci\u00f3n y comunidad<\/strong>, e insisti\u00f3 en la importancia de <strong>hablar del tema y pedir ayuda a tiempo<\/strong>.<\/p>\n\n\n\n<p>En este marco, tambi\u00e9n se destac\u00f3 el trabajo del <strong>equipo de asistentes sociales<\/strong>, que actualmente acompa\u00f1a a <strong>unas 180 familias<\/strong>, realizando <strong>al menos una visita domiciliaria por familia<\/strong>, con el objetivo de detectar situaciones de vulnerabilidad y fortalecer la prevenci\u00f3n.<\/p>\n\n\n\n<h3 class=\"wp-block-heading\">Certificados escolares<\/h3>\n\n\n\n<p>Finalmente, se inform\u00f3 que el hospital y los centros de salud estar\u00e1n realizando <strong>certificados de aptitud f\u00edsica solicitados por las escuelas<\/strong> con turnos programados:<\/p>\n\n\n\n<ul class=\"wp-block-list\">\n<li><strong>14 de enero<\/strong>: Pediatr\u00eda y Odontolog\u00eda en el <strong>Centro de Salud del Portal<\/strong><\/li>\n\n\n\n<li><strong>15 de enero<\/strong>: Atenci\u00f3n en el <strong>Centro de Salud del Portal<\/strong><\/li>\n\n\n\n<li><strong>16 de enero<\/strong>: Atenci\u00f3n en el <strong>Hospital Dr. Francisco Herrera<\/strong>. <\/li>\n\n\n\n<li>En estos dias brindaran mayores datos como horarios.<\/li>\n<\/ul>\n\n\n\n<h3 class=\"wp-block-heading\">Invitaci\u00f3n a la comunidad<\/h3>\n\n\n\n<p>En el cierre, el gerente del Hospital Dr. Francisco Herrera <strong>invit\u00f3 a todos los vecinos a acercarse al hospital y a los centros de salud ante cualquier consulta<\/strong>, destacando que la <strong>atenci\u00f3n temprana, los controles y la prevenci\u00f3n<\/strong> son fundamentales para evitar complicaciones. Remarc\u00f3 que el hospital mantiene sus puertas abiertas para <strong>orientar, acompa\u00f1ar y trabajar junto a la comunidad en el cuidado de la salud<\/strong>, se\u00f1alando que la prevenci\u00f3n es una responsabilidad compartida.<\/p>\n\n\n\n<p>Escucha la entrevista:<\/p>\n\n\n\n<figure class=\"wp-block-audio\"><audio controls src=\"https:\/\/nahuelproducciones.com.ar\/radioquijano\/wp-content\/uploads\/2026\/01\/08-01-2026-GERENTE-CASTILLO-DEL-HOSPITAL-DR-FRANCISCO-HERRERA-TEMAS-VARIOS.mp3\"><\/audio><\/figure>\n","protected":false},"excerpt":{"rendered":"<p>El gerente del Hospital Dr. Francisco Herrera de Campo Quijano, Juan Pablo Castillo, brind\u00f3 un amplio panorama sobre la situaci\u00f3n sanitaria actual de la localidad, destacando la importancia del an\u00e1lisis a trav\u00e9s de canales end\u00e9micos, una herramienta que permite observar el comportamiento de las enfermedades a lo largo del a\u00f1o y anticipar acciones de prevenci\u00f3n. [&hellip;]<\/p>\n","protected":false},"author":8,"featured_media":11835,"comment_status":"open","ping_status":"open","sticky":false,"template":"","format":"standard","meta":{"_monsterinsights_skip_tracking":false,"_monsterinsights_sitenote_active":false,"_monsterinsights_sitenote_note":"","_monsterinsights_sitenote_category":0,"footnotes":""},"categories":[16],"tags":[1624,374,100],"class_list":["post-11833","post","type-post","status-publish","format-standard","has-post-thumbnail","hentry","category-noticias","tag-el-nuevo-gerente-general-del-hospital-dr-francisco-herrera-de-campo-quijano","tag-hospital-dr-francisco-herrera","tag-municipio-de-campo-quijano"],"yoast_head":"<!-- This site is optimized with the Yoast SEO plugin v20.8 - https:\/\/yoast.com\/wordpress\/plugins\/seo\/ -->\n<title>Panorama sanitario en Campo Quijano: preocupaci\u00f3n por salud mental, s\u00edfilis, dengue y sobrepeso infantil - RQ 99.9<\/title>\n<meta name=\"description\" content=\"Remarc\u00f3 que el hospital mantiene sus puertas abiertas para orientar, acompa\u00f1ar y trabajar junto a la comunidad en el cuidado de la salud, se\u00f1alando que la prevenci\u00f3n es una responsabilidad compartida.\" \/>\n<meta name=\"robots\" content=\"index, follow, max-snippet:-1, max-image-preview:large, max-video-preview:-1\" \/>\n<link rel=\"canonical\" href=\"https:\/\/nahuelproducciones.com.ar\/radioquijano\/panorama-sanitario-en-campo-quijano-preocupacion-por-salud-mental-sifilis-dengue-y-sobrepeso-infantil\/\" \/>\n<meta property=\"og:locale\" content=\"es_ES\" \/>\n<meta property=\"og:type\" content=\"article\" \/>\n<meta property=\"og:title\" content=\"Panorama sanitario en Campo Quijano: preocupaci\u00f3n por salud mental, s\u00edfilis, dengue y sobrepeso infantil - RQ 99.9\" \/>\n<meta property=\"og:description\" content=\"Remarc\u00f3 que el hospital mantiene sus puertas abiertas para orientar, acompa\u00f1ar y trabajar junto a la comunidad en el cuidado de la salud, se\u00f1alando que la prevenci\u00f3n es una responsabilidad compartida.\" \/>\n<meta property=\"og:url\" content=\"https:\/\/nahuelproducciones.com.ar\/radioquijano\/panorama-sanitario-en-campo-quijano-preocupacion-por-salud-mental-sifilis-dengue-y-sobrepeso-infantil\/\" \/>\n<meta property=\"og:site_name\" content=\"RQ 99.9\" \/>\n<meta property=\"article:publisher\" content=\"https:\/\/www.facebook.com\/nahuelproducciones999\/\" \/>\n<meta property=\"article:published_time\" content=\"2026-01-09T01:06:09+00:00\" \/>\n<meta property=\"article:modified_time\" content=\"2026-01-09T01:34:51+00:00\" \/>\n<meta property=\"og:image\" content=\"https:\/\/nahuelproducciones.com.ar\/radioquijano\/wp-content\/uploads\/2026\/01\/Post-Instagram-Frase-Primavera-Collage-Aesthetic-Minimalista--e1767920754134.png\" \/>\n\t<meta property=\"og:image:width\" content=\"700\" \/>\n\t<meta property=\"og:image:height\" content=\"700\" \/>\n\t<meta property=\"og:image:type\" content=\"image\/png\" \/>\n<meta name=\"author\" content=\"Cecilia Pastrana\" \/>\n<meta name=\"twitter:card\" content=\"summary_large_image\" \/>\n<meta name=\"twitter:creator\" content=\"@nahuproduciones\" \/>\n<meta name=\"twitter:site\" content=\"@nahuproduciones\" \/>\n<meta name=\"twitter:label1\" content=\"Escrito por\" \/>\n\t<meta name=\"twitter:data1\" content=\"Cecilia Pastrana\" \/>\n\t<meta name=\"twitter:label2\" content=\"Tiempo de lectura\" \/>\n\t<meta name=\"twitter:data2\" content=\"4 minutos\" \/>\n<script type=\"application\/ld+json\" class=\"yoast-schema-graph\">{\"@context\":\"https:\/\/schema.org\",\"@graph\":[{\"@type\":\"WebPage\",\"@id\":\"https:\/\/nahuelproducciones.com.ar\/radioquijano\/panorama-sanitario-en-campo-quijano-preocupacion-por-salud-mental-sifilis-dengue-y-sobrepeso-infantil\/\",\"url\":\"https:\/\/nahuelproducciones.com.ar\/radioquijano\/panorama-sanitario-en-campo-quijano-preocupacion-por-salud-mental-sifilis-dengue-y-sobrepeso-infantil\/\",\"name\":\"Panorama sanitario en Campo Quijano: preocupaci\u00f3n por salud mental, s\u00edfilis, dengue y sobrepeso infantil - RQ 99.9\",\"isPartOf\":{\"@id\":\"https:\/\/nahuelproducciones.com.ar\/radioquijano\/#website\"},\"datePublished\":\"2026-01-09T01:06:09+00:00\",\"dateModified\":\"2026-01-09T01:34:51+00:00\",\"author\":{\"@id\":\"https:\/\/nahuelproducciones.com.ar\/radioquijano\/#\/schema\/person\/e8a4f939e2cb487fe6d0c54042c9d32c\"},\"description\":\"Remarc\u00f3 que el hospital mantiene sus puertas abiertas para orientar, acompa\u00f1ar y trabajar junto a la comunidad en el cuidado de la salud, se\u00f1alando que la prevenci\u00f3n es una responsabilidad compartida.\",\"breadcrumb\":{\"@id\":\"https:\/\/nahuelproducciones.com.ar\/radioquijano\/panorama-sanitario-en-campo-quijano-preocupacion-por-salud-mental-sifilis-dengue-y-sobrepeso-infantil\/#breadcrumb\"},\"inLanguage\":\"es\",\"potentialAction\":[{\"@type\":\"ReadAction\",\"target\":[\"https:\/\/nahuelproducciones.com.ar\/radioquijano\/panorama-sanitario-en-campo-quijano-preocupacion-por-salud-mental-sifilis-dengue-y-sobrepeso-infantil\/\"]}]},{\"@type\":\"BreadcrumbList\",\"@id\":\"https:\/\/nahuelproducciones.com.ar\/radioquijano\/panorama-sanitario-en-campo-quijano-preocupacion-por-salud-mental-sifilis-dengue-y-sobrepeso-infantil\/#breadcrumb\",\"itemListElement\":[{\"@type\":\"ListItem\",\"position\":1,\"name\":\"Portada\",\"item\":\"https:\/\/nahuelproducciones.com.ar\/radioquijano\/\"},{\"@type\":\"ListItem\",\"position\":2,\"name\":\"Panorama sanitario en Campo Quijano: preocupaci\u00f3n por salud mental, s\u00edfilis, dengue y sobrepeso infantil\"}]},{\"@type\":\"WebSite\",\"@id\":\"https:\/\/nahuelproducciones.com.ar\/radioquijano\/#website\",\"url\":\"https:\/\/nahuelproducciones.com.ar\/radioquijano\/\",\"name\":\"RQ 99.9\",\"description\":\"Radio Quijano 99.9 MHz\",\"potentialAction\":[{\"@type\":\"SearchAction\",\"target\":{\"@type\":\"EntryPoint\",\"urlTemplate\":\"https:\/\/nahuelproducciones.com.ar\/radioquijano\/?s={search_term_string}\"},\"query-input\":\"required name=search_term_string\"}],\"inLanguage\":\"es\"},{\"@type\":\"Person\",\"@id\":\"https:\/\/nahuelproducciones.com.ar\/radioquijano\/#\/schema\/person\/e8a4f939e2cb487fe6d0c54042c9d32c\",\"name\":\"Cecilia Pastrana\",\"image\":{\"@type\":\"ImageObject\",\"inLanguage\":\"es\",\"@id\":\"https:\/\/nahuelproducciones.com.ar\/radioquijano\/#\/schema\/person\/image\/\",\"url\":\"https:\/\/secure.gravatar.com\/avatar\/661a3ef63a8488d4f2794ed44af8cf71420f7e106f3072c40125114df5157749?s=96&d=mm&r=g\",\"contentUrl\":\"https:\/\/secure.gravatar.com\/avatar\/661a3ef63a8488d4f2794ed44af8cf71420f7e106f3072c40125114df5157749?s=96&d=mm&r=g\",\"caption\":\"Cecilia Pastrana\"},\"sameAs\":[\"cecy\"],\"url\":\"https:\/\/nahuelproducciones.com.ar\/radioquijano\/author\/cecy\/\"}]}<\/script>\n<!-- \/ Yoast SEO plugin. -->","yoast_head_json":{"title":"Panorama sanitario en Campo Quijano: preocupaci\u00f3n por salud mental, s\u00edfilis, dengue y sobrepeso infantil - RQ 99.9","description":"Remarc\u00f3 que el hospital mantiene sus puertas abiertas para orientar, acompa\u00f1ar y trabajar junto a la comunidad en el cuidado de la salud, se\u00f1alando que la prevenci\u00f3n es una responsabilidad compartida.","robots":{"index":"index","follow":"follow","max-snippet":"max-snippet:-1","max-image-preview":"max-image-preview:large","max-video-preview":"max-video-preview:-1"},"canonical":"https:\/\/nahuelproducciones.com.ar\/radioquijano\/panorama-sanitario-en-campo-quijano-preocupacion-por-salud-mental-sifilis-dengue-y-sobrepeso-infantil\/","og_locale":"es_ES","og_type":"article","og_title":"Panorama sanitario en Campo Quijano: preocupaci\u00f3n por salud mental, s\u00edfilis, dengue y sobrepeso infantil - RQ 99.9","og_description":"Remarc\u00f3 que el hospital mantiene sus puertas abiertas para orientar, acompa\u00f1ar y trabajar junto a la comunidad en el cuidado de la salud, se\u00f1alando que la prevenci\u00f3n es una responsabilidad compartida.","og_url":"https:\/\/nahuelproducciones.com.ar\/radioquijano\/panorama-sanitario-en-campo-quijano-preocupacion-por-salud-mental-sifilis-dengue-y-sobrepeso-infantil\/","og_site_name":"RQ 99.9","article_publisher":"https:\/\/www.facebook.com\/nahuelproducciones999\/","article_published_time":"2026-01-09T01:06:09+00:00","article_modified_time":"2026-01-09T01:34:51+00:00","og_image":[{"width":700,"height":700,"url":"https:\/\/nahuelproducciones.com.ar\/radioquijano\/wp-content\/uploads\/2026\/01\/Post-Instagram-Frase-Primavera-Collage-Aesthetic-Minimalista--e1767920754134.png","type":"image\/png"}],"author":"Cecilia Pastrana","twitter_card":"summary_large_image","twitter_creator":"@nahuproduciones","twitter_site":"@nahuproduciones","twitter_misc":{"Escrito por":"Cecilia Pastrana","Tiempo de lectura":"4 minutos"},"schema":{"@context":"https:\/\/schema.org","@graph":[{"@type":"WebPage","@id":"https:\/\/nahuelproducciones.com.ar\/radioquijano\/panorama-sanitario-en-campo-quijano-preocupacion-por-salud-mental-sifilis-dengue-y-sobrepeso-infantil\/","url":"https:\/\/nahuelproducciones.com.ar\/radioquijano\/panorama-sanitario-en-campo-quijano-preocupacion-por-salud-mental-sifilis-dengue-y-sobrepeso-infantil\/","name":"Panorama sanitario en Campo Quijano: preocupaci\u00f3n por salud mental, s\u00edfilis, dengue y sobrepeso infantil - RQ 99.9","isPartOf":{"@id":"https:\/\/nahuelproducciones.com.ar\/radioquijano\/#website"},"datePublished":"2026-01-09T01:06:09+00:00","dateModified":"2026-01-09T01:34:51+00:00","author":{"@id":"https:\/\/nahuelproducciones.com.ar\/radioquijano\/#\/schema\/person\/e8a4f939e2cb487fe6d0c54042c9d32c"},"description":"Remarc\u00f3 que el hospital mantiene sus puertas abiertas para orientar, acompa\u00f1ar y trabajar junto a la comunidad en el cuidado de la salud, se\u00f1alando que la prevenci\u00f3n es una responsabilidad compartida.","breadcrumb":{"@id":"https:\/\/nahuelproducciones.com.ar\/radioquijano\/panorama-sanitario-en-campo-quijano-preocupacion-por-salud-mental-sifilis-dengue-y-sobrepeso-infantil\/#breadcrumb"},"inLanguage":"es","potentialAction":[{"@type":"ReadAction","target":["https:\/\/nahuelproducciones.com.ar\/radioquijano\/panorama-sanitario-en-campo-quijano-preocupacion-por-salud-mental-sifilis-dengue-y-sobrepeso-infantil\/"]}]},{"@type":"BreadcrumbList","@id":"https:\/\/nahuelproducciones.com.ar\/radioquijano\/panorama-sanitario-en-campo-quijano-preocupacion-por-salud-mental-sifilis-dengue-y-sobrepeso-infantil\/#breadcrumb","itemListElement":[{"@type":"ListItem","position":1,"name":"Portada","item":"https:\/\/nahuelproducciones.com.ar\/radioquijano\/"},{"@type":"ListItem","position":2,"name":"Panorama sanitario en Campo Quijano: preocupaci\u00f3n por salud mental, s\u00edfilis, dengue y sobrepeso infantil"}]},{"@type":"WebSite","@id":"https:\/\/nahuelproducciones.com.ar\/radioquijano\/#website","url":"https:\/\/nahuelproducciones.com.ar\/radioquijano\/","name":"RQ 99.9","description":"Radio Quijano 99.9 MHz","potentialAction":[{"@type":"SearchAction","target":{"@type":"EntryPoint","urlTemplate":"https:\/\/nahuelproducciones.com.ar\/radioquijano\/?s={search_term_string}"},"query-input":"required name=search_term_string"}],"inLanguage":"es"},{"@type":"Person","@id":"https:\/\/nahuelproducciones.com.ar\/radioquijano\/#\/schema\/person\/e8a4f939e2cb487fe6d0c54042c9d32c","name":"Cecilia Pastrana","image":{"@type":"ImageObject","inLanguage":"es","@id":"https:\/\/nahuelproducciones.com.ar\/radioquijano\/#\/schema\/person\/image\/","url":"https:\/\/secure.gravatar.com\/avatar\/661a3ef63a8488d4f2794ed44af8cf71420f7e106f3072c40125114df5157749?s=96&d=mm&r=g","contentUrl":"https:\/\/secure.gravatar.com\/avatar\/661a3ef63a8488d4f2794ed44af8cf71420f7e106f3072c40125114df5157749?s=96&d=mm&r=g","caption":"Cecilia Pastrana"},"sameAs":["cecy"],"url":"https:\/\/nahuelproducciones.com.ar\/radioquijano\/author\/cecy\/"}]}},"_links":{"self":[{"href":"https:\/\/nahuelproducciones.com.ar\/radioquijano\/wp-json\/wp\/v2\/posts\/11833","targetHints":{"allow":["GET"]}}],"collection":[{"href":"https:\/\/nahuelproducciones.com.ar\/radioquijano\/wp-json\/wp\/v2\/posts"}],"about":[{"href":"https:\/\/nahuelproducciones.com.ar\/radioquijano\/wp-json\/wp\/v2\/types\/post"}],"author":[{"embeddable":true,"href":"https:\/\/nahuelproducciones.com.ar\/radioquijano\/wp-json\/wp\/v2\/users\/8"}],"replies":[{"embeddable":true,"href":"https:\/\/nahuelproducciones.com.ar\/radioquijano\/wp-json\/wp\/v2\/comments?post=11833"}],"version-history":[{"count":3,"href":"https:\/\/nahuelproducciones.com.ar\/radioquijano\/wp-json\/wp\/v2\/posts\/11833\/revisions"}],"predecessor-version":[{"id":11841,"href":"https:\/\/nahuelproducciones.com.ar\/radioquijano\/wp-json\/wp\/v2\/posts\/11833\/revisions\/11841"}],"wp:featuredmedia":[{"embeddable":true,"href":"https:\/\/nahuelproducciones.com.ar\/radioquijano\/wp-json\/wp\/v2\/media\/11835"}],"wp:attachment":[{"href":"https:\/\/nahuelproducciones.com.ar\/radioquijano\/wp-json\/wp\/v2\/media?parent=11833"}],"wp:term":[{"taxonomy":"category","embeddable":true,"href":"https:\/\/nahuelproducciones.com.ar\/radioquijano\/wp-json\/wp\/v2\/categories?post=11833"},{"taxonomy":"post_tag","embeddable":true,"href":"https:\/\/nahuelproducciones.com.ar\/radioquijano\/wp-json\/wp\/v2\/tags?post=11833"}],"curies":[{"name":"wp","href":"https:\/\/api.w.org\/{rel}","templated":true}]}}