{"id":11852,"date":"2026-01-09T22:47:07","date_gmt":"2026-01-10T01:47:07","guid":{"rendered":"https:\/\/nahuelproducciones.com.ar\/radioquijano\/?p=11852"},"modified":"2026-01-09T22:48:55","modified_gmt":"2026-01-10T01:48:55","slug":"encuentro-formativo-en-fitoterapia-boticario-y-herbolaria-de-verano-en-campo-quijano","status":"publish","type":"post","link":"https:\/\/nahuelproducciones.com.ar\/radioquijano\/encuentro-formativo-en-fitoterapia-boticario-y-herbolaria-de-verano-en-campo-quijano\/","title":{"rendered":"Encuentro formativo en Fitoterapia: Boticario y Herbolaria de Verano en Campo Quijano"},"content":{"rendered":"\n<p>Este <strong>s\u00e1bado 10 de enero<\/strong>, en la localidad de <strong>Campo Quijano<\/strong>, se lleva adelante el <strong>Encuentro formativo en Fitoterapia \u201cBoticario \u2013 Herbolaria de Verano\u201d<\/strong>, una propuesta te\u00f3rico-pr\u00e1ctica destinada a quienes buscan incorporar saberes sobre el uso responsable de las plantas medicinales y el cuidado natural de la salud.<\/p>\n\n\n\n<p>En di\u00e1logo con <strong>Radio Quijano 99.9<\/strong>, <strong>Roxana C\u00e9spedes<\/strong>, una de las organizadoras del encuentro, destac\u00f3 la importancia de generar estos espacios de formaci\u00f3n y transmisi\u00f3n de saberes, poniendo en valor el conocimiento ancestral y comunitario vinculado a la fitoterapia.<\/p>\n\n\n\n<p>La jornada incluye una <strong>introducci\u00f3n a la fitoterapia<\/strong>, la <strong>elaboraci\u00f3n de jugos y bebidas herbales<\/strong>, degustaciones y un espacio dedicado a la <strong>limpieza hep\u00e1tica de verano<\/strong>, con materiales incluidos para los participantes.<\/p>\n\n\n\n<p>Uno de los momentos centrales del encuentro es la <strong>disertaci\u00f3n a cargo de D\u00e9bora Aguilera<\/strong>, quien comparte su experiencia y conocimientos en herbolaria, abordando el uso adecuado de las plantas medicinales y su aplicaci\u00f3n en la vida cotidiana.<\/p>\n\n\n\n<p>La actividad se desarrolla de <strong>9 a 13 horas<\/strong>, en <strong>Ruta 51, kil\u00f3metro 17, calle Cerro Crest\u00f3n N\u00ba 10<\/strong>, Campo Quijano. La organizaci\u00f3n cuenta adem\u00e1s con el acompa\u00f1amiento de <strong>Cristina P\u00e9rez<\/strong>, quien forma parte del equipo que hizo posible esta propuesta formativa.<\/p>\n\n\n\n<p>Desde la organizaci\u00f3n remarcaron que el encuentro est\u00e1 abierto a la comunidad y busca promover el cuidado de la salud desde una mirada integral, consciente y respetuosa de la naturaleza. Para inscripciones o consultas, las personas interesadas pueden comunicarse al <strong>+54 388 497 28<\/strong><\/p>\n\n\n\n<p>Escucha la entrevista:<\/p>\n\n\n\n<figure class=\"wp-block-audio\"><audio controls src=\"https:\/\/nahuelproducciones.com.ar\/radioquijano\/wp-content\/uploads\/2026\/01\/09-01-2026taller-de-fitoterapia-en-Quijano-organiza-Roxana-Cespedes.mp3\"><\/audio><\/figure>\n","protected":false},"excerpt":{"rendered":"<p>Este s\u00e1bado 10 de enero, en la localidad de Campo Quijano, se lleva adelante el Encuentro formativo en Fitoterapia \u201cBoticario \u2013 Herbolaria de Verano\u201d, una propuesta te\u00f3rico-pr\u00e1ctica destinada a quienes buscan incorporar saberes sobre el uso responsable de las plantas medicinales y el cuidado natural de la salud. En di\u00e1logo con Radio Quijano 99.9, Roxana [&hellip;]<\/p>\n","protected":false},"author":8,"featured_media":11853,"comment_status":"open","ping_status":"open","sticky":false,"template":"","format":"standard","meta":{"_monsterinsights_skip_tracking":false,"_monsterinsights_sitenote_active":false,"_monsterinsights_sitenote_note":"","_monsterinsights_sitenote_category":0,"footnotes":""},"categories":[16],"tags":[2042,2041,100],"class_list":["post-11852","post","type-post","status-publish","format-standard","has-post-thumbnail","hentry","category-noticias","tag-encuentro","tag-fitoterapia","tag-municipio-de-campo-quijano"],"yoast_head":"<!-- This site is optimized with the Yoast SEO plugin v20.8 - https:\/\/yoast.com\/wordpress\/plugins\/seo\/ -->\n<title>Encuentro formativo en Fitoterapia: Boticario y Herbolaria de Verano en Campo Quijano - RQ 99.9<\/title>\n<meta name=\"description\" content=\"Para inscripciones o consultas, las personas interesadas pueden comunicarse al +54 388 497 28\" \/>\n<meta name=\"robots\" content=\"index, follow, max-snippet:-1, max-image-preview:large, max-video-preview:-1\" \/>\n<link rel=\"canonical\" href=\"https:\/\/nahuelproducciones.com.ar\/radioquijano\/encuentro-formativo-en-fitoterapia-boticario-y-herbolaria-de-verano-en-campo-quijano\/\" \/>\n<meta property=\"og:locale\" content=\"es_ES\" \/>\n<meta property=\"og:type\" content=\"article\" \/>\n<meta property=\"og:title\" content=\"Encuentro formativo en Fitoterapia: Boticario y Herbolaria de Verano en Campo Quijano - RQ 99.9\" \/>\n<meta property=\"og:description\" content=\"Para inscripciones o consultas, las personas interesadas pueden comunicarse al +54 388 497 28\" \/>\n<meta property=\"og:url\" content=\"https:\/\/nahuelproducciones.com.ar\/radioquijano\/encuentro-formativo-en-fitoterapia-boticario-y-herbolaria-de-verano-en-campo-quijano\/\" \/>\n<meta property=\"og:site_name\" content=\"RQ 99.9\" \/>\n<meta property=\"article:publisher\" content=\"https:\/\/www.facebook.com\/nahuelproducciones999\/\" \/>\n<meta property=\"article:published_time\" content=\"2026-01-10T01:47:07+00:00\" \/>\n<meta property=\"article:modified_time\" content=\"2026-01-10T01:48:55+00:00\" \/>\n<meta property=\"og:image\" content=\"https:\/\/nahuelproducciones.com.ar\/radioquijano\/wp-content\/uploads\/2026\/01\/WhatsApp-Image-2026-01-05-at-9.56.48-AM-e1768009570615.jpeg\" \/>\n\t<meta property=\"og:image:width\" content=\"700\" \/>\n\t<meta property=\"og:image:height\" content=\"875\" \/>\n\t<meta property=\"og:image:type\" content=\"image\/jpeg\" \/>\n<meta name=\"author\" content=\"Cecilia Pastrana\" \/>\n<meta name=\"twitter:card\" content=\"summary_large_image\" \/>\n<meta name=\"twitter:creator\" content=\"@nahuproduciones\" \/>\n<meta name=\"twitter:site\" content=\"@nahuproduciones\" \/>\n<meta name=\"twitter:label1\" content=\"Escrito por\" \/>\n\t<meta name=\"twitter:data1\" content=\"Cecilia Pastrana\" \/>\n\t<meta name=\"twitter:label2\" content=\"Tiempo de lectura\" \/>\n\t<meta name=\"twitter:data2\" content=\"2 minutos\" \/>\n<script type=\"application\/ld+json\" class=\"yoast-schema-graph\">{\"@context\":\"https:\/\/schema.org\",\"@graph\":[{\"@type\":\"WebPage\",\"@id\":\"https:\/\/nahuelproducciones.com.ar\/radioquijano\/encuentro-formativo-en-fitoterapia-boticario-y-herbolaria-de-verano-en-campo-quijano\/\",\"url\":\"https:\/\/nahuelproducciones.com.ar\/radioquijano\/encuentro-formativo-en-fitoterapia-boticario-y-herbolaria-de-verano-en-campo-quijano\/\",\"name\":\"Encuentro formativo en Fitoterapia: Boticario y Herbolaria de Verano en Campo Quijano - RQ 99.9\",\"isPartOf\":{\"@id\":\"https:\/\/nahuelproducciones.com.ar\/radioquijano\/#website\"},\"datePublished\":\"2026-01-10T01:47:07+00:00\",\"dateModified\":\"2026-01-10T01:48:55+00:00\",\"author\":{\"@id\":\"https:\/\/nahuelproducciones.com.ar\/radioquijano\/#\/schema\/person\/e8a4f939e2cb487fe6d0c54042c9d32c\"},\"description\":\"Para inscripciones o consultas, las personas interesadas pueden comunicarse al +54 388 497 28\",\"breadcrumb\":{\"@id\":\"https:\/\/nahuelproducciones.com.ar\/radioquijano\/encuentro-formativo-en-fitoterapia-boticario-y-herbolaria-de-verano-en-campo-quijano\/#breadcrumb\"},\"inLanguage\":\"es\",\"potentialAction\":[{\"@type\":\"ReadAction\",\"target\":[\"https:\/\/nahuelproducciones.com.ar\/radioquijano\/encuentro-formativo-en-fitoterapia-boticario-y-herbolaria-de-verano-en-campo-quijano\/\"]}]},{\"@type\":\"BreadcrumbList\",\"@id\":\"https:\/\/nahuelproducciones.com.ar\/radioquijano\/encuentro-formativo-en-fitoterapia-boticario-y-herbolaria-de-verano-en-campo-quijano\/#breadcrumb\",\"itemListElement\":[{\"@type\":\"ListItem\",\"position\":1,\"name\":\"Portada\",\"item\":\"https:\/\/nahuelproducciones.com.ar\/radioquijano\/\"},{\"@type\":\"ListItem\",\"position\":2,\"name\":\"Encuentro formativo en Fitoterapia: Boticario y Herbolaria de Verano en Campo Quijano\"}]},{\"@type\":\"WebSite\",\"@id\":\"https:\/\/nahuelproducciones.com.ar\/radioquijano\/#website\",\"url\":\"https:\/\/nahuelproducciones.com.ar\/radioquijano\/\",\"name\":\"RQ 99.9\",\"description\":\"Radio Quijano 99.9 MHz\",\"potentialAction\":[{\"@type\":\"SearchAction\",\"target\":{\"@type\":\"EntryPoint\",\"urlTemplate\":\"https:\/\/nahuelproducciones.com.ar\/radioquijano\/?s={search_term_string}\"},\"query-input\":\"required name=search_term_string\"}],\"inLanguage\":\"es\"},{\"@type\":\"Person\",\"@id\":\"https:\/\/nahuelproducciones.com.ar\/radioquijano\/#\/schema\/person\/e8a4f939e2cb487fe6d0c54042c9d32c\",\"name\":\"Cecilia Pastrana\",\"image\":{\"@type\":\"ImageObject\",\"inLanguage\":\"es\",\"@id\":\"https:\/\/nahuelproducciones.com.ar\/radioquijano\/#\/schema\/person\/image\/\",\"url\":\"https:\/\/secure.gravatar.com\/avatar\/661a3ef63a8488d4f2794ed44af8cf71420f7e106f3072c40125114df5157749?s=96&d=mm&r=g\",\"contentUrl\":\"https:\/\/secure.gravatar.com\/avatar\/661a3ef63a8488d4f2794ed44af8cf71420f7e106f3072c40125114df5157749?s=96&d=mm&r=g\",\"caption\":\"Cecilia Pastrana\"},\"sameAs\":[\"cecy\"],\"url\":\"https:\/\/nahuelproducciones.com.ar\/radioquijano\/author\/cecy\/\"}]}<\/script>\n<!-- \/ Yoast SEO plugin. -->","yoast_head_json":{"title":"Encuentro formativo en Fitoterapia: Boticario y Herbolaria de Verano en Campo Quijano - RQ 99.9","description":"Para inscripciones o consultas, las personas interesadas pueden comunicarse al +54 388 497 28","robots":{"index":"index","follow":"follow","max-snippet":"max-snippet:-1","max-image-preview":"max-image-preview:large","max-video-preview":"max-video-preview:-1"},"canonical":"https:\/\/nahuelproducciones.com.ar\/radioquijano\/encuentro-formativo-en-fitoterapia-boticario-y-herbolaria-de-verano-en-campo-quijano\/","og_locale":"es_ES","og_type":"article","og_title":"Encuentro formativo en Fitoterapia: Boticario y Herbolaria de Verano en Campo Quijano - RQ 99.9","og_description":"Para inscripciones o consultas, las personas interesadas pueden comunicarse al +54 388 497 28","og_url":"https:\/\/nahuelproducciones.com.ar\/radioquijano\/encuentro-formativo-en-fitoterapia-boticario-y-herbolaria-de-verano-en-campo-quijano\/","og_site_name":"RQ 99.9","article_publisher":"https:\/\/www.facebook.com\/nahuelproducciones999\/","article_published_time":"2026-01-10T01:47:07+00:00","article_modified_time":"2026-01-10T01:48:55+00:00","og_image":[{"width":700,"height":875,"url":"https:\/\/nahuelproducciones.com.ar\/radioquijano\/wp-content\/uploads\/2026\/01\/WhatsApp-Image-2026-01-05-at-9.56.48-AM-e1768009570615.jpeg","type":"image\/jpeg"}],"author":"Cecilia Pastrana","twitter_card":"summary_large_image","twitter_creator":"@nahuproduciones","twitter_site":"@nahuproduciones","twitter_misc":{"Escrito por":"Cecilia Pastrana","Tiempo de lectura":"2 minutos"},"schema":{"@context":"https:\/\/schema.org","@graph":[{"@type":"WebPage","@id":"https:\/\/nahuelproducciones.com.ar\/radioquijano\/encuentro-formativo-en-fitoterapia-boticario-y-herbolaria-de-verano-en-campo-quijano\/","url":"https:\/\/nahuelproducciones.com.ar\/radioquijano\/encuentro-formativo-en-fitoterapia-boticario-y-herbolaria-de-verano-en-campo-quijano\/","name":"Encuentro formativo en Fitoterapia: Boticario y Herbolaria de Verano en Campo Quijano - RQ 99.9","isPartOf":{"@id":"https:\/\/nahuelproducciones.com.ar\/radioquijano\/#website"},"datePublished":"2026-01-10T01:47:07+00:00","dateModified":"2026-01-10T01:48:55+00:00","author":{"@id":"https:\/\/nahuelproducciones.com.ar\/radioquijano\/#\/schema\/person\/e8a4f939e2cb487fe6d0c54042c9d32c"},"description":"Para inscripciones o consultas, las personas interesadas pueden comunicarse al +54 388 497 28","breadcrumb":{"@id":"https:\/\/nahuelproducciones.com.ar\/radioquijano\/encuentro-formativo-en-fitoterapia-boticario-y-herbolaria-de-verano-en-campo-quijano\/#breadcrumb"},"inLanguage":"es","potentialAction":[{"@type":"ReadAction","target":["https:\/\/nahuelproducciones.com.ar\/radioquijano\/encuentro-formativo-en-fitoterapia-boticario-y-herbolaria-de-verano-en-campo-quijano\/"]}]},{"@type":"BreadcrumbList","@id":"https:\/\/nahuelproducciones.com.ar\/radioquijano\/encuentro-formativo-en-fitoterapia-boticario-y-herbolaria-de-verano-en-campo-quijano\/#breadcrumb","itemListElement":[{"@type":"ListItem","position":1,"name":"Portada","item":"https:\/\/nahuelproducciones.com.ar\/radioquijano\/"},{"@type":"ListItem","position":2,"name":"Encuentro formativo en Fitoterapia: Boticario y Herbolaria de Verano en Campo Quijano"}]},{"@type":"WebSite","@id":"https:\/\/nahuelproducciones.com.ar\/radioquijano\/#website","url":"https:\/\/nahuelproducciones.com.ar\/radioquijano\/","name":"RQ 99.9","description":"Radio Quijano 99.9 MHz","potentialAction":[{"@type":"SearchAction","target":{"@type":"EntryPoint","urlTemplate":"https:\/\/nahuelproducciones.com.ar\/radioquijano\/?s={search_term_string}"},"query-input":"required name=search_term_string"}],"inLanguage":"es"},{"@type":"Person","@id":"https:\/\/nahuelproducciones.com.ar\/radioquijano\/#\/schema\/person\/e8a4f939e2cb487fe6d0c54042c9d32c","name":"Cecilia Pastrana","image":{"@type":"ImageObject","inLanguage":"es","@id":"https:\/\/nahuelproducciones.com.ar\/radioquijano\/#\/schema\/person\/image\/","url":"https:\/\/secure.gravatar.com\/avatar\/661a3ef63a8488d4f2794ed44af8cf71420f7e106f3072c40125114df5157749?s=96&d=mm&r=g","contentUrl":"https:\/\/secure.gravatar.com\/avatar\/661a3ef63a8488d4f2794ed44af8cf71420f7e106f3072c40125114df5157749?s=96&d=mm&r=g","caption":"Cecilia Pastrana"},"sameAs":["cecy"],"url":"https:\/\/nahuelproducciones.com.ar\/radioquijano\/author\/cecy\/"}]}},"_links":{"self":[{"href":"https:\/\/nahuelproducciones.com.ar\/radioquijano\/wp-json\/wp\/v2\/posts\/11852","targetHints":{"allow":["GET"]}}],"collection":[{"href":"https:\/\/nahuelproducciones.com.ar\/radioquijano\/wp-json\/wp\/v2\/posts"}],"about":[{"href":"https:\/\/nahuelproducciones.com.ar\/radioquijano\/wp-json\/wp\/v2\/types\/post"}],"author":[{"embeddable":true,"href":"https:\/\/nahuelproducciones.com.ar\/radioquijano\/wp-json\/wp\/v2\/users\/8"}],"replies":[{"embeddable":true,"href":"https:\/\/nahuelproducciones.com.ar\/radioquijano\/wp-json\/wp\/v2\/comments?post=11852"}],"version-history":[{"count":2,"href":"https:\/\/nahuelproducciones.com.ar\/radioquijano\/wp-json\/wp\/v2\/posts\/11852\/revisions"}],"predecessor-version":[{"id":11857,"href":"https:\/\/nahuelproducciones.com.ar\/radioquijano\/wp-json\/wp\/v2\/posts\/11852\/revisions\/11857"}],"wp:featuredmedia":[{"embeddable":true,"href":"https:\/\/nahuelproducciones.com.ar\/radioquijano\/wp-json\/wp\/v2\/media\/11853"}],"wp:attachment":[{"href":"https:\/\/nahuelproducciones.com.ar\/radioquijano\/wp-json\/wp\/v2\/media?parent=11852"}],"wp:term":[{"taxonomy":"category","embeddable":true,"href":"https:\/\/nahuelproducciones.com.ar\/radioquijano\/wp-json\/wp\/v2\/categories?post=11852"},{"taxonomy":"post_tag","embeddable":true,"href":"https:\/\/nahuelproducciones.com.ar\/radioquijano\/wp-json\/wp\/v2\/tags?post=11852"}],"curies":[{"name":"wp","href":"https:\/\/api.w.org\/{rel}","templated":true}]}}