{"id":11858,"date":"2026-01-09T23:48:50","date_gmt":"2026-01-10T02:48:50","guid":{"rendered":"https:\/\/nahuelproducciones.com.ar\/radioquijano\/?p=11858"},"modified":"2026-01-09T23:48:51","modified_gmt":"2026-01-10T02:48:51","slug":"vecinos-de-valle-encantado-reclaman-agua-potable-y-denuncian-falta-de-respuestas-del-intendente","status":"publish","type":"post","link":"https:\/\/nahuelproducciones.com.ar\/radioquijano\/vecinos-de-valle-encantado-reclaman-agua-potable-y-denuncian-falta-de-respuestas-del-intendente\/","title":{"rendered":"Vecinos de Valle Encantado reclaman agua potable y denuncian falta de respuestas del intendente"},"content":{"rendered":"\n<p><strong>En una entrevista realizada en RQ 99.9 \u2013 Radio Quijano, los vecinos Walter Gustavo Rezola y Alberto Franzotti, del barrio Valle Encantado, expresaron su profundo malestar por la falta de respuestas de las autoridades municipales y provinciales ante una problem\u00e1tica que llevan a\u00f1os reclamando: el acceso al agua potable.<\/strong><\/p>\n\n\n\n<p>Los vecinos recordaron que en <strong>2019<\/strong> el presidente de <strong>Aguas del Norte, Lucio Paz Posse<\/strong>, firm\u00f3 un <strong>convenio de colaboraci\u00f3n<\/strong> con el entonces intendente <strong>Manuel Cornejo<\/strong> para la ejecuci\u00f3n de <strong>nuevas redes de agua potable<\/strong> en el barrio. Seg\u00fan lo anunciado oficialmente, la obra ten\u00eda un <strong>plazo de ejecuci\u00f3n de 60 d\u00edas corridos<\/strong>, bajo inspecci\u00f3n de la empresa prestataria.<br><strong>Sin embargo, la obra nunca se realiz\u00f3.<\/strong><\/p>\n\n\n\n<p>Actualmente, las familias de Valle Encantado contin\u00faan abasteci\u00e9ndose de agua <strong>a trav\u00e9s de mangueras precarias<\/strong>, conectadas de manera <strong>clandestina al barrio San Jorge<\/strong>, una situaci\u00f3n irregular que <strong>pone en riesgo la salud de los vecinos<\/strong> y evidencia la <strong>ausencia de una soluci\u00f3n estructural<\/strong>.<\/p>\n\n\n\n<p>Rezola y Franzotti se\u00f1alaron que <strong>durante la gesti\u00f3n del exintendente Carlos Folloni no obtuvieron respuestas<\/strong>, pese a los reiterados reclamos y gestiones realizadas ante distintos funcionarios municipales.<\/p>\n\n\n\n<p>Asimismo, aseguraron que <strong>en la actual gesti\u00f3n del intendente Lino Yonar la situaci\u00f3n sigue sin resolverse<\/strong> y denunciaron que <strong>el jefe comunal no los atiende<\/strong>, a pesar de que se trata de familias que <strong>viven en el barrio, existen como vecinos y cumplen con el pago de impuestos municipales<\/strong>.<\/p>\n\n\n\n<p>Durante la entrevista, los vecinos reclamaron <strong>ser escuchados por las autoridades<\/strong> y recibir una respuesta concreta a una problem\u00e1tica b\u00e1sica que afecta su calidad de vida desde hace a\u00f1os.<\/p>\n\n\n\n<p>A esta situaci\u00f3n se suma una <strong>grave irregularidad administrativa<\/strong>: desde la <strong>Direcci\u00f3n de Inmuebles<\/strong> se habr\u00edan emitido <strong>catastros que indicaban que el barrio contaba con servicios de agua, luz y gas<\/strong>, algo que los vecinos <strong>desmienten categ\u00f3ricamente<\/strong>. Seg\u00fan relataron, esta informaci\u00f3n err\u00f3nea se habr\u00eda otorgado durante la gesti\u00f3n del exintendente <strong>Querub\u00edn<\/strong>, generando perjuicios a quienes confiaron en datos oficiales.<\/p>\n\n\n\n<p>Los vecinos de Valle Encantado exigen <strong>respuestas concretas<\/strong>, <strong>di\u00e1logo con el intendente<\/strong> y la <strong>ejecuci\u00f3n efectiva de la obra de agua potable prometida<\/strong>, un derecho b\u00e1sico que, pese a los anuncios y convenios firmados, <strong>a\u00fan no llega al barrio<\/strong>.<\/p>\n\n\n\n<p>Escucha la entrevista:<\/p>\n\n\n\n<figure class=\"wp-block-audio\"><audio controls src=\"https:\/\/nahuelproducciones.com.ar\/radioquijano\/wp-content\/uploads\/2026\/01\/09-01-2026-vecinos-del-bario-Valle-Encantado-FRANZOTTI-Y-REZOLA-TEMA-AGUA-EN-EL-BARRIO-SIN-ATENCION-DELK-INTENDENTE-YONAR.mp3\"><\/audio><\/figure>\n\n\n\n<p>Imagen a modo ilustrativo:Cartel de ingreso al Barrio Valle Encantado. Imagen creada por IA<\/p>\n","protected":false},"excerpt":{"rendered":"<p>En una entrevista realizada en RQ 99.9 \u2013 Radio Quijano, los vecinos Walter Gustavo Rezola y Alberto Franzotti, del barrio Valle Encantado, expresaron su profundo malestar por la falta de respuestas de las autoridades municipales y provinciales ante una problem\u00e1tica que llevan a\u00f1os reclamando: el acceso al agua potable. Los vecinos recordaron que en 2019 [&hellip;]<\/p>\n","protected":false},"author":8,"featured_media":11860,"comment_status":"open","ping_status":"open","sticky":false,"template":"","format":"standard","meta":{"_monsterinsights_skip_tracking":false,"_monsterinsights_sitenote_active":false,"_monsterinsights_sitenote_note":"","_monsterinsights_sitenote_category":0,"footnotes":""},"categories":[16],"tags":[789,36,100,2043],"class_list":["post-11858","post","type-post","status-publish","format-standard","has-post-thumbnail","hentry","category-noticias","tag-aguas-del-norte","tag-campo-quijano","tag-municipio-de-campo-quijano","tag-valle-encantado"],"yoast_head":"<!-- This site is optimized with the Yoast SEO plugin v20.8 - https:\/\/yoast.com\/wordpress\/plugins\/seo\/ -->\n<title>Vecinos de Valle Encantado reclaman agua potable y denuncian falta de respuestas del intendente - RQ 99.9<\/title>\n<meta name=\"description\" content=\"Los vecinos de Valle Encantado exigen respuestas concretas, di\u00e1logo con el intendente, y la ejecuci\u00f3n efectiva de la obra de agua potable prometida.\" \/>\n<meta name=\"robots\" content=\"index, follow, max-snippet:-1, max-image-preview:large, max-video-preview:-1\" \/>\n<link rel=\"canonical\" href=\"https:\/\/nahuelproducciones.com.ar\/radioquijano\/vecinos-de-valle-encantado-reclaman-agua-potable-y-denuncian-falta-de-respuestas-del-intendente\/\" \/>\n<meta property=\"og:locale\" content=\"es_ES\" \/>\n<meta property=\"og:type\" content=\"article\" \/>\n<meta property=\"og:title\" content=\"Vecinos de Valle Encantado reclaman agua potable y denuncian falta de respuestas del intendente - RQ 99.9\" \/>\n<meta property=\"og:description\" content=\"Los vecinos de Valle Encantado exigen respuestas concretas, di\u00e1logo con el intendente, y la ejecuci\u00f3n efectiva de la obra de agua potable prometida.\" \/>\n<meta property=\"og:url\" content=\"https:\/\/nahuelproducciones.com.ar\/radioquijano\/vecinos-de-valle-encantado-reclaman-agua-potable-y-denuncian-falta-de-respuestas-del-intendente\/\" \/>\n<meta property=\"og:site_name\" content=\"RQ 99.9\" \/>\n<meta property=\"article:publisher\" content=\"https:\/\/www.facebook.com\/nahuelproducciones999\/\" \/>\n<meta property=\"article:published_time\" content=\"2026-01-10T02:48:50+00:00\" \/>\n<meta property=\"article:modified_time\" content=\"2026-01-10T02:48:51+00:00\" \/>\n<meta property=\"og:image\" content=\"https:\/\/nahuelproducciones.com.ar\/radioquijano\/wp-content\/uploads\/2026\/01\/ChatGPT-Image-9-ene-2026-23_25_53-e1768013171667.png\" \/>\n\t<meta property=\"og:image:width\" content=\"700\" \/>\n\t<meta property=\"og:image:height\" content=\"744\" \/>\n\t<meta property=\"og:image:type\" content=\"image\/png\" \/>\n<meta name=\"author\" content=\"Cecilia Pastrana\" \/>\n<meta name=\"twitter:card\" content=\"summary_large_image\" \/>\n<meta name=\"twitter:creator\" content=\"@nahuproduciones\" \/>\n<meta name=\"twitter:site\" content=\"@nahuproduciones\" \/>\n<meta name=\"twitter:label1\" content=\"Escrito por\" \/>\n\t<meta name=\"twitter:data1\" content=\"Cecilia Pastrana\" \/>\n\t<meta name=\"twitter:label2\" content=\"Tiempo de lectura\" \/>\n\t<meta name=\"twitter:data2\" content=\"2 minutos\" \/>\n<script type=\"application\/ld+json\" class=\"yoast-schema-graph\">{\"@context\":\"https:\/\/schema.org\",\"@graph\":[{\"@type\":\"WebPage\",\"@id\":\"https:\/\/nahuelproducciones.com.ar\/radioquijano\/vecinos-de-valle-encantado-reclaman-agua-potable-y-denuncian-falta-de-respuestas-del-intendente\/\",\"url\":\"https:\/\/nahuelproducciones.com.ar\/radioquijano\/vecinos-de-valle-encantado-reclaman-agua-potable-y-denuncian-falta-de-respuestas-del-intendente\/\",\"name\":\"Vecinos de Valle Encantado reclaman agua potable y denuncian falta de respuestas del intendente - RQ 99.9\",\"isPartOf\":{\"@id\":\"https:\/\/nahuelproducciones.com.ar\/radioquijano\/#website\"},\"datePublished\":\"2026-01-10T02:48:50+00:00\",\"dateModified\":\"2026-01-10T02:48:51+00:00\",\"author\":{\"@id\":\"https:\/\/nahuelproducciones.com.ar\/radioquijano\/#\/schema\/person\/e8a4f939e2cb487fe6d0c54042c9d32c\"},\"description\":\"Los vecinos de Valle Encantado exigen respuestas concretas, di\u00e1logo con el intendente, y la ejecuci\u00f3n efectiva de la obra de agua potable prometida.\",\"breadcrumb\":{\"@id\":\"https:\/\/nahuelproducciones.com.ar\/radioquijano\/vecinos-de-valle-encantado-reclaman-agua-potable-y-denuncian-falta-de-respuestas-del-intendente\/#breadcrumb\"},\"inLanguage\":\"es\",\"potentialAction\":[{\"@type\":\"ReadAction\",\"target\":[\"https:\/\/nahuelproducciones.com.ar\/radioquijano\/vecinos-de-valle-encantado-reclaman-agua-potable-y-denuncian-falta-de-respuestas-del-intendente\/\"]}]},{\"@type\":\"BreadcrumbList\",\"@id\":\"https:\/\/nahuelproducciones.com.ar\/radioquijano\/vecinos-de-valle-encantado-reclaman-agua-potable-y-denuncian-falta-de-respuestas-del-intendente\/#breadcrumb\",\"itemListElement\":[{\"@type\":\"ListItem\",\"position\":1,\"name\":\"Portada\",\"item\":\"https:\/\/nahuelproducciones.com.ar\/radioquijano\/\"},{\"@type\":\"ListItem\",\"position\":2,\"name\":\"Vecinos de Valle Encantado reclaman agua potable y denuncian falta de respuestas del intendente\"}]},{\"@type\":\"WebSite\",\"@id\":\"https:\/\/nahuelproducciones.com.ar\/radioquijano\/#website\",\"url\":\"https:\/\/nahuelproducciones.com.ar\/radioquijano\/\",\"name\":\"RQ 99.9\",\"description\":\"Radio Quijano 99.9 MHz\",\"potentialAction\":[{\"@type\":\"SearchAction\",\"target\":{\"@type\":\"EntryPoint\",\"urlTemplate\":\"https:\/\/nahuelproducciones.com.ar\/radioquijano\/?s={search_term_string}\"},\"query-input\":\"required name=search_term_string\"}],\"inLanguage\":\"es\"},{\"@type\":\"Person\",\"@id\":\"https:\/\/nahuelproducciones.com.ar\/radioquijano\/#\/schema\/person\/e8a4f939e2cb487fe6d0c54042c9d32c\",\"name\":\"Cecilia Pastrana\",\"image\":{\"@type\":\"ImageObject\",\"inLanguage\":\"es\",\"@id\":\"https:\/\/nahuelproducciones.com.ar\/radioquijano\/#\/schema\/person\/image\/\",\"url\":\"https:\/\/secure.gravatar.com\/avatar\/661a3ef63a8488d4f2794ed44af8cf71420f7e106f3072c40125114df5157749?s=96&d=mm&r=g\",\"contentUrl\":\"https:\/\/secure.gravatar.com\/avatar\/661a3ef63a8488d4f2794ed44af8cf71420f7e106f3072c40125114df5157749?s=96&d=mm&r=g\",\"caption\":\"Cecilia Pastrana\"},\"sameAs\":[\"cecy\"],\"url\":\"https:\/\/nahuelproducciones.com.ar\/radioquijano\/author\/cecy\/\"}]}<\/script>\n<!-- \/ Yoast SEO plugin. -->","yoast_head_json":{"title":"Vecinos de Valle Encantado reclaman agua potable y denuncian falta de respuestas del intendente - RQ 99.9","description":"Los vecinos de Valle Encantado exigen respuestas concretas, di\u00e1logo con el intendente, y la ejecuci\u00f3n efectiva de la obra de agua potable prometida.","robots":{"index":"index","follow":"follow","max-snippet":"max-snippet:-1","max-image-preview":"max-image-preview:large","max-video-preview":"max-video-preview:-1"},"canonical":"https:\/\/nahuelproducciones.com.ar\/radioquijano\/vecinos-de-valle-encantado-reclaman-agua-potable-y-denuncian-falta-de-respuestas-del-intendente\/","og_locale":"es_ES","og_type":"article","og_title":"Vecinos de Valle Encantado reclaman agua potable y denuncian falta de respuestas del intendente - RQ 99.9","og_description":"Los vecinos de Valle Encantado exigen respuestas concretas, di\u00e1logo con el intendente, y la ejecuci\u00f3n efectiva de la obra de agua potable prometida.","og_url":"https:\/\/nahuelproducciones.com.ar\/radioquijano\/vecinos-de-valle-encantado-reclaman-agua-potable-y-denuncian-falta-de-respuestas-del-intendente\/","og_site_name":"RQ 99.9","article_publisher":"https:\/\/www.facebook.com\/nahuelproducciones999\/","article_published_time":"2026-01-10T02:48:50+00:00","article_modified_time":"2026-01-10T02:48:51+00:00","og_image":[{"width":700,"height":744,"url":"https:\/\/nahuelproducciones.com.ar\/radioquijano\/wp-content\/uploads\/2026\/01\/ChatGPT-Image-9-ene-2026-23_25_53-e1768013171667.png","type":"image\/png"}],"author":"Cecilia Pastrana","twitter_card":"summary_large_image","twitter_creator":"@nahuproduciones","twitter_site":"@nahuproduciones","twitter_misc":{"Escrito por":"Cecilia Pastrana","Tiempo de lectura":"2 minutos"},"schema":{"@context":"https:\/\/schema.org","@graph":[{"@type":"WebPage","@id":"https:\/\/nahuelproducciones.com.ar\/radioquijano\/vecinos-de-valle-encantado-reclaman-agua-potable-y-denuncian-falta-de-respuestas-del-intendente\/","url":"https:\/\/nahuelproducciones.com.ar\/radioquijano\/vecinos-de-valle-encantado-reclaman-agua-potable-y-denuncian-falta-de-respuestas-del-intendente\/","name":"Vecinos de Valle Encantado reclaman agua potable y denuncian falta de respuestas del intendente - RQ 99.9","isPartOf":{"@id":"https:\/\/nahuelproducciones.com.ar\/radioquijano\/#website"},"datePublished":"2026-01-10T02:48:50+00:00","dateModified":"2026-01-10T02:48:51+00:00","author":{"@id":"https:\/\/nahuelproducciones.com.ar\/radioquijano\/#\/schema\/person\/e8a4f939e2cb487fe6d0c54042c9d32c"},"description":"Los vecinos de Valle Encantado exigen respuestas concretas, di\u00e1logo con el intendente, y la ejecuci\u00f3n efectiva de la obra de agua potable prometida.","breadcrumb":{"@id":"https:\/\/nahuelproducciones.com.ar\/radioquijano\/vecinos-de-valle-encantado-reclaman-agua-potable-y-denuncian-falta-de-respuestas-del-intendente\/#breadcrumb"},"inLanguage":"es","potentialAction":[{"@type":"ReadAction","target":["https:\/\/nahuelproducciones.com.ar\/radioquijano\/vecinos-de-valle-encantado-reclaman-agua-potable-y-denuncian-falta-de-respuestas-del-intendente\/"]}]},{"@type":"BreadcrumbList","@id":"https:\/\/nahuelproducciones.com.ar\/radioquijano\/vecinos-de-valle-encantado-reclaman-agua-potable-y-denuncian-falta-de-respuestas-del-intendente\/#breadcrumb","itemListElement":[{"@type":"ListItem","position":1,"name":"Portada","item":"https:\/\/nahuelproducciones.com.ar\/radioquijano\/"},{"@type":"ListItem","position":2,"name":"Vecinos de Valle Encantado reclaman agua potable y denuncian falta de respuestas del intendente"}]},{"@type":"WebSite","@id":"https:\/\/nahuelproducciones.com.ar\/radioquijano\/#website","url":"https:\/\/nahuelproducciones.com.ar\/radioquijano\/","name":"RQ 99.9","description":"Radio Quijano 99.9 MHz","potentialAction":[{"@type":"SearchAction","target":{"@type":"EntryPoint","urlTemplate":"https:\/\/nahuelproducciones.com.ar\/radioquijano\/?s={search_term_string}"},"query-input":"required name=search_term_string"}],"inLanguage":"es"},{"@type":"Person","@id":"https:\/\/nahuelproducciones.com.ar\/radioquijano\/#\/schema\/person\/e8a4f939e2cb487fe6d0c54042c9d32c","name":"Cecilia Pastrana","image":{"@type":"ImageObject","inLanguage":"es","@id":"https:\/\/nahuelproducciones.com.ar\/radioquijano\/#\/schema\/person\/image\/","url":"https:\/\/secure.gravatar.com\/avatar\/661a3ef63a8488d4f2794ed44af8cf71420f7e106f3072c40125114df5157749?s=96&d=mm&r=g","contentUrl":"https:\/\/secure.gravatar.com\/avatar\/661a3ef63a8488d4f2794ed44af8cf71420f7e106f3072c40125114df5157749?s=96&d=mm&r=g","caption":"Cecilia Pastrana"},"sameAs":["cecy"],"url":"https:\/\/nahuelproducciones.com.ar\/radioquijano\/author\/cecy\/"}]}},"_links":{"self":[{"href":"https:\/\/nahuelproducciones.com.ar\/radioquijano\/wp-json\/wp\/v2\/posts\/11858","targetHints":{"allow":["GET"]}}],"collection":[{"href":"https:\/\/nahuelproducciones.com.ar\/radioquijano\/wp-json\/wp\/v2\/posts"}],"about":[{"href":"https:\/\/nahuelproducciones.com.ar\/radioquijano\/wp-json\/wp\/v2\/types\/post"}],"author":[{"embeddable":true,"href":"https:\/\/nahuelproducciones.com.ar\/radioquijano\/wp-json\/wp\/v2\/users\/8"}],"replies":[{"embeddable":true,"href":"https:\/\/nahuelproducciones.com.ar\/radioquijano\/wp-json\/wp\/v2\/comments?post=11858"}],"version-history":[{"count":1,"href":"https:\/\/nahuelproducciones.com.ar\/radioquijano\/wp-json\/wp\/v2\/posts\/11858\/revisions"}],"predecessor-version":[{"id":11861,"href":"https:\/\/nahuelproducciones.com.ar\/radioquijano\/wp-json\/wp\/v2\/posts\/11858\/revisions\/11861"}],"wp:featuredmedia":[{"embeddable":true,"href":"https:\/\/nahuelproducciones.com.ar\/radioquijano\/wp-json\/wp\/v2\/media\/11860"}],"wp:attachment":[{"href":"https:\/\/nahuelproducciones.com.ar\/radioquijano\/wp-json\/wp\/v2\/media?parent=11858"}],"wp:term":[{"taxonomy":"category","embeddable":true,"href":"https:\/\/nahuelproducciones.com.ar\/radioquijano\/wp-json\/wp\/v2\/categories?post=11858"},{"taxonomy":"post_tag","embeddable":true,"href":"https:\/\/nahuelproducciones.com.ar\/radioquijano\/wp-json\/wp\/v2\/tags?post=11858"}],"curies":[{"name":"wp","href":"https:\/\/api.w.org\/{rel}","templated":true}]}}