{"id":11875,"date":"2026-01-12T18:03:25","date_gmt":"2026-01-12T21:03:25","guid":{"rendered":"https:\/\/nahuelproducciones.com.ar\/radioquijano\/?p=11875"},"modified":"2026-01-12T18:03:26","modified_gmt":"2026-01-12T21:03:26","slug":"dura-critica-de-marcelo-armando-hoyos-a-la-dirigencia-de-boroquimica-por-el-trato-a-la-prensa-y-el-incumplimiento-del-reglamento","status":"publish","type":"post","link":"https:\/\/nahuelproducciones.com.ar\/radioquijano\/dura-critica-de-marcelo-armando-hoyos-a-la-dirigencia-de-boroquimica-por-el-trato-a-la-prensa-y-el-incumplimiento-del-reglamento\/","title":{"rendered":"Dura cr\u00edtica de Marcelo Armando Hoyos a la dirigencia de Boroqu\u00edmica por el trato a la prensa y el incumplimiento del reglamento"},"content":{"rendered":"\n<p>En una extensa entrevista en Radio Quijano, el reconocido periodista deportivo salte\u00f1o Marcelo Armando Hoyos se refiri\u00f3 con dureza a lo ocurrido en el partido de vuelta entre Boroqu\u00edmica y Tucum\u00e1n Central por las semifinales del Torneo Regional Federal Amateur, tanto desde lo futbol\u00edstico como desde lo institucional.<\/p>\n\n\n\n<p>El equipo de Campo Quijano, \u00fanico representante salte\u00f1o en esta instancia, cay\u00f3 como local por 2 a 1 y qued\u00f3 eliminado con un global de 3 a 2 a favor del conjunto tucumano, que ahora disputar\u00e1 la final regional frente a Talleres de Perico. Para Hoyos, fueron partidos muy parejos, de ida y vuelta, donde \u201cel m\u00ednimo error, una distracci\u00f3n, una desconcentraci\u00f3n defensiva o del arquero, te termina condenando\u201d. Remarc\u00f3 que es un torneo que exige m\u00e1xima contundencia y concentraci\u00f3n, y que Boroqu\u00edmica pag\u00f3 caro no haber aprovechado sus momentos en la serie.<\/p>\n\n\n\n<p>Sin embargo, el an\u00e1lisis m\u00e1s fuerte estuvo centrado en la organizaci\u00f3n y el accionar dirigencial. Hoyos denunci\u00f3 que en la cancha de Boroqu\u00edmica se impidi\u00f3 el ingreso a determinados colegas y que a medios tucumanos se les habr\u00eda cobrado 150 mil pesos para poder transmitir, sin recibo ni acreditaci\u00f3n formal, algo que calific\u00f3 como una falta grave al reglamento y un atropello a la prensa.<\/p>\n\n\n\n<p>\u201cEl reglamento del Torneo Regional Federal Amateur 2025\/26 es claro. No habla de discrecionalidad, no dice que se puede acreditar a este s\u00ed y a este no seg\u00fan si critican o no a los dirigentes. Hay un reglamento que cumplir. Establece cu\u00e1ntas acreditaciones corresponden a medios gr\u00e1ficos, radiales, televisivos y de redes sociales, y que la transmisi\u00f3n est\u00e1 permitida. Los clubes no son due\u00f1os de los derechos de televisi\u00f3n\u201d, sostuvo.<\/p>\n\n\n\n<p>El periodista record\u00f3 que en Tucum\u00e1n la transmisi\u00f3n fue libre, se acredit\u00f3 a todos los medios y no se cobr\u00f3 absolutamente nada, por lo que consider\u00f3 inadmisible que en Campo Quijano se haya exigido dinero. \u201cNo se pod\u00eda cobrar de ninguna manera. Debe haber reciprocidad y, sobre todo, respeto al reglamento. Esto fue una falta de respeto a la prensa, al reglamento y a una instituci\u00f3n hist\u00f3rica como Boroqu\u00edmica\u201d, expres\u00f3.<\/p>\n\n\n\n<p>En ese sentido, afirm\u00f3 que este tipo de pr\u00e1cticas responden a \u201cmentalidades peque\u00f1as\u201d y a \u201cdirigencias mediocres\u201d, que terminan perjudicando a los clubes y hundi\u00e9ndolos en la falta de crecimiento y proyecci\u00f3n. Incluso plante\u00f3 que este tipo de situaciones deber\u00edan ser denunciadas formalmente, con cartas documento y acciones legales por da\u00f1os y perjuicios, para que se investigue qu\u00e9 se hizo con el dinero cobrado y qui\u00e9n fue el responsable.<\/p>\n\n\n\n<p>\u201cCon dirigentes as\u00ed, los clubes no crecen, quedan endeudados, fundidos, y despu\u00e9s le deben a todo el mundo. Ensucian el buen nombre de instituciones con historia. El reglamento es para todos: dirigentes, periodistas, \u00e1rbitros y jugadores. Hay que cumplirlo\u201d, remarc\u00f3.<\/p>\n\n\n\n<p>Hoyos tambi\u00e9n mencion\u00f3 que el reglamento contempla, adem\u00e1s, un n\u00famero determinado de invitaciones gratuitas para platea, que incluyen a familiares de los jugadores, y que el incumplimiento de estas normas afecta directamente a la familia del f\u00fatbol.<\/p>\n\n\n\n<p>Finalmente, el periodista adelant\u00f3 que continuar\u00e1 exponiendo esta situaci\u00f3n en distintos medios del pa\u00eds para que no vuelva a repetirse en otras canchas y para que se respete el derecho de la prensa a trabajar.<\/p>\n\n\n\n<p>En otro tramo de la entrevista, Hoyos se refiri\u00f3 al plano internacional y confirm\u00f3 que tiene previsto viajar al Mundial de F\u00fatbol 2026, que se disputar\u00e1 en Estados Unidos, M\u00e9xico y Canad\u00e1. Sobre la Selecci\u00f3n Argentina, sostuvo que, por su pasado reciente y su presente, es una de las grandes candidatas al t\u00edtulo, aunque aclar\u00f3 que a\u00fan es prematuro hacer pron\u00f3sticos, m\u00e1s a\u00fan teniendo en cuenta que actualmente hay varios jugadores lesionados. \u201cPor los antecedentes, Argentina es favorita, pero todav\u00eda falta mucho\u201d, concluy\u00f3.<\/p>\n\n\n\n<p>Escucha la entrevista:<\/p>\n\n\n\n<figure class=\"wp-block-audio\"><audio controls src=\"https:\/\/nahuelproducciones.com.ar\/radioquijano\/wp-content\/uploads\/2026\/01\/12-01-2026-MARCELO-HOYOS-Y-TEMA-BOROQUIMICA.mp3\"><\/audio><\/figure>\n","protected":false},"excerpt":{"rendered":"<p>En una extensa entrevista en Radio Quijano, el reconocido periodista deportivo salte\u00f1o Marcelo Armando Hoyos se refiri\u00f3 con dureza a lo ocurrido en el partido de vuelta entre Boroqu\u00edmica y Tucum\u00e1n Central por las semifinales del Torneo Regional Federal Amateur, tanto desde lo futbol\u00edstico como desde lo institucional. El equipo de Campo Quijano, \u00fanico representante [&hellip;]<\/p>\n","protected":false},"author":8,"featured_media":11877,"comment_status":"open","ping_status":"open","sticky":false,"template":"","format":"standard","meta":{"_monsterinsights_skip_tracking":false,"_monsterinsights_sitenote_active":false,"_monsterinsights_sitenote_note":"","_monsterinsights_sitenote_category":0,"footnotes":""},"categories":[16],"tags":[1324,2048,100],"class_list":["post-11875","post","type-post","status-publish","format-standard","has-post-thumbnail","hentry","category-noticias","tag-club-atletico-social-boroquimica","tag-marcelo-armando-hoyos","tag-municipio-de-campo-quijano"],"yoast_head":"<!-- This site is optimized with the Yoast SEO plugin v20.8 - https:\/\/yoast.com\/wordpress\/plugins\/seo\/ -->\n<title>Dura cr\u00edtica de Marcelo Armando Hoyos a la dirigencia de Boroqu\u00edmica por el trato a la prensa y el incumplimiento del reglamento - RQ 99.9<\/title>\n<meta name=\"description\" content=\"Finalmente, el periodista adelant\u00f3 que continuar\u00e1 exponiendo esta situaci\u00f3n en distintos medios del pa\u00eds para que no vuelva a repetirse en otras canchas y para que se respete el derecho de la prensa a trabajar.\" \/>\n<meta name=\"robots\" content=\"index, follow, max-snippet:-1, max-image-preview:large, max-video-preview:-1\" \/>\n<link rel=\"canonical\" href=\"https:\/\/nahuelproducciones.com.ar\/radioquijano\/dura-critica-de-marcelo-armando-hoyos-a-la-dirigencia-de-boroquimica-por-el-trato-a-la-prensa-y-el-incumplimiento-del-reglamento\/\" \/>\n<meta property=\"og:locale\" content=\"es_ES\" \/>\n<meta property=\"og:type\" content=\"article\" \/>\n<meta property=\"og:title\" content=\"Dura cr\u00edtica de Marcelo Armando Hoyos a la dirigencia de Boroqu\u00edmica por el trato a la prensa y el incumplimiento del reglamento - RQ 99.9\" \/>\n<meta property=\"og:description\" content=\"Finalmente, el periodista adelant\u00f3 que continuar\u00e1 exponiendo esta situaci\u00f3n en distintos medios del pa\u00eds para que no vuelva a repetirse en otras canchas y para que se respete el derecho de la prensa a trabajar.\" \/>\n<meta property=\"og:url\" content=\"https:\/\/nahuelproducciones.com.ar\/radioquijano\/dura-critica-de-marcelo-armando-hoyos-a-la-dirigencia-de-boroquimica-por-el-trato-a-la-prensa-y-el-incumplimiento-del-reglamento\/\" \/>\n<meta property=\"og:site_name\" content=\"RQ 99.9\" \/>\n<meta property=\"article:publisher\" content=\"https:\/\/www.facebook.com\/nahuelproducciones999\/\" \/>\n<meta property=\"article:published_time\" content=\"2026-01-12T21:03:25+00:00\" \/>\n<meta property=\"article:modified_time\" content=\"2026-01-12T21:03:26+00:00\" \/>\n<meta property=\"og:image\" content=\"https:\/\/nahuelproducciones.com.ar\/radioquijano\/wp-content\/uploads\/2026\/01\/Blanco-Azul-Borde-Marco-Paisaje-Foto-Viaje-Tarjeta-e1768251792165.png\" \/>\n\t<meta property=\"og:image:width\" content=\"700\" \/>\n\t<meta property=\"og:image:height\" content=\"428\" \/>\n\t<meta property=\"og:image:type\" content=\"image\/png\" \/>\n<meta name=\"author\" content=\"Cecilia Pastrana\" \/>\n<meta name=\"twitter:card\" content=\"summary_large_image\" \/>\n<meta name=\"twitter:creator\" content=\"@nahuproduciones\" \/>\n<meta name=\"twitter:site\" content=\"@nahuproduciones\" \/>\n<meta name=\"twitter:label1\" content=\"Escrito por\" \/>\n\t<meta name=\"twitter:data1\" content=\"Cecilia Pastrana\" \/>\n\t<meta name=\"twitter:label2\" content=\"Tiempo de lectura\" \/>\n\t<meta name=\"twitter:data2\" content=\"3 minutos\" \/>\n<script type=\"application\/ld+json\" class=\"yoast-schema-graph\">{\"@context\":\"https:\/\/schema.org\",\"@graph\":[{\"@type\":\"WebPage\",\"@id\":\"https:\/\/nahuelproducciones.com.ar\/radioquijano\/dura-critica-de-marcelo-armando-hoyos-a-la-dirigencia-de-boroquimica-por-el-trato-a-la-prensa-y-el-incumplimiento-del-reglamento\/\",\"url\":\"https:\/\/nahuelproducciones.com.ar\/radioquijano\/dura-critica-de-marcelo-armando-hoyos-a-la-dirigencia-de-boroquimica-por-el-trato-a-la-prensa-y-el-incumplimiento-del-reglamento\/\",\"name\":\"Dura cr\u00edtica de Marcelo Armando Hoyos a la dirigencia de Boroqu\u00edmica por el trato a la prensa y el incumplimiento del reglamento - RQ 99.9\",\"isPartOf\":{\"@id\":\"https:\/\/nahuelproducciones.com.ar\/radioquijano\/#website\"},\"datePublished\":\"2026-01-12T21:03:25+00:00\",\"dateModified\":\"2026-01-12T21:03:26+00:00\",\"author\":{\"@id\":\"https:\/\/nahuelproducciones.com.ar\/radioquijano\/#\/schema\/person\/e8a4f939e2cb487fe6d0c54042c9d32c\"},\"description\":\"Finalmente, el periodista adelant\u00f3 que continuar\u00e1 exponiendo esta situaci\u00f3n en distintos medios del pa\u00eds para que no vuelva a repetirse en otras canchas y para que se respete el derecho de la prensa a trabajar.\",\"breadcrumb\":{\"@id\":\"https:\/\/nahuelproducciones.com.ar\/radioquijano\/dura-critica-de-marcelo-armando-hoyos-a-la-dirigencia-de-boroquimica-por-el-trato-a-la-prensa-y-el-incumplimiento-del-reglamento\/#breadcrumb\"},\"inLanguage\":\"es\",\"potentialAction\":[{\"@type\":\"ReadAction\",\"target\":[\"https:\/\/nahuelproducciones.com.ar\/radioquijano\/dura-critica-de-marcelo-armando-hoyos-a-la-dirigencia-de-boroquimica-por-el-trato-a-la-prensa-y-el-incumplimiento-del-reglamento\/\"]}]},{\"@type\":\"BreadcrumbList\",\"@id\":\"https:\/\/nahuelproducciones.com.ar\/radioquijano\/dura-critica-de-marcelo-armando-hoyos-a-la-dirigencia-de-boroquimica-por-el-trato-a-la-prensa-y-el-incumplimiento-del-reglamento\/#breadcrumb\",\"itemListElement\":[{\"@type\":\"ListItem\",\"position\":1,\"name\":\"Portada\",\"item\":\"https:\/\/nahuelproducciones.com.ar\/radioquijano\/\"},{\"@type\":\"ListItem\",\"position\":2,\"name\":\"Dura cr\u00edtica de Marcelo Armando Hoyos a la dirigencia de Boroqu\u00edmica por el trato a la prensa y el incumplimiento del reglamento\"}]},{\"@type\":\"WebSite\",\"@id\":\"https:\/\/nahuelproducciones.com.ar\/radioquijano\/#website\",\"url\":\"https:\/\/nahuelproducciones.com.ar\/radioquijano\/\",\"name\":\"RQ 99.9\",\"description\":\"Radio Quijano 99.9 MHz\",\"potentialAction\":[{\"@type\":\"SearchAction\",\"target\":{\"@type\":\"EntryPoint\",\"urlTemplate\":\"https:\/\/nahuelproducciones.com.ar\/radioquijano\/?s={search_term_string}\"},\"query-input\":\"required name=search_term_string\"}],\"inLanguage\":\"es\"},{\"@type\":\"Person\",\"@id\":\"https:\/\/nahuelproducciones.com.ar\/radioquijano\/#\/schema\/person\/e8a4f939e2cb487fe6d0c54042c9d32c\",\"name\":\"Cecilia Pastrana\",\"image\":{\"@type\":\"ImageObject\",\"inLanguage\":\"es\",\"@id\":\"https:\/\/nahuelproducciones.com.ar\/radioquijano\/#\/schema\/person\/image\/\",\"url\":\"https:\/\/secure.gravatar.com\/avatar\/661a3ef63a8488d4f2794ed44af8cf71420f7e106f3072c40125114df5157749?s=96&d=mm&r=g\",\"contentUrl\":\"https:\/\/secure.gravatar.com\/avatar\/661a3ef63a8488d4f2794ed44af8cf71420f7e106f3072c40125114df5157749?s=96&d=mm&r=g\",\"caption\":\"Cecilia Pastrana\"},\"sameAs\":[\"cecy\"],\"url\":\"https:\/\/nahuelproducciones.com.ar\/radioquijano\/author\/cecy\/\"}]}<\/script>\n<!-- \/ Yoast SEO plugin. -->","yoast_head_json":{"title":"Dura cr\u00edtica de Marcelo Armando Hoyos a la dirigencia de Boroqu\u00edmica por el trato a la prensa y el incumplimiento del reglamento - RQ 99.9","description":"Finalmente, el periodista adelant\u00f3 que continuar\u00e1 exponiendo esta situaci\u00f3n en distintos medios del pa\u00eds para que no vuelva a repetirse en otras canchas y para que se respete el derecho de la prensa a trabajar.","robots":{"index":"index","follow":"follow","max-snippet":"max-snippet:-1","max-image-preview":"max-image-preview:large","max-video-preview":"max-video-preview:-1"},"canonical":"https:\/\/nahuelproducciones.com.ar\/radioquijano\/dura-critica-de-marcelo-armando-hoyos-a-la-dirigencia-de-boroquimica-por-el-trato-a-la-prensa-y-el-incumplimiento-del-reglamento\/","og_locale":"es_ES","og_type":"article","og_title":"Dura cr\u00edtica de Marcelo Armando Hoyos a la dirigencia de Boroqu\u00edmica por el trato a la prensa y el incumplimiento del reglamento - RQ 99.9","og_description":"Finalmente, el periodista adelant\u00f3 que continuar\u00e1 exponiendo esta situaci\u00f3n en distintos medios del pa\u00eds para que no vuelva a repetirse en otras canchas y para que se respete el derecho de la prensa a trabajar.","og_url":"https:\/\/nahuelproducciones.com.ar\/radioquijano\/dura-critica-de-marcelo-armando-hoyos-a-la-dirigencia-de-boroquimica-por-el-trato-a-la-prensa-y-el-incumplimiento-del-reglamento\/","og_site_name":"RQ 99.9","article_publisher":"https:\/\/www.facebook.com\/nahuelproducciones999\/","article_published_time":"2026-01-12T21:03:25+00:00","article_modified_time":"2026-01-12T21:03:26+00:00","og_image":[{"width":700,"height":428,"url":"https:\/\/nahuelproducciones.com.ar\/radioquijano\/wp-content\/uploads\/2026\/01\/Blanco-Azul-Borde-Marco-Paisaje-Foto-Viaje-Tarjeta-e1768251792165.png","type":"image\/png"}],"author":"Cecilia Pastrana","twitter_card":"summary_large_image","twitter_creator":"@nahuproduciones","twitter_site":"@nahuproduciones","twitter_misc":{"Escrito por":"Cecilia Pastrana","Tiempo de lectura":"3 minutos"},"schema":{"@context":"https:\/\/schema.org","@graph":[{"@type":"WebPage","@id":"https:\/\/nahuelproducciones.com.ar\/radioquijano\/dura-critica-de-marcelo-armando-hoyos-a-la-dirigencia-de-boroquimica-por-el-trato-a-la-prensa-y-el-incumplimiento-del-reglamento\/","url":"https:\/\/nahuelproducciones.com.ar\/radioquijano\/dura-critica-de-marcelo-armando-hoyos-a-la-dirigencia-de-boroquimica-por-el-trato-a-la-prensa-y-el-incumplimiento-del-reglamento\/","name":"Dura cr\u00edtica de Marcelo Armando Hoyos a la dirigencia de Boroqu\u00edmica por el trato a la prensa y el incumplimiento del reglamento - RQ 99.9","isPartOf":{"@id":"https:\/\/nahuelproducciones.com.ar\/radioquijano\/#website"},"datePublished":"2026-01-12T21:03:25+00:00","dateModified":"2026-01-12T21:03:26+00:00","author":{"@id":"https:\/\/nahuelproducciones.com.ar\/radioquijano\/#\/schema\/person\/e8a4f939e2cb487fe6d0c54042c9d32c"},"description":"Finalmente, el periodista adelant\u00f3 que continuar\u00e1 exponiendo esta situaci\u00f3n en distintos medios del pa\u00eds para que no vuelva a repetirse en otras canchas y para que se respete el derecho de la prensa a trabajar.","breadcrumb":{"@id":"https:\/\/nahuelproducciones.com.ar\/radioquijano\/dura-critica-de-marcelo-armando-hoyos-a-la-dirigencia-de-boroquimica-por-el-trato-a-la-prensa-y-el-incumplimiento-del-reglamento\/#breadcrumb"},"inLanguage":"es","potentialAction":[{"@type":"ReadAction","target":["https:\/\/nahuelproducciones.com.ar\/radioquijano\/dura-critica-de-marcelo-armando-hoyos-a-la-dirigencia-de-boroquimica-por-el-trato-a-la-prensa-y-el-incumplimiento-del-reglamento\/"]}]},{"@type":"BreadcrumbList","@id":"https:\/\/nahuelproducciones.com.ar\/radioquijano\/dura-critica-de-marcelo-armando-hoyos-a-la-dirigencia-de-boroquimica-por-el-trato-a-la-prensa-y-el-incumplimiento-del-reglamento\/#breadcrumb","itemListElement":[{"@type":"ListItem","position":1,"name":"Portada","item":"https:\/\/nahuelproducciones.com.ar\/radioquijano\/"},{"@type":"ListItem","position":2,"name":"Dura cr\u00edtica de Marcelo Armando Hoyos a la dirigencia de Boroqu\u00edmica por el trato a la prensa y el incumplimiento del reglamento"}]},{"@type":"WebSite","@id":"https:\/\/nahuelproducciones.com.ar\/radioquijano\/#website","url":"https:\/\/nahuelproducciones.com.ar\/radioquijano\/","name":"RQ 99.9","description":"Radio Quijano 99.9 MHz","potentialAction":[{"@type":"SearchAction","target":{"@type":"EntryPoint","urlTemplate":"https:\/\/nahuelproducciones.com.ar\/radioquijano\/?s={search_term_string}"},"query-input":"required name=search_term_string"}],"inLanguage":"es"},{"@type":"Person","@id":"https:\/\/nahuelproducciones.com.ar\/radioquijano\/#\/schema\/person\/e8a4f939e2cb487fe6d0c54042c9d32c","name":"Cecilia Pastrana","image":{"@type":"ImageObject","inLanguage":"es","@id":"https:\/\/nahuelproducciones.com.ar\/radioquijano\/#\/schema\/person\/image\/","url":"https:\/\/secure.gravatar.com\/avatar\/661a3ef63a8488d4f2794ed44af8cf71420f7e106f3072c40125114df5157749?s=96&d=mm&r=g","contentUrl":"https:\/\/secure.gravatar.com\/avatar\/661a3ef63a8488d4f2794ed44af8cf71420f7e106f3072c40125114df5157749?s=96&d=mm&r=g","caption":"Cecilia Pastrana"},"sameAs":["cecy"],"url":"https:\/\/nahuelproducciones.com.ar\/radioquijano\/author\/cecy\/"}]}},"_links":{"self":[{"href":"https:\/\/nahuelproducciones.com.ar\/radioquijano\/wp-json\/wp\/v2\/posts\/11875","targetHints":{"allow":["GET"]}}],"collection":[{"href":"https:\/\/nahuelproducciones.com.ar\/radioquijano\/wp-json\/wp\/v2\/posts"}],"about":[{"href":"https:\/\/nahuelproducciones.com.ar\/radioquijano\/wp-json\/wp\/v2\/types\/post"}],"author":[{"embeddable":true,"href":"https:\/\/nahuelproducciones.com.ar\/radioquijano\/wp-json\/wp\/v2\/users\/8"}],"replies":[{"embeddable":true,"href":"https:\/\/nahuelproducciones.com.ar\/radioquijano\/wp-json\/wp\/v2\/comments?post=11875"}],"version-history":[{"count":1,"href":"https:\/\/nahuelproducciones.com.ar\/radioquijano\/wp-json\/wp\/v2\/posts\/11875\/revisions"}],"predecessor-version":[{"id":11878,"href":"https:\/\/nahuelproducciones.com.ar\/radioquijano\/wp-json\/wp\/v2\/posts\/11875\/revisions\/11878"}],"wp:featuredmedia":[{"embeddable":true,"href":"https:\/\/nahuelproducciones.com.ar\/radioquijano\/wp-json\/wp\/v2\/media\/11877"}],"wp:attachment":[{"href":"https:\/\/nahuelproducciones.com.ar\/radioquijano\/wp-json\/wp\/v2\/media?parent=11875"}],"wp:term":[{"taxonomy":"category","embeddable":true,"href":"https:\/\/nahuelproducciones.com.ar\/radioquijano\/wp-json\/wp\/v2\/categories?post=11875"},{"taxonomy":"post_tag","embeddable":true,"href":"https:\/\/nahuelproducciones.com.ar\/radioquijano\/wp-json\/wp\/v2\/tags?post=11875"}],"curies":[{"name":"wp","href":"https:\/\/api.w.org\/{rel}","templated":true}]}}