{"id":11879,"date":"2026-01-13T13:36:50","date_gmt":"2026-01-13T16:36:50","guid":{"rendered":"https:\/\/nahuelproducciones.com.ar\/radioquijano\/?p=11879"},"modified":"2026-01-13T13:36:53","modified_gmt":"2026-01-13T16:36:53","slug":"el-presidente-de-la-liga-del-valle-de-lerma-roberto-gastal-hablo-en-radio-quijano-sobre-la-polemica-por-las-transmisiones-y-el-reglamento","status":"publish","type":"post","link":"https:\/\/nahuelproducciones.com.ar\/radioquijano\/el-presidente-de-la-liga-del-valle-de-lerma-roberto-gastal-hablo-en-radio-quijano-sobre-la-polemica-por-las-transmisiones-y-el-reglamento\/","title":{"rendered":"El presidente de la Liga del Valle de Lerma, Roberto Gastal, habl\u00f3 en Radio Quijano sobre la pol\u00e9mica por las transmisiones y el reglamento"},"content":{"rendered":"\n<p>En una entrevista concedida a Radio Quijano, el presidente de la Liga del Valle de Lerma, Roberto Gastal, se refiri\u00f3 a la controversia generada tras el partido de semifinales del Torneo Regional Federal Amateur entre Boroqu\u00edmica y Tucum\u00e1n Central, y a las declaraciones del periodista Marcelo Armando Hoyos sobre el cobro a medios de comunicaci\u00f3n y el sistema de acreditaciones.<\/p>\n\n\n\n<p>Gastal, elegido en mayo de 2024 como m\u00e1xima autoridad de la Liga, destac\u00f3 la importancia del di\u00e1logo y del respeto institucional, y se\u00f1al\u00f3 que su prioridad es trabajar por el crecimiento del f\u00fatbol del Valle de Lerma y el fortalecimiento de los clubes que la integran.<\/p>\n\n\n\n<p>En relaci\u00f3n a los dichos de Hoyos, el presidente expres\u00f3 su repudio a las formas y al tono utilizado, al considerar que se afect\u00f3 la imagen de dirigentes y de la comunidad. No obstante, durante la entrevista no cuestion\u00f3 de manera directa el hecho denunciado por la prensa sobre el cobro a colegas para transmitir ni la falta de entrega de tickets o comprobantes.<\/p>\n\n\n\n<p>Gastal explic\u00f3 que, en el caso puntual, el club habr\u00eda vendido entradas como p\u00fablico a quienes realizaron la cobertura, sosteniendo que de ese modo su ingreso fue legal. Adem\u00e1s, se\u00f1al\u00f3 que la polic\u00eda estaba solicitando a algunas personas, incluso a  prensa de tucum\u00e1n,  que se retiraran de la tribuna debido a que el cupo se encontraba colmado, aclarando que no se trat\u00f3 de una decisi\u00f3n del club. Indic\u00f3 tambi\u00e9n que a \u00e9l mismo se le pidi\u00f3 que se retirara, pero que al exhibir su credencial como presidente de la Liga pudo permanecer en el estadio.<\/p>\n\n\n\n<p>Durante el di\u00e1logo se remarc\u00f3 que el debate se estaba centrando m\u00e1s en las opiniones vertidas al aire que en el hecho concreto que dio origen a la pol\u00e9mica: el presunto cobro a medios y la ausencia de recibos, situaci\u00f3n que, de acuerdo al reglamento del Torneo Regional Federal Amateur, no estar\u00eda permitida y deber\u00eda ser esclarecida para garantizar transparencia y reciprocidad con la prensa, tal como ocurri\u00f3 en la provincia de Tucum\u00e1n.<\/p>\n\n\n\n<p>Finalmente, desde la emisora se reiter\u00f3 que el objetivo no es confrontar ni da\u00f1ar a instituciones o personas, sino defender la libertad de expresi\u00f3n, el derecho a la informaci\u00f3n y el cumplimiento de las normas. <\/p>\n\n\n\n<p>Se agradecio al presidente Gastal por haber salido al aire y por brindar su palabra, y con el deseo de que estas situaciones sirvan para fortalecer a los clubes, a la Liga y el v\u00ednculo con los medios de comunicaci\u00f3n.<\/p>\n\n\n\n<p>Escucha la entrevista:<\/p>\n\n\n\n<figure class=\"wp-block-audio\"><audio controls src=\"https:\/\/nahuelproducciones.com.ar\/radioquijano\/wp-content\/uploads\/2026\/01\/13-01-2026-presidente-de-la-Liga-del-Valle-de-Lerma-es-Roberto-Gastal-tema-entrevista-a-hoyos-.mp3\"><\/audio><\/figure>\n","protected":false},"excerpt":{"rendered":"<p>En una entrevista concedida a Radio Quijano, el presidente de la Liga del Valle de Lerma, Roberto Gastal, se refiri\u00f3 a la controversia generada tras el partido de semifinales del Torneo Regional Federal Amateur entre Boroqu\u00edmica y Tucum\u00e1n Central, y a las declaraciones del periodista Marcelo Armando Hoyos sobre el cobro a medios de comunicaci\u00f3n [&hellip;]<\/p>\n","protected":false},"author":8,"featured_media":11881,"comment_status":"open","ping_status":"open","sticky":false,"template":"","format":"standard","meta":{"_monsterinsights_skip_tracking":false,"_monsterinsights_sitenote_active":false,"_monsterinsights_sitenote_note":"","_monsterinsights_sitenote_category":0,"footnotes":""},"categories":[16],"tags":[1324,100,2049,2050],"class_list":["post-11879","post","type-post","status-publish","format-standard","has-post-thumbnail","hentry","category-noticias","tag-club-atletico-social-boroquimica","tag-municipio-de-campo-quijano","tag-presidente-de-la-liga-del-valle-de-lerma","tag-roberto-gastal"],"yoast_head":"<!-- This site is optimized with the Yoast SEO plugin v20.8 - https:\/\/yoast.com\/wordpress\/plugins\/seo\/ -->\n<title>El presidente de la Liga del Valle de Lerma, Roberto Gastal, habl\u00f3 en Radio Quijano sobre la pol\u00e9mica por las transmisiones y el reglamento - RQ 99.9<\/title>\n<meta name=\"description\" content=\"Se agradecio al presidente Gastal por haber salido al aire y por brindar su palabra, y con el deseo de que estas situaciones sirvan para fortalecer a los clubes, a la Liga y el v\u00ednculo con los medios de comunicaci\u00f3n.\" \/>\n<meta name=\"robots\" content=\"index, follow, max-snippet:-1, max-image-preview:large, max-video-preview:-1\" \/>\n<link rel=\"canonical\" href=\"https:\/\/nahuelproducciones.com.ar\/radioquijano\/el-presidente-de-la-liga-del-valle-de-lerma-roberto-gastal-hablo-en-radio-quijano-sobre-la-polemica-por-las-transmisiones-y-el-reglamento\/\" \/>\n<meta property=\"og:locale\" content=\"es_ES\" \/>\n<meta property=\"og:type\" content=\"article\" \/>\n<meta property=\"og:title\" content=\"El presidente de la Liga del Valle de Lerma, Roberto Gastal, habl\u00f3 en Radio Quijano sobre la pol\u00e9mica por las transmisiones y el reglamento - RQ 99.9\" \/>\n<meta property=\"og:description\" content=\"Se agradecio al presidente Gastal por haber salido al aire y por brindar su palabra, y con el deseo de que estas situaciones sirvan para fortalecer a los clubes, a la Liga y el v\u00ednculo con los medios de comunicaci\u00f3n.\" \/>\n<meta property=\"og:url\" content=\"https:\/\/nahuelproducciones.com.ar\/radioquijano\/el-presidente-de-la-liga-del-valle-de-lerma-roberto-gastal-hablo-en-radio-quijano-sobre-la-polemica-por-las-transmisiones-y-el-reglamento\/\" \/>\n<meta property=\"og:site_name\" content=\"RQ 99.9\" \/>\n<meta property=\"article:publisher\" content=\"https:\/\/www.facebook.com\/nahuelproducciones999\/\" \/>\n<meta property=\"article:published_time\" content=\"2026-01-13T16:36:50+00:00\" \/>\n<meta property=\"article:modified_time\" content=\"2026-01-13T16:36:53+00:00\" \/>\n<meta property=\"og:image\" content=\"https:\/\/nahuelproducciones.com.ar\/radioquijano\/wp-content\/uploads\/2026\/01\/Blanco-Azul-Borde-Marco-Paisaje-Foto-Viaje-Tarjeta-1-e1768322080234.png\" \/>\n\t<meta property=\"og:image:width\" content=\"700\" \/>\n\t<meta property=\"og:image:height\" content=\"433\" \/>\n\t<meta property=\"og:image:type\" content=\"image\/png\" \/>\n<meta name=\"author\" content=\"Cecilia Pastrana\" \/>\n<meta name=\"twitter:card\" content=\"summary_large_image\" \/>\n<meta name=\"twitter:creator\" content=\"@nahuproduciones\" \/>\n<meta name=\"twitter:site\" content=\"@nahuproduciones\" \/>\n<meta name=\"twitter:label1\" content=\"Escrito por\" \/>\n\t<meta name=\"twitter:data1\" content=\"Cecilia Pastrana\" \/>\n\t<meta name=\"twitter:label2\" content=\"Tiempo de lectura\" \/>\n\t<meta name=\"twitter:data2\" content=\"2 minutos\" \/>\n<script type=\"application\/ld+json\" class=\"yoast-schema-graph\">{\"@context\":\"https:\/\/schema.org\",\"@graph\":[{\"@type\":\"WebPage\",\"@id\":\"https:\/\/nahuelproducciones.com.ar\/radioquijano\/el-presidente-de-la-liga-del-valle-de-lerma-roberto-gastal-hablo-en-radio-quijano-sobre-la-polemica-por-las-transmisiones-y-el-reglamento\/\",\"url\":\"https:\/\/nahuelproducciones.com.ar\/radioquijano\/el-presidente-de-la-liga-del-valle-de-lerma-roberto-gastal-hablo-en-radio-quijano-sobre-la-polemica-por-las-transmisiones-y-el-reglamento\/\",\"name\":\"El presidente de la Liga del Valle de Lerma, Roberto Gastal, habl\u00f3 en Radio Quijano sobre la pol\u00e9mica por las transmisiones y el reglamento - RQ 99.9\",\"isPartOf\":{\"@id\":\"https:\/\/nahuelproducciones.com.ar\/radioquijano\/#website\"},\"datePublished\":\"2026-01-13T16:36:50+00:00\",\"dateModified\":\"2026-01-13T16:36:53+00:00\",\"author\":{\"@id\":\"https:\/\/nahuelproducciones.com.ar\/radioquijano\/#\/schema\/person\/e8a4f939e2cb487fe6d0c54042c9d32c\"},\"description\":\"Se agradecio al presidente Gastal por haber salido al aire y por brindar su palabra, y con el deseo de que estas situaciones sirvan para fortalecer a los clubes, a la Liga y el v\u00ednculo con los medios de comunicaci\u00f3n.\",\"breadcrumb\":{\"@id\":\"https:\/\/nahuelproducciones.com.ar\/radioquijano\/el-presidente-de-la-liga-del-valle-de-lerma-roberto-gastal-hablo-en-radio-quijano-sobre-la-polemica-por-las-transmisiones-y-el-reglamento\/#breadcrumb\"},\"inLanguage\":\"es\",\"potentialAction\":[{\"@type\":\"ReadAction\",\"target\":[\"https:\/\/nahuelproducciones.com.ar\/radioquijano\/el-presidente-de-la-liga-del-valle-de-lerma-roberto-gastal-hablo-en-radio-quijano-sobre-la-polemica-por-las-transmisiones-y-el-reglamento\/\"]}]},{\"@type\":\"BreadcrumbList\",\"@id\":\"https:\/\/nahuelproducciones.com.ar\/radioquijano\/el-presidente-de-la-liga-del-valle-de-lerma-roberto-gastal-hablo-en-radio-quijano-sobre-la-polemica-por-las-transmisiones-y-el-reglamento\/#breadcrumb\",\"itemListElement\":[{\"@type\":\"ListItem\",\"position\":1,\"name\":\"Portada\",\"item\":\"https:\/\/nahuelproducciones.com.ar\/radioquijano\/\"},{\"@type\":\"ListItem\",\"position\":2,\"name\":\"El presidente de la Liga del Valle de Lerma, Roberto Gastal, habl\u00f3 en Radio Quijano sobre la pol\u00e9mica por las transmisiones y el reglamento\"}]},{\"@type\":\"WebSite\",\"@id\":\"https:\/\/nahuelproducciones.com.ar\/radioquijano\/#website\",\"url\":\"https:\/\/nahuelproducciones.com.ar\/radioquijano\/\",\"name\":\"RQ 99.9\",\"description\":\"Radio Quijano 99.9 MHz\",\"potentialAction\":[{\"@type\":\"SearchAction\",\"target\":{\"@type\":\"EntryPoint\",\"urlTemplate\":\"https:\/\/nahuelproducciones.com.ar\/radioquijano\/?s={search_term_string}\"},\"query-input\":\"required name=search_term_string\"}],\"inLanguage\":\"es\"},{\"@type\":\"Person\",\"@id\":\"https:\/\/nahuelproducciones.com.ar\/radioquijano\/#\/schema\/person\/e8a4f939e2cb487fe6d0c54042c9d32c\",\"name\":\"Cecilia Pastrana\",\"image\":{\"@type\":\"ImageObject\",\"inLanguage\":\"es\",\"@id\":\"https:\/\/nahuelproducciones.com.ar\/radioquijano\/#\/schema\/person\/image\/\",\"url\":\"https:\/\/secure.gravatar.com\/avatar\/661a3ef63a8488d4f2794ed44af8cf71420f7e106f3072c40125114df5157749?s=96&d=mm&r=g\",\"contentUrl\":\"https:\/\/secure.gravatar.com\/avatar\/661a3ef63a8488d4f2794ed44af8cf71420f7e106f3072c40125114df5157749?s=96&d=mm&r=g\",\"caption\":\"Cecilia Pastrana\"},\"sameAs\":[\"cecy\"],\"url\":\"https:\/\/nahuelproducciones.com.ar\/radioquijano\/author\/cecy\/\"}]}<\/script>\n<!-- \/ Yoast SEO plugin. -->","yoast_head_json":{"title":"El presidente de la Liga del Valle de Lerma, Roberto Gastal, habl\u00f3 en Radio Quijano sobre la pol\u00e9mica por las transmisiones y el reglamento - RQ 99.9","description":"Se agradecio al presidente Gastal por haber salido al aire y por brindar su palabra, y con el deseo de que estas situaciones sirvan para fortalecer a los clubes, a la Liga y el v\u00ednculo con los medios de comunicaci\u00f3n.","robots":{"index":"index","follow":"follow","max-snippet":"max-snippet:-1","max-image-preview":"max-image-preview:large","max-video-preview":"max-video-preview:-1"},"canonical":"https:\/\/nahuelproducciones.com.ar\/radioquijano\/el-presidente-de-la-liga-del-valle-de-lerma-roberto-gastal-hablo-en-radio-quijano-sobre-la-polemica-por-las-transmisiones-y-el-reglamento\/","og_locale":"es_ES","og_type":"article","og_title":"El presidente de la Liga del Valle de Lerma, Roberto Gastal, habl\u00f3 en Radio Quijano sobre la pol\u00e9mica por las transmisiones y el reglamento - RQ 99.9","og_description":"Se agradecio al presidente Gastal por haber salido al aire y por brindar su palabra, y con el deseo de que estas situaciones sirvan para fortalecer a los clubes, a la Liga y el v\u00ednculo con los medios de comunicaci\u00f3n.","og_url":"https:\/\/nahuelproducciones.com.ar\/radioquijano\/el-presidente-de-la-liga-del-valle-de-lerma-roberto-gastal-hablo-en-radio-quijano-sobre-la-polemica-por-las-transmisiones-y-el-reglamento\/","og_site_name":"RQ 99.9","article_publisher":"https:\/\/www.facebook.com\/nahuelproducciones999\/","article_published_time":"2026-01-13T16:36:50+00:00","article_modified_time":"2026-01-13T16:36:53+00:00","og_image":[{"width":700,"height":433,"url":"https:\/\/nahuelproducciones.com.ar\/radioquijano\/wp-content\/uploads\/2026\/01\/Blanco-Azul-Borde-Marco-Paisaje-Foto-Viaje-Tarjeta-1-e1768322080234.png","type":"image\/png"}],"author":"Cecilia Pastrana","twitter_card":"summary_large_image","twitter_creator":"@nahuproduciones","twitter_site":"@nahuproduciones","twitter_misc":{"Escrito por":"Cecilia Pastrana","Tiempo de lectura":"2 minutos"},"schema":{"@context":"https:\/\/schema.org","@graph":[{"@type":"WebPage","@id":"https:\/\/nahuelproducciones.com.ar\/radioquijano\/el-presidente-de-la-liga-del-valle-de-lerma-roberto-gastal-hablo-en-radio-quijano-sobre-la-polemica-por-las-transmisiones-y-el-reglamento\/","url":"https:\/\/nahuelproducciones.com.ar\/radioquijano\/el-presidente-de-la-liga-del-valle-de-lerma-roberto-gastal-hablo-en-radio-quijano-sobre-la-polemica-por-las-transmisiones-y-el-reglamento\/","name":"El presidente de la Liga del Valle de Lerma, Roberto Gastal, habl\u00f3 en Radio Quijano sobre la pol\u00e9mica por las transmisiones y el reglamento - RQ 99.9","isPartOf":{"@id":"https:\/\/nahuelproducciones.com.ar\/radioquijano\/#website"},"datePublished":"2026-01-13T16:36:50+00:00","dateModified":"2026-01-13T16:36:53+00:00","author":{"@id":"https:\/\/nahuelproducciones.com.ar\/radioquijano\/#\/schema\/person\/e8a4f939e2cb487fe6d0c54042c9d32c"},"description":"Se agradecio al presidente Gastal por haber salido al aire y por brindar su palabra, y con el deseo de que estas situaciones sirvan para fortalecer a los clubes, a la Liga y el v\u00ednculo con los medios de comunicaci\u00f3n.","breadcrumb":{"@id":"https:\/\/nahuelproducciones.com.ar\/radioquijano\/el-presidente-de-la-liga-del-valle-de-lerma-roberto-gastal-hablo-en-radio-quijano-sobre-la-polemica-por-las-transmisiones-y-el-reglamento\/#breadcrumb"},"inLanguage":"es","potentialAction":[{"@type":"ReadAction","target":["https:\/\/nahuelproducciones.com.ar\/radioquijano\/el-presidente-de-la-liga-del-valle-de-lerma-roberto-gastal-hablo-en-radio-quijano-sobre-la-polemica-por-las-transmisiones-y-el-reglamento\/"]}]},{"@type":"BreadcrumbList","@id":"https:\/\/nahuelproducciones.com.ar\/radioquijano\/el-presidente-de-la-liga-del-valle-de-lerma-roberto-gastal-hablo-en-radio-quijano-sobre-la-polemica-por-las-transmisiones-y-el-reglamento\/#breadcrumb","itemListElement":[{"@type":"ListItem","position":1,"name":"Portada","item":"https:\/\/nahuelproducciones.com.ar\/radioquijano\/"},{"@type":"ListItem","position":2,"name":"El presidente de la Liga del Valle de Lerma, Roberto Gastal, habl\u00f3 en Radio Quijano sobre la pol\u00e9mica por las transmisiones y el reglamento"}]},{"@type":"WebSite","@id":"https:\/\/nahuelproducciones.com.ar\/radioquijano\/#website","url":"https:\/\/nahuelproducciones.com.ar\/radioquijano\/","name":"RQ 99.9","description":"Radio Quijano 99.9 MHz","potentialAction":[{"@type":"SearchAction","target":{"@type":"EntryPoint","urlTemplate":"https:\/\/nahuelproducciones.com.ar\/radioquijano\/?s={search_term_string}"},"query-input":"required name=search_term_string"}],"inLanguage":"es"},{"@type":"Person","@id":"https:\/\/nahuelproducciones.com.ar\/radioquijano\/#\/schema\/person\/e8a4f939e2cb487fe6d0c54042c9d32c","name":"Cecilia Pastrana","image":{"@type":"ImageObject","inLanguage":"es","@id":"https:\/\/nahuelproducciones.com.ar\/radioquijano\/#\/schema\/person\/image\/","url":"https:\/\/secure.gravatar.com\/avatar\/661a3ef63a8488d4f2794ed44af8cf71420f7e106f3072c40125114df5157749?s=96&d=mm&r=g","contentUrl":"https:\/\/secure.gravatar.com\/avatar\/661a3ef63a8488d4f2794ed44af8cf71420f7e106f3072c40125114df5157749?s=96&d=mm&r=g","caption":"Cecilia Pastrana"},"sameAs":["cecy"],"url":"https:\/\/nahuelproducciones.com.ar\/radioquijano\/author\/cecy\/"}]}},"_links":{"self":[{"href":"https:\/\/nahuelproducciones.com.ar\/radioquijano\/wp-json\/wp\/v2\/posts\/11879","targetHints":{"allow":["GET"]}}],"collection":[{"href":"https:\/\/nahuelproducciones.com.ar\/radioquijano\/wp-json\/wp\/v2\/posts"}],"about":[{"href":"https:\/\/nahuelproducciones.com.ar\/radioquijano\/wp-json\/wp\/v2\/types\/post"}],"author":[{"embeddable":true,"href":"https:\/\/nahuelproducciones.com.ar\/radioquijano\/wp-json\/wp\/v2\/users\/8"}],"replies":[{"embeddable":true,"href":"https:\/\/nahuelproducciones.com.ar\/radioquijano\/wp-json\/wp\/v2\/comments?post=11879"}],"version-history":[{"count":1,"href":"https:\/\/nahuelproducciones.com.ar\/radioquijano\/wp-json\/wp\/v2\/posts\/11879\/revisions"}],"predecessor-version":[{"id":11882,"href":"https:\/\/nahuelproducciones.com.ar\/radioquijano\/wp-json\/wp\/v2\/posts\/11879\/revisions\/11882"}],"wp:featuredmedia":[{"embeddable":true,"href":"https:\/\/nahuelproducciones.com.ar\/radioquijano\/wp-json\/wp\/v2\/media\/11881"}],"wp:attachment":[{"href":"https:\/\/nahuelproducciones.com.ar\/radioquijano\/wp-json\/wp\/v2\/media?parent=11879"}],"wp:term":[{"taxonomy":"category","embeddable":true,"href":"https:\/\/nahuelproducciones.com.ar\/radioquijano\/wp-json\/wp\/v2\/categories?post=11879"},{"taxonomy":"post_tag","embeddable":true,"href":"https:\/\/nahuelproducciones.com.ar\/radioquijano\/wp-json\/wp\/v2\/tags?post=11879"}],"curies":[{"name":"wp","href":"https:\/\/api.w.org\/{rel}","templated":true}]}}